{"id":145281,"date":"2023-05-20T11:53:59","date_gmt":"2023-05-20T15:53:59","guid":{"rendered":"https:\/\/news.canadamotorjobs.com\/?p=145281"},"modified":"2023-05-20T11:59:12","modified_gmt":"2023-05-20T15:59:12","slug":"kia-seltos-2024","status":"publish","type":"post","link":"https:\/\/news.canadamotorjobs.com\/fr\/kia-seltos-2024\/","title":{"rendered":"Kia Seltos 2024"},"content":{"rendered":"<\/p>\n<p>Prince Edward County, Ontario- Le Seltos, arriv\u00e9 en 2020, est le meilleur vendeur de la marque Cor\u00e9ene. Au Canada, le Seltos repr\u00e9sente 25 % des ventes de la compagnie est aussi le mod\u00e8le le plus populaire su segments des VUS sous-compacts. Apr\u00e8s quatre ans, Kia a d\u00e9cid\u00e9 de moderniser son approche. Essentiellement, le Seltos conserve la m\u00eame plateforme et les m\u00eames bases m\u00e9caniques.<\/p>\n<h3>Un habitacle plus moderne<\/h3>\n<p>\n\u00c0 l&#8217;int\u00e9rieur, l&#8217;habitacle a \u00e9t\u00e9 redessin\u00e9 pour pr\u00e9senter un tableau de bord num\u00e9rique avec de larges \u00e9crans positionn\u00e9s horizontalement devant le conducteur et s&#8217;\u00e9tendant vers l&#8217;\u00e9cran tactile central pour abriter le syst\u00e8me d&#8217;infodivertissement bien con\u00e7u de Kia. Les mod\u00e8les LX de base sont \u00e9quip\u00e9s d&#8217;un combin\u00e9 d&#8217;instruments de 4,2 pouces encadr\u00e9 par des jauges num\u00e9riques et un \u00e9cran central de 8 pouces. Les versions SX et le nouveau X-Line ont droit \u00e0 deux \u00e9crans de 10,25 pouces propos\u00e9s de s\u00e9rie. Rien n&#8217;a chang\u00e9 en ce qui concerne les dimensions int\u00e9rieures et ext\u00e9rieures. Il est assez spacieux pour la petite famille de 4. Les mod\u00e8les \u00e9quip\u00e9s de la combinaison tissu et synth\u00e9tique peuvent \u00eatre command\u00e9s dans un m\u00e9lange de bleu et de noir, et les niveaux de finition sup\u00e9rieurs avec le SynTex int\u00e9gral b\u00e9n\u00e9ficient d&#8217;options marron et vertes en plus du noir standard. Vous avez aussi droit en option \u00e0 une cl\u00e9 digitale qui via une application sur votre t\u00e9l\u00e9phone intelligent vous permet mettre les fonctions de la voiture sur votre t\u00e9l\u00e9phone. Une option rare dans ce segment.<\/p>\n<h3>Quelques petits changements sous le capot<\/h3>\n<p>\nLe moteur quatre cylindres de base de 2,0 litres ne change pas. Il d\u00e9veloppe toujours 147 chevaux et 132 livres-pieds de couple par le biais d&#8217;une transmission \u00e0 variation continue. Un peu dommage, car ce moteur manque un peu de \u00ab\u00a0pep\u00a0\u00bb face \u00e0 certains mod\u00e8les du segment. Les versions SX et X-Line ont droit au moteur 1,6 litre turbo qui passe de 175 \u00e0 195 chevaux pour 2024. La bo\u00eete DSG est aussi remplac\u00e9e par une bo\u00eete automatique \u00e0 huit rapports. Ce que cette bo\u00eete gagne en fiabilit\u00e9, elle le perd en agr\u00e9ment. Cette bo\u00eete est plus lente \u00e0 se mettre en marche et met du temps \u00e0 r\u00e9trograder, un d\u00e9faut que l\u2019on ne retrouvait pas avec la bo\u00eete DSG. Toutefois, elle sera plus fiable que la bo\u00eete \u00e0 double embrayage fragile.<\/p>\n<h3>Une conduite sans histoire<\/h3>\n<p>\nPas de diff\u00e9rence notoire dans la conduite. La version de base LX qui d\u00e9bute \u00e0 25 195\u00a0$ est toujours la seule avec les roues motrices avant. Pour 2 000\u00a0$ de plus, vous avez une version LX 4 RM. Viennent ensuite les versions EX et et EX Premium \u00e0 30 195\u00a0$ et 33 495\u00a0$. La version SX est \u00e0 35\u00a0795 et finalement le mod\u00e8le X-Line \u00e0 38 395\u00a0$. Au volant, on met de l\u2019avant le confort plut\u00f4t que la performance. La direction est souple sans \u00eatre trop l\u00e9g\u00e8re. La suspension est bien amortie et Kia a ajout\u00e9 du verre insonorisant pour am\u00e9liorer l\u2019exp\u00e9rience de conduite. Il y a un mode sport qui ajoute un brin de fermet\u00e9. Nous avons \u00e9t\u00e9 un peu d\u00e9\u00e7us de la consommation qui n\u2019a pas diminu\u00e9 sous la barre dxes 12 litres aux 100\u00a0km dans notre journ\u00e9e d\u2019essai sur des routes secondaires en Ontario. Les VUS de ce segment sont en g\u00e9n\u00e9ral sous la barre des 10 litres aux 100\u00a0km. Il va y avoir un peu de travail \u00e0 faire \u00e0 ce chapitre.<\/p>\n<h3>Conclusion<\/h3>\n<p>\nKia ait choisi de proposer les Seltos 2024 avec des couleurs amusantes \u00e0 l&#8217;int\u00e9rieur et \u00e0 l&#8217;ext\u00e9rieur. Les carrosseries bleu Pluton et vert valais ou encore orange sont la bienvenue. Le Seltos n\u2019excelle en rien, mais n\u2019a pas beaucoup de d\u00e9fauts non plus. Kia a choisi de resserrer les boulons et d\u2019offrir un produit plus solide. Il \u00e9tait bon, et il s&#8217;est am\u00e9lior\u00e9, comme c&#8217;est cens\u00e9 \u00eatre le cas (mais ce n&#8217;est pas toujours le cas) lorsqu&#8217;un mod\u00e8le populaire est rafra\u00eechi. Il est \u00e9l\u00e9gamment plus styl\u00e9 et plus confortable que nombre de ses principaux rivaux, et son prix est comp\u00e9titif. Dans l&#8217;ensemble, il s&#8217;agit d&#8217;un petit VUS tout \u00e0 fait recommandable.<\/p>\n<h3>Forces<\/h3>\n<p>\nSpacieux pour sa taille<\/p>\n<p>Excellente garantie<\/p>\n<p>\u00c9quipement complet<\/p>\n<h3>Faiblesses<\/h3>\n<p>\nPerformances sans \u00e9clat avec le moteur de base<\/p>\n<p>Consommation \u00e9lev\u00e9e pour un petit VUS<\/p>\n<p>Bo\u00eete automatique un peu lente<\/p>\n<p>\u00a0<\/p>\n<p>Le texte <a rel=\"nofollow\" href=\"https:\/\/annuelauto.ca\/kia-seltos-2024\/\">Kia Seltos 2024<\/a> provient de <a rel=\"nofollow\" href=\"https:\/\/annuelauto.ca\">L&#8217;annuel de l&#8217;automobile &#8211; Actualit\u00e9 automobile<\/a><\/p>\n<p><\/p>\n","protected":false},"excerpt":{"rendered":"<p>Prince Edward County, Ontario- Le Seltos, arriv\u00e9 en 2020, est le meilleur vendeur de la marque Cor\u00e9ene. Au Canada, le Seltos repr\u00e9sente 25 % des ventes de la compagnie est aussi le mod\u00e8le le plus populaire su segments des VUS sous-compacts. Apr\u00e8s quatre ans, Kia a d\u00e9cid\u00e9 de moderniser son approche. Essentiellement, le Seltos conserve [&hellip;]<\/p>\n","protected":false},"author":8,"featured_media":145283,"comment_status":"close","ping_status":"closed","sticky":false,"template":"","format":"standard","meta":{"_monsterinsights_skip_tracking":false,"_monsterinsights_sitenote_active":false,"_monsterinsights_sitenote_note":"","_monsterinsights_sitenote_category":0,"footnotes":""},"categories":[101],"tags":[],"yoast_head":"<!-- This site is optimized with the Yoast SEO plugin v23.2 - https:\/\/yoast.com\/wordpress\/plugins\/seo\/ -->\n<title>Kia Seltos 2024 - CanadaMotorJobs.com<\/title>\n<meta name=\"description\" content=\"Kia Seltos 2024 - Benoit Charette - Annuel automobile - CanadaMotorJobs.com.\" \/>\n<meta name=\"robots\" content=\"index, follow, max-snippet:-1, max-image-preview:large, max-video-preview:-1\" \/>\n<meta property=\"og:locale\" content=\"fr_CA\" \/>\n<meta property=\"og:type\" content=\"article\" \/>\n<meta property=\"og:title\" content=\"Kia Seltos 2024 - CanadaMotorJobs.com\" \/>\n<meta property=\"og:description\" content=\"Kia Seltos 2024 - Benoit Charette - Annuel automobile - CanadaMotorJobs.com.\" \/>\n<meta property=\"og:url\" content=\"https:\/\/news.canadamotorjobs.com\/fr\/kia-seltos-2024\/\" \/>\n<meta property=\"og:site_name\" content=\"CanadaMotorJobs.com\" \/>\n<meta property=\"article:publisher\" content=\"https:\/\/www.facebook.com\/canadamotorjobs\/\" \/>\n<meta property=\"article:published_time\" content=\"2023-05-20T15:53:59+00:00\" \/>\n<meta property=\"article:modified_time\" content=\"2023-05-20T15:59:12+00:00\" \/>\n<meta property=\"og:image\" content=\"https:\/\/news.canadamotorjobs.com\/wp-content\/uploads\/2023\/05\/IMG_6478.jpg\" \/>\n\t<meta property=\"og:image:width\" content=\"1067\" \/>\n\t<meta property=\"og:image:height\" content=\"800\" \/>\n\t<meta property=\"og:image:type\" content=\"image\/jpeg\" \/>\n<meta name=\"author\" content=\"Benoit Charette\" \/>\n<meta name=\"twitter:card\" content=\"summary_large_image\" \/>\n<meta name=\"twitter:creator\" content=\"@canadamotorjobs\" \/>\n<meta name=\"twitter:site\" content=\"@canadamotorjobs\" \/>\n<meta name=\"twitter:label1\" content=\"\u00c9crit par\" \/>\n\t<meta name=\"twitter:data1\" content=\"Benoit Charette\" \/>\n\t<meta name=\"twitter:label2\" content=\"Estimation du temps de lecture\" \/>\n\t<meta name=\"twitter:data2\" content=\"4 minutes\" \/>\n<!-- \/ Yoast SEO plugin. -->","yoast_head_json":{"title":"Kia Seltos 2024 - CanadaMotorJobs.com","description":"Kia Seltos 2024 - Benoit Charette - Annuel automobile - CanadaMotorJobs.com.","robots":{"index":"index","follow":"follow","max-snippet":"max-snippet:-1","max-image-preview":"max-image-preview:large","max-video-preview":"max-video-preview:-1"},"og_locale":"fr_CA","og_type":"article","og_title":"Kia Seltos 2024 - CanadaMotorJobs.com","og_description":"Kia Seltos 2024 - Benoit Charette - Annuel automobile - CanadaMotorJobs.com.","og_url":"https:\/\/news.canadamotorjobs.com\/fr\/kia-seltos-2024\/","og_site_name":"CanadaMotorJobs.com","article_publisher":"https:\/\/www.facebook.com\/canadamotorjobs\/","article_published_time":"2023-05-20T15:53:59+00:00","article_modified_time":"2023-05-20T15:59:12+00:00","og_image":[{"width":1067,"height":800,"url":"https:\/\/news.canadamotorjobs.com\/wp-content\/uploads\/2023\/05\/IMG_6478.jpg","type":"image\/jpeg"}],"author":"Benoit Charette","twitter_card":"summary_large_image","twitter_creator":"@canadamotorjobs","twitter_site":"@canadamotorjobs","twitter_misc":{"\u00c9crit par":"Benoit Charette","Estimation du temps de lecture":"4 minutes"},"schema":{"@context":"https:\/\/schema.org","@graph":[{"@type":"Article","@id":"https:\/\/news.canadamotorjobs.com\/fr\/kia-seltos-2024\/#article","isPartOf":{"@id":"https:\/\/news.canadamotorjobs.com\/fr\/kia-seltos-2024\/"},"author":{"name":"Benoit Charette","@id":"https:\/\/news.canadamotorjobs.com\/#\/schema\/person\/51793d1f87d44011d7bcc2ed99269a90"},"headline":"Kia Seltos 2024","datePublished":"2023-05-20T15:53:59+00:00","dateModified":"2023-05-20T15:59:12+00:00","mainEntityOfPage":{"@id":"https:\/\/news.canadamotorjobs.com\/fr\/kia-seltos-2024\/"},"wordCount":766,"publisher":{"@id":"https:\/\/news.canadamotorjobs.com\/#organization"},"image":{"@id":"https:\/\/news.canadamotorjobs.com\/fr\/kia-seltos-2024\/#primaryimage"},"thumbnailUrl":"https:\/\/news.canadamotorjobs.com\/wp-content\/uploads\/2023\/05\/IMG_6478.jpg","articleSection":["Annuel automobile"],"inLanguage":"fr-CA"},{"@type":"WebPage","@id":"https:\/\/news.canadamotorjobs.com\/fr\/kia-seltos-2024\/","url":"https:\/\/news.canadamotorjobs.com\/fr\/kia-seltos-2024\/","name":"Kia Seltos 2024 - CanadaMotorJobs.com","isPartOf":{"@id":"https:\/\/news.canadamotorjobs.com\/#website"},"primaryImageOfPage":{"@id":"https:\/\/news.canadamotorjobs.com\/fr\/kia-seltos-2024\/#primaryimage"},"image":{"@id":"https:\/\/news.canadamotorjobs.com\/fr\/kia-seltos-2024\/#primaryimage"},"thumbnailUrl":"https:\/\/news.canadamotorjobs.com\/wp-content\/uploads\/2023\/05\/IMG_6478.jpg","datePublished":"2023-05-20T15:53:59+00:00","dateModified":"2023-05-20T15:59:12+00:00","description":"Kia Seltos 2024 - Benoit Charette - Annuel automobile - CanadaMotorJobs.com.","breadcrumb":{"@id":"https:\/\/news.canadamotorjobs.com\/fr\/kia-seltos-2024\/#breadcrumb"},"inLanguage":"fr-CA","potentialAction":[{"@type":"ReadAction","target":["https:\/\/news.canadamotorjobs.com\/fr\/kia-seltos-2024\/"]}]},{"@type":"ImageObject","inLanguage":"fr-CA","@id":"https:\/\/news.canadamotorjobs.com\/fr\/kia-seltos-2024\/#primaryimage","url":"https:\/\/news.canadamotorjobs.com\/wp-content\/uploads\/2023\/05\/IMG_6478.jpg","contentUrl":"https:\/\/news.canadamotorjobs.com\/wp-content\/uploads\/2023\/05\/IMG_6478.jpg","width":1067,"height":800},{"@type":"BreadcrumbList","@id":"https:\/\/news.canadamotorjobs.com\/fr\/kia-seltos-2024\/#breadcrumb","itemListElement":[{"@type":"ListItem","position":1,"name":"Home","item":"https:\/\/news.canadamotorjobs.com\/fr\/blog\/"},{"@type":"ListItem","position":2,"name":"Kia Seltos 2024"}]},{"@type":"WebSite","@id":"https:\/\/news.canadamotorjobs.com\/#website","url":"https:\/\/news.canadamotorjobs.com\/","name":"CanadaMotorJobs.com","description":"Automotive Jobs","publisher":{"@id":"https:\/\/news.canadamotorjobs.com\/#organization"},"potentialAction":[{"@type":"SearchAction","target":{"@type":"EntryPoint","urlTemplate":"https:\/\/news.canadamotorjobs.com\/?s={search_term_string}"},"query-input":"required name=search_term_string"}],"inLanguage":"fr-CA"},{"@type":"Organization","@id":"https:\/\/news.canadamotorjobs.com\/#organization","name":"Canada Motor Jobs","url":"https:\/\/news.canadamotorjobs.com\/","logo":{"@type":"ImageObject","inLanguage":"fr-CA","@id":"https:\/\/news.canadamotorjobs.com\/#\/schema\/logo\/image\/","url":"https:\/\/news.canadamotorjobs.com\/wp-content\/uploads\/2022\/10\/logo-canada-motor-jobs-1.png","contentUrl":"https:\/\/news.canadamotorjobs.com\/wp-content\/uploads\/2022\/10\/logo-canada-motor-jobs-1.png","width":800,"height":400,"caption":"Canada Motor Jobs"},"image":{"@id":"https:\/\/news.canadamotorjobs.com\/#\/schema\/logo\/image\/"},"sameAs":["https:\/\/www.facebook.com\/canadamotorjobs\/","https:\/\/x.com\/canadamotorjobs","https:\/\/www.instagram.com\/canadamotorjobs\/","https:\/\/www.linkedin.com\/company\/canadamotorjobs"]},{"@type":"Person","@id":"https:\/\/news.canadamotorjobs.com\/#\/schema\/person\/51793d1f87d44011d7bcc2ed99269a90","name":"Benoit Charette","image":{"@type":"ImageObject","inLanguage":"fr-CA","@id":"https:\/\/news.canadamotorjobs.com\/#\/schema\/person\/image\/","url":"https:\/\/secure.gravatar.com\/avatar\/45f3d2eebcccd909668d7ce7ea7267b6?s=96&d=mm&r=g","contentUrl":"https:\/\/secure.gravatar.com\/avatar\/45f3d2eebcccd909668d7ce7ea7267b6?s=96&d=mm&r=g","caption":"Benoit Charette"},"description":"Benoit Charette \/ Propri\u00e9taire et r\u00e9dacteur en chef Benoit Charette pratique le journalisme automobile depuis bient\u00f4t 30 ans. Il a fait ses classes au c\u00f4t\u00e9 de Daniel H\u00e9raud et au Carnet de route de 1992 \u00e0 2001. Il est fondateur, copropri\u00e9taire et r\u00e9dacteur en chef de L\u2019Annuel de l\u2019automobile, qu\u2019il publie depuis 2001. Il a anim\u00e9 les \u00e9missions RPM et RPM+ sur V et les L\u00e9gendes de la route sur Historia. \u00c0 la radio depuis 1986, il reprend l\u2019antenne cette ann\u00e9e sur les ondes de Cogeco et participe pour la deuxi\u00e8me ann\u00e9e \u00e0 l\u2019\u00e9mission Passion Auto sur RDS en plus de mettre en ligne le site Web officiel de L\u2019Annuel de l\u2019automobile sur annuelauto.ca.","sameAs":["https:\/\/annuelauto.ca\/"],"url":"https:\/\/news.canadamotorjobs.com\/fr\/author\/benoit-charette\/"}]}},"_links":{"self":[{"href":"https:\/\/news.canadamotorjobs.com\/fr\/wp-json\/wp\/v2\/posts\/145281"}],"collection":[{"href":"https:\/\/news.canadamotorjobs.com\/fr\/wp-json\/wp\/v2\/posts"}],"about":[{"href":"https:\/\/news.canadamotorjobs.com\/fr\/wp-json\/wp\/v2\/types\/post"}],"author":[{"embeddable":true,"href":"https:\/\/news.canadamotorjobs.com\/fr\/wp-json\/wp\/v2\/users\/8"}],"replies":[{"embeddable":true,"href":"https:\/\/news.canadamotorjobs.com\/fr\/wp-json\/wp\/v2\/comments?post=145281"}],"version-history":[{"count":2,"href":"https:\/\/news.canadamotorjobs.com\/fr\/wp-json\/wp\/v2\/posts\/145281\/revisions"}],"predecessor-version":[{"id":145285,"href":"https:\/\/news.canadamotorjobs.com\/fr\/wp-json\/wp\/v2\/posts\/145281\/revisions\/145285"}],"wp:featuredmedia":[{"embeddable":true,"href":"https:\/\/news.canadamotorjobs.com\/fr\/wp-json\/wp\/v2\/media\/145283"}],"wp:attachment":[{"href":"https:\/\/news.canadamotorjobs.com\/fr\/wp-json\/wp\/v2\/media?parent=145281"}],"wp:term":[{"taxonomy":"category","embeddable":true,"href":"https:\/\/news.canadamotorjobs.com\/fr\/wp-json\/wp\/v2\/categories?post=145281"},{"taxonomy":"post_tag","embeddable":true,"href":"https:\/\/news.canadamotorjobs.com\/fr\/wp-json\/wp\/v2\/tags?post=145281"}],"curies":[{"name":"wp","href":"https:\/\/api.w.org\/{rel}","templated":true}]}}