{"id":145258,"date":"2023-05-20T09:16:35","date_gmt":"2023-05-20T13:16:35","guid":{"rendered":"https:\/\/news.canadamotorjobs.com\/?p=145258"},"modified":"2023-05-20T09:34:37","modified_gmt":"2023-05-20T13:34:37","slug":"le-concept-de-la-pony-revisite-50-ans-plus-tard","status":"publish","type":"post","link":"https:\/\/news.canadamotorjobs.com\/fr\/le-concept-de-la-pony-revisite-50-ans-plus-tard\/","title":{"rendered":"Le concept de la Pony revisit\u00e9 50 ans plus tard"},"content":{"rendered":"<\/p>\n<p>Le concept Pony avait \u00e9t\u00e9 pr\u00e9sent\u00e9 en 1974 au Salon de l&#8217;auto de Turin. Le concept de cette voiture avait \u00e9t\u00e9 confi\u00e9 \u00e0 la c\u00e9l\u00e8bre maison Giugiaro. Hyundai a revisit\u00e9 ce concept et l\u2019a pr\u00e9sent\u00e9 au concours d\u2019\u00e9l\u00e9gance der Villa d\u2019Este au Lac de C\u00f4me. Pour l\u2019occasion Hyundai a invit\u00e9 l\u2019homme derri\u00e8re le concept Giorgetto Giugiaro et son fils Fabrizio Giugiaro, lui-m\u00eame designer depuis de nombreuses ann\u00e9es. Ils sont venus souligner la restauration achev\u00e9e par GFG Style \u2013 le p\u00f4le de cr\u00e9ation qui s&#8217;appuie sur l&#8217;expertise artistique de Fabrizio et de Giorgetto \u2013 du v\u00e9hicule qui a men\u00e9 \u00e0 la cr\u00e9ation de la fameuse gamme Pony.<\/p>\n<h3>Un mod\u00e8le qui en a inspir\u00e9 un autre<\/h3>\n<p>\nCette voiture est aujourd&#8217;hui reconnue comme un classique r\u00e9tro futuriste qui a inspir\u00e9 le design des mod\u00e8les plus r\u00e9cents de Hyundai Motor tels que le N Vision 74, un v\u00e9hicule de d\u00e9veloppement hybride hydrog\u00e8ne\/\u00e9lectrique qui se veut un v\u00e9ritable \u00ab\u00a0laboratoire sur roues\u00a0\u00bb, ainsi que le VE concept 45 qui a influenc\u00e9 directement l&#8217;IONIQ 5 enti\u00e8rement \u00e9lectrique.<\/p>\n<h3>Un mod\u00e8le minimaliste<\/h3>\n<p>\nL&#8217;ext\u00e9rieur du concept Pony Coupe aux allures d&#8217;origami se caract\u00e9rise par des lignes g\u00e9om\u00e9triques fluides, une ligne de toit \u00e9l\u00e9gante, des surfaces \u00e9pur\u00e9es, des proportions dynamiques et un pilier B \u00e0 la forme unique. Il arbore un traitement de surface particuli\u00e8rement graphique avec des pare-chocs peints de la couleur de la carrosserie. Son museau biseaut\u00e9 et ses phares circulaires le distinguaient en 1974 et lui conf\u00e8rent encore aujourd&#8217;hui un caract\u00e8re styl\u00e9. L&#8217;int\u00e9rieur minimaliste exprime la sensibilit\u00e9 iconique de la voiture en mettant en valeur le design monocoque et l&#8217;architecture flottante ax\u00e9e sur le conducteur. Un volant \u00e0 un seul rayon et des si\u00e8ges baquets \u00e9troits deux tons accentuent ce qui \u00e9tait, dans les ann\u00e9es 1970, une esth\u00e9tique futuriste.<\/p>\n<p>Dans le cadre du projet sur le patrimoine international, Hyundai Motor d\u00e9veloppera sa nouvelle plateforme de marque, <em><strong>Hyundai Reunion<\/strong><\/em>, afin de mieux faire conna\u00eetre la vision et l&#8217;orientation de sa marque.<\/p>\n<p>\u00a0<\/p>\n<p>Le texte <a rel=\"nofollow\" href=\"https:\/\/annuelauto.ca\/le-concept-de-la-pony-revisite-50-ans-plus-tard\/\">Le concept de la Pony revisit\u00e9 50 ans plus tard<\/a> provient de <a rel=\"nofollow\" href=\"https:\/\/annuelauto.ca\">L&#8217;annuel de l&#8217;automobile &#8211; Actualit\u00e9 automobile<\/a><\/p>\n<p><\/p>\n","protected":false},"excerpt":{"rendered":"<p>Le concept Pony avait \u00e9t\u00e9 pr\u00e9sent\u00e9 en 1974 au Salon de l&#8217;auto de Turin. Le concept de cette voiture avait \u00e9t\u00e9 confi\u00e9 \u00e0 la c\u00e9l\u00e8bre maison Giugiaro. Hyundai a revisit\u00e9 ce concept et l\u2019a pr\u00e9sent\u00e9 au concours d\u2019\u00e9l\u00e9gance der Villa d\u2019Este au Lac de C\u00f4me. Pour l\u2019occasion Hyundai a invit\u00e9 l\u2019homme derri\u00e8re le concept Giorgetto [&hellip;]<\/p>\n","protected":false},"author":8,"featured_media":145260,"comment_status":"close","ping_status":"closed","sticky":false,"template":"","format":"standard","meta":{"_monsterinsights_skip_tracking":false,"_monsterinsights_sitenote_active":false,"_monsterinsights_sitenote_note":"","_monsterinsights_sitenote_category":0,"footnotes":""},"categories":[101],"tags":[],"yoast_head":"<!-- This site is optimized with the Yoast SEO plugin v23.2 - https:\/\/yoast.com\/wordpress\/plugins\/seo\/ -->\n<title>Le concept de la Pony revisit\u00e9 50 ans plus tard - CanadaMotorJobs.com<\/title>\n<meta name=\"description\" content=\"Le concept de la Pony revisit\u00e9 50 ans plus tard - Benoit Charette - Annuel automobile - CanadaMotorJobs.com.\" \/>\n<meta name=\"robots\" content=\"index, follow, max-snippet:-1, max-image-preview:large, max-video-preview:-1\" \/>\n<meta property=\"og:locale\" content=\"fr_CA\" \/>\n<meta property=\"og:type\" content=\"article\" \/>\n<meta property=\"og:title\" content=\"Le concept de la Pony revisit\u00e9 50 ans plus tard - CanadaMotorJobs.com\" \/>\n<meta property=\"og:description\" content=\"Le concept de la Pony revisit\u00e9 50 ans plus tard - Benoit Charette - Annuel automobile - CanadaMotorJobs.com.\" \/>\n<meta property=\"og:url\" content=\"https:\/\/news.canadamotorjobs.com\/fr\/le-concept-de-la-pony-revisite-50-ans-plus-tard\/\" \/>\n<meta property=\"og:site_name\" content=\"CanadaMotorJobs.com\" \/>\n<meta property=\"article:publisher\" content=\"https:\/\/www.facebook.com\/canadamotorjobs\/\" \/>\n<meta property=\"article:published_time\" content=\"2023-05-20T13:16:35+00:00\" \/>\n<meta property=\"article:modified_time\" content=\"2023-05-20T13:34:37+00:00\" \/>\n<meta property=\"og:image\" content=\"https:\/\/news.canadamotorjobs.com\/wp-content\/uploads\/2023\/05\/Large-53368-HyundaiPonyCoupeConceptRestoredAfter50YearsUnveiledatItsBirthplaceItaly.jpg\" \/>\n\t<meta property=\"og:image:width\" content=\"1304\" \/>\n\t<meta property=\"og:image:height\" content=\"869\" \/>\n\t<meta property=\"og:image:type\" content=\"image\/jpeg\" \/>\n<meta name=\"author\" content=\"Benoit Charette\" \/>\n<meta name=\"twitter:card\" content=\"summary_large_image\" \/>\n<meta name=\"twitter:creator\" content=\"@canadamotorjobs\" \/>\n<meta name=\"twitter:site\" content=\"@canadamotorjobs\" \/>\n<meta name=\"twitter:label1\" content=\"\u00c9crit par\" \/>\n\t<meta name=\"twitter:data1\" content=\"Benoit Charette\" \/>\n\t<meta name=\"twitter:label2\" content=\"Estimation du temps de lecture\" \/>\n\t<meta name=\"twitter:data2\" content=\"2 minutes\" \/>\n<!-- \/ Yoast SEO plugin. -->","yoast_head_json":{"title":"Le concept de la Pony revisit\u00e9 50 ans plus tard - CanadaMotorJobs.com","description":"Le concept de la Pony revisit\u00e9 50 ans plus tard - Benoit Charette - Annuel automobile - CanadaMotorJobs.com.","robots":{"index":"index","follow":"follow","max-snippet":"max-snippet:-1","max-image-preview":"max-image-preview:large","max-video-preview":"max-video-preview:-1"},"og_locale":"fr_CA","og_type":"article","og_title":"Le concept de la Pony revisit\u00e9 50 ans plus tard - CanadaMotorJobs.com","og_description":"Le concept de la Pony revisit\u00e9 50 ans plus tard - Benoit Charette - Annuel automobile - CanadaMotorJobs.com.","og_url":"https:\/\/news.canadamotorjobs.com\/fr\/le-concept-de-la-pony-revisite-50-ans-plus-tard\/","og_site_name":"CanadaMotorJobs.com","article_publisher":"https:\/\/www.facebook.com\/canadamotorjobs\/","article_published_time":"2023-05-20T13:16:35+00:00","article_modified_time":"2023-05-20T13:34:37+00:00","og_image":[{"width":1304,"height":869,"url":"https:\/\/news.canadamotorjobs.com\/wp-content\/uploads\/2023\/05\/Large-53368-HyundaiPonyCoupeConceptRestoredAfter50YearsUnveiledatItsBirthplaceItaly.jpg","type":"image\/jpeg"}],"author":"Benoit Charette","twitter_card":"summary_large_image","twitter_creator":"@canadamotorjobs","twitter_site":"@canadamotorjobs","twitter_misc":{"\u00c9crit par":"Benoit Charette","Estimation du temps de lecture":"2 minutes"},"schema":{"@context":"https:\/\/schema.org","@graph":[{"@type":"Article","@id":"https:\/\/news.canadamotorjobs.com\/fr\/le-concept-de-la-pony-revisite-50-ans-plus-tard\/#article","isPartOf":{"@id":"https:\/\/news.canadamotorjobs.com\/fr\/le-concept-de-la-pony-revisite-50-ans-plus-tard\/"},"author":{"name":"Benoit Charette","@id":"https:\/\/news.canadamotorjobs.com\/#\/schema\/person\/51793d1f87d44011d7bcc2ed99269a90"},"headline":"Le concept de la Pony revisit\u00e9 50 ans plus tard","datePublished":"2023-05-20T13:16:35+00:00","dateModified":"2023-05-20T13:34:37+00:00","mainEntityOfPage":{"@id":"https:\/\/news.canadamotorjobs.com\/fr\/le-concept-de-la-pony-revisite-50-ans-plus-tard\/"},"wordCount":397,"publisher":{"@id":"https:\/\/news.canadamotorjobs.com\/#organization"},"image":{"@id":"https:\/\/news.canadamotorjobs.com\/fr\/le-concept-de-la-pony-revisite-50-ans-plus-tard\/#primaryimage"},"thumbnailUrl":"https:\/\/news.canadamotorjobs.com\/wp-content\/uploads\/2023\/05\/Large-53368-HyundaiPonyCoupeConceptRestoredAfter50YearsUnveiledatItsBirthplaceItaly.jpg","articleSection":["Annuel automobile"],"inLanguage":"fr-CA"},{"@type":"WebPage","@id":"https:\/\/news.canadamotorjobs.com\/fr\/le-concept-de-la-pony-revisite-50-ans-plus-tard\/","url":"https:\/\/news.canadamotorjobs.com\/fr\/le-concept-de-la-pony-revisite-50-ans-plus-tard\/","name":"Le concept de la Pony revisit\u00e9 50 ans plus tard - CanadaMotorJobs.com","isPartOf":{"@id":"https:\/\/news.canadamotorjobs.com\/#website"},"primaryImageOfPage":{"@id":"https:\/\/news.canadamotorjobs.com\/fr\/le-concept-de-la-pony-revisite-50-ans-plus-tard\/#primaryimage"},"image":{"@id":"https:\/\/news.canadamotorjobs.com\/fr\/le-concept-de-la-pony-revisite-50-ans-plus-tard\/#primaryimage"},"thumbnailUrl":"https:\/\/news.canadamotorjobs.com\/wp-content\/uploads\/2023\/05\/Large-53368-HyundaiPonyCoupeConceptRestoredAfter50YearsUnveiledatItsBirthplaceItaly.jpg","datePublished":"2023-05-20T13:16:35+00:00","dateModified":"2023-05-20T13:34:37+00:00","description":"Le concept de la Pony revisit\u00e9 50 ans plus tard - Benoit Charette - Annuel automobile - CanadaMotorJobs.com.","breadcrumb":{"@id":"https:\/\/news.canadamotorjobs.com\/fr\/le-concept-de-la-pony-revisite-50-ans-plus-tard\/#breadcrumb"},"inLanguage":"fr-CA","potentialAction":[{"@type":"ReadAction","target":["https:\/\/news.canadamotorjobs.com\/fr\/le-concept-de-la-pony-revisite-50-ans-plus-tard\/"]}]},{"@type":"ImageObject","inLanguage":"fr-CA","@id":"https:\/\/news.canadamotorjobs.com\/fr\/le-concept-de-la-pony-revisite-50-ans-plus-tard\/#primaryimage","url":"https:\/\/news.canadamotorjobs.com\/wp-content\/uploads\/2023\/05\/Large-53368-HyundaiPonyCoupeConceptRestoredAfter50YearsUnveiledatItsBirthplaceItaly.jpg","contentUrl":"https:\/\/news.canadamotorjobs.com\/wp-content\/uploads\/2023\/05\/Large-53368-HyundaiPonyCoupeConceptRestoredAfter50YearsUnveiledatItsBirthplaceItaly.jpg","width":1304,"height":869},{"@type":"BreadcrumbList","@id":"https:\/\/news.canadamotorjobs.com\/fr\/le-concept-de-la-pony-revisite-50-ans-plus-tard\/#breadcrumb","itemListElement":[{"@type":"ListItem","position":1,"name":"Home","item":"https:\/\/news.canadamotorjobs.com\/fr\/blog\/"},{"@type":"ListItem","position":2,"name":"Le concept de la Pony revisit\u00e9 50 ans plus tard"}]},{"@type":"WebSite","@id":"https:\/\/news.canadamotorjobs.com\/#website","url":"https:\/\/news.canadamotorjobs.com\/","name":"CanadaMotorJobs.com","description":"Automotive Jobs","publisher":{"@id":"https:\/\/news.canadamotorjobs.com\/#organization"},"potentialAction":[{"@type":"SearchAction","target":{"@type":"EntryPoint","urlTemplate":"https:\/\/news.canadamotorjobs.com\/?s={search_term_string}"},"query-input":"required name=search_term_string"}],"inLanguage":"fr-CA"},{"@type":"Organization","@id":"https:\/\/news.canadamotorjobs.com\/#organization","name":"Canada Motor Jobs","url":"https:\/\/news.canadamotorjobs.com\/","logo":{"@type":"ImageObject","inLanguage":"fr-CA","@id":"https:\/\/news.canadamotorjobs.com\/#\/schema\/logo\/image\/","url":"https:\/\/news.canadamotorjobs.com\/wp-content\/uploads\/2022\/10\/logo-canada-motor-jobs-1.png","contentUrl":"https:\/\/news.canadamotorjobs.com\/wp-content\/uploads\/2022\/10\/logo-canada-motor-jobs-1.png","width":800,"height":400,"caption":"Canada Motor Jobs"},"image":{"@id":"https:\/\/news.canadamotorjobs.com\/#\/schema\/logo\/image\/"},"sameAs":["https:\/\/www.facebook.com\/canadamotorjobs\/","https:\/\/x.com\/canadamotorjobs","https:\/\/www.instagram.com\/canadamotorjobs\/","https:\/\/www.linkedin.com\/company\/canadamotorjobs"]},{"@type":"Person","@id":"https:\/\/news.canadamotorjobs.com\/#\/schema\/person\/51793d1f87d44011d7bcc2ed99269a90","name":"Benoit Charette","image":{"@type":"ImageObject","inLanguage":"fr-CA","@id":"https:\/\/news.canadamotorjobs.com\/#\/schema\/person\/image\/","url":"https:\/\/secure.gravatar.com\/avatar\/45f3d2eebcccd909668d7ce7ea7267b6?s=96&d=mm&r=g","contentUrl":"https:\/\/secure.gravatar.com\/avatar\/45f3d2eebcccd909668d7ce7ea7267b6?s=96&d=mm&r=g","caption":"Benoit Charette"},"description":"Benoit Charette \/ Propri\u00e9taire et r\u00e9dacteur en chef Benoit Charette pratique le journalisme automobile depuis bient\u00f4t 30 ans. Il a fait ses classes au c\u00f4t\u00e9 de Daniel H\u00e9raud et au Carnet de route de 1992 \u00e0 2001. Il est fondateur, copropri\u00e9taire et r\u00e9dacteur en chef de L\u2019Annuel de l\u2019automobile, qu\u2019il publie depuis 2001. Il a anim\u00e9 les \u00e9missions RPM et RPM+ sur V et les L\u00e9gendes de la route sur Historia. \u00c0 la radio depuis 1986, il reprend l\u2019antenne cette ann\u00e9e sur les ondes de Cogeco et participe pour la deuxi\u00e8me ann\u00e9e \u00e0 l\u2019\u00e9mission Passion Auto sur RDS en plus de mettre en ligne le site Web officiel de L\u2019Annuel de l\u2019automobile sur annuelauto.ca.","sameAs":["https:\/\/annuelauto.ca\/"],"url":"https:\/\/news.canadamotorjobs.com\/fr\/author\/benoit-charette\/"}]}},"_links":{"self":[{"href":"https:\/\/news.canadamotorjobs.com\/fr\/wp-json\/wp\/v2\/posts\/145258"}],"collection":[{"href":"https:\/\/news.canadamotorjobs.com\/fr\/wp-json\/wp\/v2\/posts"}],"about":[{"href":"https:\/\/news.canadamotorjobs.com\/fr\/wp-json\/wp\/v2\/types\/post"}],"author":[{"embeddable":true,"href":"https:\/\/news.canadamotorjobs.com\/fr\/wp-json\/wp\/v2\/users\/8"}],"replies":[{"embeddable":true,"href":"https:\/\/news.canadamotorjobs.com\/fr\/wp-json\/wp\/v2\/comments?post=145258"}],"version-history":[{"count":2,"href":"https:\/\/news.canadamotorjobs.com\/fr\/wp-json\/wp\/v2\/posts\/145258\/revisions"}],"predecessor-version":[{"id":145262,"href":"https:\/\/news.canadamotorjobs.com\/fr\/wp-json\/wp\/v2\/posts\/145258\/revisions\/145262"}],"wp:featuredmedia":[{"embeddable":true,"href":"https:\/\/news.canadamotorjobs.com\/fr\/wp-json\/wp\/v2\/media\/145260"}],"wp:attachment":[{"href":"https:\/\/news.canadamotorjobs.com\/fr\/wp-json\/wp\/v2\/media?parent=145258"}],"wp:term":[{"taxonomy":"category","embeddable":true,"href":"https:\/\/news.canadamotorjobs.com\/fr\/wp-json\/wp\/v2\/categories?post=145258"},{"taxonomy":"post_tag","embeddable":true,"href":"https:\/\/news.canadamotorjobs.com\/fr\/wp-json\/wp\/v2\/tags?post=145258"}],"curies":[{"name":"wp","href":"https:\/\/api.w.org\/{rel}","templated":true}]}}