{"id":145208,"date":"2023-05-19T05:54:35","date_gmt":"2023-05-19T09:54:35","guid":{"rendered":"https:\/\/news.canadamotorjobs.com\/?p=145208"},"modified":"2023-05-19T06:03:29","modified_gmt":"2023-05-19T10:03:29","slug":"camping-de-luxe-en-mode-electrique-signe-mercedes-benz","status":"publish","type":"post","link":"https:\/\/news.canadamotorjobs.com\/fr\/camping-de-luxe-en-mode-electrique-signe-mercedes-benz\/","title":{"rendered":"Camping de luxe en mode \u00e9lectrique sign\u00e9 Mercedes Benz"},"content":{"rendered":"<\/p>\n<p>On en a parl\u00e9 un peu depuis trois ans, la vague de popularit\u00e9 du camping motoris\u00e9 ne semble pas vouloir se calmer et la pr\u00e9sentation par Mercedes-Benz plus t\u00f4t cette semaine de la prochaine g\u00e9n\u00e9ration de sa gamme de v\u00e9hicules \u00e9lectriques pourrait titiller la corde sensible des amateurs de ce qu\u2019on appelle la \u00abvanlife\u00bb. Elle comprend un nouveau fourgon de format interm\u00e9diaire qui semble tout indiqu\u00e9 pour devenir un futur v\u00e9hicule r\u00e9cr\u00e9atif tout \u00e9lectrique.<\/p>\n<p>Mercedes-Benz n\u2019a pas donn\u00e9 le nom officiel du v\u00e9hicule en question, mais il a indiqu\u00e9 qu\u2019il serait produit \u00e0 partir d\u2019une toute nouvelle plateforme \u00e9lectrique modulaire, un concept populaire au sein des constructeurs d\u2019automobiles ces jours-ci, et qu\u2019il serait d\u2019un format un peu plus compact que le Metris. Mercedes-Benz vend aussi le Sprinter, un fourgon plus ax\u00e9 sur le march\u00e9 commercial et qui est d\u2019un format sup\u00e9rieur aux deux autres.<\/p>\n<p>La nouvelle plateforme en question s\u2019appelle tout simplemnet Van.EA. Elle est compos\u00e9e de trois sections, ou trois \u00abmodules\u00bb, si on veut, qui permettent d\u2019en ajuster la longueur selon le v\u00e9hicule d\u00e9sir\u00e9. Le premier module, \u00e0 l\u2019avant, englobe la plupart des composants m\u00e9caniques, y compris un \u00e9ventuel moteur \u00e9lectrique. Le module central est celui o\u00f9 seraient install\u00e9es les batteries. Il s\u2019allonge ou se raccourcit selon la quantit\u00e9 de batteries qu\u2019on veut installer sur le v\u00e9hicule. Le troisi\u00e8me module loge les roues arri\u00e8re et, dans le cas de v\u00e9hicules \u00e0 quatre roues motrices, un deuxi\u00e8me moteur \u00e9lectrique.<\/p>\n<p>Avis \u00e0 tous ceux qui r\u00eavent \u00e0 un Westfalia tout \u00e9lectrique et qui ont les moyens de leur ambition, donc. Car \u00e9videmment, le v\u00e9hicule ne sera pas donn\u00e9. Mais contrairement au Metris et au Sprinter, il cible les consommateurs. Plus particuli\u00e8rement, les familles qui comptent plusieurs membres, les amateurs de camping et, oui, les gens qui r\u00eavent d\u2019un v\u00e9hicule r\u00e9cr\u00e9atif tout \u00e9lectrique.<\/p>\n<p>Si ce v\u00e9hicule vous int\u00e9resse, sachez que vous avez le temps pour mettre des sous de c\u00f4t\u00e9 \u00e9tant donn\u00e9 que les premiers v\u00e9hicules qui seront mis sur la route \u00e0 partir de la plateforme de prochaine g\u00e9n\u00e9ration pr\u00e9sent\u00e9e par Mercedes-Benz arriveront au Canada quelque part en 2025 ou en 2026.<\/p>\n<p>\u00a0<\/p>\n<p>Le texte <a rel=\"nofollow\" href=\"https:\/\/annuelauto.ca\/camping-de-luxe-en-mode-electrique-signe-mercedes-benz\/\">Camping de luxe en mode \u00e9lectrique sign\u00e9 Mercedes Benz<\/a> provient de <a rel=\"nofollow\" href=\"https:\/\/annuelauto.ca\">L&#8217;annuel de l&#8217;automobile &#8211; Actualit\u00e9 automobile<\/a><\/p>\n<p><\/p>\n","protected":false},"excerpt":{"rendered":"<p>On en a parl\u00e9 un peu depuis trois ans, la vague de popularit\u00e9 du camping motoris\u00e9 ne semble pas vouloir se calmer et la pr\u00e9sentation par Mercedes-Benz plus t\u00f4t cette semaine de la prochaine g\u00e9n\u00e9ration de sa gamme de v\u00e9hicules \u00e9lectriques pourrait titiller la corde sensible des amateurs de ce qu\u2019on appelle la \u00abvanlife\u00bb. Elle [&hellip;]<\/p>\n","protected":false},"author":8,"featured_media":145210,"comment_status":"close","ping_status":"closed","sticky":false,"template":"","format":"standard","meta":{"_monsterinsights_skip_tracking":false,"_monsterinsights_sitenote_active":false,"_monsterinsights_sitenote_note":"","_monsterinsights_sitenote_category":0,"footnotes":""},"categories":[101],"tags":[],"yoast_head":"<!-- This site is optimized with the Yoast SEO plugin v23.2 - https:\/\/yoast.com\/wordpress\/plugins\/seo\/ -->\n<title>Camping de luxe en mode \u00e9lectrique sign\u00e9 Mercedes Benz - CanadaMotorJobs.com<\/title>\n<meta name=\"description\" content=\"Camping de luxe en mode \u00e9lectrique sign\u00e9 Mercedes Benz - Benoit Charette - Annuel automobile - CanadaMotorJobs.com.\" \/>\n<meta name=\"robots\" content=\"index, follow, max-snippet:-1, max-image-preview:large, max-video-preview:-1\" \/>\n<meta property=\"og:locale\" content=\"fr_CA\" \/>\n<meta property=\"og:type\" content=\"article\" \/>\n<meta property=\"og:title\" content=\"Camping de luxe en mode \u00e9lectrique sign\u00e9 Mercedes Benz - CanadaMotorJobs.com\" \/>\n<meta property=\"og:description\" content=\"Camping de luxe en mode \u00e9lectrique sign\u00e9 Mercedes Benz - Benoit Charette - Annuel automobile - CanadaMotorJobs.com.\" \/>\n<meta property=\"og:url\" content=\"https:\/\/news.canadamotorjobs.com\/fr\/camping-de-luxe-en-mode-electrique-signe-mercedes-benz\/\" \/>\n<meta property=\"og:site_name\" content=\"CanadaMotorJobs.com\" \/>\n<meta property=\"article:publisher\" content=\"https:\/\/www.facebook.com\/canadamotorjobs\/\" \/>\n<meta property=\"article:published_time\" content=\"2023-05-19T09:54:35+00:00\" \/>\n<meta property=\"article:modified_time\" content=\"2023-05-19T10:03:29+00:00\" \/>\n<meta property=\"og:image\" content=\"https:\/\/news.canadamotorjobs.com\/wp-content\/uploads\/2023\/05\/Mercedes-Benz-V-Class-2020-1600-51.jpg\" \/>\n\t<meta property=\"og:image:width\" content=\"1600\" \/>\n\t<meta property=\"og:image:height\" content=\"900\" \/>\n\t<meta property=\"og:image:type\" content=\"image\/jpeg\" \/>\n<meta name=\"author\" content=\"Benoit Charette\" \/>\n<meta name=\"twitter:card\" content=\"summary_large_image\" \/>\n<meta name=\"twitter:creator\" content=\"@canadamotorjobs\" \/>\n<meta name=\"twitter:site\" content=\"@canadamotorjobs\" \/>\n<meta name=\"twitter:label1\" content=\"\u00c9crit par\" \/>\n\t<meta name=\"twitter:data1\" content=\"Benoit Charette\" \/>\n\t<meta name=\"twitter:label2\" content=\"Estimation du temps de lecture\" \/>\n\t<meta name=\"twitter:data2\" content=\"2 minutes\" \/>\n<!-- \/ Yoast SEO plugin. -->","yoast_head_json":{"title":"Camping de luxe en mode \u00e9lectrique sign\u00e9 Mercedes Benz - CanadaMotorJobs.com","description":"Camping de luxe en mode \u00e9lectrique sign\u00e9 Mercedes Benz - Benoit Charette - Annuel automobile - CanadaMotorJobs.com.","robots":{"index":"index","follow":"follow","max-snippet":"max-snippet:-1","max-image-preview":"max-image-preview:large","max-video-preview":"max-video-preview:-1"},"og_locale":"fr_CA","og_type":"article","og_title":"Camping de luxe en mode \u00e9lectrique sign\u00e9 Mercedes Benz - CanadaMotorJobs.com","og_description":"Camping de luxe en mode \u00e9lectrique sign\u00e9 Mercedes Benz - Benoit Charette - Annuel automobile - CanadaMotorJobs.com.","og_url":"https:\/\/news.canadamotorjobs.com\/fr\/camping-de-luxe-en-mode-electrique-signe-mercedes-benz\/","og_site_name":"CanadaMotorJobs.com","article_publisher":"https:\/\/www.facebook.com\/canadamotorjobs\/","article_published_time":"2023-05-19T09:54:35+00:00","article_modified_time":"2023-05-19T10:03:29+00:00","og_image":[{"width":1600,"height":900,"url":"https:\/\/news.canadamotorjobs.com\/wp-content\/uploads\/2023\/05\/Mercedes-Benz-V-Class-2020-1600-51.jpg","type":"image\/jpeg"}],"author":"Benoit Charette","twitter_card":"summary_large_image","twitter_creator":"@canadamotorjobs","twitter_site":"@canadamotorjobs","twitter_misc":{"\u00c9crit par":"Benoit Charette","Estimation du temps de lecture":"2 minutes"},"schema":{"@context":"https:\/\/schema.org","@graph":[{"@type":"Article","@id":"https:\/\/news.canadamotorjobs.com\/fr\/camping-de-luxe-en-mode-electrique-signe-mercedes-benz\/#article","isPartOf":{"@id":"https:\/\/news.canadamotorjobs.com\/fr\/camping-de-luxe-en-mode-electrique-signe-mercedes-benz\/"},"author":{"name":"Benoit Charette","@id":"https:\/\/news.canadamotorjobs.com\/#\/schema\/person\/51793d1f87d44011d7bcc2ed99269a90"},"headline":"Camping de luxe en mode \u00e9lectrique sign\u00e9 Mercedes Benz","datePublished":"2023-05-19T09:54:35+00:00","dateModified":"2023-05-19T10:03:29+00:00","mainEntityOfPage":{"@id":"https:\/\/news.canadamotorjobs.com\/fr\/camping-de-luxe-en-mode-electrique-signe-mercedes-benz\/"},"wordCount":424,"publisher":{"@id":"https:\/\/news.canadamotorjobs.com\/#organization"},"image":{"@id":"https:\/\/news.canadamotorjobs.com\/fr\/camping-de-luxe-en-mode-electrique-signe-mercedes-benz\/#primaryimage"},"thumbnailUrl":"https:\/\/news.canadamotorjobs.com\/wp-content\/uploads\/2023\/05\/Mercedes-Benz-V-Class-2020-1600-51.jpg","articleSection":["Annuel automobile"],"inLanguage":"fr-CA"},{"@type":"WebPage","@id":"https:\/\/news.canadamotorjobs.com\/fr\/camping-de-luxe-en-mode-electrique-signe-mercedes-benz\/","url":"https:\/\/news.canadamotorjobs.com\/fr\/camping-de-luxe-en-mode-electrique-signe-mercedes-benz\/","name":"Camping de luxe en mode \u00e9lectrique sign\u00e9 Mercedes Benz - CanadaMotorJobs.com","isPartOf":{"@id":"https:\/\/news.canadamotorjobs.com\/#website"},"primaryImageOfPage":{"@id":"https:\/\/news.canadamotorjobs.com\/fr\/camping-de-luxe-en-mode-electrique-signe-mercedes-benz\/#primaryimage"},"image":{"@id":"https:\/\/news.canadamotorjobs.com\/fr\/camping-de-luxe-en-mode-electrique-signe-mercedes-benz\/#primaryimage"},"thumbnailUrl":"https:\/\/news.canadamotorjobs.com\/wp-content\/uploads\/2023\/05\/Mercedes-Benz-V-Class-2020-1600-51.jpg","datePublished":"2023-05-19T09:54:35+00:00","dateModified":"2023-05-19T10:03:29+00:00","description":"Camping de luxe en mode \u00e9lectrique sign\u00e9 Mercedes Benz - Benoit Charette - Annuel automobile - CanadaMotorJobs.com.","breadcrumb":{"@id":"https:\/\/news.canadamotorjobs.com\/fr\/camping-de-luxe-en-mode-electrique-signe-mercedes-benz\/#breadcrumb"},"inLanguage":"fr-CA","potentialAction":[{"@type":"ReadAction","target":["https:\/\/news.canadamotorjobs.com\/fr\/camping-de-luxe-en-mode-electrique-signe-mercedes-benz\/"]}]},{"@type":"ImageObject","inLanguage":"fr-CA","@id":"https:\/\/news.canadamotorjobs.com\/fr\/camping-de-luxe-en-mode-electrique-signe-mercedes-benz\/#primaryimage","url":"https:\/\/news.canadamotorjobs.com\/wp-content\/uploads\/2023\/05\/Mercedes-Benz-V-Class-2020-1600-51.jpg","contentUrl":"https:\/\/news.canadamotorjobs.com\/wp-content\/uploads\/2023\/05\/Mercedes-Benz-V-Class-2020-1600-51.jpg","width":1600,"height":900},{"@type":"BreadcrumbList","@id":"https:\/\/news.canadamotorjobs.com\/fr\/camping-de-luxe-en-mode-electrique-signe-mercedes-benz\/#breadcrumb","itemListElement":[{"@type":"ListItem","position":1,"name":"Home","item":"https:\/\/news.canadamotorjobs.com\/fr\/blog\/"},{"@type":"ListItem","position":2,"name":"Camping de luxe en mode \u00e9lectrique sign\u00e9 Mercedes Benz"}]},{"@type":"WebSite","@id":"https:\/\/news.canadamotorjobs.com\/#website","url":"https:\/\/news.canadamotorjobs.com\/","name":"CanadaMotorJobs.com","description":"Automotive Jobs","publisher":{"@id":"https:\/\/news.canadamotorjobs.com\/#organization"},"potentialAction":[{"@type":"SearchAction","target":{"@type":"EntryPoint","urlTemplate":"https:\/\/news.canadamotorjobs.com\/?s={search_term_string}"},"query-input":"required name=search_term_string"}],"inLanguage":"fr-CA"},{"@type":"Organization","@id":"https:\/\/news.canadamotorjobs.com\/#organization","name":"Canada Motor Jobs","url":"https:\/\/news.canadamotorjobs.com\/","logo":{"@type":"ImageObject","inLanguage":"fr-CA","@id":"https:\/\/news.canadamotorjobs.com\/#\/schema\/logo\/image\/","url":"https:\/\/news.canadamotorjobs.com\/wp-content\/uploads\/2022\/10\/logo-canada-motor-jobs-1.png","contentUrl":"https:\/\/news.canadamotorjobs.com\/wp-content\/uploads\/2022\/10\/logo-canada-motor-jobs-1.png","width":800,"height":400,"caption":"Canada Motor Jobs"},"image":{"@id":"https:\/\/news.canadamotorjobs.com\/#\/schema\/logo\/image\/"},"sameAs":["https:\/\/www.facebook.com\/canadamotorjobs\/","https:\/\/x.com\/canadamotorjobs","https:\/\/www.instagram.com\/canadamotorjobs\/","https:\/\/www.linkedin.com\/company\/canadamotorjobs"]},{"@type":"Person","@id":"https:\/\/news.canadamotorjobs.com\/#\/schema\/person\/51793d1f87d44011d7bcc2ed99269a90","name":"Benoit Charette","image":{"@type":"ImageObject","inLanguage":"fr-CA","@id":"https:\/\/news.canadamotorjobs.com\/#\/schema\/person\/image\/","url":"https:\/\/secure.gravatar.com\/avatar\/45f3d2eebcccd909668d7ce7ea7267b6?s=96&d=mm&r=g","contentUrl":"https:\/\/secure.gravatar.com\/avatar\/45f3d2eebcccd909668d7ce7ea7267b6?s=96&d=mm&r=g","caption":"Benoit Charette"},"description":"Benoit Charette \/ Propri\u00e9taire et r\u00e9dacteur en chef Benoit Charette pratique le journalisme automobile depuis bient\u00f4t 30 ans. Il a fait ses classes au c\u00f4t\u00e9 de Daniel H\u00e9raud et au Carnet de route de 1992 \u00e0 2001. Il est fondateur, copropri\u00e9taire et r\u00e9dacteur en chef de L\u2019Annuel de l\u2019automobile, qu\u2019il publie depuis 2001. Il a anim\u00e9 les \u00e9missions RPM et RPM+ sur V et les L\u00e9gendes de la route sur Historia. \u00c0 la radio depuis 1986, il reprend l\u2019antenne cette ann\u00e9e sur les ondes de Cogeco et participe pour la deuxi\u00e8me ann\u00e9e \u00e0 l\u2019\u00e9mission Passion Auto sur RDS en plus de mettre en ligne le site Web officiel de L\u2019Annuel de l\u2019automobile sur annuelauto.ca.","sameAs":["https:\/\/annuelauto.ca\/"],"url":"https:\/\/news.canadamotorjobs.com\/fr\/author\/benoit-charette\/"}]}},"_links":{"self":[{"href":"https:\/\/news.canadamotorjobs.com\/fr\/wp-json\/wp\/v2\/posts\/145208"}],"collection":[{"href":"https:\/\/news.canadamotorjobs.com\/fr\/wp-json\/wp\/v2\/posts"}],"about":[{"href":"https:\/\/news.canadamotorjobs.com\/fr\/wp-json\/wp\/v2\/types\/post"}],"author":[{"embeddable":true,"href":"https:\/\/news.canadamotorjobs.com\/fr\/wp-json\/wp\/v2\/users\/8"}],"replies":[{"embeddable":true,"href":"https:\/\/news.canadamotorjobs.com\/fr\/wp-json\/wp\/v2\/comments?post=145208"}],"version-history":[{"count":2,"href":"https:\/\/news.canadamotorjobs.com\/fr\/wp-json\/wp\/v2\/posts\/145208\/revisions"}],"predecessor-version":[{"id":145212,"href":"https:\/\/news.canadamotorjobs.com\/fr\/wp-json\/wp\/v2\/posts\/145208\/revisions\/145212"}],"wp:featuredmedia":[{"embeddable":true,"href":"https:\/\/news.canadamotorjobs.com\/fr\/wp-json\/wp\/v2\/media\/145210"}],"wp:attachment":[{"href":"https:\/\/news.canadamotorjobs.com\/fr\/wp-json\/wp\/v2\/media?parent=145208"}],"wp:term":[{"taxonomy":"category","embeddable":true,"href":"https:\/\/news.canadamotorjobs.com\/fr\/wp-json\/wp\/v2\/categories?post=145208"},{"taxonomy":"post_tag","embeddable":true,"href":"https:\/\/news.canadamotorjobs.com\/fr\/wp-json\/wp\/v2\/tags?post=145208"}],"curies":[{"name":"wp","href":"https:\/\/api.w.org\/{rel}","templated":true}]}}