{"id":145181,"date":"2023-05-18T15:30:07","date_gmt":"2023-05-18T19:30:07","guid":{"rendered":"https:\/\/news.canadamotorjobs.com\/?p=145181"},"modified":"2023-05-18T15:45:05","modified_gmt":"2023-05-18T19:45:05","slug":"ford-rappelle-422-000-vus-pour-des-problemes-de-camera-de-recul","status":"publish","type":"post","link":"https:\/\/news.canadamotorjobs.com\/fr\/ford-rappelle-422-000-vus-pour-des-problemes-de-camera-de-recul\/","title":{"rendered":"Ford rappelle 422 000 VUS pour des probl\u00e8mes de cam\u00e9ra de recul"},"content":{"rendered":"<\/p>\n<p>Une situation inhabituelle pour Ford qui avait d\u00e9j\u00e0 fait un rappel pour un probl\u00e8me similaire. Il s\u2019agit d\u2019une sortie de prise vid\u00e9o qui peut tomber en panne m\u00eame apr\u00e8s une r\u00e9paration ant\u00e9rieure dans le cadre d\u2019un rappel ant\u00e9rieur, emp\u00eachant l&#8217;affichage de l&#8217;image de la cam\u00e9ra de recul.<\/p>\n<h3>Les v\u00e9hicules concern\u00e9s<\/h3>\n<p>\nLe nouveau rappel concerne les Ford Explorer, Lincoln Aviator et Lincoln Corsair 2020-2022 \u00e9quip\u00e9s d&#8217;une cam\u00e9ra \u00e0 360 degr\u00e9s.<\/p>\n<h3>On \u00e9tend le rappel<\/h3>\n<p>\nLe rappel touche un plus grand nombre de v\u00e9hicules et remplace les rappels ant\u00e9rieurs de Ford pour le m\u00eame probl\u00e8me en 2021 et 2023. L&#8217;ann\u00e9e derni\u00e8re, Ford a mis \u00e0 jour le logiciel du module de traitement de l&#8217;image (IPMB) afin de r\u00e9soudre le probl\u00e8me. Ford a d\u00e9clar\u00e9 jeudi qu&#8217;il &#8220;travaillait en collaboration avec ses fournisseurs pour identifier la cause premi\u00e8re et fournir le rem\u00e8de ad\u00e9quat le plus rapidement possible&#8221;.<\/p>\n<p>La National Highway Traffic Safety Administration (NHTSA) a d\u00e9clar\u00e9 que la perte de l&#8217;image de la cam\u00e9ra de recul peut r\u00e9duire la visibilit\u00e9 arri\u00e8re du conducteur, augmentant ainsi le risque d&#8217;accident. Les lettres de notification aux propri\u00e9taires devraient \u00eatre envoy\u00e9es le 26 juin. L&#8217;ann\u00e9e derni\u00e8re, Ford a d\u00e9clar\u00e9 avoir re\u00e7u des rapports sur 17 accidents mineurs li\u00e9s au probl\u00e8me du rappel et plus de 2 100 rapports de garantie.<\/p>\n<p>En ao\u00fbt 2021, la NHTSA avait ouvert une enqu\u00eate apr\u00e8s que Ford ait rappel\u00e9 620\u00a0246 v\u00e9hicules en 2020 pour un autre probl\u00e8me de cam\u00e9ra arri\u00e8re. L&#8217;enqu\u00eate vise \u00e0 d\u00e9terminer si Ford a rappel\u00e9 les v\u00e9hicules en temps voulu et si le nombre de v\u00e9hicules rappel\u00e9s est suffisant.<\/p>\n<p>\u00a0<\/p>\n<p>Avec des renseignements de Reuters<\/p>\n<p>Le texte <a rel=\"nofollow\" href=\"https:\/\/annuelauto.ca\/ford-rappelle-422-000-vus-pour-des-problemes-de-camera-de-recul\/\">Ford rappelle 422 000 VUS pour des probl\u00e8mes de cam\u00e9ra de recul<\/a> provient de <a rel=\"nofollow\" href=\"https:\/\/annuelauto.ca\">L&#8217;annuel de l&#8217;automobile &#8211; Actualit\u00e9 automobile<\/a><\/p>\n<p><\/p>\n","protected":false},"excerpt":{"rendered":"<p>Une situation inhabituelle pour Ford qui avait d\u00e9j\u00e0 fait un rappel pour un probl\u00e8me similaire. Il s\u2019agit d\u2019une sortie de prise vid\u00e9o qui peut tomber en panne m\u00eame apr\u00e8s une r\u00e9paration ant\u00e9rieure dans le cadre d\u2019un rappel ant\u00e9rieur, emp\u00eachant l&#8217;affichage de l&#8217;image de la cam\u00e9ra de recul. Les v\u00e9hicules concern\u00e9s Le nouveau rappel concerne les [&hellip;]<\/p>\n","protected":false},"author":8,"featured_media":145183,"comment_status":"close","ping_status":"closed","sticky":false,"template":"","format":"standard","meta":{"_monsterinsights_skip_tracking":false,"_monsterinsights_sitenote_active":false,"_monsterinsights_sitenote_note":"","_monsterinsights_sitenote_category":0,"footnotes":""},"categories":[101],"tags":[],"yoast_head":"<!-- This site is optimized with the Yoast SEO plugin v23.2 - https:\/\/yoast.com\/wordpress\/plugins\/seo\/ -->\n<title>Ford rappelle 422 000 VUS pour des probl\u00e8mes de cam\u00e9ra de recul - CanadaMotorJobs.com<\/title>\n<meta name=\"description\" content=\"Ford rappelle 422 000 VUS pour des probl\u00e8mes de cam\u00e9ra de recul - Benoit Charette - Annuel automobile - CanadaMotorJobs.com.\" \/>\n<meta name=\"robots\" content=\"index, follow, max-snippet:-1, max-image-preview:large, max-video-preview:-1\" \/>\n<meta property=\"og:locale\" content=\"fr_CA\" \/>\n<meta property=\"og:type\" content=\"article\" \/>\n<meta property=\"og:title\" content=\"Ford rappelle 422 000 VUS pour des probl\u00e8mes de cam\u00e9ra de recul - CanadaMotorJobs.com\" \/>\n<meta property=\"og:description\" content=\"Ford rappelle 422 000 VUS pour des probl\u00e8mes de cam\u00e9ra de recul - Benoit Charette - Annuel automobile - CanadaMotorJobs.com.\" \/>\n<meta property=\"og:url\" content=\"https:\/\/news.canadamotorjobs.com\/fr\/ford-rappelle-422-000-vus-pour-des-problemes-de-camera-de-recul\/\" \/>\n<meta property=\"og:site_name\" content=\"CanadaMotorJobs.com\" \/>\n<meta property=\"article:publisher\" content=\"https:\/\/www.facebook.com\/canadamotorjobs\/\" \/>\n<meta property=\"article:published_time\" content=\"2023-05-18T19:30:07+00:00\" \/>\n<meta property=\"article:modified_time\" content=\"2023-05-18T19:45:05+00:00\" \/>\n<meta property=\"og:image\" content=\"https:\/\/news.canadamotorjobs.com\/wp-content\/uploads\/2023\/05\/485037-ford-explorer-st-line-2022-l-apparence-avant-la-performance.jpeg\" \/>\n\t<meta property=\"og:image:width\" content=\"1920\" \/>\n\t<meta property=\"og:image:height\" content=\"1200\" \/>\n\t<meta property=\"og:image:type\" content=\"image\/jpeg\" \/>\n<meta name=\"author\" content=\"Benoit Charette\" \/>\n<meta name=\"twitter:card\" content=\"summary_large_image\" \/>\n<meta name=\"twitter:creator\" content=\"@canadamotorjobs\" \/>\n<meta name=\"twitter:site\" content=\"@canadamotorjobs\" \/>\n<meta name=\"twitter:label1\" content=\"\u00c9crit par\" \/>\n\t<meta name=\"twitter:data1\" content=\"Benoit Charette\" \/>\n\t<meta name=\"twitter:label2\" content=\"Estimation du temps de lecture\" \/>\n\t<meta name=\"twitter:data2\" content=\"2 minutes\" \/>\n<!-- \/ Yoast SEO plugin. -->","yoast_head_json":{"title":"Ford rappelle 422 000 VUS pour des probl\u00e8mes de cam\u00e9ra de recul - CanadaMotorJobs.com","description":"Ford rappelle 422 000 VUS pour des probl\u00e8mes de cam\u00e9ra de recul - Benoit Charette - Annuel automobile - CanadaMotorJobs.com.","robots":{"index":"index","follow":"follow","max-snippet":"max-snippet:-1","max-image-preview":"max-image-preview:large","max-video-preview":"max-video-preview:-1"},"og_locale":"fr_CA","og_type":"article","og_title":"Ford rappelle 422 000 VUS pour des probl\u00e8mes de cam\u00e9ra de recul - CanadaMotorJobs.com","og_description":"Ford rappelle 422 000 VUS pour des probl\u00e8mes de cam\u00e9ra de recul - Benoit Charette - Annuel automobile - CanadaMotorJobs.com.","og_url":"https:\/\/news.canadamotorjobs.com\/fr\/ford-rappelle-422-000-vus-pour-des-problemes-de-camera-de-recul\/","og_site_name":"CanadaMotorJobs.com","article_publisher":"https:\/\/www.facebook.com\/canadamotorjobs\/","article_published_time":"2023-05-18T19:30:07+00:00","article_modified_time":"2023-05-18T19:45:05+00:00","og_image":[{"width":1920,"height":1200,"url":"https:\/\/news.canadamotorjobs.com\/wp-content\/uploads\/2023\/05\/485037-ford-explorer-st-line-2022-l-apparence-avant-la-performance.jpeg","type":"image\/jpeg"}],"author":"Benoit Charette","twitter_card":"summary_large_image","twitter_creator":"@canadamotorjobs","twitter_site":"@canadamotorjobs","twitter_misc":{"\u00c9crit par":"Benoit Charette","Estimation du temps de lecture":"2 minutes"},"schema":{"@context":"https:\/\/schema.org","@graph":[{"@type":"Article","@id":"https:\/\/news.canadamotorjobs.com\/fr\/ford-rappelle-422-000-vus-pour-des-problemes-de-camera-de-recul\/#article","isPartOf":{"@id":"https:\/\/news.canadamotorjobs.com\/fr\/ford-rappelle-422-000-vus-pour-des-problemes-de-camera-de-recul\/"},"author":{"name":"Benoit Charette","@id":"https:\/\/news.canadamotorjobs.com\/#\/schema\/person\/51793d1f87d44011d7bcc2ed99269a90"},"headline":"Ford rappelle 422 000 VUS pour des probl\u00e8mes de cam\u00e9ra de recul","datePublished":"2023-05-18T19:30:07+00:00","dateModified":"2023-05-18T19:45:05+00:00","mainEntityOfPage":{"@id":"https:\/\/news.canadamotorjobs.com\/fr\/ford-rappelle-422-000-vus-pour-des-problemes-de-camera-de-recul\/"},"wordCount":350,"publisher":{"@id":"https:\/\/news.canadamotorjobs.com\/#organization"},"image":{"@id":"https:\/\/news.canadamotorjobs.com\/fr\/ford-rappelle-422-000-vus-pour-des-problemes-de-camera-de-recul\/#primaryimage"},"thumbnailUrl":"https:\/\/news.canadamotorjobs.com\/wp-content\/uploads\/2023\/05\/485037-ford-explorer-st-line-2022-l-apparence-avant-la-performance.jpeg","articleSection":["Annuel automobile"],"inLanguage":"fr-CA"},{"@type":"WebPage","@id":"https:\/\/news.canadamotorjobs.com\/fr\/ford-rappelle-422-000-vus-pour-des-problemes-de-camera-de-recul\/","url":"https:\/\/news.canadamotorjobs.com\/fr\/ford-rappelle-422-000-vus-pour-des-problemes-de-camera-de-recul\/","name":"Ford rappelle 422 000 VUS pour des probl\u00e8mes de cam\u00e9ra de recul - CanadaMotorJobs.com","isPartOf":{"@id":"https:\/\/news.canadamotorjobs.com\/#website"},"primaryImageOfPage":{"@id":"https:\/\/news.canadamotorjobs.com\/fr\/ford-rappelle-422-000-vus-pour-des-problemes-de-camera-de-recul\/#primaryimage"},"image":{"@id":"https:\/\/news.canadamotorjobs.com\/fr\/ford-rappelle-422-000-vus-pour-des-problemes-de-camera-de-recul\/#primaryimage"},"thumbnailUrl":"https:\/\/news.canadamotorjobs.com\/wp-content\/uploads\/2023\/05\/485037-ford-explorer-st-line-2022-l-apparence-avant-la-performance.jpeg","datePublished":"2023-05-18T19:30:07+00:00","dateModified":"2023-05-18T19:45:05+00:00","description":"Ford rappelle 422 000 VUS pour des probl\u00e8mes de cam\u00e9ra de recul - Benoit Charette - Annuel automobile - CanadaMotorJobs.com.","breadcrumb":{"@id":"https:\/\/news.canadamotorjobs.com\/fr\/ford-rappelle-422-000-vus-pour-des-problemes-de-camera-de-recul\/#breadcrumb"},"inLanguage":"fr-CA","potentialAction":[{"@type":"ReadAction","target":["https:\/\/news.canadamotorjobs.com\/fr\/ford-rappelle-422-000-vus-pour-des-problemes-de-camera-de-recul\/"]}]},{"@type":"ImageObject","inLanguage":"fr-CA","@id":"https:\/\/news.canadamotorjobs.com\/fr\/ford-rappelle-422-000-vus-pour-des-problemes-de-camera-de-recul\/#primaryimage","url":"https:\/\/news.canadamotorjobs.com\/wp-content\/uploads\/2023\/05\/485037-ford-explorer-st-line-2022-l-apparence-avant-la-performance.jpeg","contentUrl":"https:\/\/news.canadamotorjobs.com\/wp-content\/uploads\/2023\/05\/485037-ford-explorer-st-line-2022-l-apparence-avant-la-performance.jpeg","width":1920,"height":1200},{"@type":"BreadcrumbList","@id":"https:\/\/news.canadamotorjobs.com\/fr\/ford-rappelle-422-000-vus-pour-des-problemes-de-camera-de-recul\/#breadcrumb","itemListElement":[{"@type":"ListItem","position":1,"name":"Home","item":"https:\/\/news.canadamotorjobs.com\/fr\/blog\/"},{"@type":"ListItem","position":2,"name":"Ford rappelle 422 000 VUS pour des probl\u00e8mes de cam\u00e9ra de recul"}]},{"@type":"WebSite","@id":"https:\/\/news.canadamotorjobs.com\/#website","url":"https:\/\/news.canadamotorjobs.com\/","name":"CanadaMotorJobs.com","description":"Automotive Jobs","publisher":{"@id":"https:\/\/news.canadamotorjobs.com\/#organization"},"potentialAction":[{"@type":"SearchAction","target":{"@type":"EntryPoint","urlTemplate":"https:\/\/news.canadamotorjobs.com\/?s={search_term_string}"},"query-input":"required name=search_term_string"}],"inLanguage":"fr-CA"},{"@type":"Organization","@id":"https:\/\/news.canadamotorjobs.com\/#organization","name":"Canada Motor Jobs","url":"https:\/\/news.canadamotorjobs.com\/","logo":{"@type":"ImageObject","inLanguage":"fr-CA","@id":"https:\/\/news.canadamotorjobs.com\/#\/schema\/logo\/image\/","url":"https:\/\/news.canadamotorjobs.com\/wp-content\/uploads\/2022\/10\/logo-canada-motor-jobs-1.png","contentUrl":"https:\/\/news.canadamotorjobs.com\/wp-content\/uploads\/2022\/10\/logo-canada-motor-jobs-1.png","width":800,"height":400,"caption":"Canada Motor Jobs"},"image":{"@id":"https:\/\/news.canadamotorjobs.com\/#\/schema\/logo\/image\/"},"sameAs":["https:\/\/www.facebook.com\/canadamotorjobs\/","https:\/\/x.com\/canadamotorjobs","https:\/\/www.instagram.com\/canadamotorjobs\/","https:\/\/www.linkedin.com\/company\/canadamotorjobs"]},{"@type":"Person","@id":"https:\/\/news.canadamotorjobs.com\/#\/schema\/person\/51793d1f87d44011d7bcc2ed99269a90","name":"Benoit Charette","image":{"@type":"ImageObject","inLanguage":"fr-CA","@id":"https:\/\/news.canadamotorjobs.com\/#\/schema\/person\/image\/","url":"https:\/\/secure.gravatar.com\/avatar\/45f3d2eebcccd909668d7ce7ea7267b6?s=96&d=mm&r=g","contentUrl":"https:\/\/secure.gravatar.com\/avatar\/45f3d2eebcccd909668d7ce7ea7267b6?s=96&d=mm&r=g","caption":"Benoit Charette"},"description":"Benoit Charette \/ Propri\u00e9taire et r\u00e9dacteur en chef Benoit Charette pratique le journalisme automobile depuis bient\u00f4t 30 ans. Il a fait ses classes au c\u00f4t\u00e9 de Daniel H\u00e9raud et au Carnet de route de 1992 \u00e0 2001. Il est fondateur, copropri\u00e9taire et r\u00e9dacteur en chef de L\u2019Annuel de l\u2019automobile, qu\u2019il publie depuis 2001. Il a anim\u00e9 les \u00e9missions RPM et RPM+ sur V et les L\u00e9gendes de la route sur Historia. \u00c0 la radio depuis 1986, il reprend l\u2019antenne cette ann\u00e9e sur les ondes de Cogeco et participe pour la deuxi\u00e8me ann\u00e9e \u00e0 l\u2019\u00e9mission Passion Auto sur RDS en plus de mettre en ligne le site Web officiel de L\u2019Annuel de l\u2019automobile sur annuelauto.ca.","sameAs":["https:\/\/annuelauto.ca\/"],"url":"https:\/\/news.canadamotorjobs.com\/fr\/author\/benoit-charette\/"}]}},"_links":{"self":[{"href":"https:\/\/news.canadamotorjobs.com\/fr\/wp-json\/wp\/v2\/posts\/145181"}],"collection":[{"href":"https:\/\/news.canadamotorjobs.com\/fr\/wp-json\/wp\/v2\/posts"}],"about":[{"href":"https:\/\/news.canadamotorjobs.com\/fr\/wp-json\/wp\/v2\/types\/post"}],"author":[{"embeddable":true,"href":"https:\/\/news.canadamotorjobs.com\/fr\/wp-json\/wp\/v2\/users\/8"}],"replies":[{"embeddable":true,"href":"https:\/\/news.canadamotorjobs.com\/fr\/wp-json\/wp\/v2\/comments?post=145181"}],"version-history":[{"count":2,"href":"https:\/\/news.canadamotorjobs.com\/fr\/wp-json\/wp\/v2\/posts\/145181\/revisions"}],"predecessor-version":[{"id":145185,"href":"https:\/\/news.canadamotorjobs.com\/fr\/wp-json\/wp\/v2\/posts\/145181\/revisions\/145185"}],"wp:featuredmedia":[{"embeddable":true,"href":"https:\/\/news.canadamotorjobs.com\/fr\/wp-json\/wp\/v2\/media\/145183"}],"wp:attachment":[{"href":"https:\/\/news.canadamotorjobs.com\/fr\/wp-json\/wp\/v2\/media?parent=145181"}],"wp:term":[{"taxonomy":"category","embeddable":true,"href":"https:\/\/news.canadamotorjobs.com\/fr\/wp-json\/wp\/v2\/categories?post=145181"},{"taxonomy":"post_tag","embeddable":true,"href":"https:\/\/news.canadamotorjobs.com\/fr\/wp-json\/wp\/v2\/tags?post=145181"}],"curies":[{"name":"wp","href":"https:\/\/api.w.org\/{rel}","templated":true}]}}