{"id":145154,"date":"2023-05-18T06:35:14","date_gmt":"2023-05-18T10:35:14","guid":{"rendered":"https:\/\/news.canadamotorjobs.com\/?p=145154"},"modified":"2023-05-18T06:45:16","modified_gmt":"2023-05-18T10:45:16","slug":"un-nouveau-corridor-de-bornes-de-recharge-entre-le-canada-et-les-etats-unis","status":"publish","type":"post","link":"https:\/\/news.canadamotorjobs.com\/fr\/un-nouveau-corridor-de-bornes-de-recharge-entre-le-canada-et-les-etats-unis\/","title":{"rendered":"Un nouveau corridor de bornes de recharge entre le Canada et les \u00c9tats-Unis"},"content":{"rendered":"<\/p>\n<p>Bonne nouvelle pour les propri\u00e9taires de v\u00e9hicules \u00e9lectriques qui voyagent vers les \u00c9tats-Unis. L\u2019\u00e9tat du Michigan et le gouvernement canadien et l\u2019\u00e9tat du Michigan ont conclu une entente pour un corridor de recharge qui reliera la ville de Kalamazoo, au Michigan, \u00e0 la ville de Qu\u00e9bec en passant par Toronto et Montr\u00e9al. On retrouvera ainsi des bornes de recharge tous les 80\u00a0km un peu \u00e0 la mani\u00e8re de la banni\u00e8re On Route en Ontario qui longe la 401. Cette annonce a \u00e9t\u00e9 faite par le ministre f\u00e9d\u00e9ral des Transports, Omar Alghabra, et le secr\u00e9taire am\u00e9ricain aux Transports, Pete Buttigieg et il s\u2019agit du premier corridor \u00e9lectrique entre le Canada et les \u00c9tats-Unis.<\/p>\n<h3>On veut rattraper Tesla<\/h3>\n<p>\nAvec le nombre grandissant de propri\u00e9taires de v\u00e9hicules \u00e9lectriques, la n\u00e9cessit\u00e9 de corridors comme celui-ci devient une \u00e9vidence. Jusqu\u2019\u00e0 maintenant, ce sont les propri\u00e9taires de Tesla qui sont les mieux desservis. Depuis plusieurs ann\u00e9es, il existe un corridor Montr\u00e9al-Floride tr\u00e8s populaire aupr\u00e8s des voyageurs. Ce corridor est devenu tellement populaire que l\u2019attente pour la recharge est parfois tr\u00e8s longue. Si le r\u00e9seau de recharge doit suivre la courbe des ventes, il faudra selon plusieurs \u00e9tudes multipli\u00e9es le nombre de bornes par 10. Il faudra aussi cr\u00e9er un syst\u00e8me uniforme de recharge qui r\u00e9pond aux besoins de tous. Tesla a d\u00e9j\u00e0 commenc\u00e9 \u00e0 partager ses bornes et Europe et aux \u00c9tats-Unis. Il faudra s\u2019entendre sur un syst\u00e8me de recharge universelle. Il faudra aussi s\u2019assurer du bon fonctionnement des bornes qui sont tr\u00e8s souvent en panne et d\u2019un service de qualit\u00e9. En ce moment c\u2019est un peu le Far West dans ce domaine. Il faut \u00eatre membre de certains r\u00e9seaux, la carte de cr\u00e9dit ne fonctionne pas toujours lorsque vous \u00eates aux \u00c9tats-Unis. Ces probl\u00e8mes rendent les voyageurs frileux.<\/p>\n<p>\u00a0<\/p>\n<p>Les experts estiment que, si l\u2019exp\u00e9rience des usagers est n\u00e9gative au lancement du projet, il sera difficile de les convaincre de la poursuivre par la suite.<\/p>\n<p>Avec des renseignements de Radio-Canada<\/p>\n<p>\u00a0<\/p>\n<p>Le texte <a rel=\"nofollow\" href=\"https:\/\/annuelauto.ca\/un-nouveau-corridor-de-bornes-de-recharge-entre-le-canada-et-les-etats-unis\/\">Un nouveau corridor de bornes de recharge entre le Canada et les \u00c9tats-Unis<\/a> provient de <a rel=\"nofollow\" href=\"https:\/\/annuelauto.ca\">L&#8217;annuel de l&#8217;automobile &#8211; Actualit\u00e9 automobile<\/a><\/p>\n<p><\/p>\n","protected":false},"excerpt":{"rendered":"<p>Bonne nouvelle pour les propri\u00e9taires de v\u00e9hicules \u00e9lectriques qui voyagent vers les \u00c9tats-Unis. L\u2019\u00e9tat du Michigan et le gouvernement canadien et l\u2019\u00e9tat du Michigan ont conclu une entente pour un corridor de recharge qui reliera la ville de Kalamazoo, au Michigan, \u00e0 la ville de Qu\u00e9bec en passant par Toronto et Montr\u00e9al. On retrouvera ainsi [&hellip;]<\/p>\n","protected":false},"author":8,"featured_media":145156,"comment_status":"close","ping_status":"closed","sticky":false,"template":"","format":"standard","meta":{"_monsterinsights_skip_tracking":false,"_monsterinsights_sitenote_active":false,"_monsterinsights_sitenote_note":"","_monsterinsights_sitenote_category":0,"footnotes":""},"categories":[101],"tags":[],"yoast_head":"<!-- This site is optimized with the Yoast SEO plugin v23.2 - https:\/\/yoast.com\/wordpress\/plugins\/seo\/ -->\n<title>Un nouveau corridor de bornes de recharge entre le Canada et les \u00c9tats-Unis - CanadaMotorJobs.com<\/title>\n<meta name=\"description\" content=\"Un nouveau corridor de bornes de recharge entre le Canada et les \u00c9tats-Unis - Benoit Charette - Annuel automobile - CanadaMotorJobs.com.\" \/>\n<meta name=\"robots\" content=\"index, follow, max-snippet:-1, max-image-preview:large, max-video-preview:-1\" \/>\n<meta property=\"og:locale\" content=\"fr_CA\" \/>\n<meta property=\"og:type\" content=\"article\" \/>\n<meta property=\"og:title\" content=\"Un nouveau corridor de bornes de recharge entre le Canada et les \u00c9tats-Unis - CanadaMotorJobs.com\" \/>\n<meta property=\"og:description\" content=\"Un nouveau corridor de bornes de recharge entre le Canada et les \u00c9tats-Unis - Benoit Charette - Annuel automobile - CanadaMotorJobs.com.\" \/>\n<meta property=\"og:url\" content=\"https:\/\/news.canadamotorjobs.com\/fr\/un-nouveau-corridor-de-bornes-de-recharge-entre-le-canada-et-les-etats-unis\/\" \/>\n<meta property=\"og:site_name\" content=\"CanadaMotorJobs.com\" \/>\n<meta property=\"article:publisher\" content=\"https:\/\/www.facebook.com\/canadamotorjobs\/\" \/>\n<meta property=\"article:published_time\" content=\"2023-05-18T10:35:14+00:00\" \/>\n<meta property=\"article:modified_time\" content=\"2023-05-18T10:45:16+00:00\" \/>\n<meta property=\"og:image\" content=\"https:\/\/news.canadamotorjobs.com\/wp-content\/uploads\/2023\/05\/Ivy-Charging-Networks-electric-vehicle-fast-charging-station-in-Huntsville-Ont-Photo-PlugShare.jpg\" \/>\n\t<meta property=\"og:image:width\" content=\"1607\" \/>\n\t<meta property=\"og:image:height\" content=\"1015\" \/>\n\t<meta property=\"og:image:type\" content=\"image\/jpeg\" \/>\n<meta name=\"author\" content=\"Benoit Charette\" \/>\n<meta name=\"twitter:card\" content=\"summary_large_image\" \/>\n<meta name=\"twitter:creator\" content=\"@canadamotorjobs\" \/>\n<meta name=\"twitter:site\" content=\"@canadamotorjobs\" \/>\n<meta name=\"twitter:label1\" content=\"\u00c9crit par\" \/>\n\t<meta name=\"twitter:data1\" content=\"Benoit Charette\" \/>\n\t<meta name=\"twitter:label2\" content=\"Estimation du temps de lecture\" \/>\n\t<meta name=\"twitter:data2\" content=\"2 minutes\" \/>\n<!-- \/ Yoast SEO plugin. -->","yoast_head_json":{"title":"Un nouveau corridor de bornes de recharge entre le Canada et les \u00c9tats-Unis - CanadaMotorJobs.com","description":"Un nouveau corridor de bornes de recharge entre le Canada et les \u00c9tats-Unis - Benoit Charette - Annuel automobile - CanadaMotorJobs.com.","robots":{"index":"index","follow":"follow","max-snippet":"max-snippet:-1","max-image-preview":"max-image-preview:large","max-video-preview":"max-video-preview:-1"},"og_locale":"fr_CA","og_type":"article","og_title":"Un nouveau corridor de bornes de recharge entre le Canada et les \u00c9tats-Unis - CanadaMotorJobs.com","og_description":"Un nouveau corridor de bornes de recharge entre le Canada et les \u00c9tats-Unis - Benoit Charette - Annuel automobile - CanadaMotorJobs.com.","og_url":"https:\/\/news.canadamotorjobs.com\/fr\/un-nouveau-corridor-de-bornes-de-recharge-entre-le-canada-et-les-etats-unis\/","og_site_name":"CanadaMotorJobs.com","article_publisher":"https:\/\/www.facebook.com\/canadamotorjobs\/","article_published_time":"2023-05-18T10:35:14+00:00","article_modified_time":"2023-05-18T10:45:16+00:00","og_image":[{"width":1607,"height":1015,"url":"https:\/\/news.canadamotorjobs.com\/wp-content\/uploads\/2023\/05\/Ivy-Charging-Networks-electric-vehicle-fast-charging-station-in-Huntsville-Ont-Photo-PlugShare.jpg","type":"image\/jpeg"}],"author":"Benoit Charette","twitter_card":"summary_large_image","twitter_creator":"@canadamotorjobs","twitter_site":"@canadamotorjobs","twitter_misc":{"\u00c9crit par":"Benoit Charette","Estimation du temps de lecture":"2 minutes"},"schema":{"@context":"https:\/\/schema.org","@graph":[{"@type":"Article","@id":"https:\/\/news.canadamotorjobs.com\/fr\/un-nouveau-corridor-de-bornes-de-recharge-entre-le-canada-et-les-etats-unis\/#article","isPartOf":{"@id":"https:\/\/news.canadamotorjobs.com\/fr\/un-nouveau-corridor-de-bornes-de-recharge-entre-le-canada-et-les-etats-unis\/"},"author":{"name":"Benoit Charette","@id":"https:\/\/news.canadamotorjobs.com\/#\/schema\/person\/51793d1f87d44011d7bcc2ed99269a90"},"headline":"Un nouveau corridor de bornes de recharge entre le Canada et les \u00c9tats-Unis","datePublished":"2023-05-18T10:35:14+00:00","dateModified":"2023-05-18T10:45:16+00:00","mainEntityOfPage":{"@id":"https:\/\/news.canadamotorjobs.com\/fr\/un-nouveau-corridor-de-bornes-de-recharge-entre-le-canada-et-les-etats-unis\/"},"wordCount":398,"publisher":{"@id":"https:\/\/news.canadamotorjobs.com\/#organization"},"image":{"@id":"https:\/\/news.canadamotorjobs.com\/fr\/un-nouveau-corridor-de-bornes-de-recharge-entre-le-canada-et-les-etats-unis\/#primaryimage"},"thumbnailUrl":"https:\/\/news.canadamotorjobs.com\/wp-content\/uploads\/2023\/05\/Ivy-Charging-Networks-electric-vehicle-fast-charging-station-in-Huntsville-Ont-Photo-PlugShare.jpg","articleSection":["Annuel automobile"],"inLanguage":"fr-CA"},{"@type":"WebPage","@id":"https:\/\/news.canadamotorjobs.com\/fr\/un-nouveau-corridor-de-bornes-de-recharge-entre-le-canada-et-les-etats-unis\/","url":"https:\/\/news.canadamotorjobs.com\/fr\/un-nouveau-corridor-de-bornes-de-recharge-entre-le-canada-et-les-etats-unis\/","name":"Un nouveau corridor de bornes de recharge entre le Canada et les \u00c9tats-Unis - CanadaMotorJobs.com","isPartOf":{"@id":"https:\/\/news.canadamotorjobs.com\/#website"},"primaryImageOfPage":{"@id":"https:\/\/news.canadamotorjobs.com\/fr\/un-nouveau-corridor-de-bornes-de-recharge-entre-le-canada-et-les-etats-unis\/#primaryimage"},"image":{"@id":"https:\/\/news.canadamotorjobs.com\/fr\/un-nouveau-corridor-de-bornes-de-recharge-entre-le-canada-et-les-etats-unis\/#primaryimage"},"thumbnailUrl":"https:\/\/news.canadamotorjobs.com\/wp-content\/uploads\/2023\/05\/Ivy-Charging-Networks-electric-vehicle-fast-charging-station-in-Huntsville-Ont-Photo-PlugShare.jpg","datePublished":"2023-05-18T10:35:14+00:00","dateModified":"2023-05-18T10:45:16+00:00","description":"Un nouveau corridor de bornes de recharge entre le Canada et les \u00c9tats-Unis - Benoit Charette - Annuel automobile - CanadaMotorJobs.com.","breadcrumb":{"@id":"https:\/\/news.canadamotorjobs.com\/fr\/un-nouveau-corridor-de-bornes-de-recharge-entre-le-canada-et-les-etats-unis\/#breadcrumb"},"inLanguage":"fr-CA","potentialAction":[{"@type":"ReadAction","target":["https:\/\/news.canadamotorjobs.com\/fr\/un-nouveau-corridor-de-bornes-de-recharge-entre-le-canada-et-les-etats-unis\/"]}]},{"@type":"ImageObject","inLanguage":"fr-CA","@id":"https:\/\/news.canadamotorjobs.com\/fr\/un-nouveau-corridor-de-bornes-de-recharge-entre-le-canada-et-les-etats-unis\/#primaryimage","url":"https:\/\/news.canadamotorjobs.com\/wp-content\/uploads\/2023\/05\/Ivy-Charging-Networks-electric-vehicle-fast-charging-station-in-Huntsville-Ont-Photo-PlugShare.jpg","contentUrl":"https:\/\/news.canadamotorjobs.com\/wp-content\/uploads\/2023\/05\/Ivy-Charging-Networks-electric-vehicle-fast-charging-station-in-Huntsville-Ont-Photo-PlugShare.jpg","width":1607,"height":1015},{"@type":"BreadcrumbList","@id":"https:\/\/news.canadamotorjobs.com\/fr\/un-nouveau-corridor-de-bornes-de-recharge-entre-le-canada-et-les-etats-unis\/#breadcrumb","itemListElement":[{"@type":"ListItem","position":1,"name":"Home","item":"https:\/\/news.canadamotorjobs.com\/fr\/blog\/"},{"@type":"ListItem","position":2,"name":"Un nouveau corridor de bornes de recharge entre le Canada et les \u00c9tats-Unis"}]},{"@type":"WebSite","@id":"https:\/\/news.canadamotorjobs.com\/#website","url":"https:\/\/news.canadamotorjobs.com\/","name":"CanadaMotorJobs.com","description":"Automotive Jobs","publisher":{"@id":"https:\/\/news.canadamotorjobs.com\/#organization"},"potentialAction":[{"@type":"SearchAction","target":{"@type":"EntryPoint","urlTemplate":"https:\/\/news.canadamotorjobs.com\/?s={search_term_string}"},"query-input":"required name=search_term_string"}],"inLanguage":"fr-CA"},{"@type":"Organization","@id":"https:\/\/news.canadamotorjobs.com\/#organization","name":"Canada Motor Jobs","url":"https:\/\/news.canadamotorjobs.com\/","logo":{"@type":"ImageObject","inLanguage":"fr-CA","@id":"https:\/\/news.canadamotorjobs.com\/#\/schema\/logo\/image\/","url":"https:\/\/news.canadamotorjobs.com\/wp-content\/uploads\/2022\/10\/logo-canada-motor-jobs-1.png","contentUrl":"https:\/\/news.canadamotorjobs.com\/wp-content\/uploads\/2022\/10\/logo-canada-motor-jobs-1.png","width":800,"height":400,"caption":"Canada Motor Jobs"},"image":{"@id":"https:\/\/news.canadamotorjobs.com\/#\/schema\/logo\/image\/"},"sameAs":["https:\/\/www.facebook.com\/canadamotorjobs\/","https:\/\/x.com\/canadamotorjobs","https:\/\/www.instagram.com\/canadamotorjobs\/","https:\/\/www.linkedin.com\/company\/canadamotorjobs"]},{"@type":"Person","@id":"https:\/\/news.canadamotorjobs.com\/#\/schema\/person\/51793d1f87d44011d7bcc2ed99269a90","name":"Benoit Charette","image":{"@type":"ImageObject","inLanguage":"fr-CA","@id":"https:\/\/news.canadamotorjobs.com\/#\/schema\/person\/image\/","url":"https:\/\/secure.gravatar.com\/avatar\/45f3d2eebcccd909668d7ce7ea7267b6?s=96&d=mm&r=g","contentUrl":"https:\/\/secure.gravatar.com\/avatar\/45f3d2eebcccd909668d7ce7ea7267b6?s=96&d=mm&r=g","caption":"Benoit Charette"},"description":"Benoit Charette \/ Propri\u00e9taire et r\u00e9dacteur en chef Benoit Charette pratique le journalisme automobile depuis bient\u00f4t 30 ans. Il a fait ses classes au c\u00f4t\u00e9 de Daniel H\u00e9raud et au Carnet de route de 1992 \u00e0 2001. Il est fondateur, copropri\u00e9taire et r\u00e9dacteur en chef de L\u2019Annuel de l\u2019automobile, qu\u2019il publie depuis 2001. Il a anim\u00e9 les \u00e9missions RPM et RPM+ sur V et les L\u00e9gendes de la route sur Historia. \u00c0 la radio depuis 1986, il reprend l\u2019antenne cette ann\u00e9e sur les ondes de Cogeco et participe pour la deuxi\u00e8me ann\u00e9e \u00e0 l\u2019\u00e9mission Passion Auto sur RDS en plus de mettre en ligne le site Web officiel de L\u2019Annuel de l\u2019automobile sur annuelauto.ca.","sameAs":["https:\/\/annuelauto.ca\/"],"url":"https:\/\/news.canadamotorjobs.com\/fr\/author\/benoit-charette\/"}]}},"_links":{"self":[{"href":"https:\/\/news.canadamotorjobs.com\/fr\/wp-json\/wp\/v2\/posts\/145154"}],"collection":[{"href":"https:\/\/news.canadamotorjobs.com\/fr\/wp-json\/wp\/v2\/posts"}],"about":[{"href":"https:\/\/news.canadamotorjobs.com\/fr\/wp-json\/wp\/v2\/types\/post"}],"author":[{"embeddable":true,"href":"https:\/\/news.canadamotorjobs.com\/fr\/wp-json\/wp\/v2\/users\/8"}],"replies":[{"embeddable":true,"href":"https:\/\/news.canadamotorjobs.com\/fr\/wp-json\/wp\/v2\/comments?post=145154"}],"version-history":[{"count":2,"href":"https:\/\/news.canadamotorjobs.com\/fr\/wp-json\/wp\/v2\/posts\/145154\/revisions"}],"predecessor-version":[{"id":145158,"href":"https:\/\/news.canadamotorjobs.com\/fr\/wp-json\/wp\/v2\/posts\/145154\/revisions\/145158"}],"wp:featuredmedia":[{"embeddable":true,"href":"https:\/\/news.canadamotorjobs.com\/fr\/wp-json\/wp\/v2\/media\/145156"}],"wp:attachment":[{"href":"https:\/\/news.canadamotorjobs.com\/fr\/wp-json\/wp\/v2\/media?parent=145154"}],"wp:term":[{"taxonomy":"category","embeddable":true,"href":"https:\/\/news.canadamotorjobs.com\/fr\/wp-json\/wp\/v2\/categories?post=145154"},{"taxonomy":"post_tag","embeddable":true,"href":"https:\/\/news.canadamotorjobs.com\/fr\/wp-json\/wp\/v2\/tags?post=145154"}],"curies":[{"name":"wp","href":"https:\/\/api.w.org\/{rel}","templated":true}]}}