{"id":145104,"date":"2023-05-17T13:50:51","date_gmt":"2023-05-17T17:50:51","guid":{"rendered":"https:\/\/news.canadamotorjobs.com\/?p=145104"},"modified":"2023-05-17T14:31:32","modified_gmt":"2023-05-17T18:31:32","slug":"voici-lebro-la-nouvelle-camionnette-electrique-espagnole","status":"publish","type":"post","link":"https:\/\/news.canadamotorjobs.com\/fr\/voici-lebro-la-nouvelle-camionnette-electrique-espagnole\/","title":{"rendered":"Voici l\u2019Ebro, la nouvelle camionnette \u00e9lectrique espagnole"},"content":{"rendered":"<\/p>\n<p>Les <a href=\"https:\/\/annuelauto.ca\/le-ram-1500-rev-annonce-800-km-dautonomie\/\" target=\"_blank\" rel=\"noopener noreferrer\">camionnettes \u00e9lectriques<\/a> suscitent autant d\u2019int\u00e9r\u00eat en Am\u00e9rique du Nord qu\u2019ailleurs dans le monde, m\u00eame en Espagne. Il y a quelques jours, dans le cadre du Salon de l\u2019auto de Barcelone, un consortium d\u2019entreprises a d\u00e9voil\u00e9 l\u2019Ebro en premi\u00e8re mondiale. Une nouveaut\u00e9 dont le nom r\u00e9sonne fort dans le coeur des Espagnols.<span class=\"Apple-converted-space\">\u00a0<\/span><\/p>\n<p>En 1954, la soci\u00e9t\u00e9 espagnole Motor Ib\u00e9rica se lance dans l\u2019assemblage de camions l\u00e9gers, de camions poids moyen et d\u2019autobus de divers grands constructeurs d\u2019alors (Ford\u00a0UK, Alfa\u00a0Romeo, Jeep, Viasa, etc.) produits sous licence. De ses quatre usines, dont la principale situ\u00e9e \u00e0 Barcelone, sortent des v\u00e9hicules appel\u00e9s Ebro, nom basque de l\u2019\u00c8bre, le deuxi\u00e8me fleuve le plus long du pays. Motor Ib\u00e9rica fabriquera aussi des tracteurs agricoles Massey\u00a0Ferguson et Kubota. Puis, en 1979, Nissan devient son partenaire, pour ensuite prendre le contr\u00f4le de l\u2019entreprise en 1987.<\/p>\n<h3><b>Nom connu pour un nouveau v\u00e9hicule<\/b><\/h3>\n<p>\nLe prototype de l\u2019Ebro montr\u00e9 \u00e0 Barcelone n\u2019a naturellement aucun lien avec les produits d\u2019antan, si ce n\u2019est son nom et l\u2019origine de son futur mod\u00e8le de s\u00e9rie.<span class=\"Apple-converted-space\">\u00a0<\/span><\/p>\n<p>Dot\u00e9e de quatre portes, cette camionnette sera un peu plus courte que l\u2019actuelle <a href=\"https:\/\/annuelauto.ca\/un-nouveau-nissan-frontier-pour-2022\/\" target=\"_blank\" rel=\"noopener noreferrer\">Nissan Frontier<\/a> \u00e0 caisse courte (5\u00a0218\u00a0mm contre 5\u00a0339). Elle pourra accueillir cinq occupants.<span class=\"Apple-converted-space\">\u00a0<\/span><\/p>\n<p>Gr\u00e2ce \u00e0 ses deux moteurs \u00e9lectriques, elle aura deux ou quatre roues motrices au choix du conducteur. Ces moteurs livreront 299\u00a0ch. Ils seront aliment\u00e9s par une batterie au lithium-ion de 100\u00a0kWh de <a href=\"https:\/\/annuelauto.ca\/une-batterie-deux-fois-plus-dense-et-deux-plus-legere\/\" target=\"_blank\" rel=\"noopener noreferrer\">CATL<\/a> offrant une autonomie de 440\u00a0kilom\u00e8tres, affirme le constructeur.<\/p>\n<p>Plut\u00f4t avare de renseignements sur son v\u00e9hicule, le constructeur promet n\u00e9anmoins d\u2019amorcer sa production d\u00e8s le quatri\u00e8me trimestre 2024. L\u2019Ebro sera assembl\u00e9e dans l\u2019ancienne usine Nissan dans la zone franche de Barcelone, celle-l\u00e0 m\u00eame o\u00f9 Motor\u00a0Ib\u00e9rica a produit une partie de ses v\u00e9hicules autrefois.<span class=\"Apple-converted-space\">\u00a0<\/span><\/p>\n<p>Entre 1983 et 2021, ces installations ont aussi permis \u00e0 Nissan d\u2019assembler plus de 3,3\u00a0millions de v\u00e9hicules, des autos, des utilitaires et des v\u00e9hicules commerciaux. Au moment de sa fermeture, en d\u00e9cembre 2021, l\u2019usine produisait des camionnettes Navara, un mod\u00e8le vendu en Europe qui s\u2019apparente \u00e0 notre Frontier. Le prototype \u00e9lectrique Ebro est d\u2019ailleurs bas\u00e9 sur cette camionnette. On lui a simplement greff\u00e9 une partie avant diff\u00e9rente.<\/p>\n<h3><b>Fruit du projet D-Hub<\/b><\/h3>\n<p>\nL\u2019Ebro est le fruit du projet Decarbonisation Hub (ou D-Hub) lanc\u00e9 en 2021 par l\u2019\u00e9quipementier espagnol QEV\u00a0Technologies, un sp\u00e9cialiste de l\u2019\u00e9lectrification des v\u00e9hicules. Ce projet implique une dizaine d\u2019entreprises principalement europ\u00e9ennes, notamment Btech (Barcelona Technical Center) qui sera responsable du d\u00e9veloppement et de la production de l\u2019Ebro.<\/p>\n<p>Le d\u00e9marrage des activit\u00e9s de la nouvelle marque vise \u00e0 ranimer l\u2019ancienne usine Nissan en permettant l&#8217;embauche d&#8217;environ 1\u00a0200 de ses anciens travailleurs. Le consortium, qui utilisera le tiers des installations, esp\u00e8re y produire 60\u00a0000\u00a0v\u00e9hicules par ann\u00e9e d\u2019ici 2026. En marge des camionnettes Ebro, QEV y assemblera des fourgons \u00e9lectriques vendus sous la marque Zeroid (des clones de mod\u00e8les chinois).<\/p>\n<p>\u00ab\u00a0C&#8217;est un moment historique pour nous et pour le secteur automobile en Espagne et en Catalogne\u00a0\u00bb, a dit Pedro Calef, pr\u00e9sident et directeur g\u00e9n\u00e9ral d\u2019Ebro au moment de d\u00e9voiler la camionnette \u00e9lectrique au salon.<span class=\"Apple-converted-space\">\u00a0<\/span><\/p>\n<p>\u00ab\u00a0Ebro a marqu\u00e9 une \u00e9poque dans notre pays, en plus de contribuer \u00e0 l&#8217;industrialisation de l&#8217;un des secteurs industriels les plus productifs\u00a0\u00bb, a-t-il ajout\u00e9 en faisant r\u00e9f\u00e9rence \u00e0 la zone franche de Barcelone.<span class=\"Apple-converted-space\">\u00a0<\/span><\/p>\n<p>\u00ab\u00a0Des initiatives comme la n\u00f4tre permettront \u00e0 la zone franche de reprendre sa vivacit\u00e9. Nous avons un projet passionnant qui g\u00e9n\u00e9rera des emplois pour produire des v\u00e9hicules industriels \u00e9lectriques contribuant de plus \u00e0 la mobilit\u00e9 durable dans le secteur professionnel\u00a0\u00bb, a conclu le PDG.<\/p>\n<p>Rappelons que le Salon de l\u2019auto de Barcelone est pr\u00e9sent\u00e9 au hall Montju\u00efc du centre de foires Fira de Barcelona jusqu\u2019au 21\u00a0mai.<\/p>\n<p><i>Photos : Ebro et Fira de Barcelona<\/i><\/p>\n<p>Le texte <a rel=\"nofollow\" href=\"https:\/\/annuelauto.ca\/voici-lebro-la-nouvelle-camionnette-electrique-espagnole\/\">Voici l\u2019Ebro, la nouvelle camionnette \u00e9lectrique espagnole<\/a> provient de <a rel=\"nofollow\" href=\"https:\/\/annuelauto.ca\">L&#8217;annuel de l&#8217;automobile &#8211; Actualit\u00e9 automobile<\/a><\/p>\n<p><\/p>\n","protected":false},"excerpt":{"rendered":"<p>Les camionnettes \u00e9lectriques suscitent autant d\u2019int\u00e9r\u00eat en Am\u00e9rique du Nord qu\u2019ailleurs dans le monde, m\u00eame en Espagne. Il y a quelques jours, dans le cadre du Salon de l\u2019auto de Barcelone, un consortium d\u2019entreprises a d\u00e9voil\u00e9 l\u2019Ebro en premi\u00e8re mondiale. Une nouveaut\u00e9 dont le nom r\u00e9sonne fort dans le coeur des Espagnols.\u00a0 En 1954, la [&hellip;]<\/p>\n","protected":false},"author":8,"featured_media":145106,"comment_status":"close","ping_status":"closed","sticky":false,"template":"","format":"standard","meta":{"_monsterinsights_skip_tracking":false,"_monsterinsights_sitenote_active":false,"_monsterinsights_sitenote_note":"","_monsterinsights_sitenote_category":0,"footnotes":""},"categories":[101],"tags":[],"yoast_head":"<!-- This site is optimized with the Yoast SEO plugin v23.2 - https:\/\/yoast.com\/wordpress\/plugins\/seo\/ -->\n<title>Voici l\u2019Ebro, la nouvelle camionnette \u00e9lectrique espagnole - CanadaMotorJobs.com<\/title>\n<meta name=\"description\" content=\"Voici l\u2019Ebro, la nouvelle camionnette \u00e9lectrique espagnole - Benoit Charette - Annuel automobile - CanadaMotorJobs.com.\" \/>\n<meta name=\"robots\" content=\"index, follow, max-snippet:-1, max-image-preview:large, max-video-preview:-1\" \/>\n<meta property=\"og:locale\" content=\"fr_CA\" \/>\n<meta property=\"og:type\" content=\"article\" \/>\n<meta property=\"og:title\" content=\"Voici l\u2019Ebro, la nouvelle camionnette \u00e9lectrique espagnole - CanadaMotorJobs.com\" \/>\n<meta property=\"og:description\" content=\"Voici l\u2019Ebro, la nouvelle camionnette \u00e9lectrique espagnole - Benoit Charette - Annuel automobile - CanadaMotorJobs.com.\" \/>\n<meta property=\"og:url\" content=\"https:\/\/news.canadamotorjobs.com\/fr\/voici-lebro-la-nouvelle-camionnette-electrique-espagnole\/\" \/>\n<meta property=\"og:site_name\" content=\"CanadaMotorJobs.com\" \/>\n<meta property=\"article:publisher\" content=\"https:\/\/www.facebook.com\/canadamotorjobs\/\" \/>\n<meta property=\"article:published_time\" content=\"2023-05-17T17:50:51+00:00\" \/>\n<meta property=\"article:modified_time\" content=\"2023-05-17T18:31:32+00:00\" \/>\n<meta property=\"og:image\" content=\"https:\/\/news.canadamotorjobs.com\/wp-content\/uploads\/2023\/05\/Ebro-2024-7.jpg\" \/>\n\t<meta property=\"og:image:width\" content=\"1500\" \/>\n\t<meta property=\"og:image:height\" content=\"1000\" \/>\n\t<meta property=\"og:image:type\" content=\"image\/jpeg\" \/>\n<meta name=\"author\" content=\"Benoit Charette\" \/>\n<meta name=\"twitter:card\" content=\"summary_large_image\" \/>\n<meta name=\"twitter:creator\" content=\"@canadamotorjobs\" \/>\n<meta name=\"twitter:site\" content=\"@canadamotorjobs\" \/>\n<meta name=\"twitter:label1\" content=\"\u00c9crit par\" \/>\n\t<meta name=\"twitter:data1\" content=\"Benoit Charette\" \/>\n\t<meta name=\"twitter:label2\" content=\"Estimation du temps de lecture\" \/>\n\t<meta name=\"twitter:data2\" content=\"3 minutes\" \/>\n<!-- \/ Yoast SEO plugin. -->","yoast_head_json":{"title":"Voici l\u2019Ebro, la nouvelle camionnette \u00e9lectrique espagnole - CanadaMotorJobs.com","description":"Voici l\u2019Ebro, la nouvelle camionnette \u00e9lectrique espagnole - Benoit Charette - Annuel automobile - CanadaMotorJobs.com.","robots":{"index":"index","follow":"follow","max-snippet":"max-snippet:-1","max-image-preview":"max-image-preview:large","max-video-preview":"max-video-preview:-1"},"og_locale":"fr_CA","og_type":"article","og_title":"Voici l\u2019Ebro, la nouvelle camionnette \u00e9lectrique espagnole - CanadaMotorJobs.com","og_description":"Voici l\u2019Ebro, la nouvelle camionnette \u00e9lectrique espagnole - Benoit Charette - Annuel automobile - CanadaMotorJobs.com.","og_url":"https:\/\/news.canadamotorjobs.com\/fr\/voici-lebro-la-nouvelle-camionnette-electrique-espagnole\/","og_site_name":"CanadaMotorJobs.com","article_publisher":"https:\/\/www.facebook.com\/canadamotorjobs\/","article_published_time":"2023-05-17T17:50:51+00:00","article_modified_time":"2023-05-17T18:31:32+00:00","og_image":[{"width":1500,"height":1000,"url":"https:\/\/news.canadamotorjobs.com\/wp-content\/uploads\/2023\/05\/Ebro-2024-7.jpg","type":"image\/jpeg"}],"author":"Benoit Charette","twitter_card":"summary_large_image","twitter_creator":"@canadamotorjobs","twitter_site":"@canadamotorjobs","twitter_misc":{"\u00c9crit par":"Benoit Charette","Estimation du temps de lecture":"3 minutes"},"schema":{"@context":"https:\/\/schema.org","@graph":[{"@type":"Article","@id":"https:\/\/news.canadamotorjobs.com\/fr\/voici-lebro-la-nouvelle-camionnette-electrique-espagnole\/#article","isPartOf":{"@id":"https:\/\/news.canadamotorjobs.com\/fr\/voici-lebro-la-nouvelle-camionnette-electrique-espagnole\/"},"author":{"name":"Benoit Charette","@id":"https:\/\/news.canadamotorjobs.com\/#\/schema\/person\/51793d1f87d44011d7bcc2ed99269a90"},"headline":"Voici l\u2019Ebro, la nouvelle camionnette \u00e9lectrique espagnole","datePublished":"2023-05-17T17:50:51+00:00","dateModified":"2023-05-17T18:31:32+00:00","mainEntityOfPage":{"@id":"https:\/\/news.canadamotorjobs.com\/fr\/voici-lebro-la-nouvelle-camionnette-electrique-espagnole\/"},"wordCount":708,"publisher":{"@id":"https:\/\/news.canadamotorjobs.com\/#organization"},"image":{"@id":"https:\/\/news.canadamotorjobs.com\/fr\/voici-lebro-la-nouvelle-camionnette-electrique-espagnole\/#primaryimage"},"thumbnailUrl":"https:\/\/news.canadamotorjobs.com\/wp-content\/uploads\/2023\/05\/Ebro-2024-7.jpg","articleSection":["Annuel automobile"],"inLanguage":"fr-CA"},{"@type":"WebPage","@id":"https:\/\/news.canadamotorjobs.com\/fr\/voici-lebro-la-nouvelle-camionnette-electrique-espagnole\/","url":"https:\/\/news.canadamotorjobs.com\/fr\/voici-lebro-la-nouvelle-camionnette-electrique-espagnole\/","name":"Voici l\u2019Ebro, la nouvelle camionnette \u00e9lectrique espagnole - CanadaMotorJobs.com","isPartOf":{"@id":"https:\/\/news.canadamotorjobs.com\/#website"},"primaryImageOfPage":{"@id":"https:\/\/news.canadamotorjobs.com\/fr\/voici-lebro-la-nouvelle-camionnette-electrique-espagnole\/#primaryimage"},"image":{"@id":"https:\/\/news.canadamotorjobs.com\/fr\/voici-lebro-la-nouvelle-camionnette-electrique-espagnole\/#primaryimage"},"thumbnailUrl":"https:\/\/news.canadamotorjobs.com\/wp-content\/uploads\/2023\/05\/Ebro-2024-7.jpg","datePublished":"2023-05-17T17:50:51+00:00","dateModified":"2023-05-17T18:31:32+00:00","description":"Voici l\u2019Ebro, la nouvelle camionnette \u00e9lectrique espagnole - Benoit Charette - Annuel automobile - CanadaMotorJobs.com.","breadcrumb":{"@id":"https:\/\/news.canadamotorjobs.com\/fr\/voici-lebro-la-nouvelle-camionnette-electrique-espagnole\/#breadcrumb"},"inLanguage":"fr-CA","potentialAction":[{"@type":"ReadAction","target":["https:\/\/news.canadamotorjobs.com\/fr\/voici-lebro-la-nouvelle-camionnette-electrique-espagnole\/"]}]},{"@type":"ImageObject","inLanguage":"fr-CA","@id":"https:\/\/news.canadamotorjobs.com\/fr\/voici-lebro-la-nouvelle-camionnette-electrique-espagnole\/#primaryimage","url":"https:\/\/news.canadamotorjobs.com\/wp-content\/uploads\/2023\/05\/Ebro-2024-7.jpg","contentUrl":"https:\/\/news.canadamotorjobs.com\/wp-content\/uploads\/2023\/05\/Ebro-2024-7.jpg","width":1500,"height":1000},{"@type":"BreadcrumbList","@id":"https:\/\/news.canadamotorjobs.com\/fr\/voici-lebro-la-nouvelle-camionnette-electrique-espagnole\/#breadcrumb","itemListElement":[{"@type":"ListItem","position":1,"name":"Home","item":"https:\/\/news.canadamotorjobs.com\/fr\/blog\/"},{"@type":"ListItem","position":2,"name":"Voici l\u2019Ebro, la nouvelle camionnette \u00e9lectrique espagnole"}]},{"@type":"WebSite","@id":"https:\/\/news.canadamotorjobs.com\/#website","url":"https:\/\/news.canadamotorjobs.com\/","name":"CanadaMotorJobs.com","description":"Automotive Jobs","publisher":{"@id":"https:\/\/news.canadamotorjobs.com\/#organization"},"potentialAction":[{"@type":"SearchAction","target":{"@type":"EntryPoint","urlTemplate":"https:\/\/news.canadamotorjobs.com\/?s={search_term_string}"},"query-input":"required name=search_term_string"}],"inLanguage":"fr-CA"},{"@type":"Organization","@id":"https:\/\/news.canadamotorjobs.com\/#organization","name":"Canada Motor Jobs","url":"https:\/\/news.canadamotorjobs.com\/","logo":{"@type":"ImageObject","inLanguage":"fr-CA","@id":"https:\/\/news.canadamotorjobs.com\/#\/schema\/logo\/image\/","url":"https:\/\/news.canadamotorjobs.com\/wp-content\/uploads\/2022\/10\/logo-canada-motor-jobs-1.png","contentUrl":"https:\/\/news.canadamotorjobs.com\/wp-content\/uploads\/2022\/10\/logo-canada-motor-jobs-1.png","width":800,"height":400,"caption":"Canada Motor Jobs"},"image":{"@id":"https:\/\/news.canadamotorjobs.com\/#\/schema\/logo\/image\/"},"sameAs":["https:\/\/www.facebook.com\/canadamotorjobs\/","https:\/\/x.com\/canadamotorjobs","https:\/\/www.instagram.com\/canadamotorjobs\/","https:\/\/www.linkedin.com\/company\/canadamotorjobs"]},{"@type":"Person","@id":"https:\/\/news.canadamotorjobs.com\/#\/schema\/person\/51793d1f87d44011d7bcc2ed99269a90","name":"Benoit Charette","image":{"@type":"ImageObject","inLanguage":"fr-CA","@id":"https:\/\/news.canadamotorjobs.com\/#\/schema\/person\/image\/","url":"https:\/\/secure.gravatar.com\/avatar\/45f3d2eebcccd909668d7ce7ea7267b6?s=96&d=mm&r=g","contentUrl":"https:\/\/secure.gravatar.com\/avatar\/45f3d2eebcccd909668d7ce7ea7267b6?s=96&d=mm&r=g","caption":"Benoit Charette"},"description":"Benoit Charette \/ Propri\u00e9taire et r\u00e9dacteur en chef Benoit Charette pratique le journalisme automobile depuis bient\u00f4t 30 ans. Il a fait ses classes au c\u00f4t\u00e9 de Daniel H\u00e9raud et au Carnet de route de 1992 \u00e0 2001. Il est fondateur, copropri\u00e9taire et r\u00e9dacteur en chef de L\u2019Annuel de l\u2019automobile, qu\u2019il publie depuis 2001. Il a anim\u00e9 les \u00e9missions RPM et RPM+ sur V et les L\u00e9gendes de la route sur Historia. \u00c0 la radio depuis 1986, il reprend l\u2019antenne cette ann\u00e9e sur les ondes de Cogeco et participe pour la deuxi\u00e8me ann\u00e9e \u00e0 l\u2019\u00e9mission Passion Auto sur RDS en plus de mettre en ligne le site Web officiel de L\u2019Annuel de l\u2019automobile sur annuelauto.ca.","sameAs":["https:\/\/annuelauto.ca\/"],"url":"https:\/\/news.canadamotorjobs.com\/fr\/author\/benoit-charette\/"}]}},"_links":{"self":[{"href":"https:\/\/news.canadamotorjobs.com\/fr\/wp-json\/wp\/v2\/posts\/145104"}],"collection":[{"href":"https:\/\/news.canadamotorjobs.com\/fr\/wp-json\/wp\/v2\/posts"}],"about":[{"href":"https:\/\/news.canadamotorjobs.com\/fr\/wp-json\/wp\/v2\/types\/post"}],"author":[{"embeddable":true,"href":"https:\/\/news.canadamotorjobs.com\/fr\/wp-json\/wp\/v2\/users\/8"}],"replies":[{"embeddable":true,"href":"https:\/\/news.canadamotorjobs.com\/fr\/wp-json\/wp\/v2\/comments?post=145104"}],"version-history":[{"count":2,"href":"https:\/\/news.canadamotorjobs.com\/fr\/wp-json\/wp\/v2\/posts\/145104\/revisions"}],"predecessor-version":[{"id":145108,"href":"https:\/\/news.canadamotorjobs.com\/fr\/wp-json\/wp\/v2\/posts\/145104\/revisions\/145108"}],"wp:featuredmedia":[{"embeddable":true,"href":"https:\/\/news.canadamotorjobs.com\/fr\/wp-json\/wp\/v2\/media\/145106"}],"wp:attachment":[{"href":"https:\/\/news.canadamotorjobs.com\/fr\/wp-json\/wp\/v2\/media?parent=145104"}],"wp:term":[{"taxonomy":"category","embeddable":true,"href":"https:\/\/news.canadamotorjobs.com\/fr\/wp-json\/wp\/v2\/categories?post=145104"},{"taxonomy":"post_tag","embeddable":true,"href":"https:\/\/news.canadamotorjobs.com\/fr\/wp-json\/wp\/v2\/tags?post=145104"}],"curies":[{"name":"wp","href":"https:\/\/api.w.org\/{rel}","templated":true}]}}