{"id":145058,"date":"2023-05-17T04:58:02","date_gmt":"2023-05-17T08:58:02","guid":{"rendered":"https:\/\/news.canadamotorjobs.com\/?p=145058"},"modified":"2023-05-17T05:00:42","modified_gmt":"2023-05-17T09:00:42","slug":"jeep-conseille-aux-proprietaires-de-cherokee-de-se-garer-a-lexterieur-en-raison-du-risque-dincendie","status":"publish","type":"post","link":"https:\/\/news.canadamotorjobs.com\/fr\/jeep-conseille-aux-proprietaires-de-cherokee-de-se-garer-a-lexterieur-en-raison-du-risque-dincendie\/","title":{"rendered":"Jeep conseille aux propri\u00e9taires de Cherokee de se garer \u00e0 l\u2019ext\u00e9rieur en raison du risque d\u2019incendie"},"content":{"rendered":"<\/p>\n<p>Jeep a lanc\u00e9 un rappel de certains Cherokees des ann\u00e9es mod\u00e8les 2014-2016. Ces v\u00e9hicules pourraient d\u00e9velopper un court-circuit \u00e9lectrique dans le module de hayon qui augmente le risque de formation d&#8217;un incendie, que le v\u00e9hicule soit en marche ou \u00e0 l&#8217;arr\u00eat.<\/p>\n<h3>Une enqu\u00eate lanc\u00e9e en janvier<\/h3>\n<p>\nLe constructeur automobile a lanc\u00e9 une enqu\u00eate sur ce probl\u00e8me le 5 janvier 2023, \u00e0 la suite de ce qu&#8217;il d\u00e9crit comme &#8220;une tendance croissante des incendies dans le compartiment \u00e0 bagages&#8221;. En analysant les sch\u00e9mas d&#8217;incendie, les d\u00e9clarations des t\u00e9moins, l&#8217;historique des v\u00e9hicules et en rencontrant des ing\u00e9nieurs, il a d\u00e9termin\u00e9 que les incendies \u00e9taient dus \u00e0 un court-circuit \u00e9lectrique dans le module de hayon \u00e9lectrique de 132\u00a0099 Cherokee, aux \u00c9tats-Unis seulement. Le nombre de v\u00e9hicules touch\u00e9s au Canada reste encore \u00e0 d\u00e9terminer.<\/p>\n<h3>On ne conna\u00eet pas l\u2019origine du probl\u00e8me<\/h3>\n<p>\nLes modules sont fabriqu\u00e9s par Flextronics International Ltd. \u00e0 Farmington Hills, dans le Michigan, mais les documents d\u00e9pos\u00e9s aupr\u00e8s de la National Highway Traffic Safety Administration n&#8217;indiquent pas clairement ce qui est \u00e0 l&#8217;origine du court-circuit. Toutefois, Jeep a connaissance de 50 dossiers d&#8217;assistance \u00e0 la client\u00e8le, de 23 r\u00e9clamations au titre de la garantie et de 21 rapports d&#8217;incidents sur le terrain qui sont potentiellement li\u00e9s au d\u00e9faut. Heureusement, le constructeur automobile n&#8217;a connaissance d&#8217;aucune blessure ni d&#8217;aucun accident li\u00e9 \u00e0 ce probl\u00e8me.<\/p>\n<h3>Un rappel pour la fin juin<\/h3>\n<p>\nJeep lance une campagne de rappel, car un incendie augmente le risque de blessure. Bien que le constructeur automobile ait l&#8217;intention de commencer \u00e0 contacter les propri\u00e9taires avec un plan d&#8217;action le 30 juin, il n&#8217;a pas encore mis au point de solution \u00e0 ce probl\u00e8me. En attendant de trouver une solution au court-circuit \u00e9lectrique, Jeep conseille aux propri\u00e9taires de Cherokees de l&#8217;ann\u00e9e mod\u00e8le 2014-2016 \u00e9quip\u00e9s d&#8217;un hayon \u00e9lectrique de garer leur v\u00e9hicule \u00e0 l&#8217;ext\u00e9rieur et \u00e0 l&#8217;\u00e9cart des structures, afin d&#8217;\u00e9viter qu&#8217;un incendie potentiel ne se propage \u00e0 un b\u00e2timent inflammable. Une fois le rem\u00e8de mis au point, il sera appliqu\u00e9 gratuitement et toute personne ayant pay\u00e9 pour r\u00e9parer son propre v\u00e9hicule pourra \u00eatre rembours\u00e9e.<\/p>\n<p>\u00a0<\/p>\n<p>Avec des renseignements de Carscoops<\/p>\n<p>\u00a0<\/p>\n<p>Le texte <a rel=\"nofollow\" href=\"https:\/\/annuelauto.ca\/jeep-conseille-aux-proprietaires-de-cherokee-de-se-garer-a-lexterieur-en-raison-du-risque-dincendie\/\">Jeep conseille aux propri\u00e9taires de Cherokee de se garer \u00e0 l\u2019ext\u00e9rieur en raison du risque d\u2019incendie<\/a> provient de <a rel=\"nofollow\" href=\"https:\/\/annuelauto.ca\">L&#8217;annuel de l&#8217;automobile &#8211; Actualit\u00e9 automobile<\/a><\/p>\n<p><\/p>\n","protected":false},"excerpt":{"rendered":"<p>Jeep a lanc\u00e9 un rappel de certains Cherokees des ann\u00e9es mod\u00e8les 2014-2016. Ces v\u00e9hicules pourraient d\u00e9velopper un court-circuit \u00e9lectrique dans le module de hayon qui augmente le risque de formation d&#8217;un incendie, que le v\u00e9hicule soit en marche ou \u00e0 l&#8217;arr\u00eat. Une enqu\u00eate lanc\u00e9e en janvier Le constructeur automobile a lanc\u00e9 une enqu\u00eate sur ce [&hellip;]<\/p>\n","protected":false},"author":8,"featured_media":145060,"comment_status":"close","ping_status":"closed","sticky":false,"template":"","format":"standard","meta":{"_monsterinsights_skip_tracking":false,"_monsterinsights_sitenote_active":false,"_monsterinsights_sitenote_note":"","_monsterinsights_sitenote_category":0,"footnotes":""},"categories":[101],"tags":[],"yoast_head":"<!-- This site is optimized with the Yoast SEO plugin v23.2 - https:\/\/yoast.com\/wordpress\/plugins\/seo\/ -->\n<title>Jeep conseille aux propri\u00e9taires de Cherokee de se garer \u00e0 l\u2019ext\u00e9rieur en raison du risque d\u2019incendie - CanadaMotorJobs.com<\/title>\n<meta name=\"description\" content=\"Jeep conseille aux propri\u00e9taires de Cherokee de se garer \u00e0 l\u2019ext\u00e9rieur en raison du risque d\u2019incendie - Benoit Charette - Annuel automobile - CanadaMotorJobs.com.\" \/>\n<meta name=\"robots\" content=\"index, follow, max-snippet:-1, max-image-preview:large, max-video-preview:-1\" \/>\n<meta property=\"og:locale\" content=\"fr_CA\" \/>\n<meta property=\"og:type\" content=\"article\" \/>\n<meta property=\"og:title\" content=\"Jeep conseille aux propri\u00e9taires de Cherokee de se garer \u00e0 l\u2019ext\u00e9rieur en raison du risque d\u2019incendie - CanadaMotorJobs.com\" \/>\n<meta property=\"og:description\" content=\"Jeep conseille aux propri\u00e9taires de Cherokee de se garer \u00e0 l\u2019ext\u00e9rieur en raison du risque d\u2019incendie - Benoit Charette - Annuel automobile - CanadaMotorJobs.com.\" \/>\n<meta property=\"og:url\" content=\"https:\/\/news.canadamotorjobs.com\/fr\/jeep-conseille-aux-proprietaires-de-cherokee-de-se-garer-a-lexterieur-en-raison-du-risque-dincendie\/\" \/>\n<meta property=\"og:site_name\" content=\"CanadaMotorJobs.com\" \/>\n<meta property=\"article:publisher\" content=\"https:\/\/www.facebook.com\/canadamotorjobs\/\" \/>\n<meta property=\"article:published_time\" content=\"2023-05-17T08:58:02+00:00\" \/>\n<meta property=\"article:modified_time\" content=\"2023-05-17T09:00:42+00:00\" \/>\n<meta property=\"og:image\" content=\"https:\/\/news.canadamotorjobs.com\/wp-content\/uploads\/2023\/05\/2015-Cherokee.jpg\" \/>\n\t<meta property=\"og:image:width\" content=\"1600\" \/>\n\t<meta property=\"og:image:height\" content=\"1067\" \/>\n\t<meta property=\"og:image:type\" content=\"image\/jpeg\" \/>\n<meta name=\"author\" content=\"Benoit Charette\" \/>\n<meta name=\"twitter:card\" content=\"summary_large_image\" \/>\n<meta name=\"twitter:creator\" content=\"@canadamotorjobs\" \/>\n<meta name=\"twitter:site\" content=\"@canadamotorjobs\" \/>\n<meta name=\"twitter:label1\" content=\"\u00c9crit par\" \/>\n\t<meta name=\"twitter:data1\" content=\"Benoit Charette\" \/>\n\t<meta name=\"twitter:label2\" content=\"Estimation du temps de lecture\" \/>\n\t<meta name=\"twitter:data2\" content=\"2 minutes\" \/>\n<!-- \/ Yoast SEO plugin. -->","yoast_head_json":{"title":"Jeep conseille aux propri\u00e9taires de Cherokee de se garer \u00e0 l\u2019ext\u00e9rieur en raison du risque d\u2019incendie - CanadaMotorJobs.com","description":"Jeep conseille aux propri\u00e9taires de Cherokee de se garer \u00e0 l\u2019ext\u00e9rieur en raison du risque d\u2019incendie - Benoit Charette - Annuel automobile - CanadaMotorJobs.com.","robots":{"index":"index","follow":"follow","max-snippet":"max-snippet:-1","max-image-preview":"max-image-preview:large","max-video-preview":"max-video-preview:-1"},"og_locale":"fr_CA","og_type":"article","og_title":"Jeep conseille aux propri\u00e9taires de Cherokee de se garer \u00e0 l\u2019ext\u00e9rieur en raison du risque d\u2019incendie - CanadaMotorJobs.com","og_description":"Jeep conseille aux propri\u00e9taires de Cherokee de se garer \u00e0 l\u2019ext\u00e9rieur en raison du risque d\u2019incendie - Benoit Charette - Annuel automobile - CanadaMotorJobs.com.","og_url":"https:\/\/news.canadamotorjobs.com\/fr\/jeep-conseille-aux-proprietaires-de-cherokee-de-se-garer-a-lexterieur-en-raison-du-risque-dincendie\/","og_site_name":"CanadaMotorJobs.com","article_publisher":"https:\/\/www.facebook.com\/canadamotorjobs\/","article_published_time":"2023-05-17T08:58:02+00:00","article_modified_time":"2023-05-17T09:00:42+00:00","og_image":[{"width":1600,"height":1067,"url":"https:\/\/news.canadamotorjobs.com\/wp-content\/uploads\/2023\/05\/2015-Cherokee.jpg","type":"image\/jpeg"}],"author":"Benoit Charette","twitter_card":"summary_large_image","twitter_creator":"@canadamotorjobs","twitter_site":"@canadamotorjobs","twitter_misc":{"\u00c9crit par":"Benoit Charette","Estimation du temps de lecture":"2 minutes"},"schema":{"@context":"https:\/\/schema.org","@graph":[{"@type":"Article","@id":"https:\/\/news.canadamotorjobs.com\/fr\/jeep-conseille-aux-proprietaires-de-cherokee-de-se-garer-a-lexterieur-en-raison-du-risque-dincendie\/#article","isPartOf":{"@id":"https:\/\/news.canadamotorjobs.com\/fr\/jeep-conseille-aux-proprietaires-de-cherokee-de-se-garer-a-lexterieur-en-raison-du-risque-dincendie\/"},"author":{"name":"Benoit Charette","@id":"https:\/\/news.canadamotorjobs.com\/#\/schema\/person\/51793d1f87d44011d7bcc2ed99269a90"},"headline":"Jeep conseille aux propri\u00e9taires de Cherokee de se garer \u00e0 l\u2019ext\u00e9rieur en raison du risque d\u2019incendie","datePublished":"2023-05-17T08:58:02+00:00","dateModified":"2023-05-17T09:00:42+00:00","mainEntityOfPage":{"@id":"https:\/\/news.canadamotorjobs.com\/fr\/jeep-conseille-aux-proprietaires-de-cherokee-de-se-garer-a-lexterieur-en-raison-du-risque-dincendie\/"},"wordCount":443,"publisher":{"@id":"https:\/\/news.canadamotorjobs.com\/#organization"},"image":{"@id":"https:\/\/news.canadamotorjobs.com\/fr\/jeep-conseille-aux-proprietaires-de-cherokee-de-se-garer-a-lexterieur-en-raison-du-risque-dincendie\/#primaryimage"},"thumbnailUrl":"https:\/\/news.canadamotorjobs.com\/wp-content\/uploads\/2023\/05\/2015-Cherokee.jpg","articleSection":["Annuel automobile"],"inLanguage":"fr-CA"},{"@type":"WebPage","@id":"https:\/\/news.canadamotorjobs.com\/fr\/jeep-conseille-aux-proprietaires-de-cherokee-de-se-garer-a-lexterieur-en-raison-du-risque-dincendie\/","url":"https:\/\/news.canadamotorjobs.com\/fr\/jeep-conseille-aux-proprietaires-de-cherokee-de-se-garer-a-lexterieur-en-raison-du-risque-dincendie\/","name":"Jeep conseille aux propri\u00e9taires de Cherokee de se garer \u00e0 l\u2019ext\u00e9rieur en raison du risque d\u2019incendie - CanadaMotorJobs.com","isPartOf":{"@id":"https:\/\/news.canadamotorjobs.com\/#website"},"primaryImageOfPage":{"@id":"https:\/\/news.canadamotorjobs.com\/fr\/jeep-conseille-aux-proprietaires-de-cherokee-de-se-garer-a-lexterieur-en-raison-du-risque-dincendie\/#primaryimage"},"image":{"@id":"https:\/\/news.canadamotorjobs.com\/fr\/jeep-conseille-aux-proprietaires-de-cherokee-de-se-garer-a-lexterieur-en-raison-du-risque-dincendie\/#primaryimage"},"thumbnailUrl":"https:\/\/news.canadamotorjobs.com\/wp-content\/uploads\/2023\/05\/2015-Cherokee.jpg","datePublished":"2023-05-17T08:58:02+00:00","dateModified":"2023-05-17T09:00:42+00:00","description":"Jeep conseille aux propri\u00e9taires de Cherokee de se garer \u00e0 l\u2019ext\u00e9rieur en raison du risque d\u2019incendie - Benoit Charette - Annuel automobile - CanadaMotorJobs.com.","breadcrumb":{"@id":"https:\/\/news.canadamotorjobs.com\/fr\/jeep-conseille-aux-proprietaires-de-cherokee-de-se-garer-a-lexterieur-en-raison-du-risque-dincendie\/#breadcrumb"},"inLanguage":"fr-CA","potentialAction":[{"@type":"ReadAction","target":["https:\/\/news.canadamotorjobs.com\/fr\/jeep-conseille-aux-proprietaires-de-cherokee-de-se-garer-a-lexterieur-en-raison-du-risque-dincendie\/"]}]},{"@type":"ImageObject","inLanguage":"fr-CA","@id":"https:\/\/news.canadamotorjobs.com\/fr\/jeep-conseille-aux-proprietaires-de-cherokee-de-se-garer-a-lexterieur-en-raison-du-risque-dincendie\/#primaryimage","url":"https:\/\/news.canadamotorjobs.com\/wp-content\/uploads\/2023\/05\/2015-Cherokee.jpg","contentUrl":"https:\/\/news.canadamotorjobs.com\/wp-content\/uploads\/2023\/05\/2015-Cherokee.jpg","width":1600,"height":1067},{"@type":"BreadcrumbList","@id":"https:\/\/news.canadamotorjobs.com\/fr\/jeep-conseille-aux-proprietaires-de-cherokee-de-se-garer-a-lexterieur-en-raison-du-risque-dincendie\/#breadcrumb","itemListElement":[{"@type":"ListItem","position":1,"name":"Home","item":"https:\/\/news.canadamotorjobs.com\/fr\/blog\/"},{"@type":"ListItem","position":2,"name":"Jeep conseille aux propri\u00e9taires de Cherokee de se garer \u00e0 l\u2019ext\u00e9rieur en raison du risque d\u2019incendie"}]},{"@type":"WebSite","@id":"https:\/\/news.canadamotorjobs.com\/#website","url":"https:\/\/news.canadamotorjobs.com\/","name":"CanadaMotorJobs.com","description":"Automotive Jobs","publisher":{"@id":"https:\/\/news.canadamotorjobs.com\/#organization"},"potentialAction":[{"@type":"SearchAction","target":{"@type":"EntryPoint","urlTemplate":"https:\/\/news.canadamotorjobs.com\/?s={search_term_string}"},"query-input":"required name=search_term_string"}],"inLanguage":"fr-CA"},{"@type":"Organization","@id":"https:\/\/news.canadamotorjobs.com\/#organization","name":"Canada Motor Jobs","url":"https:\/\/news.canadamotorjobs.com\/","logo":{"@type":"ImageObject","inLanguage":"fr-CA","@id":"https:\/\/news.canadamotorjobs.com\/#\/schema\/logo\/image\/","url":"https:\/\/news.canadamotorjobs.com\/wp-content\/uploads\/2022\/10\/logo-canada-motor-jobs-1.png","contentUrl":"https:\/\/news.canadamotorjobs.com\/wp-content\/uploads\/2022\/10\/logo-canada-motor-jobs-1.png","width":800,"height":400,"caption":"Canada Motor Jobs"},"image":{"@id":"https:\/\/news.canadamotorjobs.com\/#\/schema\/logo\/image\/"},"sameAs":["https:\/\/www.facebook.com\/canadamotorjobs\/","https:\/\/x.com\/canadamotorjobs","https:\/\/www.instagram.com\/canadamotorjobs\/","https:\/\/www.linkedin.com\/company\/canadamotorjobs"]},{"@type":"Person","@id":"https:\/\/news.canadamotorjobs.com\/#\/schema\/person\/51793d1f87d44011d7bcc2ed99269a90","name":"Benoit Charette","image":{"@type":"ImageObject","inLanguage":"fr-CA","@id":"https:\/\/news.canadamotorjobs.com\/#\/schema\/person\/image\/","url":"https:\/\/secure.gravatar.com\/avatar\/45f3d2eebcccd909668d7ce7ea7267b6?s=96&d=mm&r=g","contentUrl":"https:\/\/secure.gravatar.com\/avatar\/45f3d2eebcccd909668d7ce7ea7267b6?s=96&d=mm&r=g","caption":"Benoit Charette"},"description":"Benoit Charette \/ Propri\u00e9taire et r\u00e9dacteur en chef Benoit Charette pratique le journalisme automobile depuis bient\u00f4t 30 ans. Il a fait ses classes au c\u00f4t\u00e9 de Daniel H\u00e9raud et au Carnet de route de 1992 \u00e0 2001. Il est fondateur, copropri\u00e9taire et r\u00e9dacteur en chef de L\u2019Annuel de l\u2019automobile, qu\u2019il publie depuis 2001. Il a anim\u00e9 les \u00e9missions RPM et RPM+ sur V et les L\u00e9gendes de la route sur Historia. \u00c0 la radio depuis 1986, il reprend l\u2019antenne cette ann\u00e9e sur les ondes de Cogeco et participe pour la deuxi\u00e8me ann\u00e9e \u00e0 l\u2019\u00e9mission Passion Auto sur RDS en plus de mettre en ligne le site Web officiel de L\u2019Annuel de l\u2019automobile sur annuelauto.ca.","sameAs":["https:\/\/annuelauto.ca\/"],"url":"https:\/\/news.canadamotorjobs.com\/fr\/author\/benoit-charette\/"}]}},"_links":{"self":[{"href":"https:\/\/news.canadamotorjobs.com\/fr\/wp-json\/wp\/v2\/posts\/145058"}],"collection":[{"href":"https:\/\/news.canadamotorjobs.com\/fr\/wp-json\/wp\/v2\/posts"}],"about":[{"href":"https:\/\/news.canadamotorjobs.com\/fr\/wp-json\/wp\/v2\/types\/post"}],"author":[{"embeddable":true,"href":"https:\/\/news.canadamotorjobs.com\/fr\/wp-json\/wp\/v2\/users\/8"}],"replies":[{"embeddable":true,"href":"https:\/\/news.canadamotorjobs.com\/fr\/wp-json\/wp\/v2\/comments?post=145058"}],"version-history":[{"count":2,"href":"https:\/\/news.canadamotorjobs.com\/fr\/wp-json\/wp\/v2\/posts\/145058\/revisions"}],"predecessor-version":[{"id":145062,"href":"https:\/\/news.canadamotorjobs.com\/fr\/wp-json\/wp\/v2\/posts\/145058\/revisions\/145062"}],"wp:featuredmedia":[{"embeddable":true,"href":"https:\/\/news.canadamotorjobs.com\/fr\/wp-json\/wp\/v2\/media\/145060"}],"wp:attachment":[{"href":"https:\/\/news.canadamotorjobs.com\/fr\/wp-json\/wp\/v2\/media?parent=145058"}],"wp:term":[{"taxonomy":"category","embeddable":true,"href":"https:\/\/news.canadamotorjobs.com\/fr\/wp-json\/wp\/v2\/categories?post=145058"},{"taxonomy":"post_tag","embeddable":true,"href":"https:\/\/news.canadamotorjobs.com\/fr\/wp-json\/wp\/v2\/tags?post=145058"}],"curies":[{"name":"wp","href":"https:\/\/api.w.org\/{rel}","templated":true}]}}