{"id":145015,"date":"2023-05-16T06:32:53","date_gmt":"2023-05-16T10:32:53","guid":{"rendered":"https:\/\/news.canadamotorjobs.com\/?p=145015"},"modified":"2023-05-16T06:46:09","modified_gmt":"2023-05-16T10:46:09","slug":"et-si-toyota-ramenait-une-celica-electrique-moderne","status":"publish","type":"post","link":"https:\/\/news.canadamotorjobs.com\/fr\/et-si-toyota-ramenait-une-celica-electrique-moderne\/","title":{"rendered":"Et si Toyota ramenait une C\u00e9lica \u00e9lectrique moderne"},"content":{"rendered":"<\/p>\n<p>Le magazine japonais Best Car, connu pour ses primeurs de l&#8217;industrie et ses rendus num\u00e9riques de voitures qui n&#8217;ont pas encore \u00e9t\u00e9 d\u00e9voil\u00e9es, a publi\u00e9 un court rapport indiquant que la Celica est la prochaine sur la liste des voitures que le nouveau PDG de Toyota veut faire revivre.<\/p>\n<h3>Dans le groupe de Gazoo Racing<\/h3>\n<p>\nGr\u00e2ce \u00e0 des informations provenant de \u00ab\u00a0responsables de Toyota\u00a0\u00bb, le m\u00e9dia rapporte qu&#8217;il est tr\u00e8s probable que le nouveau PDG Koji Sato envisage s\u00e9rieusement de faire revivre la Celica, apr\u00e8s que Sato l&#8217;ait mentionn\u00e9e lors du All Japan Rally Championship en d\u00e9but d&#8217;ann\u00e9e. La Toyota Celica n&#8217;existe plus depuis la fin de sa septi\u00e8me g\u00e9n\u00e9ration au milieu des ann\u00e9es 2000. Au fil des ans, elle est pass\u00e9e d&#8217;une voiture de sport \u00e0 moteur avant et \u00e0 transmission arri\u00e8re ou int\u00e9grale \u00e0 un coup\u00e9 \u00e0 moteur avant.<\/p>\n<h3>Un v\u00e9hicule \u00e9lectrique avec bo\u00eete manuelle<\/h3>\n<p>\nUn design attrayant aurait un effet positif sur un v\u00e9hicule \u00e9lectrique et Sato admet qu\u2019il travaille depuis longtemps sur une voiture \u00e9lectrique avec bo\u00eete manuelle pour aller chercher un public d\u2019amateurs de voitures sport. Je recherche un meilleur engagement \u00bb, a-t-il poursuivi, \u00ab\u00a0m\u00eame dans un v\u00e9hicule \u00e9lectrique, je veux un autre lien entre la voiture et le conducteur. Ce n&#8217;est pas seulement une question d&#8217;efficacit\u00e9. J&#8217;aime les voitures et je veux quelque chose de diff\u00e9rent.<\/p>\n<h3>Inspir\u00e9 de la LFA<\/h3>\n<p>\nSato utilise les connaissances g\u00e9n\u00e9rales de la LFA, mais nous voulons les exprimer sous une forme contemporaine. Nous voulons exprimer l&#8217;enthousiasme de la LFA dans un v\u00e9hicule \u00e9lectrique. C&#8217;est le d\u00e9fi que nous devons relever. Par ailleurs, le PDG sortant de Toyota et membre de la famille homonyme de la marque, Akio Toyoda, est toujours pr\u00e9sent en tant que pr\u00e9sident du conseil d&#8217;administration et dispose de plus de temps libre pour contribuer au d\u00e9veloppement des voitures de sport.<\/p>\n<p>C&#8217;est un duo prometteur, l&#8217;ancien PDG qui a construit la marque GR et dirig\u00e9 le d\u00e9veloppement de ses mod\u00e8les, aux c\u00f4t\u00e9s du nouveau PDG qui a contribu\u00e9 \u00e0 la cr\u00e9ation de la Lexus LFA lorsqu&#8217;il \u00e9tait \u00e0 la t\u00eate de cette marque.<\/p>\n<p>\u00a0<\/p>\n<p>Avec des renseignements de Carsguide<\/p>\n<p>Le texte <a rel=\"nofollow\" href=\"https:\/\/annuelauto.ca\/et-si-toyota-ramenait-une-celica-electrique-moderne\/\">Et si Toyota ramenait une C\u00e9lica \u00e9lectrique moderne<\/a> provient de <a rel=\"nofollow\" href=\"https:\/\/annuelauto.ca\">L&#8217;annuel de l&#8217;automobile &#8211; Actualit\u00e9 automobile<\/a><\/p>\n<p><\/p>\n","protected":false},"excerpt":{"rendered":"<p>Le magazine japonais Best Car, connu pour ses primeurs de l&#8217;industrie et ses rendus num\u00e9riques de voitures qui n&#8217;ont pas encore \u00e9t\u00e9 d\u00e9voil\u00e9es, a publi\u00e9 un court rapport indiquant que la Celica est la prochaine sur la liste des voitures que le nouveau PDG de Toyota veut faire revivre. Dans le groupe de Gazoo Racing [&hellip;]<\/p>\n","protected":false},"author":8,"featured_media":145017,"comment_status":"close","ping_status":"closed","sticky":false,"template":"","format":"standard","meta":{"_monsterinsights_skip_tracking":false,"_monsterinsights_sitenote_active":false,"_monsterinsights_sitenote_note":"","_monsterinsights_sitenote_category":0,"footnotes":""},"categories":[101],"tags":[],"yoast_head":"<!-- This site is optimized with the Yoast SEO plugin v23.2 - https:\/\/yoast.com\/wordpress\/plugins\/seo\/ -->\n<title>Et si Toyota ramenait une C\u00e9lica \u00e9lectrique moderne - CanadaMotorJobs.com<\/title>\n<meta name=\"description\" content=\"Et si Toyota ramenait une C\u00e9lica \u00e9lectrique moderne - Benoit Charette - Annuel automobile - CanadaMotorJobs.com.\" \/>\n<meta name=\"robots\" content=\"index, follow, max-snippet:-1, max-image-preview:large, max-video-preview:-1\" \/>\n<meta property=\"og:locale\" content=\"fr_CA\" \/>\n<meta property=\"og:type\" content=\"article\" \/>\n<meta property=\"og:title\" content=\"Et si Toyota ramenait une C\u00e9lica \u00e9lectrique moderne - CanadaMotorJobs.com\" \/>\n<meta property=\"og:description\" content=\"Et si Toyota ramenait une C\u00e9lica \u00e9lectrique moderne - Benoit Charette - Annuel automobile - CanadaMotorJobs.com.\" \/>\n<meta property=\"og:url\" content=\"https:\/\/news.canadamotorjobs.com\/fr\/et-si-toyota-ramenait-une-celica-electrique-moderne\/\" \/>\n<meta property=\"og:site_name\" content=\"CanadaMotorJobs.com\" \/>\n<meta property=\"article:publisher\" content=\"https:\/\/www.facebook.com\/canadamotorjobs\/\" \/>\n<meta property=\"article:published_time\" content=\"2023-05-16T10:32:53+00:00\" \/>\n<meta property=\"article:modified_time\" content=\"2023-05-16T10:46:09+00:00\" \/>\n<meta property=\"og:image\" content=\"https:\/\/news.canadamotorjobs.com\/wp-content\/uploads\/2023\/05\/2023-Toyota-Celica-coupe-yellow-BestCarWeb-1.jpg\" \/>\n\t<meta property=\"og:image:width\" content=\"960\" \/>\n\t<meta property=\"og:image:height\" content=\"488\" \/>\n\t<meta property=\"og:image:type\" content=\"image\/jpeg\" \/>\n<meta name=\"author\" content=\"Benoit Charette\" \/>\n<meta name=\"twitter:card\" content=\"summary_large_image\" \/>\n<meta name=\"twitter:creator\" content=\"@canadamotorjobs\" \/>\n<meta name=\"twitter:site\" content=\"@canadamotorjobs\" \/>\n<meta name=\"twitter:label1\" content=\"\u00c9crit par\" \/>\n\t<meta name=\"twitter:data1\" content=\"Benoit Charette\" \/>\n\t<meta name=\"twitter:label2\" content=\"Estimation du temps de lecture\" \/>\n\t<meta name=\"twitter:data2\" content=\"2 minutes\" \/>\n<!-- \/ Yoast SEO plugin. -->","yoast_head_json":{"title":"Et si Toyota ramenait une C\u00e9lica \u00e9lectrique moderne - CanadaMotorJobs.com","description":"Et si Toyota ramenait une C\u00e9lica \u00e9lectrique moderne - Benoit Charette - Annuel automobile - CanadaMotorJobs.com.","robots":{"index":"index","follow":"follow","max-snippet":"max-snippet:-1","max-image-preview":"max-image-preview:large","max-video-preview":"max-video-preview:-1"},"og_locale":"fr_CA","og_type":"article","og_title":"Et si Toyota ramenait une C\u00e9lica \u00e9lectrique moderne - CanadaMotorJobs.com","og_description":"Et si Toyota ramenait une C\u00e9lica \u00e9lectrique moderne - Benoit Charette - Annuel automobile - CanadaMotorJobs.com.","og_url":"https:\/\/news.canadamotorjobs.com\/fr\/et-si-toyota-ramenait-une-celica-electrique-moderne\/","og_site_name":"CanadaMotorJobs.com","article_publisher":"https:\/\/www.facebook.com\/canadamotorjobs\/","article_published_time":"2023-05-16T10:32:53+00:00","article_modified_time":"2023-05-16T10:46:09+00:00","og_image":[{"width":960,"height":488,"url":"https:\/\/news.canadamotorjobs.com\/wp-content\/uploads\/2023\/05\/2023-Toyota-Celica-coupe-yellow-BestCarWeb-1.jpg","type":"image\/jpeg"}],"author":"Benoit Charette","twitter_card":"summary_large_image","twitter_creator":"@canadamotorjobs","twitter_site":"@canadamotorjobs","twitter_misc":{"\u00c9crit par":"Benoit Charette","Estimation du temps de lecture":"2 minutes"},"schema":{"@context":"https:\/\/schema.org","@graph":[{"@type":"Article","@id":"https:\/\/news.canadamotorjobs.com\/fr\/et-si-toyota-ramenait-une-celica-electrique-moderne\/#article","isPartOf":{"@id":"https:\/\/news.canadamotorjobs.com\/fr\/et-si-toyota-ramenait-une-celica-electrique-moderne\/"},"author":{"name":"Benoit Charette","@id":"https:\/\/news.canadamotorjobs.com\/#\/schema\/person\/51793d1f87d44011d7bcc2ed99269a90"},"headline":"Et si Toyota ramenait une C\u00e9lica \u00e9lectrique moderne","datePublished":"2023-05-16T10:32:53+00:00","dateModified":"2023-05-16T10:46:09+00:00","mainEntityOfPage":{"@id":"https:\/\/news.canadamotorjobs.com\/fr\/et-si-toyota-ramenait-une-celica-electrique-moderne\/"},"wordCount":427,"publisher":{"@id":"https:\/\/news.canadamotorjobs.com\/#organization"},"image":{"@id":"https:\/\/news.canadamotorjobs.com\/fr\/et-si-toyota-ramenait-une-celica-electrique-moderne\/#primaryimage"},"thumbnailUrl":"https:\/\/news.canadamotorjobs.com\/wp-content\/uploads\/2023\/05\/2023-Toyota-Celica-coupe-yellow-BestCarWeb-1.jpg","articleSection":["Annuel automobile"],"inLanguage":"fr-CA"},{"@type":"WebPage","@id":"https:\/\/news.canadamotorjobs.com\/fr\/et-si-toyota-ramenait-une-celica-electrique-moderne\/","url":"https:\/\/news.canadamotorjobs.com\/fr\/et-si-toyota-ramenait-une-celica-electrique-moderne\/","name":"Et si Toyota ramenait une C\u00e9lica \u00e9lectrique moderne - CanadaMotorJobs.com","isPartOf":{"@id":"https:\/\/news.canadamotorjobs.com\/#website"},"primaryImageOfPage":{"@id":"https:\/\/news.canadamotorjobs.com\/fr\/et-si-toyota-ramenait-une-celica-electrique-moderne\/#primaryimage"},"image":{"@id":"https:\/\/news.canadamotorjobs.com\/fr\/et-si-toyota-ramenait-une-celica-electrique-moderne\/#primaryimage"},"thumbnailUrl":"https:\/\/news.canadamotorjobs.com\/wp-content\/uploads\/2023\/05\/2023-Toyota-Celica-coupe-yellow-BestCarWeb-1.jpg","datePublished":"2023-05-16T10:32:53+00:00","dateModified":"2023-05-16T10:46:09+00:00","description":"Et si Toyota ramenait une C\u00e9lica \u00e9lectrique moderne - Benoit Charette - Annuel automobile - CanadaMotorJobs.com.","breadcrumb":{"@id":"https:\/\/news.canadamotorjobs.com\/fr\/et-si-toyota-ramenait-une-celica-electrique-moderne\/#breadcrumb"},"inLanguage":"fr-CA","potentialAction":[{"@type":"ReadAction","target":["https:\/\/news.canadamotorjobs.com\/fr\/et-si-toyota-ramenait-une-celica-electrique-moderne\/"]}]},{"@type":"ImageObject","inLanguage":"fr-CA","@id":"https:\/\/news.canadamotorjobs.com\/fr\/et-si-toyota-ramenait-une-celica-electrique-moderne\/#primaryimage","url":"https:\/\/news.canadamotorjobs.com\/wp-content\/uploads\/2023\/05\/2023-Toyota-Celica-coupe-yellow-BestCarWeb-1.jpg","contentUrl":"https:\/\/news.canadamotorjobs.com\/wp-content\/uploads\/2023\/05\/2023-Toyota-Celica-coupe-yellow-BestCarWeb-1.jpg","width":960,"height":488},{"@type":"BreadcrumbList","@id":"https:\/\/news.canadamotorjobs.com\/fr\/et-si-toyota-ramenait-une-celica-electrique-moderne\/#breadcrumb","itemListElement":[{"@type":"ListItem","position":1,"name":"Home","item":"https:\/\/news.canadamotorjobs.com\/fr\/blog\/"},{"@type":"ListItem","position":2,"name":"Et si Toyota ramenait une C\u00e9lica \u00e9lectrique moderne"}]},{"@type":"WebSite","@id":"https:\/\/news.canadamotorjobs.com\/#website","url":"https:\/\/news.canadamotorjobs.com\/","name":"CanadaMotorJobs.com","description":"Automotive Jobs","publisher":{"@id":"https:\/\/news.canadamotorjobs.com\/#organization"},"potentialAction":[{"@type":"SearchAction","target":{"@type":"EntryPoint","urlTemplate":"https:\/\/news.canadamotorjobs.com\/?s={search_term_string}"},"query-input":"required name=search_term_string"}],"inLanguage":"fr-CA"},{"@type":"Organization","@id":"https:\/\/news.canadamotorjobs.com\/#organization","name":"Canada Motor Jobs","url":"https:\/\/news.canadamotorjobs.com\/","logo":{"@type":"ImageObject","inLanguage":"fr-CA","@id":"https:\/\/news.canadamotorjobs.com\/#\/schema\/logo\/image\/","url":"https:\/\/news.canadamotorjobs.com\/wp-content\/uploads\/2022\/10\/logo-canada-motor-jobs-1.png","contentUrl":"https:\/\/news.canadamotorjobs.com\/wp-content\/uploads\/2022\/10\/logo-canada-motor-jobs-1.png","width":800,"height":400,"caption":"Canada Motor Jobs"},"image":{"@id":"https:\/\/news.canadamotorjobs.com\/#\/schema\/logo\/image\/"},"sameAs":["https:\/\/www.facebook.com\/canadamotorjobs\/","https:\/\/x.com\/canadamotorjobs","https:\/\/www.instagram.com\/canadamotorjobs\/","https:\/\/www.linkedin.com\/company\/canadamotorjobs"]},{"@type":"Person","@id":"https:\/\/news.canadamotorjobs.com\/#\/schema\/person\/51793d1f87d44011d7bcc2ed99269a90","name":"Benoit Charette","image":{"@type":"ImageObject","inLanguage":"fr-CA","@id":"https:\/\/news.canadamotorjobs.com\/#\/schema\/person\/image\/","url":"https:\/\/secure.gravatar.com\/avatar\/45f3d2eebcccd909668d7ce7ea7267b6?s=96&d=mm&r=g","contentUrl":"https:\/\/secure.gravatar.com\/avatar\/45f3d2eebcccd909668d7ce7ea7267b6?s=96&d=mm&r=g","caption":"Benoit Charette"},"description":"Benoit Charette \/ Propri\u00e9taire et r\u00e9dacteur en chef Benoit Charette pratique le journalisme automobile depuis bient\u00f4t 30 ans. Il a fait ses classes au c\u00f4t\u00e9 de Daniel H\u00e9raud et au Carnet de route de 1992 \u00e0 2001. Il est fondateur, copropri\u00e9taire et r\u00e9dacteur en chef de L\u2019Annuel de l\u2019automobile, qu\u2019il publie depuis 2001. Il a anim\u00e9 les \u00e9missions RPM et RPM+ sur V et les L\u00e9gendes de la route sur Historia. \u00c0 la radio depuis 1986, il reprend l\u2019antenne cette ann\u00e9e sur les ondes de Cogeco et participe pour la deuxi\u00e8me ann\u00e9e \u00e0 l\u2019\u00e9mission Passion Auto sur RDS en plus de mettre en ligne le site Web officiel de L\u2019Annuel de l\u2019automobile sur annuelauto.ca.","sameAs":["https:\/\/annuelauto.ca\/"],"url":"https:\/\/news.canadamotorjobs.com\/fr\/author\/benoit-charette\/"}]}},"_links":{"self":[{"href":"https:\/\/news.canadamotorjobs.com\/fr\/wp-json\/wp\/v2\/posts\/145015"}],"collection":[{"href":"https:\/\/news.canadamotorjobs.com\/fr\/wp-json\/wp\/v2\/posts"}],"about":[{"href":"https:\/\/news.canadamotorjobs.com\/fr\/wp-json\/wp\/v2\/types\/post"}],"author":[{"embeddable":true,"href":"https:\/\/news.canadamotorjobs.com\/fr\/wp-json\/wp\/v2\/users\/8"}],"replies":[{"embeddable":true,"href":"https:\/\/news.canadamotorjobs.com\/fr\/wp-json\/wp\/v2\/comments?post=145015"}],"version-history":[{"count":2,"href":"https:\/\/news.canadamotorjobs.com\/fr\/wp-json\/wp\/v2\/posts\/145015\/revisions"}],"predecessor-version":[{"id":145019,"href":"https:\/\/news.canadamotorjobs.com\/fr\/wp-json\/wp\/v2\/posts\/145015\/revisions\/145019"}],"wp:featuredmedia":[{"embeddable":true,"href":"https:\/\/news.canadamotorjobs.com\/fr\/wp-json\/wp\/v2\/media\/145017"}],"wp:attachment":[{"href":"https:\/\/news.canadamotorjobs.com\/fr\/wp-json\/wp\/v2\/media?parent=145015"}],"wp:term":[{"taxonomy":"category","embeddable":true,"href":"https:\/\/news.canadamotorjobs.com\/fr\/wp-json\/wp\/v2\/categories?post=145015"},{"taxonomy":"post_tag","embeddable":true,"href":"https:\/\/news.canadamotorjobs.com\/fr\/wp-json\/wp\/v2\/tags?post=145015"}],"curies":[{"name":"wp","href":"https:\/\/api.w.org\/{rel}","templated":true}]}}