{"id":144973,"date":"2023-05-15T14:22:23","date_gmt":"2023-05-15T18:22:23","guid":{"rendered":"https:\/\/news.canadamotorjobs.com\/?p=144973"},"modified":"2023-05-15T14:33:21","modified_gmt":"2023-05-15T18:33:21","slug":"chevrolet-trax-2024","status":"publish","type":"post","link":"https:\/\/news.canadamotorjobs.com\/fr\/chevrolet-trax-2024\/","title":{"rendered":"Chevrolet Trax 2024"},"content":{"rendered":"<\/p>\n<p>Qu\u00e9bec, Qu\u00e9bec- Avec la disparition presque compl\u00e8te des berlines compactes et sous-compactes, le r\u00f4le de mod\u00e8le d\u2019entr\u00e9e de gamme revient maintenant aux petits utilitaires. Le Trax qui s\u2019est absent\u00e9 durant un an revient en 2024 comme le mod\u00e8le le plus abordable de la gamme GM. Il a conserv\u00e9 son nom, mais tout le reste a chang\u00e9.<\/p>\n<h3>Deux roues motrices pour 25 000\u00a0$<\/h3>\n<p>\nUne pr\u00e9cision avant d\u2019aller plus loin. Le Trax est uniquement livrable en mod\u00e8le deux roues motrice (\u00e0 l\u2019avant). Chevrolet pr\u00e9cise qu\u2019il va faire la lutte \u00e0 des mod\u00e8les comme le Nissan Kicks et le Hyundai Venue. Ceux qui veulent un mod\u00e8le 4 roues motrices pourront aller du c\u00f4t\u00e9 du Chevrolet Trailblazer qui va offrir cette option. En ce qui concerne la fourchette de prix, la gamme d\u00e9bute avec la version LS \u00e0 24 998\u00a0$ qui inclut le co\u00fbt de transport et de pr\u00e9paration, mais pas les taxes. Viennent ensuite les mod\u00e8les 1RS \u00e0 25 998\u00a0$, LT \u00e0 26\u00a0698 et les mod\u00e8les haut de gamme 2RS et Activ qui arborent un style diff\u00e9rent (un sportif l\u2019autre aventurier) pour le m\u00eame prix de 30 798\u00a0$.<\/p>\n<h3>Un format plus g\u00e9n\u00e9reux<\/h3>\n<p>\nLe nom du mod\u00e8le est la seule chose que GM a conserv\u00e9e, car tout le reste a chang\u00e9. Mentionnons d\u2019abord le style beaucoup plus sportif qui emprunte id\u00e9es du plus grand Blazer. Le mod\u00e8le 2RS est le seul \u00e0 offrir des roues de 19 pouces et une allure sportive avec que le mod\u00e8le Activ est plus du style aventurier urbain. Face \u00e0 l\u2019ancienne version, le Trax est 28\u00a0cm plus longs, 5\u00a0cm plus larges avec un toit 10\u00a0cm plus bas. Le conducteur est assis 11\u00a0cm plus bas que dans l\u2019ancien mod\u00e8le. En prenant place \u00e0 bord, on se rend \u00e0 peine compte que l\u2019on embarque \u00e0 bord d\u2019un petit utilitaire. Tout cet espace profite largement aux occupants qui sont tr\u00e8s \u00e0 l\u2019aise que dans la pr\u00e9c\u00e9dente mouture et l\u2019espace de chargement profite de 161 litres suppl\u00e9mentaires.<\/p>\n<h3>M\u00eame moteur, nouvelle transmission<\/h3>\n<p>\nTous les mod\u00e8les sont \u00e9quip\u00e9s d&#8217;un moteur trois cylindres turbo de 1,2 litre qui d\u00e9veloppe 137 chevaux et 162\u00a0lb-pi de couple. Ces chiffres sont inf\u00e9rieurs \u00e0 ceux du pr\u00e9c\u00e9dent 1,4 litre turbo quatre cylindres qui revendiquait 155 chevaux et 177\u00a0lb-pi. Toutefois, GM a pris une d\u00e9cision qui est cruciale dans ce dossier. ON S\u2019EST D\u00c9BARRAS\u00c9 DE LA BO\u00ceTE CVT. Je hurle de joie en \u00e9crivant ces mots. Cette transmission paresseuse, suceuse de puissance et d\u00e9sagr\u00e9able \u00e0 tous les r\u00e9gimes a finalement \u00e9t\u00e9 mise au rancart. En lieu et place, GM a install\u00e9 une bo\u00eete automatique \u00e0 six rapports qui distille beaucoup mieux la puissance de ce petit moulin pas plus gros qu\u2019un pot de mayonnaise. La bo\u00eete n\u2019est pas des plus r\u00e9centes, mais l\u2019\u00e9tagement entre les rapports est id\u00e9al pour permettre \u00e0 ce moteur de suivre le rythme. Aux fins de comparaison, m\u00eame avec moins de puissance que l\u2019ancien Trax, le 0-100\u00a0km\/h prend une seconde de moins, gr\u00e2ce \u00e0 la disparition de la bo\u00eete CVT. Ce n\u2019est pas un foudre de guerre, mais le moteur s\u2019acquitte honorablement de la t\u00e2che. Nous avons \u00e9t\u00e9 en mesure de maintenir une moyenne de 8,0 litres \/100\u00a0km sur les routes de Charlevoix et du Bas St-Laurent.<\/p>\n<h3>Un int\u00e9rieur sans fla-fla<\/h3>\n<p>\nSi vous optez pour un mod\u00e8le d\u2019entr\u00e9e des gammes (LS et LT), vous avez droit \u00e0 de bonnes vieilles jauges analogiques avec un petit \u00e9cran de 3,5 pouces devant le conducteur et un \u00e9cran de 8 pouces sur le tableau de bord. Nos mod\u00e8les \u00e0 l\u2019essai (Activ et 2\u00a0RS) offrent un \u00e9cran multifonction de huit pouces devant le conducteur et 11 pouces sur le tableau de bord. Vous avez en plus des commandes au volant et des commandes s\u00e9par\u00e9es sous l\u2019\u00e9cran pour le chauffage et la climatisation. La connectivit\u00e9 Apple CarPlay\/Android Auto avec ou sans fil est de s\u00e9rie sur tous les mod\u00e8les, tout comme l\u2019espace internet \u00e0 bord. Nos mod\u00e8les \u00e0 l\u2019essai comprenaient aussi le Chevrolet Safety Assist de s\u00e9rie, et les alertes de changement de voie, de trafic transversal arri\u00e8re et d&#8217;angle mort sont en option. L&#8217;aide au stationnement arri\u00e8re est \u00e9galement disponible. Le d\u00e9cor n\u2019est pas somptueux, mais tout \u00e0 fait acceptable avec de belles touches un rappel de la couleur ext\u00e9rieure dans l\u2019habitacle.<\/p>\n<h3>Une conduite agr\u00e9able<\/h3>\n<p>\nLa plus belle surprise est sans doute derri\u00e8re le volant. Il faut g\u00e9n\u00e9ralement avoir peu d\u2019attente pour un mod\u00e8le d\u2019entr\u00e9e de gamme. Or, le nouveau Trax surprend par son aplomb sur la route, le silence de roulement qui se transmet dans la cabine et l\u2019en train de son petit moteur. Tous les mod\u00e8les sont \u00e9quip\u00e9s de s\u00e9rie d&#8217;un syst\u00e8me de r\u00e9duction des bruits et la disparition de la bruyante et castrante bo\u00eete CVT qui est remplac\u00e9e par une bo\u00eete automatique souple rend la conduite TELLEMENT plus agr\u00e9able. Les acc\u00e9l\u00e9rations passent le test et le ch\u00e2ssis est solide. Les mauvaises routes du Qu\u00e9bec n\u2019ont pas perturb\u00e9 le plaisir de conduire et aucun probl\u00e8me \u00e0 suivre le rythme sur l\u2019autoroute. Il est certain qu\u2019un moteur 1,2 litre s\u2019essouffle plus vite, mais les c\u00f4tes de Charlevoix n\u2019ont pos\u00e9 aucun probl\u00e8me.<\/p>\n<h3>Conclusion<\/h3>\n<p>\nConsid\u00e9rant que l\u2019humble Honda Civic commence aujourd\u2019hui \u00e0 plus de 28 500\u00a0$, vous avez pour le m\u00eame budget un Trax pratiquement tout \u00e9quip\u00e9. Dollar pour dollar, c\u2019est le meilleur v\u00e9hicule dans son segment pr\u00e9sentement. Vous avez tous ce que retrouvez dans une voiture moderne \u00e0 un prix plus que comp\u00e9titif.<\/p>\n<h3>Forces<\/h3>\n<p>\nPrix comp\u00e9titif<\/p>\n<p>Liste d\u2019\u00e9quipement complet<\/p>\n<p>Spacieux pour un mod\u00e8le sous-compacte<\/p>\n<h3>Faiblesses<\/h3>\n<p>\nConsommation de carburant pourrait \u00eatre meilleure<\/p>\n<p>Il faut choisir un Trailblazer pour avoir 4RM<\/p>\n<p>\u00a0<\/p>\n<p>\u00a0<\/p>\n<p>https:\/\/youtu.be\/SxCuC1pRZkE<\/p>\n<p>Le texte <a rel=\"nofollow\" href=\"https:\/\/annuelauto.ca\/chevrolet-trax-2024\/\">Chevrolet Trax 2024<\/a> provient de <a rel=\"nofollow\" href=\"https:\/\/annuelauto.ca\">L&#8217;annuel de l&#8217;automobile &#8211; Actualit\u00e9 automobile<\/a><\/p>\n<p><\/p>\n","protected":false},"excerpt":{"rendered":"<p>Qu\u00e9bec, Qu\u00e9bec- Avec la disparition presque compl\u00e8te des berlines compactes et sous-compactes, le r\u00f4le de mod\u00e8le d\u2019entr\u00e9e de gamme revient maintenant aux petits utilitaires. Le Trax qui s\u2019est absent\u00e9 durant un an revient en 2024 comme le mod\u00e8le le plus abordable de la gamme GM. Il a conserv\u00e9 son nom, mais tout le reste a [&hellip;]<\/p>\n","protected":false},"author":8,"featured_media":144975,"comment_status":"close","ping_status":"closed","sticky":false,"template":"","format":"standard","meta":{"_monsterinsights_skip_tracking":false,"_monsterinsights_sitenote_active":false,"_monsterinsights_sitenote_note":"","_monsterinsights_sitenote_category":0,"footnotes":""},"categories":[101],"tags":[],"yoast_head":"<!-- This site is optimized with the Yoast SEO plugin v23.2 - https:\/\/yoast.com\/wordpress\/plugins\/seo\/ -->\n<title>Chevrolet Trax 2024 - CanadaMotorJobs.com<\/title>\n<meta name=\"description\" content=\"Chevrolet Trax 2024 - Benoit Charette - Annuel automobile - CanadaMotorJobs.com.\" \/>\n<meta name=\"robots\" content=\"index, follow, max-snippet:-1, max-image-preview:large, max-video-preview:-1\" \/>\n<meta property=\"og:locale\" content=\"fr_CA\" \/>\n<meta property=\"og:type\" content=\"article\" \/>\n<meta property=\"og:title\" content=\"Chevrolet Trax 2024 - CanadaMotorJobs.com\" \/>\n<meta property=\"og:description\" content=\"Chevrolet Trax 2024 - Benoit Charette - Annuel automobile - CanadaMotorJobs.com.\" \/>\n<meta property=\"og:url\" content=\"https:\/\/news.canadamotorjobs.com\/fr\/chevrolet-trax-2024\/\" \/>\n<meta property=\"og:site_name\" content=\"CanadaMotorJobs.com\" \/>\n<meta property=\"article:publisher\" content=\"https:\/\/www.facebook.com\/canadamotorjobs\/\" \/>\n<meta property=\"article:published_time\" content=\"2023-05-15T18:22:23+00:00\" \/>\n<meta property=\"article:modified_time\" content=\"2023-05-15T18:33:21+00:00\" \/>\n<meta property=\"og:image\" content=\"https:\/\/news.canadamotorjobs.com\/wp-content\/uploads\/2023\/05\/IMG_6445.jpg\" \/>\n\t<meta property=\"og:image:width\" content=\"1067\" \/>\n\t<meta property=\"og:image:height\" content=\"800\" \/>\n\t<meta property=\"og:image:type\" content=\"image\/jpeg\" \/>\n<meta name=\"author\" content=\"Benoit Charette\" \/>\n<meta name=\"twitter:card\" content=\"summary_large_image\" \/>\n<meta name=\"twitter:creator\" content=\"@canadamotorjobs\" \/>\n<meta name=\"twitter:site\" content=\"@canadamotorjobs\" \/>\n<meta name=\"twitter:label1\" content=\"\u00c9crit par\" \/>\n\t<meta name=\"twitter:data1\" content=\"Benoit Charette\" \/>\n\t<meta name=\"twitter:label2\" content=\"Estimation du temps de lecture\" \/>\n\t<meta name=\"twitter:data2\" content=\"5 minutes\" \/>\n<!-- \/ Yoast SEO plugin. -->","yoast_head_json":{"title":"Chevrolet Trax 2024 - CanadaMotorJobs.com","description":"Chevrolet Trax 2024 - Benoit Charette - Annuel automobile - CanadaMotorJobs.com.","robots":{"index":"index","follow":"follow","max-snippet":"max-snippet:-1","max-image-preview":"max-image-preview:large","max-video-preview":"max-video-preview:-1"},"og_locale":"fr_CA","og_type":"article","og_title":"Chevrolet Trax 2024 - CanadaMotorJobs.com","og_description":"Chevrolet Trax 2024 - Benoit Charette - Annuel automobile - CanadaMotorJobs.com.","og_url":"https:\/\/news.canadamotorjobs.com\/fr\/chevrolet-trax-2024\/","og_site_name":"CanadaMotorJobs.com","article_publisher":"https:\/\/www.facebook.com\/canadamotorjobs\/","article_published_time":"2023-05-15T18:22:23+00:00","article_modified_time":"2023-05-15T18:33:21+00:00","og_image":[{"width":1067,"height":800,"url":"https:\/\/news.canadamotorjobs.com\/wp-content\/uploads\/2023\/05\/IMG_6445.jpg","type":"image\/jpeg"}],"author":"Benoit Charette","twitter_card":"summary_large_image","twitter_creator":"@canadamotorjobs","twitter_site":"@canadamotorjobs","twitter_misc":{"\u00c9crit par":"Benoit Charette","Estimation du temps de lecture":"5 minutes"},"schema":{"@context":"https:\/\/schema.org","@graph":[{"@type":"Article","@id":"https:\/\/news.canadamotorjobs.com\/fr\/chevrolet-trax-2024\/#article","isPartOf":{"@id":"https:\/\/news.canadamotorjobs.com\/fr\/chevrolet-trax-2024\/"},"author":{"name":"Benoit Charette","@id":"https:\/\/news.canadamotorjobs.com\/#\/schema\/person\/51793d1f87d44011d7bcc2ed99269a90"},"headline":"Chevrolet Trax 2024","datePublished":"2023-05-15T18:22:23+00:00","dateModified":"2023-05-15T18:33:21+00:00","mainEntityOfPage":{"@id":"https:\/\/news.canadamotorjobs.com\/fr\/chevrolet-trax-2024\/"},"wordCount":1032,"publisher":{"@id":"https:\/\/news.canadamotorjobs.com\/#organization"},"image":{"@id":"https:\/\/news.canadamotorjobs.com\/fr\/chevrolet-trax-2024\/#primaryimage"},"thumbnailUrl":"https:\/\/news.canadamotorjobs.com\/wp-content\/uploads\/2023\/05\/IMG_6445.jpg","articleSection":["Annuel automobile"],"inLanguage":"fr-CA"},{"@type":"WebPage","@id":"https:\/\/news.canadamotorjobs.com\/fr\/chevrolet-trax-2024\/","url":"https:\/\/news.canadamotorjobs.com\/fr\/chevrolet-trax-2024\/","name":"Chevrolet Trax 2024 - CanadaMotorJobs.com","isPartOf":{"@id":"https:\/\/news.canadamotorjobs.com\/#website"},"primaryImageOfPage":{"@id":"https:\/\/news.canadamotorjobs.com\/fr\/chevrolet-trax-2024\/#primaryimage"},"image":{"@id":"https:\/\/news.canadamotorjobs.com\/fr\/chevrolet-trax-2024\/#primaryimage"},"thumbnailUrl":"https:\/\/news.canadamotorjobs.com\/wp-content\/uploads\/2023\/05\/IMG_6445.jpg","datePublished":"2023-05-15T18:22:23+00:00","dateModified":"2023-05-15T18:33:21+00:00","description":"Chevrolet Trax 2024 - Benoit Charette - Annuel automobile - CanadaMotorJobs.com.","breadcrumb":{"@id":"https:\/\/news.canadamotorjobs.com\/fr\/chevrolet-trax-2024\/#breadcrumb"},"inLanguage":"fr-CA","potentialAction":[{"@type":"ReadAction","target":["https:\/\/news.canadamotorjobs.com\/fr\/chevrolet-trax-2024\/"]}]},{"@type":"ImageObject","inLanguage":"fr-CA","@id":"https:\/\/news.canadamotorjobs.com\/fr\/chevrolet-trax-2024\/#primaryimage","url":"https:\/\/news.canadamotorjobs.com\/wp-content\/uploads\/2023\/05\/IMG_6445.jpg","contentUrl":"https:\/\/news.canadamotorjobs.com\/wp-content\/uploads\/2023\/05\/IMG_6445.jpg","width":1067,"height":800},{"@type":"BreadcrumbList","@id":"https:\/\/news.canadamotorjobs.com\/fr\/chevrolet-trax-2024\/#breadcrumb","itemListElement":[{"@type":"ListItem","position":1,"name":"Home","item":"https:\/\/news.canadamotorjobs.com\/fr\/blog\/"},{"@type":"ListItem","position":2,"name":"Chevrolet Trax 2024"}]},{"@type":"WebSite","@id":"https:\/\/news.canadamotorjobs.com\/#website","url":"https:\/\/news.canadamotorjobs.com\/","name":"CanadaMotorJobs.com","description":"Automotive Jobs","publisher":{"@id":"https:\/\/news.canadamotorjobs.com\/#organization"},"potentialAction":[{"@type":"SearchAction","target":{"@type":"EntryPoint","urlTemplate":"https:\/\/news.canadamotorjobs.com\/?s={search_term_string}"},"query-input":"required name=search_term_string"}],"inLanguage":"fr-CA"},{"@type":"Organization","@id":"https:\/\/news.canadamotorjobs.com\/#organization","name":"Canada Motor Jobs","url":"https:\/\/news.canadamotorjobs.com\/","logo":{"@type":"ImageObject","inLanguage":"fr-CA","@id":"https:\/\/news.canadamotorjobs.com\/#\/schema\/logo\/image\/","url":"https:\/\/news.canadamotorjobs.com\/wp-content\/uploads\/2022\/10\/logo-canada-motor-jobs-1.png","contentUrl":"https:\/\/news.canadamotorjobs.com\/wp-content\/uploads\/2022\/10\/logo-canada-motor-jobs-1.png","width":800,"height":400,"caption":"Canada Motor Jobs"},"image":{"@id":"https:\/\/news.canadamotorjobs.com\/#\/schema\/logo\/image\/"},"sameAs":["https:\/\/www.facebook.com\/canadamotorjobs\/","https:\/\/x.com\/canadamotorjobs","https:\/\/www.instagram.com\/canadamotorjobs\/","https:\/\/www.linkedin.com\/company\/canadamotorjobs"]},{"@type":"Person","@id":"https:\/\/news.canadamotorjobs.com\/#\/schema\/person\/51793d1f87d44011d7bcc2ed99269a90","name":"Benoit Charette","image":{"@type":"ImageObject","inLanguage":"fr-CA","@id":"https:\/\/news.canadamotorjobs.com\/#\/schema\/person\/image\/","url":"https:\/\/secure.gravatar.com\/avatar\/45f3d2eebcccd909668d7ce7ea7267b6?s=96&d=mm&r=g","contentUrl":"https:\/\/secure.gravatar.com\/avatar\/45f3d2eebcccd909668d7ce7ea7267b6?s=96&d=mm&r=g","caption":"Benoit Charette"},"description":"Benoit Charette \/ Propri\u00e9taire et r\u00e9dacteur en chef Benoit Charette pratique le journalisme automobile depuis bient\u00f4t 30 ans. Il a fait ses classes au c\u00f4t\u00e9 de Daniel H\u00e9raud et au Carnet de route de 1992 \u00e0 2001. Il est fondateur, copropri\u00e9taire et r\u00e9dacteur en chef de L\u2019Annuel de l\u2019automobile, qu\u2019il publie depuis 2001. Il a anim\u00e9 les \u00e9missions RPM et RPM+ sur V et les L\u00e9gendes de la route sur Historia. \u00c0 la radio depuis 1986, il reprend l\u2019antenne cette ann\u00e9e sur les ondes de Cogeco et participe pour la deuxi\u00e8me ann\u00e9e \u00e0 l\u2019\u00e9mission Passion Auto sur RDS en plus de mettre en ligne le site Web officiel de L\u2019Annuel de l\u2019automobile sur annuelauto.ca.","sameAs":["https:\/\/annuelauto.ca\/"],"url":"https:\/\/news.canadamotorjobs.com\/fr\/author\/benoit-charette\/"}]}},"_links":{"self":[{"href":"https:\/\/news.canadamotorjobs.com\/fr\/wp-json\/wp\/v2\/posts\/144973"}],"collection":[{"href":"https:\/\/news.canadamotorjobs.com\/fr\/wp-json\/wp\/v2\/posts"}],"about":[{"href":"https:\/\/news.canadamotorjobs.com\/fr\/wp-json\/wp\/v2\/types\/post"}],"author":[{"embeddable":true,"href":"https:\/\/news.canadamotorjobs.com\/fr\/wp-json\/wp\/v2\/users\/8"}],"replies":[{"embeddable":true,"href":"https:\/\/news.canadamotorjobs.com\/fr\/wp-json\/wp\/v2\/comments?post=144973"}],"version-history":[{"count":2,"href":"https:\/\/news.canadamotorjobs.com\/fr\/wp-json\/wp\/v2\/posts\/144973\/revisions"}],"predecessor-version":[{"id":144977,"href":"https:\/\/news.canadamotorjobs.com\/fr\/wp-json\/wp\/v2\/posts\/144973\/revisions\/144977"}],"wp:featuredmedia":[{"embeddable":true,"href":"https:\/\/news.canadamotorjobs.com\/fr\/wp-json\/wp\/v2\/media\/144975"}],"wp:attachment":[{"href":"https:\/\/news.canadamotorjobs.com\/fr\/wp-json\/wp\/v2\/media?parent=144973"}],"wp:term":[{"taxonomy":"category","embeddable":true,"href":"https:\/\/news.canadamotorjobs.com\/fr\/wp-json\/wp\/v2\/categories?post=144973"},{"taxonomy":"post_tag","embeddable":true,"href":"https:\/\/news.canadamotorjobs.com\/fr\/wp-json\/wp\/v2\/tags?post=144973"}],"curies":[{"name":"wp","href":"https:\/\/api.w.org\/{rel}","templated":true}]}}