{"id":144904,"date":"2023-05-15T06:54:40","date_gmt":"2023-05-15T10:54:40","guid":{"rendered":"https:\/\/news.canadamotorjobs.com\/?p=144904"},"modified":"2023-05-15T07:03:21","modified_gmt":"2023-05-15T11:03:21","slug":"honda-prepare-t-il-un-successeur-a-la-s-2000-pour-son-75e-anniversaire","status":"publish","type":"post","link":"https:\/\/news.canadamotorjobs.com\/fr\/honda-prepare-t-il-un-successeur-a-la-s-2000-pour-son-75e-anniversaire\/","title":{"rendered":"Honda pr\u00e9pare-t-il un successeur \u00e0 la S 2000 pour son 75e anniversaire ?"},"content":{"rendered":"<\/p>\n<p>Honda f\u00eate son 75e anniversaire en 2023, et il n&#8217;y a pas de meilleure fa\u00e7on de comm\u00e9morer une \u00e9tape importante dans l&#8217;histoire de l&#8217;automobile que de construire une voiture digne de cet \u00e9v\u00e9nement. La premi\u00e8re S 2000 soulignait les 50 ans de la marque. Quelle plus belle fa\u00e7on de souligner les 75 ans de Honda. \u00c0 l&#8217;exception de la Civic Type R, Honda n&#8217;a pas construit de voiture de performance s\u00e9rieuse depuis un certain temps. Le moment serait bien choisi.<\/p>\n<h3>Rien depuis 2009<\/h3>\n<p>\nLa S2000 a cess\u00e9 d&#8217;\u00eatre produite en 2009, laissant un vide dans la gamme Honda. Le roadster \u00e0 haut r\u00e9gime a \u00e9t\u00e9 introduit pour la premi\u00e8re fois en 1999 et a montr\u00e9 au monde que Honda pouvait rivaliser avec les voitures de sport de Porsche et BMW. Des rumeurs de renaissance de la S2000 circulent depuis des ann\u00e9es, certains sugg\u00e9rant que la rempla\u00e7ante arrivera en 2024. L&#8217;ann\u00e9e derni\u00e8re, le constructeur a annonc\u00e9 deux nouvelles voitures de sport \u00e9lectriques qui pourraient arriver dans les ann\u00e9es \u00e0 venir. Il pourrait s&#8217;agir d&#8217;une S2000 aliment\u00e9e par batterie (ce qui risquerait d&#8217;\u00e9nerver les admirateurs inconditionnels) ou m\u00eame d&#8217;une NSX enti\u00e8rement \u00e9lectrique. Bien que cela n&#8217;ait pas \u00e9t\u00e9 confirm\u00e9, les responsables d&#8217;Acura ont d\u00e9clar\u00e9 que la prochaine NSX se d\u00e9barrassera du moteur \u00e0 combustion.<\/p>\n<p>\u00a0<\/p>\n<p>Esp\u00e9rons que le constructeur japonais jugera bon d&#8217;introduire \u00e0 la fois une S2000 et une NSX dans l&#8217;avenir \u00e9lectrique. Esp\u00e9rons seulement que Honda pensera aux amateurs et d\u00e9cidera d\u2019y aller d\u2019un mod\u00e8le \u00e0 combustion interne.<\/p>\n<p>Avec des renseignements de Carbuzz<\/p>\n<p>Le texte <a rel=\"nofollow\" href=\"https:\/\/annuelauto.ca\/honda-prepare-t-il-un-successeur-a-la-s-2000-pour-son-75e-anniversaire\/\">Honda pr\u00e9pare-t-il un successeur \u00e0 la S 2000 pour son 75e anniversaire ?<\/a> provient de <a rel=\"nofollow\" href=\"https:\/\/annuelauto.ca\">L&#8217;annuel de l&#8217;automobile &#8211; Actualit\u00e9 automobile<\/a><\/p>\n<p><\/p>\n","protected":false},"excerpt":{"rendered":"<p>Honda f\u00eate son 75e anniversaire en 2023, et il n&#8217;y a pas de meilleure fa\u00e7on de comm\u00e9morer une \u00e9tape importante dans l&#8217;histoire de l&#8217;automobile que de construire une voiture digne de cet \u00e9v\u00e9nement. La premi\u00e8re S 2000 soulignait les 50 ans de la marque. Quelle plus belle fa\u00e7on de souligner les 75 ans de Honda. [&hellip;]<\/p>\n","protected":false},"author":8,"featured_media":144906,"comment_status":"close","ping_status":"closed","sticky":false,"template":"","format":"standard","meta":{"_monsterinsights_skip_tracking":false,"_monsterinsights_sitenote_active":false,"_monsterinsights_sitenote_note":"","_monsterinsights_sitenote_category":0,"footnotes":""},"categories":[101],"tags":[],"yoast_head":"<!-- This site is optimized with the Yoast SEO plugin v23.2 - https:\/\/yoast.com\/wordpress\/plugins\/seo\/ -->\n<title>Honda pr\u00e9pare-t-il un successeur \u00e0 la S 2000 pour son 75e anniversaire ? - CanadaMotorJobs.com<\/title>\n<meta name=\"description\" content=\"Honda pr\u00e9pare-t-il un successeur \u00e0 la S 2000 pour son 75e anniversaire ? - Benoit Charette - Annuel automobile - CanadaMotorJobs.com.\" \/>\n<meta name=\"robots\" content=\"index, follow, max-snippet:-1, max-image-preview:large, max-video-preview:-1\" \/>\n<meta property=\"og:locale\" content=\"fr_CA\" \/>\n<meta property=\"og:type\" content=\"article\" \/>\n<meta property=\"og:title\" content=\"Honda pr\u00e9pare-t-il un successeur \u00e0 la S 2000 pour son 75e anniversaire ? - CanadaMotorJobs.com\" \/>\n<meta property=\"og:description\" content=\"Honda pr\u00e9pare-t-il un successeur \u00e0 la S 2000 pour son 75e anniversaire ? - Benoit Charette - Annuel automobile - CanadaMotorJobs.com.\" \/>\n<meta property=\"og:url\" content=\"https:\/\/news.canadamotorjobs.com\/fr\/honda-prepare-t-il-un-successeur-a-la-s-2000-pour-son-75e-anniversaire\/\" \/>\n<meta property=\"og:site_name\" content=\"CanadaMotorJobs.com\" \/>\n<meta property=\"article:publisher\" content=\"https:\/\/www.facebook.com\/canadamotorjobs\/\" \/>\n<meta property=\"article:published_time\" content=\"2023-05-15T10:54:40+00:00\" \/>\n<meta property=\"article:modified_time\" content=\"2023-05-15T11:03:21+00:00\" \/>\n<meta property=\"og:image\" content=\"https:\/\/news.canadamotorjobs.com\/wp-content\/uploads\/2023\/05\/i1iUUVMTtqeNNEE.jpg\" \/>\n\t<meta property=\"og:image:width\" content=\"1920\" \/>\n\t<meta property=\"og:image:height\" content=\"1080\" \/>\n\t<meta property=\"og:image:type\" content=\"image\/jpeg\" \/>\n<meta name=\"author\" content=\"Benoit Charette\" \/>\n<meta name=\"twitter:card\" content=\"summary_large_image\" \/>\n<meta name=\"twitter:creator\" content=\"@canadamotorjobs\" \/>\n<meta name=\"twitter:site\" content=\"@canadamotorjobs\" \/>\n<meta name=\"twitter:label1\" content=\"\u00c9crit par\" \/>\n\t<meta name=\"twitter:data1\" content=\"Benoit Charette\" \/>\n\t<meta name=\"twitter:label2\" content=\"Estimation du temps de lecture\" \/>\n\t<meta name=\"twitter:data2\" content=\"1 minute\" \/>\n<!-- \/ Yoast SEO plugin. -->","yoast_head_json":{"title":"Honda pr\u00e9pare-t-il un successeur \u00e0 la S 2000 pour son 75e anniversaire ? - CanadaMotorJobs.com","description":"Honda pr\u00e9pare-t-il un successeur \u00e0 la S 2000 pour son 75e anniversaire ? - Benoit Charette - Annuel automobile - CanadaMotorJobs.com.","robots":{"index":"index","follow":"follow","max-snippet":"max-snippet:-1","max-image-preview":"max-image-preview:large","max-video-preview":"max-video-preview:-1"},"og_locale":"fr_CA","og_type":"article","og_title":"Honda pr\u00e9pare-t-il un successeur \u00e0 la S 2000 pour son 75e anniversaire ? - CanadaMotorJobs.com","og_description":"Honda pr\u00e9pare-t-il un successeur \u00e0 la S 2000 pour son 75e anniversaire ? - Benoit Charette - Annuel automobile - CanadaMotorJobs.com.","og_url":"https:\/\/news.canadamotorjobs.com\/fr\/honda-prepare-t-il-un-successeur-a-la-s-2000-pour-son-75e-anniversaire\/","og_site_name":"CanadaMotorJobs.com","article_publisher":"https:\/\/www.facebook.com\/canadamotorjobs\/","article_published_time":"2023-05-15T10:54:40+00:00","article_modified_time":"2023-05-15T11:03:21+00:00","og_image":[{"width":1920,"height":1080,"url":"https:\/\/news.canadamotorjobs.com\/wp-content\/uploads\/2023\/05\/i1iUUVMTtqeNNEE.jpg","type":"image\/jpeg"}],"author":"Benoit Charette","twitter_card":"summary_large_image","twitter_creator":"@canadamotorjobs","twitter_site":"@canadamotorjobs","twitter_misc":{"\u00c9crit par":"Benoit Charette","Estimation du temps de lecture":"1 minute"},"schema":{"@context":"https:\/\/schema.org","@graph":[{"@type":"Article","@id":"https:\/\/news.canadamotorjobs.com\/fr\/honda-prepare-t-il-un-successeur-a-la-s-2000-pour-son-75e-anniversaire\/#article","isPartOf":{"@id":"https:\/\/news.canadamotorjobs.com\/fr\/honda-prepare-t-il-un-successeur-a-la-s-2000-pour-son-75e-anniversaire\/"},"author":{"name":"Benoit Charette","@id":"https:\/\/news.canadamotorjobs.com\/#\/schema\/person\/51793d1f87d44011d7bcc2ed99269a90"},"headline":"Honda pr\u00e9pare-t-il un successeur \u00e0 la S 2000 pour son 75e anniversaire ?","datePublished":"2023-05-15T10:54:40+00:00","dateModified":"2023-05-15T11:03:21+00:00","mainEntityOfPage":{"@id":"https:\/\/news.canadamotorjobs.com\/fr\/honda-prepare-t-il-un-successeur-a-la-s-2000-pour-son-75e-anniversaire\/"},"wordCount":312,"publisher":{"@id":"https:\/\/news.canadamotorjobs.com\/#organization"},"image":{"@id":"https:\/\/news.canadamotorjobs.com\/fr\/honda-prepare-t-il-un-successeur-a-la-s-2000-pour-son-75e-anniversaire\/#primaryimage"},"thumbnailUrl":"https:\/\/news.canadamotorjobs.com\/wp-content\/uploads\/2023\/05\/i1iUUVMTtqeNNEE.jpg","articleSection":["Annuel automobile"],"inLanguage":"fr-CA"},{"@type":"WebPage","@id":"https:\/\/news.canadamotorjobs.com\/fr\/honda-prepare-t-il-un-successeur-a-la-s-2000-pour-son-75e-anniversaire\/","url":"https:\/\/news.canadamotorjobs.com\/fr\/honda-prepare-t-il-un-successeur-a-la-s-2000-pour-son-75e-anniversaire\/","name":"Honda pr\u00e9pare-t-il un successeur \u00e0 la S 2000 pour son 75e anniversaire ? - CanadaMotorJobs.com","isPartOf":{"@id":"https:\/\/news.canadamotorjobs.com\/#website"},"primaryImageOfPage":{"@id":"https:\/\/news.canadamotorjobs.com\/fr\/honda-prepare-t-il-un-successeur-a-la-s-2000-pour-son-75e-anniversaire\/#primaryimage"},"image":{"@id":"https:\/\/news.canadamotorjobs.com\/fr\/honda-prepare-t-il-un-successeur-a-la-s-2000-pour-son-75e-anniversaire\/#primaryimage"},"thumbnailUrl":"https:\/\/news.canadamotorjobs.com\/wp-content\/uploads\/2023\/05\/i1iUUVMTtqeNNEE.jpg","datePublished":"2023-05-15T10:54:40+00:00","dateModified":"2023-05-15T11:03:21+00:00","description":"Honda pr\u00e9pare-t-il un successeur \u00e0 la S 2000 pour son 75e anniversaire ? - Benoit Charette - Annuel automobile - CanadaMotorJobs.com.","breadcrumb":{"@id":"https:\/\/news.canadamotorjobs.com\/fr\/honda-prepare-t-il-un-successeur-a-la-s-2000-pour-son-75e-anniversaire\/#breadcrumb"},"inLanguage":"fr-CA","potentialAction":[{"@type":"ReadAction","target":["https:\/\/news.canadamotorjobs.com\/fr\/honda-prepare-t-il-un-successeur-a-la-s-2000-pour-son-75e-anniversaire\/"]}]},{"@type":"ImageObject","inLanguage":"fr-CA","@id":"https:\/\/news.canadamotorjobs.com\/fr\/honda-prepare-t-il-un-successeur-a-la-s-2000-pour-son-75e-anniversaire\/#primaryimage","url":"https:\/\/news.canadamotorjobs.com\/wp-content\/uploads\/2023\/05\/i1iUUVMTtqeNNEE.jpg","contentUrl":"https:\/\/news.canadamotorjobs.com\/wp-content\/uploads\/2023\/05\/i1iUUVMTtqeNNEE.jpg","width":1920,"height":1080},{"@type":"BreadcrumbList","@id":"https:\/\/news.canadamotorjobs.com\/fr\/honda-prepare-t-il-un-successeur-a-la-s-2000-pour-son-75e-anniversaire\/#breadcrumb","itemListElement":[{"@type":"ListItem","position":1,"name":"Home","item":"https:\/\/news.canadamotorjobs.com\/fr\/blog\/"},{"@type":"ListItem","position":2,"name":"Honda pr\u00e9pare-t-il un successeur \u00e0 la S 2000 pour son 75e anniversaire ?"}]},{"@type":"WebSite","@id":"https:\/\/news.canadamotorjobs.com\/#website","url":"https:\/\/news.canadamotorjobs.com\/","name":"CanadaMotorJobs.com","description":"Automotive Jobs","publisher":{"@id":"https:\/\/news.canadamotorjobs.com\/#organization"},"potentialAction":[{"@type":"SearchAction","target":{"@type":"EntryPoint","urlTemplate":"https:\/\/news.canadamotorjobs.com\/?s={search_term_string}"},"query-input":"required name=search_term_string"}],"inLanguage":"fr-CA"},{"@type":"Organization","@id":"https:\/\/news.canadamotorjobs.com\/#organization","name":"Canada Motor Jobs","url":"https:\/\/news.canadamotorjobs.com\/","logo":{"@type":"ImageObject","inLanguage":"fr-CA","@id":"https:\/\/news.canadamotorjobs.com\/#\/schema\/logo\/image\/","url":"https:\/\/news.canadamotorjobs.com\/wp-content\/uploads\/2022\/10\/logo-canada-motor-jobs-1.png","contentUrl":"https:\/\/news.canadamotorjobs.com\/wp-content\/uploads\/2022\/10\/logo-canada-motor-jobs-1.png","width":800,"height":400,"caption":"Canada Motor Jobs"},"image":{"@id":"https:\/\/news.canadamotorjobs.com\/#\/schema\/logo\/image\/"},"sameAs":["https:\/\/www.facebook.com\/canadamotorjobs\/","https:\/\/x.com\/canadamotorjobs","https:\/\/www.instagram.com\/canadamotorjobs\/","https:\/\/www.linkedin.com\/company\/canadamotorjobs"]},{"@type":"Person","@id":"https:\/\/news.canadamotorjobs.com\/#\/schema\/person\/51793d1f87d44011d7bcc2ed99269a90","name":"Benoit Charette","image":{"@type":"ImageObject","inLanguage":"fr-CA","@id":"https:\/\/news.canadamotorjobs.com\/#\/schema\/person\/image\/","url":"https:\/\/secure.gravatar.com\/avatar\/45f3d2eebcccd909668d7ce7ea7267b6?s=96&d=mm&r=g","contentUrl":"https:\/\/secure.gravatar.com\/avatar\/45f3d2eebcccd909668d7ce7ea7267b6?s=96&d=mm&r=g","caption":"Benoit Charette"},"description":"Benoit Charette \/ Propri\u00e9taire et r\u00e9dacteur en chef Benoit Charette pratique le journalisme automobile depuis bient\u00f4t 30 ans. Il a fait ses classes au c\u00f4t\u00e9 de Daniel H\u00e9raud et au Carnet de route de 1992 \u00e0 2001. Il est fondateur, copropri\u00e9taire et r\u00e9dacteur en chef de L\u2019Annuel de l\u2019automobile, qu\u2019il publie depuis 2001. Il a anim\u00e9 les \u00e9missions RPM et RPM+ sur V et les L\u00e9gendes de la route sur Historia. \u00c0 la radio depuis 1986, il reprend l\u2019antenne cette ann\u00e9e sur les ondes de Cogeco et participe pour la deuxi\u00e8me ann\u00e9e \u00e0 l\u2019\u00e9mission Passion Auto sur RDS en plus de mettre en ligne le site Web officiel de L\u2019Annuel de l\u2019automobile sur annuelauto.ca.","sameAs":["https:\/\/annuelauto.ca\/"],"url":"https:\/\/news.canadamotorjobs.com\/fr\/author\/benoit-charette\/"}]}},"_links":{"self":[{"href":"https:\/\/news.canadamotorjobs.com\/fr\/wp-json\/wp\/v2\/posts\/144904"}],"collection":[{"href":"https:\/\/news.canadamotorjobs.com\/fr\/wp-json\/wp\/v2\/posts"}],"about":[{"href":"https:\/\/news.canadamotorjobs.com\/fr\/wp-json\/wp\/v2\/types\/post"}],"author":[{"embeddable":true,"href":"https:\/\/news.canadamotorjobs.com\/fr\/wp-json\/wp\/v2\/users\/8"}],"replies":[{"embeddable":true,"href":"https:\/\/news.canadamotorjobs.com\/fr\/wp-json\/wp\/v2\/comments?post=144904"}],"version-history":[{"count":2,"href":"https:\/\/news.canadamotorjobs.com\/fr\/wp-json\/wp\/v2\/posts\/144904\/revisions"}],"predecessor-version":[{"id":144908,"href":"https:\/\/news.canadamotorjobs.com\/fr\/wp-json\/wp\/v2\/posts\/144904\/revisions\/144908"}],"wp:featuredmedia":[{"embeddable":true,"href":"https:\/\/news.canadamotorjobs.com\/fr\/wp-json\/wp\/v2\/media\/144906"}],"wp:attachment":[{"href":"https:\/\/news.canadamotorjobs.com\/fr\/wp-json\/wp\/v2\/media?parent=144904"}],"wp:term":[{"taxonomy":"category","embeddable":true,"href":"https:\/\/news.canadamotorjobs.com\/fr\/wp-json\/wp\/v2\/categories?post=144904"},{"taxonomy":"post_tag","embeddable":true,"href":"https:\/\/news.canadamotorjobs.com\/fr\/wp-json\/wp\/v2\/tags?post=144904"}],"curies":[{"name":"wp","href":"https:\/\/api.w.org\/{rel}","templated":true}]}}