{"id":144812,"date":"2023-05-12T05:37:14","date_gmt":"2023-05-12T09:37:14","guid":{"rendered":"https:\/\/news.canadamotorjobs.com\/?p=144812"},"modified":"2023-05-12T05:45:32","modified_gmt":"2023-05-12T09:45:32","slug":"un-grand-nombre-de-concessionnaires-automobiles-americains-ne-veulent-pas-vendre-de-vehicules-electriques","status":"publish","type":"post","link":"https:\/\/news.canadamotorjobs.com\/fr\/un-grand-nombre-de-concessionnaires-automobiles-americains-ne-veulent-pas-vendre-de-vehicules-electriques\/","title":{"rendered":"Un grand nombre de concessionnaires automobiles am\u00e9ricains ne veulent pas vendre de v\u00e9hicules \u00e9lectriques"},"content":{"rendered":"<\/p>\n<p>Cette affirmation provient d\u2019une \u00e9tude mise sur pied par le Sierra Club aux \u00c9tats-Unis<\/p>\n<h3>Les pr\u00e9misses<\/h3>\n<p>\nCette enqu\u00eate qui s&#8217;intitule \u00ab\u00a0Rev Up Electric Vehicles : A Nationwide Study of the Electric Vehicle Shopping Experience\u00a0\u00bb a \u00e9t\u00e9 con\u00e7ue pour mieux comprendre le march\u00e9 des v\u00e9hicules \u00e9lectriques et la mani\u00e8re dont les concessionnaires s&#8217;adaptent \u00e0 l&#8217;\u00e9volution du march\u00e9. Au total, 800 concessionnaires ont particip\u00e9 \u00e0 l&#8217;enqu\u00eate dans les 50 \u00c9tats am\u00e9ricains.<\/p>\n<h3>Des r\u00e9sultats int\u00e9ressants<\/h3>\n<p>\nEn discutant avec les concessionnaires, 66\u00a0% d\u2019entre eux n&#8217;ont m\u00eame pas de v\u00e9hicules \u00e9lectriques \u00e0 vendre en ce moment, et 45\u00a0% ont d\u00e9clar\u00e9 qu&#8217;ils ne proposeraient pas de v\u00e9hicules \u00e9lectriques m\u00eame s&#8217;ils en avaient en stock. \u00c0 l&#8217;inverse, 44\u00a0% des concessionnaires d\u00e9clarent qu&#8217;ils vendraient des V\u00c9S s&#8217;ils les avaient en stock.<\/p>\n<h3>Pourquoi ce manque d\u2019int\u00e9r\u00eat<\/h3>\n<p>\nLes changements sont difficiles, mais la r\u00e9ponse des concessionnaires est plus logique. \u00ab\u00a0Nous devons d&#8217;abord installer des chargeurs avant que le constructeur automobile ne nous envoie des V\u00c9S \u00e0 vendre. Il est difficile d\u2019avoir des mod\u00e8les et le changement d\u2019orientation d\u2019une concession co\u00fbte des millions de dollars aux propri\u00e9taires. L&#8217;enqu\u00eate a compar\u00e9 les r\u00e9sultats de cinq r\u00e9gions : nord-est (11 \u00c9tats plus DC), sud-est (12 \u00c9tats), Ouest (11 \u00c9tats), sud-ouest (quatre \u00c9tats), et Midwest (12 \u00c9tats). Il s&#8217;av\u00e8re que seuls 27\u00a0% des concessionnaires de la r\u00e9gion ouest (qui comprend la Californie, adepte des V\u00c9S) disposaient d&#8217;un V\u00c9 \u00e0 vendre, soit le taux de disponibilit\u00e9 le plus faible de toutes les r\u00e9gions. Cette r\u00e9gion a n\u00e9anmoins vendu plus de V\u00c9S que le reste du pays. Elle a repr\u00e9sent\u00e9 45\u00a0% (423\u00a0993) de toutes les ventes de VE l&#8217;ann\u00e9e derni\u00e8re.<\/p>\n<p>L&#8217;organisation conclut que la faible disponibilit\u00e9 des V\u00c9S est le r\u00e9sultat direct de la rotation des ventes et de la forte demande des consommateurs. Le Sud-Est, quant \u00e0 lui, affiche le pourcentage le plus \u00e9lev\u00e9 de V\u00c9 \u00e0 vendre, soit 41\u00a0%, avec 158\u00a0777 unit\u00e9s vendues. Cela repr\u00e9sente 17\u00a0% de toutes les ventes de V\u00c9S au niveau national.<\/p>\n<p>Il est \u00e9galement important de rappeler que certains \u00c9tats n&#8217;autorisent pas la vente directe de V\u00c9S, comme Tesla, Rivian et Lucid. Cela affecte \u00e9videmment les ventes. Les \u00c9tats qui autorisent les ventes directes repr\u00e9sentaient 65\u00a0% de tous les V\u00c9S vendus dans le pays en 2022. Les concessionnaires de 13 \u00c9tats dot\u00e9s de programmes de v\u00e9hicules z\u00e9ro \u00e9mission (ZEV) ont d\u00e9clar\u00e9 qu&#8217;ils \u00e9taient heureux de vendre des V\u00c9S, mais que les p\u00e9nuries de stocks les emp\u00eachaient de le faire. Ce point est important, car l&#8217;enqu\u00eate a r\u00e9v\u00e9l\u00e9 que les \u00c9tats dot\u00e9s de programmes VZE repr\u00e9sentent 61\u00a0% des ventes totales de VE en Am\u00e9rique, ce qui n&#8217;est pas surprenant.<\/p>\n<p>Enfin, l&#8217;enqu\u00eate a r\u00e9v\u00e9l\u00e9 que les concessionnaires Mercedes-Benz avaient la meilleure disponibilit\u00e9 de VE (90\u00a0%), tandis que Toyota et Honda avaient la pire (15\u00a0% et 11\u00a0%, respectivement).<\/p>\n<h3>Pendant ce temps au Canada<\/h3>\n<p>\nLe Qu\u00e9bec a enregistr\u00e9 le plus grand nombre d&#8217;immatriculations de VZE au quatri\u00e8me trimestre 2022 (12 153), suivi de l&#8217;Ontario (10 982) et de la Colombie-Britannique (7 558). Le Manitoba et le Nouveau-Brunswick suivent avec respectivement 298 et 248. La Saskatchewan a ajout\u00e9 178 nouvelles immatriculations et le Manitoba seulement 54.<\/p>\n<p>Le Yukon et les Territoires du Nord-Ouest sont les seules juridictions \u00e0 avoir atteint ou d\u00e9pass\u00e9 leurs chiffres du trimestre pr\u00e9c\u00e9dent. Le Yukon a enregistr\u00e9 30 nouvelles immatriculations (contre 25 au troisi\u00e8me trimestre) et les Territoires du Nord-Ouest sont rest\u00e9s stables avec 6 nouvelles immatriculations de ZEV, soit le m\u00eame nombre qu&#8217;au troisi\u00e8me trimestre.<\/p>\n<p>Avec des renseignements de Carbuzz<\/p>\n<p>\u00a0<\/p>\n<p>Le texte <a rel=\"nofollow\" href=\"https:\/\/annuelauto.ca\/un-grand-nombre-de-concessionnaires-automobiles-americains-ne-veulent-pas-vendre-de-vehicules-electriques\/\">Un grand nombre de concessionnaires automobiles am\u00e9ricains ne veulent pas vendre de v\u00e9hicules \u00e9lectriques<\/a> provient de <a rel=\"nofollow\" href=\"https:\/\/annuelauto.ca\">L&#8217;annuel de l&#8217;automobile &#8211; Actualit\u00e9 automobile<\/a><\/p>\n<p><\/p>\n","protected":false},"excerpt":{"rendered":"<p>Cette affirmation provient d\u2019une \u00e9tude mise sur pied par le Sierra Club aux \u00c9tats-Unis Les pr\u00e9misses Cette enqu\u00eate qui s&#8217;intitule \u00ab\u00a0Rev Up Electric Vehicles : A Nationwide Study of the Electric Vehicle Shopping Experience\u00a0\u00bb a \u00e9t\u00e9 con\u00e7ue pour mieux comprendre le march\u00e9 des v\u00e9hicules \u00e9lectriques et la mani\u00e8re dont les concessionnaires s&#8217;adaptent \u00e0 l&#8217;\u00e9volution du [&hellip;]<\/p>\n","protected":false},"author":8,"featured_media":144814,"comment_status":"close","ping_status":"closed","sticky":false,"template":"","format":"standard","meta":{"_monsterinsights_skip_tracking":false,"_monsterinsights_sitenote_active":false,"_monsterinsights_sitenote_note":"","_monsterinsights_sitenote_category":0,"footnotes":""},"categories":[101],"tags":[],"yoast_head":"<!-- This site is optimized with the Yoast SEO plugin v23.2 - https:\/\/yoast.com\/wordpress\/plugins\/seo\/ -->\n<title>Un grand nombre de concessionnaires automobiles am\u00e9ricains ne veulent pas vendre de v\u00e9hicules \u00e9lectriques - CanadaMotorJobs.com<\/title>\n<meta name=\"description\" content=\"Un grand nombre de concessionnaires automobiles am\u00e9ricains ne veulent pas vendre de v\u00e9hicules \u00e9lectriques - Benoit Charette - Annuel automobile - CanadaMotorJobs.com.\" \/>\n<meta name=\"robots\" content=\"index, follow, max-snippet:-1, max-image-preview:large, max-video-preview:-1\" \/>\n<meta property=\"og:locale\" content=\"fr_CA\" \/>\n<meta property=\"og:type\" content=\"article\" \/>\n<meta property=\"og:title\" content=\"Un grand nombre de concessionnaires automobiles am\u00e9ricains ne veulent pas vendre de v\u00e9hicules \u00e9lectriques - CanadaMotorJobs.com\" \/>\n<meta property=\"og:description\" content=\"Un grand nombre de concessionnaires automobiles am\u00e9ricains ne veulent pas vendre de v\u00e9hicules \u00e9lectriques - Benoit Charette - Annuel automobile - CanadaMotorJobs.com.\" \/>\n<meta property=\"og:url\" content=\"https:\/\/news.canadamotorjobs.com\/fr\/un-grand-nombre-de-concessionnaires-automobiles-americains-ne-veulent-pas-vendre-de-vehicules-electriques\/\" \/>\n<meta property=\"og:site_name\" content=\"CanadaMotorJobs.com\" \/>\n<meta property=\"article:publisher\" content=\"https:\/\/www.facebook.com\/canadamotorjobs\/\" \/>\n<meta property=\"article:published_time\" content=\"2023-05-12T09:37:14+00:00\" \/>\n<meta property=\"article:modified_time\" content=\"2023-05-12T09:45:32+00:00\" \/>\n<meta property=\"og:image\" content=\"https:\/\/news.canadamotorjobs.com\/wp-content\/uploads\/2023\/05\/Jeep-Charging.jpg\" \/>\n\t<meta property=\"og:image:width\" content=\"1200\" \/>\n\t<meta property=\"og:image:height\" content=\"630\" \/>\n\t<meta property=\"og:image:type\" content=\"image\/jpeg\" \/>\n<meta name=\"author\" content=\"Benoit Charette\" \/>\n<meta name=\"twitter:card\" content=\"summary_large_image\" \/>\n<meta name=\"twitter:creator\" content=\"@canadamotorjobs\" \/>\n<meta name=\"twitter:site\" content=\"@canadamotorjobs\" \/>\n<meta name=\"twitter:label1\" content=\"\u00c9crit par\" \/>\n\t<meta name=\"twitter:data1\" content=\"Benoit Charette\" \/>\n\t<meta name=\"twitter:label2\" content=\"Estimation du temps de lecture\" \/>\n\t<meta name=\"twitter:data2\" content=\"3 minutes\" \/>\n<!-- \/ Yoast SEO plugin. -->","yoast_head_json":{"title":"Un grand nombre de concessionnaires automobiles am\u00e9ricains ne veulent pas vendre de v\u00e9hicules \u00e9lectriques - CanadaMotorJobs.com","description":"Un grand nombre de concessionnaires automobiles am\u00e9ricains ne veulent pas vendre de v\u00e9hicules \u00e9lectriques - Benoit Charette - Annuel automobile - CanadaMotorJobs.com.","robots":{"index":"index","follow":"follow","max-snippet":"max-snippet:-1","max-image-preview":"max-image-preview:large","max-video-preview":"max-video-preview:-1"},"og_locale":"fr_CA","og_type":"article","og_title":"Un grand nombre de concessionnaires automobiles am\u00e9ricains ne veulent pas vendre de v\u00e9hicules \u00e9lectriques - CanadaMotorJobs.com","og_description":"Un grand nombre de concessionnaires automobiles am\u00e9ricains ne veulent pas vendre de v\u00e9hicules \u00e9lectriques - Benoit Charette - Annuel automobile - CanadaMotorJobs.com.","og_url":"https:\/\/news.canadamotorjobs.com\/fr\/un-grand-nombre-de-concessionnaires-automobiles-americains-ne-veulent-pas-vendre-de-vehicules-electriques\/","og_site_name":"CanadaMotorJobs.com","article_publisher":"https:\/\/www.facebook.com\/canadamotorjobs\/","article_published_time":"2023-05-12T09:37:14+00:00","article_modified_time":"2023-05-12T09:45:32+00:00","og_image":[{"width":1200,"height":630,"url":"https:\/\/news.canadamotorjobs.com\/wp-content\/uploads\/2023\/05\/Jeep-Charging.jpg","type":"image\/jpeg"}],"author":"Benoit Charette","twitter_card":"summary_large_image","twitter_creator":"@canadamotorjobs","twitter_site":"@canadamotorjobs","twitter_misc":{"\u00c9crit par":"Benoit Charette","Estimation du temps de lecture":"3 minutes"},"schema":{"@context":"https:\/\/schema.org","@graph":[{"@type":"Article","@id":"https:\/\/news.canadamotorjobs.com\/fr\/un-grand-nombre-de-concessionnaires-automobiles-americains-ne-veulent-pas-vendre-de-vehicules-electriques\/#article","isPartOf":{"@id":"https:\/\/news.canadamotorjobs.com\/fr\/un-grand-nombre-de-concessionnaires-automobiles-americains-ne-veulent-pas-vendre-de-vehicules-electriques\/"},"author":{"name":"Benoit Charette","@id":"https:\/\/news.canadamotorjobs.com\/#\/schema\/person\/51793d1f87d44011d7bcc2ed99269a90"},"headline":"Un grand nombre de concessionnaires automobiles am\u00e9ricains ne veulent pas vendre de v\u00e9hicules \u00e9lectriques","datePublished":"2023-05-12T09:37:14+00:00","dateModified":"2023-05-12T09:45:32+00:00","mainEntityOfPage":{"@id":"https:\/\/news.canadamotorjobs.com\/fr\/un-grand-nombre-de-concessionnaires-automobiles-americains-ne-veulent-pas-vendre-de-vehicules-electriques\/"},"wordCount":666,"publisher":{"@id":"https:\/\/news.canadamotorjobs.com\/#organization"},"image":{"@id":"https:\/\/news.canadamotorjobs.com\/fr\/un-grand-nombre-de-concessionnaires-automobiles-americains-ne-veulent-pas-vendre-de-vehicules-electriques\/#primaryimage"},"thumbnailUrl":"https:\/\/news.canadamotorjobs.com\/wp-content\/uploads\/2023\/05\/Jeep-Charging.jpg","articleSection":["Annuel automobile"],"inLanguage":"fr-CA"},{"@type":"WebPage","@id":"https:\/\/news.canadamotorjobs.com\/fr\/un-grand-nombre-de-concessionnaires-automobiles-americains-ne-veulent-pas-vendre-de-vehicules-electriques\/","url":"https:\/\/news.canadamotorjobs.com\/fr\/un-grand-nombre-de-concessionnaires-automobiles-americains-ne-veulent-pas-vendre-de-vehicules-electriques\/","name":"Un grand nombre de concessionnaires automobiles am\u00e9ricains ne veulent pas vendre de v\u00e9hicules \u00e9lectriques - CanadaMotorJobs.com","isPartOf":{"@id":"https:\/\/news.canadamotorjobs.com\/#website"},"primaryImageOfPage":{"@id":"https:\/\/news.canadamotorjobs.com\/fr\/un-grand-nombre-de-concessionnaires-automobiles-americains-ne-veulent-pas-vendre-de-vehicules-electriques\/#primaryimage"},"image":{"@id":"https:\/\/news.canadamotorjobs.com\/fr\/un-grand-nombre-de-concessionnaires-automobiles-americains-ne-veulent-pas-vendre-de-vehicules-electriques\/#primaryimage"},"thumbnailUrl":"https:\/\/news.canadamotorjobs.com\/wp-content\/uploads\/2023\/05\/Jeep-Charging.jpg","datePublished":"2023-05-12T09:37:14+00:00","dateModified":"2023-05-12T09:45:32+00:00","description":"Un grand nombre de concessionnaires automobiles am\u00e9ricains ne veulent pas vendre de v\u00e9hicules \u00e9lectriques - Benoit Charette - Annuel automobile - CanadaMotorJobs.com.","breadcrumb":{"@id":"https:\/\/news.canadamotorjobs.com\/fr\/un-grand-nombre-de-concessionnaires-automobiles-americains-ne-veulent-pas-vendre-de-vehicules-electriques\/#breadcrumb"},"inLanguage":"fr-CA","potentialAction":[{"@type":"ReadAction","target":["https:\/\/news.canadamotorjobs.com\/fr\/un-grand-nombre-de-concessionnaires-automobiles-americains-ne-veulent-pas-vendre-de-vehicules-electriques\/"]}]},{"@type":"ImageObject","inLanguage":"fr-CA","@id":"https:\/\/news.canadamotorjobs.com\/fr\/un-grand-nombre-de-concessionnaires-automobiles-americains-ne-veulent-pas-vendre-de-vehicules-electriques\/#primaryimage","url":"https:\/\/news.canadamotorjobs.com\/wp-content\/uploads\/2023\/05\/Jeep-Charging.jpg","contentUrl":"https:\/\/news.canadamotorjobs.com\/wp-content\/uploads\/2023\/05\/Jeep-Charging.jpg","width":1200,"height":630},{"@type":"BreadcrumbList","@id":"https:\/\/news.canadamotorjobs.com\/fr\/un-grand-nombre-de-concessionnaires-automobiles-americains-ne-veulent-pas-vendre-de-vehicules-electriques\/#breadcrumb","itemListElement":[{"@type":"ListItem","position":1,"name":"Home","item":"https:\/\/news.canadamotorjobs.com\/fr\/blog\/"},{"@type":"ListItem","position":2,"name":"Un grand nombre de concessionnaires automobiles am\u00e9ricains ne veulent pas vendre de v\u00e9hicules \u00e9lectriques"}]},{"@type":"WebSite","@id":"https:\/\/news.canadamotorjobs.com\/#website","url":"https:\/\/news.canadamotorjobs.com\/","name":"CanadaMotorJobs.com","description":"Automotive Jobs","publisher":{"@id":"https:\/\/news.canadamotorjobs.com\/#organization"},"potentialAction":[{"@type":"SearchAction","target":{"@type":"EntryPoint","urlTemplate":"https:\/\/news.canadamotorjobs.com\/?s={search_term_string}"},"query-input":"required name=search_term_string"}],"inLanguage":"fr-CA"},{"@type":"Organization","@id":"https:\/\/news.canadamotorjobs.com\/#organization","name":"Canada Motor Jobs","url":"https:\/\/news.canadamotorjobs.com\/","logo":{"@type":"ImageObject","inLanguage":"fr-CA","@id":"https:\/\/news.canadamotorjobs.com\/#\/schema\/logo\/image\/","url":"https:\/\/news.canadamotorjobs.com\/wp-content\/uploads\/2022\/10\/logo-canada-motor-jobs-1.png","contentUrl":"https:\/\/news.canadamotorjobs.com\/wp-content\/uploads\/2022\/10\/logo-canada-motor-jobs-1.png","width":800,"height":400,"caption":"Canada Motor Jobs"},"image":{"@id":"https:\/\/news.canadamotorjobs.com\/#\/schema\/logo\/image\/"},"sameAs":["https:\/\/www.facebook.com\/canadamotorjobs\/","https:\/\/x.com\/canadamotorjobs","https:\/\/www.instagram.com\/canadamotorjobs\/","https:\/\/www.linkedin.com\/company\/canadamotorjobs"]},{"@type":"Person","@id":"https:\/\/news.canadamotorjobs.com\/#\/schema\/person\/51793d1f87d44011d7bcc2ed99269a90","name":"Benoit Charette","image":{"@type":"ImageObject","inLanguage":"fr-CA","@id":"https:\/\/news.canadamotorjobs.com\/#\/schema\/person\/image\/","url":"https:\/\/secure.gravatar.com\/avatar\/45f3d2eebcccd909668d7ce7ea7267b6?s=96&d=mm&r=g","contentUrl":"https:\/\/secure.gravatar.com\/avatar\/45f3d2eebcccd909668d7ce7ea7267b6?s=96&d=mm&r=g","caption":"Benoit Charette"},"description":"Benoit Charette \/ Propri\u00e9taire et r\u00e9dacteur en chef Benoit Charette pratique le journalisme automobile depuis bient\u00f4t 30 ans. Il a fait ses classes au c\u00f4t\u00e9 de Daniel H\u00e9raud et au Carnet de route de 1992 \u00e0 2001. Il est fondateur, copropri\u00e9taire et r\u00e9dacteur en chef de L\u2019Annuel de l\u2019automobile, qu\u2019il publie depuis 2001. Il a anim\u00e9 les \u00e9missions RPM et RPM+ sur V et les L\u00e9gendes de la route sur Historia. \u00c0 la radio depuis 1986, il reprend l\u2019antenne cette ann\u00e9e sur les ondes de Cogeco et participe pour la deuxi\u00e8me ann\u00e9e \u00e0 l\u2019\u00e9mission Passion Auto sur RDS en plus de mettre en ligne le site Web officiel de L\u2019Annuel de l\u2019automobile sur annuelauto.ca.","sameAs":["https:\/\/annuelauto.ca\/"],"url":"https:\/\/news.canadamotorjobs.com\/fr\/author\/benoit-charette\/"}]}},"_links":{"self":[{"href":"https:\/\/news.canadamotorjobs.com\/fr\/wp-json\/wp\/v2\/posts\/144812"}],"collection":[{"href":"https:\/\/news.canadamotorjobs.com\/fr\/wp-json\/wp\/v2\/posts"}],"about":[{"href":"https:\/\/news.canadamotorjobs.com\/fr\/wp-json\/wp\/v2\/types\/post"}],"author":[{"embeddable":true,"href":"https:\/\/news.canadamotorjobs.com\/fr\/wp-json\/wp\/v2\/users\/8"}],"replies":[{"embeddable":true,"href":"https:\/\/news.canadamotorjobs.com\/fr\/wp-json\/wp\/v2\/comments?post=144812"}],"version-history":[{"count":2,"href":"https:\/\/news.canadamotorjobs.com\/fr\/wp-json\/wp\/v2\/posts\/144812\/revisions"}],"predecessor-version":[{"id":144816,"href":"https:\/\/news.canadamotorjobs.com\/fr\/wp-json\/wp\/v2\/posts\/144812\/revisions\/144816"}],"wp:featuredmedia":[{"embeddable":true,"href":"https:\/\/news.canadamotorjobs.com\/fr\/wp-json\/wp\/v2\/media\/144814"}],"wp:attachment":[{"href":"https:\/\/news.canadamotorjobs.com\/fr\/wp-json\/wp\/v2\/media?parent=144812"}],"wp:term":[{"taxonomy":"category","embeddable":true,"href":"https:\/\/news.canadamotorjobs.com\/fr\/wp-json\/wp\/v2\/categories?post=144812"},{"taxonomy":"post_tag","embeddable":true,"href":"https:\/\/news.canadamotorjobs.com\/fr\/wp-json\/wp\/v2\/tags?post=144812"}],"curies":[{"name":"wp","href":"https:\/\/api.w.org\/{rel}","templated":true}]}}