{"id":144785,"date":"2023-05-11T16:40:51","date_gmt":"2023-05-11T20:40:51","guid":{"rendered":"https:\/\/news.canadamotorjobs.com\/?p=144785"},"modified":"2023-05-11T16:44:38","modified_gmt":"2023-05-11T20:44:38","slug":"la-lamborghini-huracan-est-officiellement-morte","status":"publish","type":"post","link":"https:\/\/news.canadamotorjobs.com\/fr\/la-lamborghini-huracan-est-officiellement-morte\/","title":{"rendered":"La Lamborghini Huracan est officiellement morte"},"content":{"rendered":"<\/p>\n<p>Lamborghini a annonc\u00e9 que les Huracan Evo et Huracan Evo Spyder sont officiellemen toutes vendues. Le constructeur italien a discr\u00e8tement gliss\u00e9 la nouvelle dans un communiqu\u00e9 de presse sur les ventes du premier trimestre, et informe les amateurs qui le mod\u00e8le n\u2019est plus disponible<\/p>\n<h3>La fin d\u2019une \u00e9poque<\/h3>\n<p>\nLa Huracan sera la derni\u00e8re sportive \u00e0 quitter Sant&#8217;Agata Bolognese sans moteur \u00e9lectrifi\u00e9. En d\u00e9but d&#8217;ann\u00e9e, le constructeur a d\u00e9voil\u00e9 la Revuelto, successeur de l&#8217;Aventador, qui dispose d&#8217;un moteur V12 \u00e9lectrifi\u00e9. Nous savon qu\u2019il y aura une suite \u00e0 l\u2019Huracan. Les rumeurs sugg\u00e8rent un moteur V8 hybride rechargeable, ce qui signifie que l&#8217;embl\u00e9matique moteur V10 sera mis au rancart. La soci\u00e9t\u00e9 a d\u00e9j\u00e0 confirm\u00e9 qu&#8217;\u00e0 partir de 2024, toutes les nouvelles Lamborghini seront \u00e9lectrifi\u00e9es d&#8217;une mani\u00e8re ou d&#8217;une autre.<\/p>\n<h3>Presque 10 ans sur le march\u00e9<\/h3>\n<p>\nR\u00e9v\u00e9l\u00e9e pour la premi\u00e8re fois en 2014, la Huracan a b\u00e9n\u00e9fici\u00e9 d&#8217;une longue p\u00e9riode de production. Au cours de cette p\u00e9riode, elle a donn\u00e9 naissance \u00e0 plusieurs \u00e9ditions sp\u00e9ciales, la plus r\u00e9cente \u00e9tant la Sterrato. La rempla\u00e7ante de la Huracan n&#8217;utilisera pas le V8 biturbo employ\u00e9 par l&#8217;Urus et plusieurs autres voitures hautes performances du groupe Volkswagen. Il aura probablement plus en commun avec le V8 biturbo hybride que Lamborghini construit pour Le Mans 2024. Il est presque certain que le mod\u00e8le de remplacement conna\u00eetra le m\u00eame succ\u00e8s que la Huracan, contribuant ainsi aux fortes ventes de Lamborghini. Au cours du premier trimestre 2023, la marque a \u00e9coul\u00e9 2 623 voitures, ce qui en fait le meilleur premier trimestre de son histoire.<\/p>\n<p>Avec des renseignements de CarBuzz<\/p>\n<p>Le texte <a rel=\"nofollow\" href=\"https:\/\/annuelauto.ca\/la-lamborghini-huracan-est-officiellement-morte\/\">La Lamborghini Huracan est officiellement morte<\/a> provient de <a rel=\"nofollow\" href=\"https:\/\/annuelauto.ca\">L&#8217;annuel de l&#8217;automobile &#8211; Actualit\u00e9 automobile<\/a><\/p>\n<p><\/p>\n","protected":false},"excerpt":{"rendered":"<p>Lamborghini a annonc\u00e9 que les Huracan Evo et Huracan Evo Spyder sont officiellemen toutes vendues. Le constructeur italien a discr\u00e8tement gliss\u00e9 la nouvelle dans un communiqu\u00e9 de presse sur les ventes du premier trimestre, et informe les amateurs qui le mod\u00e8le n\u2019est plus disponible La fin d\u2019une \u00e9poque La Huracan sera la derni\u00e8re sportive \u00e0 [&hellip;]<\/p>\n","protected":false},"author":8,"featured_media":144787,"comment_status":"close","ping_status":"closed","sticky":false,"template":"","format":"standard","meta":{"_monsterinsights_skip_tracking":false,"_monsterinsights_sitenote_active":false,"_monsterinsights_sitenote_note":"","_monsterinsights_sitenote_category":0,"footnotes":""},"categories":[101],"tags":[],"yoast_head":"<!-- This site is optimized with the Yoast SEO plugin v23.2 - https:\/\/yoast.com\/wordpress\/plugins\/seo\/ -->\n<title>La Lamborghini Huracan est officiellement morte - CanadaMotorJobs.com<\/title>\n<meta name=\"description\" content=\"La Lamborghini Huracan est officiellement morte - Benoit Charette - Annuel automobile - CanadaMotorJobs.com.\" \/>\n<meta name=\"robots\" content=\"index, follow, max-snippet:-1, max-image-preview:large, max-video-preview:-1\" \/>\n<meta property=\"og:locale\" content=\"fr_CA\" \/>\n<meta property=\"og:type\" content=\"article\" \/>\n<meta property=\"og:title\" content=\"La Lamborghini Huracan est officiellement morte - CanadaMotorJobs.com\" \/>\n<meta property=\"og:description\" content=\"La Lamborghini Huracan est officiellement morte - Benoit Charette - Annuel automobile - CanadaMotorJobs.com.\" \/>\n<meta property=\"og:url\" content=\"https:\/\/news.canadamotorjobs.com\/fr\/la-lamborghini-huracan-est-officiellement-morte\/\" \/>\n<meta property=\"og:site_name\" content=\"CanadaMotorJobs.com\" \/>\n<meta property=\"article:publisher\" content=\"https:\/\/www.facebook.com\/canadamotorjobs\/\" \/>\n<meta property=\"article:published_time\" content=\"2023-05-11T20:40:51+00:00\" \/>\n<meta property=\"article:modified_time\" content=\"2023-05-11T20:44:38+00:00\" \/>\n<meta property=\"og:image\" content=\"https:\/\/news.canadamotorjobs.com\/wp-content\/uploads\/2023\/05\/Huracan.jpeg\" \/>\n\t<meta property=\"og:image:width\" content=\"1920\" \/>\n\t<meta property=\"og:image:height\" content=\"1200\" \/>\n\t<meta property=\"og:image:type\" content=\"image\/jpeg\" \/>\n<meta name=\"author\" content=\"Benoit Charette\" \/>\n<meta name=\"twitter:card\" content=\"summary_large_image\" \/>\n<meta name=\"twitter:creator\" content=\"@canadamotorjobs\" \/>\n<meta name=\"twitter:site\" content=\"@canadamotorjobs\" \/>\n<meta name=\"twitter:label1\" content=\"\u00c9crit par\" \/>\n\t<meta name=\"twitter:data1\" content=\"Benoit Charette\" \/>\n\t<meta name=\"twitter:label2\" content=\"Estimation du temps de lecture\" \/>\n\t<meta name=\"twitter:data2\" content=\"1 minute\" \/>\n<!-- \/ Yoast SEO plugin. -->","yoast_head_json":{"title":"La Lamborghini Huracan est officiellement morte - CanadaMotorJobs.com","description":"La Lamborghini Huracan est officiellement morte - Benoit Charette - Annuel automobile - CanadaMotorJobs.com.","robots":{"index":"index","follow":"follow","max-snippet":"max-snippet:-1","max-image-preview":"max-image-preview:large","max-video-preview":"max-video-preview:-1"},"og_locale":"fr_CA","og_type":"article","og_title":"La Lamborghini Huracan est officiellement morte - CanadaMotorJobs.com","og_description":"La Lamborghini Huracan est officiellement morte - Benoit Charette - Annuel automobile - CanadaMotorJobs.com.","og_url":"https:\/\/news.canadamotorjobs.com\/fr\/la-lamborghini-huracan-est-officiellement-morte\/","og_site_name":"CanadaMotorJobs.com","article_publisher":"https:\/\/www.facebook.com\/canadamotorjobs\/","article_published_time":"2023-05-11T20:40:51+00:00","article_modified_time":"2023-05-11T20:44:38+00:00","og_image":[{"width":1920,"height":1200,"url":"https:\/\/news.canadamotorjobs.com\/wp-content\/uploads\/2023\/05\/Huracan.jpeg","type":"image\/jpeg"}],"author":"Benoit Charette","twitter_card":"summary_large_image","twitter_creator":"@canadamotorjobs","twitter_site":"@canadamotorjobs","twitter_misc":{"\u00c9crit par":"Benoit Charette","Estimation du temps de lecture":"1 minute"},"schema":{"@context":"https:\/\/schema.org","@graph":[{"@type":"Article","@id":"https:\/\/news.canadamotorjobs.com\/fr\/la-lamborghini-huracan-est-officiellement-morte\/#article","isPartOf":{"@id":"https:\/\/news.canadamotorjobs.com\/fr\/la-lamborghini-huracan-est-officiellement-morte\/"},"author":{"name":"Benoit Charette","@id":"https:\/\/news.canadamotorjobs.com\/#\/schema\/person\/51793d1f87d44011d7bcc2ed99269a90"},"headline":"La Lamborghini Huracan est officiellement morte","datePublished":"2023-05-11T20:40:51+00:00","dateModified":"2023-05-11T20:44:38+00:00","mainEntityOfPage":{"@id":"https:\/\/news.canadamotorjobs.com\/fr\/la-lamborghini-huracan-est-officiellement-morte\/"},"wordCount":314,"publisher":{"@id":"https:\/\/news.canadamotorjobs.com\/#organization"},"image":{"@id":"https:\/\/news.canadamotorjobs.com\/fr\/la-lamborghini-huracan-est-officiellement-morte\/#primaryimage"},"thumbnailUrl":"https:\/\/news.canadamotorjobs.com\/wp-content\/uploads\/2023\/05\/Huracan.jpeg","articleSection":["Annuel automobile"],"inLanguage":"fr-CA"},{"@type":"WebPage","@id":"https:\/\/news.canadamotorjobs.com\/fr\/la-lamborghini-huracan-est-officiellement-morte\/","url":"https:\/\/news.canadamotorjobs.com\/fr\/la-lamborghini-huracan-est-officiellement-morte\/","name":"La Lamborghini Huracan est officiellement morte - CanadaMotorJobs.com","isPartOf":{"@id":"https:\/\/news.canadamotorjobs.com\/#website"},"primaryImageOfPage":{"@id":"https:\/\/news.canadamotorjobs.com\/fr\/la-lamborghini-huracan-est-officiellement-morte\/#primaryimage"},"image":{"@id":"https:\/\/news.canadamotorjobs.com\/fr\/la-lamborghini-huracan-est-officiellement-morte\/#primaryimage"},"thumbnailUrl":"https:\/\/news.canadamotorjobs.com\/wp-content\/uploads\/2023\/05\/Huracan.jpeg","datePublished":"2023-05-11T20:40:51+00:00","dateModified":"2023-05-11T20:44:38+00:00","description":"La Lamborghini Huracan est officiellement morte - Benoit Charette - Annuel automobile - CanadaMotorJobs.com.","breadcrumb":{"@id":"https:\/\/news.canadamotorjobs.com\/fr\/la-lamborghini-huracan-est-officiellement-morte\/#breadcrumb"},"inLanguage":"fr-CA","potentialAction":[{"@type":"ReadAction","target":["https:\/\/news.canadamotorjobs.com\/fr\/la-lamborghini-huracan-est-officiellement-morte\/"]}]},{"@type":"ImageObject","inLanguage":"fr-CA","@id":"https:\/\/news.canadamotorjobs.com\/fr\/la-lamborghini-huracan-est-officiellement-morte\/#primaryimage","url":"https:\/\/news.canadamotorjobs.com\/wp-content\/uploads\/2023\/05\/Huracan.jpeg","contentUrl":"https:\/\/news.canadamotorjobs.com\/wp-content\/uploads\/2023\/05\/Huracan.jpeg","width":1920,"height":1200},{"@type":"BreadcrumbList","@id":"https:\/\/news.canadamotorjobs.com\/fr\/la-lamborghini-huracan-est-officiellement-morte\/#breadcrumb","itemListElement":[{"@type":"ListItem","position":1,"name":"Home","item":"https:\/\/news.canadamotorjobs.com\/fr\/blog\/"},{"@type":"ListItem","position":2,"name":"La Lamborghini Huracan est officiellement morte"}]},{"@type":"WebSite","@id":"https:\/\/news.canadamotorjobs.com\/#website","url":"https:\/\/news.canadamotorjobs.com\/","name":"CanadaMotorJobs.com","description":"Automotive Jobs","publisher":{"@id":"https:\/\/news.canadamotorjobs.com\/#organization"},"potentialAction":[{"@type":"SearchAction","target":{"@type":"EntryPoint","urlTemplate":"https:\/\/news.canadamotorjobs.com\/?s={search_term_string}"},"query-input":"required name=search_term_string"}],"inLanguage":"fr-CA"},{"@type":"Organization","@id":"https:\/\/news.canadamotorjobs.com\/#organization","name":"Canada Motor Jobs","url":"https:\/\/news.canadamotorjobs.com\/","logo":{"@type":"ImageObject","inLanguage":"fr-CA","@id":"https:\/\/news.canadamotorjobs.com\/#\/schema\/logo\/image\/","url":"https:\/\/news.canadamotorjobs.com\/wp-content\/uploads\/2022\/10\/logo-canada-motor-jobs-1.png","contentUrl":"https:\/\/news.canadamotorjobs.com\/wp-content\/uploads\/2022\/10\/logo-canada-motor-jobs-1.png","width":800,"height":400,"caption":"Canada Motor Jobs"},"image":{"@id":"https:\/\/news.canadamotorjobs.com\/#\/schema\/logo\/image\/"},"sameAs":["https:\/\/www.facebook.com\/canadamotorjobs\/","https:\/\/x.com\/canadamotorjobs","https:\/\/www.instagram.com\/canadamotorjobs\/","https:\/\/www.linkedin.com\/company\/canadamotorjobs"]},{"@type":"Person","@id":"https:\/\/news.canadamotorjobs.com\/#\/schema\/person\/51793d1f87d44011d7bcc2ed99269a90","name":"Benoit Charette","image":{"@type":"ImageObject","inLanguage":"fr-CA","@id":"https:\/\/news.canadamotorjobs.com\/#\/schema\/person\/image\/","url":"https:\/\/secure.gravatar.com\/avatar\/45f3d2eebcccd909668d7ce7ea7267b6?s=96&d=mm&r=g","contentUrl":"https:\/\/secure.gravatar.com\/avatar\/45f3d2eebcccd909668d7ce7ea7267b6?s=96&d=mm&r=g","caption":"Benoit Charette"},"description":"Benoit Charette \/ Propri\u00e9taire et r\u00e9dacteur en chef Benoit Charette pratique le journalisme automobile depuis bient\u00f4t 30 ans. Il a fait ses classes au c\u00f4t\u00e9 de Daniel H\u00e9raud et au Carnet de route de 1992 \u00e0 2001. Il est fondateur, copropri\u00e9taire et r\u00e9dacteur en chef de L\u2019Annuel de l\u2019automobile, qu\u2019il publie depuis 2001. Il a anim\u00e9 les \u00e9missions RPM et RPM+ sur V et les L\u00e9gendes de la route sur Historia. \u00c0 la radio depuis 1986, il reprend l\u2019antenne cette ann\u00e9e sur les ondes de Cogeco et participe pour la deuxi\u00e8me ann\u00e9e \u00e0 l\u2019\u00e9mission Passion Auto sur RDS en plus de mettre en ligne le site Web officiel de L\u2019Annuel de l\u2019automobile sur annuelauto.ca.","sameAs":["https:\/\/annuelauto.ca\/"],"url":"https:\/\/news.canadamotorjobs.com\/fr\/author\/benoit-charette\/"}]}},"_links":{"self":[{"href":"https:\/\/news.canadamotorjobs.com\/fr\/wp-json\/wp\/v2\/posts\/144785"}],"collection":[{"href":"https:\/\/news.canadamotorjobs.com\/fr\/wp-json\/wp\/v2\/posts"}],"about":[{"href":"https:\/\/news.canadamotorjobs.com\/fr\/wp-json\/wp\/v2\/types\/post"}],"author":[{"embeddable":true,"href":"https:\/\/news.canadamotorjobs.com\/fr\/wp-json\/wp\/v2\/users\/8"}],"replies":[{"embeddable":true,"href":"https:\/\/news.canadamotorjobs.com\/fr\/wp-json\/wp\/v2\/comments?post=144785"}],"version-history":[{"count":2,"href":"https:\/\/news.canadamotorjobs.com\/fr\/wp-json\/wp\/v2\/posts\/144785\/revisions"}],"predecessor-version":[{"id":144789,"href":"https:\/\/news.canadamotorjobs.com\/fr\/wp-json\/wp\/v2\/posts\/144785\/revisions\/144789"}],"wp:featuredmedia":[{"embeddable":true,"href":"https:\/\/news.canadamotorjobs.com\/fr\/wp-json\/wp\/v2\/media\/144787"}],"wp:attachment":[{"href":"https:\/\/news.canadamotorjobs.com\/fr\/wp-json\/wp\/v2\/media?parent=144785"}],"wp:term":[{"taxonomy":"category","embeddable":true,"href":"https:\/\/news.canadamotorjobs.com\/fr\/wp-json\/wp\/v2\/categories?post=144785"},{"taxonomy":"post_tag","embeddable":true,"href":"https:\/\/news.canadamotorjobs.com\/fr\/wp-json\/wp\/v2\/tags?post=144785"}],"curies":[{"name":"wp","href":"https:\/\/api.w.org\/{rel}","templated":true}]}}