{"id":144685,"date":"2023-05-09T18:06:05","date_gmt":"2023-05-09T22:06:05","guid":{"rendered":"https:\/\/news.canadamotorjobs.com\/?p=144685"},"modified":"2023-05-09T18:15:34","modified_gmt":"2023-05-09T22:15:34","slug":"lultime-porsche-boxster-voici-la-718-rs","status":"publish","type":"post","link":"https:\/\/news.canadamotorjobs.com\/fr\/lultime-porsche-boxster-voici-la-718-rs\/","title":{"rendered":"L\u2019Ultime Porsche Boxster : Voici la 718\u00a0RS"},"content":{"rendered":"<\/p>\n<h3>&#8211;\u00a0\u00a0\u00a0\u00a0\u00a0\u00a0\u00a0 La 718 Roadster sera la plus rapide et la plus puissante de tous les temps<\/h3>\n<p><\/p>\n<h3>&#8211;\u00a0\u00a0\u00a0\u00a0\u00a0\u00a0\u00a0 Moteur \u00e0 haut r\u00e9gime de 493 chevaux de la 911 GT3<\/h3>\n<p>\nTrente ans apr\u00e8s la pr\u00e9sentation du concept Boxster,, Porsche lance la version la plus puissante de l\u2019histoire du mod\u00e8le : la 718 Spyder RS. Pour la premi\u00e8re fois, le moteur atmosph\u00e9rique \u00e0 haut r\u00e9gime de la 911 GT3 est utilis\u00e9 dans une voiture de sport \u00e0 moteur central \u00e0 toit ouvert.<\/p>\n<h3>Jusqu\u2019\u00e0 9 000 tours<\/h3>\n<p>\nLe groupe motopropulseur de la nouvelle 718 Spyder RS est identique \u00e0 celui du coup\u00e9 718 Cayman GT4 RS. Le moteur boxer six cylindres, d&#8217;une cylindr\u00e9e de 4,0 litres, monte en r\u00e9gime jusqu&#8217;\u00e0 9 000\u00a0tr\/min et g\u00e9n\u00e8re une puissance de 493\u00a0ch et un couple maximal de 331\u00a0lb-pi. Associ\u00e9 exclusivement \u00e0 une bo\u00eete de vitesses PDK \u00e0 sept rapports courts, le moteur six cylindres propulse le roadster biplace de 0 \u00e0 100\u00a0km\/h en 3,4 secondes. La voiture atteint les 200\u00a0km\/h en seulement 10,9 secondes. La vitesse maximale est de 308\u00a0km\/h.<\/p>\n<h3>Poids r\u00e9duit<\/h3>\n<p>\nOutre le moteur plus puissant, le poids r\u00e9duit du nouveau mod\u00e8le contribue \u00e9galement \u00e0 de meilleures performances : avec 1 410 kilogrammes, le Spyder RS p\u00e8se 40\u00a0kg de moins que le 718 Spyder avec PDK et est en fait cinq kilogrammes de moins que le 718 Cayman GT4 RS ferm\u00e9.\u00a0 La face avant de la nouvelle Porsche 718 Spyder RS est presque identique \u00e0 celle de la 718 Cayman GT4 RS. Le capot avant de s\u00e9rie est en PRFC et comporte une large sortie d&#8217;air au-dessus du pare-chocs. Les deux conduits NACA am\u00e9liorent le refroidissement des freins sans nuire \u00e0 l\u2019a\u00e9rodynamisme. Les d\u00e9flecteurs situ\u00e9s aux extr\u00e9mit\u00e9s du pare-chocs augmentent la force d&#8217;appui. Au lieu d&#8217;un aileron, le 718 Spyder RS est dot\u00e9 d&#8217;un rebord en forme de queue de canard. Tous les composants a\u00e9rodynamiques sont coordonn\u00e9s de mani\u00e8re complexe. Ils maintiennent l&#8217;\u00e9quilibre a\u00e9rodynamique de la voiture et garantissent une stabilit\u00e9 de conduite maximale \u00e0 grande vitesse.<\/p>\n<h3>Suspension sportive d&#8217;une pr\u00e9cision et d&#8217;une agilit\u00e9 extr\u00eames<\/h3>\n<p>\nElle est \u00e9quip\u00e9e de s\u00e9rie du syst\u00e8me Porsche Active Suspension Management (PASM) avec r\u00e9glage sportif et a \u00e9t\u00e9 abaiss\u00e9e de 30 millim\u00e8tres. Elle est \u00e9galement \u00e9quip\u00e9e du syst\u00e8me Porsche Torque Vectoring (PTV) avec diff\u00e9rentiel m\u00e9canique \u00e0 glissement limit\u00e9, de roulements de suspension \u00e0 rotule et de jantes en aluminium forg\u00e9 de 20 pouces.<\/p>\n<h3>Un int\u00e9rieur ax\u00e9 sur la performance<\/h3>\n<p>\nL\u2019habitacle est r\u00e9duit \u00e0 l&#8217;essentiel en termes de fonctionnalit\u00e9 et d&#8217;ergonomie. Le volant sport RS est recouvert de Race-Tex et comporte un marquage jaune \u00e0 12 heures. Les si\u00e8ges baquets de s\u00e9rie sont fabriqu\u00e9s en PRFC l\u00e9ger avec une finition tiss\u00e9e en carbone et offrent un soutien lat\u00e9ral particuli\u00e8rement impressionnant. Les housses des si\u00e8ges sont en cuir noir, tandis que le centre des si\u00e8ges en Race-Tex perfor\u00e9 pr\u00e9sente une couleur contrastante sur fond noir. Les couleurs contrast\u00e9es sont le gris arctique ou le rouge carmin. Un logo &#8220;Spyder RS&#8221; dans la couleur correspondante est brod\u00e9 sur les appuie-t\u00eate. Le tableau de bord et les garnitures sont recouverts de cuir. Les couleurs ext\u00e9rieures disponibles comprennent quatre peintures unies et trois peintures m\u00e9tallis\u00e9es, dont le nouveau gris vanadium m\u00e9tallis\u00e9, ainsi que les couleurs sp\u00e9ciales gris arctique, bleu requin et rubis \u00e9toil\u00e9.<\/p>\n<h3>Groupe Weissach en option et chronographe assorti<\/h3>\n<p>\nUn ensemble Weissach est \u00e9galement disponible en option pour le Spyder RS. Les jantes en magn\u00e9sium forg\u00e9 exceptionnellement l\u00e9g\u00e8res propos\u00e9es en option peuvent \u00eatre command\u00e9es en combinaison avec ce groupe d&#8217;\u00e9quipement particuli\u00e8rement ax\u00e9 sur les performances. Les sorties du syst\u00e8me d&#8217;\u00e9chappement sport sont ici en titane. Le look est inspir\u00e9 de l&#8217;\u00e9dition limit\u00e9e 935 de 2018. \u00c0 l&#8217;int\u00e9rieur de la voiture, la partie sup\u00e9rieure du tableau de bord recouverte de Race-Tex antireflet constitue un point fort visuel. En exclusivit\u00e9, les acheteurs de la Porsche 718 Spyder RS pourront acqu\u00e9rir un chronographe Porsche Design Timepieces fabriqu\u00e9 \u00e0 la main &#8211; une montre de qualit\u00e9 sup\u00e9rieure issue de l&#8217;usine horlog\u00e8re de Porsche \u00e0 Soleure, en Suisse. Con\u00e7u pour s&#8217;adapter \u00e0 la configuration de la voiture, le bo\u00eetier particuli\u00e8rement l\u00e9ger est en titane, le cadran est en carbone et le bracelet est en cuir de v\u00e9hicule. Le rotor au dos reprend le dessin des jantes de la 718 Spyder RS.<\/p>\n<h3>Un solide budget<\/h3>\n<p>\nLe prix de la Porsche 718 Spyder RS 2024 commence \u00e0 188 800 $ au Canada. La nouvelle Porsche 718 Spyder RS sera pr\u00e9sent\u00e9e en juin lors des festivit\u00e9s marquant les 75 ans de Porsche Sports Cars \u00e0 Stuttgart-Zuffenhausen. Peu apr\u00e8s, elle fera son apparition au Festival de vitesse de Goodwood, en Angleterre.<\/p>\n<p>\u00a0<\/p>\n<p>Source : Porsche<\/p>\n<p>\u00a0<\/p>\n<p>Le texte <a rel=\"nofollow\" href=\"https:\/\/annuelauto.ca\/lultime-porsche-boxster-voici-la-718-rs\/\">L\u2019Ultime Porsche Boxster : Voici la 718\u00a0RS<\/a> provient de <a rel=\"nofollow\" href=\"https:\/\/annuelauto.ca\">L&#8217;annuel de l&#8217;automobile &#8211; Actualit\u00e9 automobile<\/a><\/p>\n<p><\/p>\n","protected":false},"excerpt":{"rendered":"<p>&#8211;\u00a0\u00a0\u00a0\u00a0\u00a0\u00a0\u00a0 La 718 Roadster sera la plus rapide et la plus puissante de tous les temps &#8211;\u00a0\u00a0\u00a0\u00a0\u00a0\u00a0\u00a0 Moteur \u00e0 haut r\u00e9gime de 493 chevaux de la 911 GT3 Trente ans apr\u00e8s la pr\u00e9sentation du concept Boxster,, Porsche lance la version la plus puissante de l\u2019histoire du mod\u00e8le : la 718 Spyder RS. Pour la premi\u00e8re [&hellip;]<\/p>\n","protected":false},"author":8,"featured_media":144687,"comment_status":"close","ping_status":"closed","sticky":false,"template":"","format":"standard","meta":{"_monsterinsights_skip_tracking":false,"_monsterinsights_sitenote_active":false,"_monsterinsights_sitenote_note":"","_monsterinsights_sitenote_category":0,"footnotes":""},"categories":[101],"tags":[],"yoast_head":"<!-- This site is optimized with the Yoast SEO plugin v23.2 - https:\/\/yoast.com\/wordpress\/plugins\/seo\/ -->\n<title>L\u2019Ultime Porsche Boxster : Voici la 718\u00a0RS - CanadaMotorJobs.com<\/title>\n<meta name=\"description\" content=\"L\u2019Ultime Porsche Boxster : Voici la 718\u00a0RS - Benoit Charette - Annuel automobile - CanadaMotorJobs.com.\" \/>\n<meta name=\"robots\" content=\"index, follow, max-snippet:-1, max-image-preview:large, max-video-preview:-1\" \/>\n<meta property=\"og:locale\" content=\"fr_CA\" \/>\n<meta property=\"og:type\" content=\"article\" \/>\n<meta property=\"og:title\" content=\"L\u2019Ultime Porsche Boxster : Voici la 718\u00a0RS - CanadaMotorJobs.com\" \/>\n<meta property=\"og:description\" content=\"L\u2019Ultime Porsche Boxster : Voici la 718\u00a0RS - Benoit Charette - Annuel automobile - CanadaMotorJobs.com.\" \/>\n<meta property=\"og:url\" content=\"https:\/\/news.canadamotorjobs.com\/fr\/lultime-porsche-boxster-voici-la-718-rs\/\" \/>\n<meta property=\"og:site_name\" content=\"CanadaMotorJobs.com\" \/>\n<meta property=\"article:publisher\" content=\"https:\/\/www.facebook.com\/canadamotorjobs\/\" \/>\n<meta property=\"article:published_time\" content=\"2023-05-09T22:06:05+00:00\" \/>\n<meta property=\"article:modified_time\" content=\"2023-05-09T22:15:34+00:00\" \/>\n<meta property=\"og:image\" content=\"https:\/\/news.canadamotorjobs.com\/wp-content\/uploads\/2023\/05\/S23_0469.jpg\" \/>\n\t<meta property=\"og:image:width\" content=\"1000\" \/>\n\t<meta property=\"og:image:height\" content=\"667\" \/>\n\t<meta property=\"og:image:type\" content=\"image\/jpeg\" \/>\n<meta name=\"author\" content=\"Benoit Charette\" \/>\n<meta name=\"twitter:card\" content=\"summary_large_image\" \/>\n<meta name=\"twitter:creator\" content=\"@canadamotorjobs\" \/>\n<meta name=\"twitter:site\" content=\"@canadamotorjobs\" \/>\n<meta name=\"twitter:label1\" content=\"\u00c9crit par\" \/>\n\t<meta name=\"twitter:data1\" content=\"Benoit Charette\" \/>\n\t<meta name=\"twitter:label2\" content=\"Estimation du temps de lecture\" \/>\n\t<meta name=\"twitter:data2\" content=\"4 minutes\" \/>\n<!-- \/ Yoast SEO plugin. -->","yoast_head_json":{"title":"L\u2019Ultime Porsche Boxster : Voici la 718\u00a0RS - CanadaMotorJobs.com","description":"L\u2019Ultime Porsche Boxster : Voici la 718\u00a0RS - Benoit Charette - Annuel automobile - CanadaMotorJobs.com.","robots":{"index":"index","follow":"follow","max-snippet":"max-snippet:-1","max-image-preview":"max-image-preview:large","max-video-preview":"max-video-preview:-1"},"og_locale":"fr_CA","og_type":"article","og_title":"L\u2019Ultime Porsche Boxster : Voici la 718\u00a0RS - CanadaMotorJobs.com","og_description":"L\u2019Ultime Porsche Boxster : Voici la 718\u00a0RS - Benoit Charette - Annuel automobile - CanadaMotorJobs.com.","og_url":"https:\/\/news.canadamotorjobs.com\/fr\/lultime-porsche-boxster-voici-la-718-rs\/","og_site_name":"CanadaMotorJobs.com","article_publisher":"https:\/\/www.facebook.com\/canadamotorjobs\/","article_published_time":"2023-05-09T22:06:05+00:00","article_modified_time":"2023-05-09T22:15:34+00:00","og_image":[{"width":1000,"height":667,"url":"https:\/\/news.canadamotorjobs.com\/wp-content\/uploads\/2023\/05\/S23_0469.jpg","type":"image\/jpeg"}],"author":"Benoit Charette","twitter_card":"summary_large_image","twitter_creator":"@canadamotorjobs","twitter_site":"@canadamotorjobs","twitter_misc":{"\u00c9crit par":"Benoit Charette","Estimation du temps de lecture":"4 minutes"},"schema":{"@context":"https:\/\/schema.org","@graph":[{"@type":"Article","@id":"https:\/\/news.canadamotorjobs.com\/fr\/lultime-porsche-boxster-voici-la-718-rs\/#article","isPartOf":{"@id":"https:\/\/news.canadamotorjobs.com\/fr\/lultime-porsche-boxster-voici-la-718-rs\/"},"author":{"name":"Benoit Charette","@id":"https:\/\/news.canadamotorjobs.com\/#\/schema\/person\/51793d1f87d44011d7bcc2ed99269a90"},"headline":"L\u2019Ultime Porsche Boxster : Voici la 718\u00a0RS","datePublished":"2023-05-09T22:06:05+00:00","dateModified":"2023-05-09T22:15:34+00:00","mainEntityOfPage":{"@id":"https:\/\/news.canadamotorjobs.com\/fr\/lultime-porsche-boxster-voici-la-718-rs\/"},"wordCount":828,"publisher":{"@id":"https:\/\/news.canadamotorjobs.com\/#organization"},"image":{"@id":"https:\/\/news.canadamotorjobs.com\/fr\/lultime-porsche-boxster-voici-la-718-rs\/#primaryimage"},"thumbnailUrl":"https:\/\/news.canadamotorjobs.com\/wp-content\/uploads\/2023\/05\/S23_0469.jpg","articleSection":["Annuel automobile"],"inLanguage":"fr-CA"},{"@type":"WebPage","@id":"https:\/\/news.canadamotorjobs.com\/fr\/lultime-porsche-boxster-voici-la-718-rs\/","url":"https:\/\/news.canadamotorjobs.com\/fr\/lultime-porsche-boxster-voici-la-718-rs\/","name":"L\u2019Ultime Porsche Boxster : Voici la 718\u00a0RS - CanadaMotorJobs.com","isPartOf":{"@id":"https:\/\/news.canadamotorjobs.com\/#website"},"primaryImageOfPage":{"@id":"https:\/\/news.canadamotorjobs.com\/fr\/lultime-porsche-boxster-voici-la-718-rs\/#primaryimage"},"image":{"@id":"https:\/\/news.canadamotorjobs.com\/fr\/lultime-porsche-boxster-voici-la-718-rs\/#primaryimage"},"thumbnailUrl":"https:\/\/news.canadamotorjobs.com\/wp-content\/uploads\/2023\/05\/S23_0469.jpg","datePublished":"2023-05-09T22:06:05+00:00","dateModified":"2023-05-09T22:15:34+00:00","description":"L\u2019Ultime Porsche Boxster : Voici la 718\u00a0RS - Benoit Charette - Annuel automobile - CanadaMotorJobs.com.","breadcrumb":{"@id":"https:\/\/news.canadamotorjobs.com\/fr\/lultime-porsche-boxster-voici-la-718-rs\/#breadcrumb"},"inLanguage":"fr-CA","potentialAction":[{"@type":"ReadAction","target":["https:\/\/news.canadamotorjobs.com\/fr\/lultime-porsche-boxster-voici-la-718-rs\/"]}]},{"@type":"ImageObject","inLanguage":"fr-CA","@id":"https:\/\/news.canadamotorjobs.com\/fr\/lultime-porsche-boxster-voici-la-718-rs\/#primaryimage","url":"https:\/\/news.canadamotorjobs.com\/wp-content\/uploads\/2023\/05\/S23_0469.jpg","contentUrl":"https:\/\/news.canadamotorjobs.com\/wp-content\/uploads\/2023\/05\/S23_0469.jpg","width":1000,"height":667},{"@type":"BreadcrumbList","@id":"https:\/\/news.canadamotorjobs.com\/fr\/lultime-porsche-boxster-voici-la-718-rs\/#breadcrumb","itemListElement":[{"@type":"ListItem","position":1,"name":"Home","item":"https:\/\/news.canadamotorjobs.com\/fr\/blog\/"},{"@type":"ListItem","position":2,"name":"L\u2019Ultime Porsche Boxster : Voici la 718\u00a0RS"}]},{"@type":"WebSite","@id":"https:\/\/news.canadamotorjobs.com\/#website","url":"https:\/\/news.canadamotorjobs.com\/","name":"CanadaMotorJobs.com","description":"Automotive Jobs","publisher":{"@id":"https:\/\/news.canadamotorjobs.com\/#organization"},"potentialAction":[{"@type":"SearchAction","target":{"@type":"EntryPoint","urlTemplate":"https:\/\/news.canadamotorjobs.com\/?s={search_term_string}"},"query-input":"required name=search_term_string"}],"inLanguage":"fr-CA"},{"@type":"Organization","@id":"https:\/\/news.canadamotorjobs.com\/#organization","name":"Canada Motor Jobs","url":"https:\/\/news.canadamotorjobs.com\/","logo":{"@type":"ImageObject","inLanguage":"fr-CA","@id":"https:\/\/news.canadamotorjobs.com\/#\/schema\/logo\/image\/","url":"https:\/\/news.canadamotorjobs.com\/wp-content\/uploads\/2022\/10\/logo-canada-motor-jobs-1.png","contentUrl":"https:\/\/news.canadamotorjobs.com\/wp-content\/uploads\/2022\/10\/logo-canada-motor-jobs-1.png","width":800,"height":400,"caption":"Canada Motor Jobs"},"image":{"@id":"https:\/\/news.canadamotorjobs.com\/#\/schema\/logo\/image\/"},"sameAs":["https:\/\/www.facebook.com\/canadamotorjobs\/","https:\/\/x.com\/canadamotorjobs","https:\/\/www.instagram.com\/canadamotorjobs\/","https:\/\/www.linkedin.com\/company\/canadamotorjobs"]},{"@type":"Person","@id":"https:\/\/news.canadamotorjobs.com\/#\/schema\/person\/51793d1f87d44011d7bcc2ed99269a90","name":"Benoit Charette","image":{"@type":"ImageObject","inLanguage":"fr-CA","@id":"https:\/\/news.canadamotorjobs.com\/#\/schema\/person\/image\/","url":"https:\/\/secure.gravatar.com\/avatar\/45f3d2eebcccd909668d7ce7ea7267b6?s=96&d=mm&r=g","contentUrl":"https:\/\/secure.gravatar.com\/avatar\/45f3d2eebcccd909668d7ce7ea7267b6?s=96&d=mm&r=g","caption":"Benoit Charette"},"description":"Benoit Charette \/ Propri\u00e9taire et r\u00e9dacteur en chef Benoit Charette pratique le journalisme automobile depuis bient\u00f4t 30 ans. Il a fait ses classes au c\u00f4t\u00e9 de Daniel H\u00e9raud et au Carnet de route de 1992 \u00e0 2001. Il est fondateur, copropri\u00e9taire et r\u00e9dacteur en chef de L\u2019Annuel de l\u2019automobile, qu\u2019il publie depuis 2001. Il a anim\u00e9 les \u00e9missions RPM et RPM+ sur V et les L\u00e9gendes de la route sur Historia. \u00c0 la radio depuis 1986, il reprend l\u2019antenne cette ann\u00e9e sur les ondes de Cogeco et participe pour la deuxi\u00e8me ann\u00e9e \u00e0 l\u2019\u00e9mission Passion Auto sur RDS en plus de mettre en ligne le site Web officiel de L\u2019Annuel de l\u2019automobile sur annuelauto.ca.","sameAs":["https:\/\/annuelauto.ca\/"],"url":"https:\/\/news.canadamotorjobs.com\/fr\/author\/benoit-charette\/"}]}},"_links":{"self":[{"href":"https:\/\/news.canadamotorjobs.com\/fr\/wp-json\/wp\/v2\/posts\/144685"}],"collection":[{"href":"https:\/\/news.canadamotorjobs.com\/fr\/wp-json\/wp\/v2\/posts"}],"about":[{"href":"https:\/\/news.canadamotorjobs.com\/fr\/wp-json\/wp\/v2\/types\/post"}],"author":[{"embeddable":true,"href":"https:\/\/news.canadamotorjobs.com\/fr\/wp-json\/wp\/v2\/users\/8"}],"replies":[{"embeddable":true,"href":"https:\/\/news.canadamotorjobs.com\/fr\/wp-json\/wp\/v2\/comments?post=144685"}],"version-history":[{"count":2,"href":"https:\/\/news.canadamotorjobs.com\/fr\/wp-json\/wp\/v2\/posts\/144685\/revisions"}],"predecessor-version":[{"id":144689,"href":"https:\/\/news.canadamotorjobs.com\/fr\/wp-json\/wp\/v2\/posts\/144685\/revisions\/144689"}],"wp:featuredmedia":[{"embeddable":true,"href":"https:\/\/news.canadamotorjobs.com\/fr\/wp-json\/wp\/v2\/media\/144687"}],"wp:attachment":[{"href":"https:\/\/news.canadamotorjobs.com\/fr\/wp-json\/wp\/v2\/media?parent=144685"}],"wp:term":[{"taxonomy":"category","embeddable":true,"href":"https:\/\/news.canadamotorjobs.com\/fr\/wp-json\/wp\/v2\/categories?post=144685"},{"taxonomy":"post_tag","embeddable":true,"href":"https:\/\/news.canadamotorjobs.com\/fr\/wp-json\/wp\/v2\/tags?post=144685"}],"curies":[{"name":"wp","href":"https:\/\/api.w.org\/{rel}","templated":true}]}}