{"id":144662,"date":"2023-05-09T08:52:12","date_gmt":"2023-05-09T12:52:12","guid":{"rendered":"https:\/\/news.canadamotorjobs.com\/?p=144662"},"modified":"2023-05-09T09:03:25","modified_gmt":"2023-05-09T13:03:25","slug":"lucid-reduit-ses-previsions-de-production-apres-une-perte-nette-de-780-millions-de-dollars","status":"publish","type":"post","link":"https:\/\/news.canadamotorjobs.com\/fr\/lucid-reduit-ses-previsions-de-production-apres-une-perte-nette-de-780-millions-de-dollars\/","title":{"rendered":"Lucid r\u00e9duit ses pr\u00e9visions de production apr\u00e8s une perte nette de 780 millions de dollars"},"content":{"rendered":"<\/p>\n<p>Lucid Motors a r\u00e9duit ses pr\u00e9visions de production \u00e0 &#8220;plus de 10 000&#8221; unit\u00e9s cette ann\u00e9e, contre une estimation pr\u00e9c\u00e9dente de 10 000 \u00e0 14 000, et a affich\u00e9 une perte nette de 780 millions de dollars au premier trimestre, alors qu&#8217;il br\u00fble ses liquidit\u00e9s dans un contexte de baisse de la demande.<\/p>\n<h3>Toujours en selle<\/h3>\n<p>\nMalgr\u00e9 ces chiffres d\u00e9cevants, qui ont fait chuter le cours de l&#8217;action de pr\u00e8s de 9 %, le PDG Peter Rawlinson a d\u00e9clar\u00e9 que le constructeur automobile parvenait \u00e0 accro\u00eetre la notori\u00e9t\u00e9 de sa marque afin de trouver davantage d&#8217;acheteurs pour sa berline Air, qui est actuellement son seul v\u00e9hicule. M. Rawlinson a annonc\u00e9 lundi, lors de la conf\u00e9rence t\u00e9l\u00e9phonique sur les r\u00e9sultats du premier trimestre, qu&#8217;Andrea Soriani \u00e9tait la nouvelle directrice du marketing de Lucid. Soriani a pr\u00e9c\u00e9demment occup\u00e9 des fonctions de marketing chez TAG Heuer et Maserati of North America.<\/p>\n<h3>Des d\u00e9buts difficiles<\/h3>\n<p>\nEn r\u00e9ponse \u00e0 une question pos\u00e9e par un investisseur lors de la conf\u00e9rence t\u00e9l\u00e9phonique, M. Rawlinson a \u00e9galement expliqu\u00e9 pourquoi les chiffres de production et de livraison de Lucid ont \u00e9t\u00e9 si inf\u00e9rieurs \u00e0 ses estimations initiales pour 2021. Il a expliqu\u00e9 que ce d\u00e9ficit \u00e9tait d\u00fb \u00e0 des perturbations de la cha\u00eene d&#8217;approvisionnement que personne n&#8217;aurait pu pr\u00e9voir et qui ont limit\u00e9 la capacit\u00e9 de production. Plus r\u00e9cemment, a-t-il ajout\u00e9, le constructeur automobile souffre de la hausse des taux d&#8217;int\u00e9r\u00eat et de l&#8217;incertitude \u00e9conomique qui affectent n\u00e9gativement la demande.<\/p>\n<p>\u00a0<\/p>\n<p>Avec des renseignements d\u2019Automotive News<\/p>\n<p>Le texte <a rel=\"nofollow\" href=\"https:\/\/annuelauto.ca\/lucid-reduit-ses-previsions-de-production-apres-une-perte-nette-de-780-millions-de-dollars\/\">Lucid r\u00e9duit ses pr\u00e9visions de production apr\u00e8s une perte nette de 780 millions de dollars<\/a> provient de <a rel=\"nofollow\" href=\"https:\/\/annuelauto.ca\">L&#8217;annuel de l&#8217;automobile &#8211; Actualit\u00e9 automobile<\/a><\/p>\n<p><\/p>\n","protected":false},"excerpt":{"rendered":"<p>Lucid Motors a r\u00e9duit ses pr\u00e9visions de production \u00e0 &#8220;plus de 10 000&#8221; unit\u00e9s cette ann\u00e9e, contre une estimation pr\u00e9c\u00e9dente de 10 000 \u00e0 14 000, et a affich\u00e9 une perte nette de 780 millions de dollars au premier trimestre, alors qu&#8217;il br\u00fble ses liquidit\u00e9s dans un contexte de baisse de la demande. Toujours en [&hellip;]<\/p>\n","protected":false},"author":8,"featured_media":144664,"comment_status":"close","ping_status":"closed","sticky":false,"template":"","format":"standard","meta":{"_monsterinsights_skip_tracking":false,"_monsterinsights_sitenote_active":false,"_monsterinsights_sitenote_note":"","_monsterinsights_sitenote_category":0,"footnotes":""},"categories":[101],"tags":[],"yoast_head":"<!-- This site is optimized with the Yoast SEO plugin v23.2 - https:\/\/yoast.com\/wordpress\/plugins\/seo\/ -->\n<title>Lucid r\u00e9duit ses pr\u00e9visions de production apr\u00e8s une perte nette de 780 millions de dollars - CanadaMotorJobs.com<\/title>\n<meta name=\"description\" content=\"Lucid r\u00e9duit ses pr\u00e9visions de production apr\u00e8s une perte nette de 780 millions de dollars - Benoit Charette - Annuel automobile - CanadaMotorJobs.com.\" \/>\n<meta name=\"robots\" content=\"index, follow, max-snippet:-1, max-image-preview:large, max-video-preview:-1\" \/>\n<meta property=\"og:locale\" content=\"fr_CA\" \/>\n<meta property=\"og:type\" content=\"article\" \/>\n<meta property=\"og:title\" content=\"Lucid r\u00e9duit ses pr\u00e9visions de production apr\u00e8s une perte nette de 780 millions de dollars - CanadaMotorJobs.com\" \/>\n<meta property=\"og:description\" content=\"Lucid r\u00e9duit ses pr\u00e9visions de production apr\u00e8s une perte nette de 780 millions de dollars - Benoit Charette - Annuel automobile - CanadaMotorJobs.com.\" \/>\n<meta property=\"og:url\" content=\"https:\/\/news.canadamotorjobs.com\/fr\/lucid-reduit-ses-previsions-de-production-apres-une-perte-nette-de-780-millions-de-dollars\/\" \/>\n<meta property=\"og:site_name\" content=\"CanadaMotorJobs.com\" \/>\n<meta property=\"article:publisher\" content=\"https:\/\/www.facebook.com\/canadamotorjobs\/\" \/>\n<meta property=\"article:published_time\" content=\"2023-05-09T12:52:12+00:00\" \/>\n<meta property=\"article:modified_time\" content=\"2023-05-09T13:03:25+00:00\" \/>\n<meta property=\"og:image\" content=\"https:\/\/news.canadamotorjobs.com\/wp-content\/uploads\/2023\/05\/social.jpg\" \/>\n\t<meta property=\"og:image:width\" content=\"1279\" \/>\n\t<meta property=\"og:image:height\" content=\"640\" \/>\n\t<meta property=\"og:image:type\" content=\"image\/jpeg\" \/>\n<meta name=\"author\" content=\"Benoit Charette\" \/>\n<meta name=\"twitter:card\" content=\"summary_large_image\" \/>\n<meta name=\"twitter:creator\" content=\"@canadamotorjobs\" \/>\n<meta name=\"twitter:site\" content=\"@canadamotorjobs\" \/>\n<meta name=\"twitter:label1\" content=\"\u00c9crit par\" \/>\n\t<meta name=\"twitter:data1\" content=\"Benoit Charette\" \/>\n\t<meta name=\"twitter:label2\" content=\"Estimation du temps de lecture\" \/>\n\t<meta name=\"twitter:data2\" content=\"1 minute\" \/>\n<!-- \/ Yoast SEO plugin. -->","yoast_head_json":{"title":"Lucid r\u00e9duit ses pr\u00e9visions de production apr\u00e8s une perte nette de 780 millions de dollars - CanadaMotorJobs.com","description":"Lucid r\u00e9duit ses pr\u00e9visions de production apr\u00e8s une perte nette de 780 millions de dollars - Benoit Charette - Annuel automobile - CanadaMotorJobs.com.","robots":{"index":"index","follow":"follow","max-snippet":"max-snippet:-1","max-image-preview":"max-image-preview:large","max-video-preview":"max-video-preview:-1"},"og_locale":"fr_CA","og_type":"article","og_title":"Lucid r\u00e9duit ses pr\u00e9visions de production apr\u00e8s une perte nette de 780 millions de dollars - CanadaMotorJobs.com","og_description":"Lucid r\u00e9duit ses pr\u00e9visions de production apr\u00e8s une perte nette de 780 millions de dollars - Benoit Charette - Annuel automobile - CanadaMotorJobs.com.","og_url":"https:\/\/news.canadamotorjobs.com\/fr\/lucid-reduit-ses-previsions-de-production-apres-une-perte-nette-de-780-millions-de-dollars\/","og_site_name":"CanadaMotorJobs.com","article_publisher":"https:\/\/www.facebook.com\/canadamotorjobs\/","article_published_time":"2023-05-09T12:52:12+00:00","article_modified_time":"2023-05-09T13:03:25+00:00","og_image":[{"width":1279,"height":640,"url":"https:\/\/news.canadamotorjobs.com\/wp-content\/uploads\/2023\/05\/social.jpg","type":"image\/jpeg"}],"author":"Benoit Charette","twitter_card":"summary_large_image","twitter_creator":"@canadamotorjobs","twitter_site":"@canadamotorjobs","twitter_misc":{"\u00c9crit par":"Benoit Charette","Estimation du temps de lecture":"1 minute"},"schema":{"@context":"https:\/\/schema.org","@graph":[{"@type":"Article","@id":"https:\/\/news.canadamotorjobs.com\/fr\/lucid-reduit-ses-previsions-de-production-apres-une-perte-nette-de-780-millions-de-dollars\/#article","isPartOf":{"@id":"https:\/\/news.canadamotorjobs.com\/fr\/lucid-reduit-ses-previsions-de-production-apres-une-perte-nette-de-780-millions-de-dollars\/"},"author":{"name":"Benoit Charette","@id":"https:\/\/news.canadamotorjobs.com\/#\/schema\/person\/51793d1f87d44011d7bcc2ed99269a90"},"headline":"Lucid r\u00e9duit ses pr\u00e9visions de production apr\u00e8s une perte nette de 780 millions de dollars","datePublished":"2023-05-09T12:52:12+00:00","dateModified":"2023-05-09T13:03:25+00:00","mainEntityOfPage":{"@id":"https:\/\/news.canadamotorjobs.com\/fr\/lucid-reduit-ses-previsions-de-production-apres-une-perte-nette-de-780-millions-de-dollars\/"},"wordCount":318,"publisher":{"@id":"https:\/\/news.canadamotorjobs.com\/#organization"},"image":{"@id":"https:\/\/news.canadamotorjobs.com\/fr\/lucid-reduit-ses-previsions-de-production-apres-une-perte-nette-de-780-millions-de-dollars\/#primaryimage"},"thumbnailUrl":"https:\/\/news.canadamotorjobs.com\/wp-content\/uploads\/2023\/05\/social.jpg","articleSection":["Annuel automobile"],"inLanguage":"fr-CA"},{"@type":"WebPage","@id":"https:\/\/news.canadamotorjobs.com\/fr\/lucid-reduit-ses-previsions-de-production-apres-une-perte-nette-de-780-millions-de-dollars\/","url":"https:\/\/news.canadamotorjobs.com\/fr\/lucid-reduit-ses-previsions-de-production-apres-une-perte-nette-de-780-millions-de-dollars\/","name":"Lucid r\u00e9duit ses pr\u00e9visions de production apr\u00e8s une perte nette de 780 millions de dollars - CanadaMotorJobs.com","isPartOf":{"@id":"https:\/\/news.canadamotorjobs.com\/#website"},"primaryImageOfPage":{"@id":"https:\/\/news.canadamotorjobs.com\/fr\/lucid-reduit-ses-previsions-de-production-apres-une-perte-nette-de-780-millions-de-dollars\/#primaryimage"},"image":{"@id":"https:\/\/news.canadamotorjobs.com\/fr\/lucid-reduit-ses-previsions-de-production-apres-une-perte-nette-de-780-millions-de-dollars\/#primaryimage"},"thumbnailUrl":"https:\/\/news.canadamotorjobs.com\/wp-content\/uploads\/2023\/05\/social.jpg","datePublished":"2023-05-09T12:52:12+00:00","dateModified":"2023-05-09T13:03:25+00:00","description":"Lucid r\u00e9duit ses pr\u00e9visions de production apr\u00e8s une perte nette de 780 millions de dollars - Benoit Charette - Annuel automobile - CanadaMotorJobs.com.","breadcrumb":{"@id":"https:\/\/news.canadamotorjobs.com\/fr\/lucid-reduit-ses-previsions-de-production-apres-une-perte-nette-de-780-millions-de-dollars\/#breadcrumb"},"inLanguage":"fr-CA","potentialAction":[{"@type":"ReadAction","target":["https:\/\/news.canadamotorjobs.com\/fr\/lucid-reduit-ses-previsions-de-production-apres-une-perte-nette-de-780-millions-de-dollars\/"]}]},{"@type":"ImageObject","inLanguage":"fr-CA","@id":"https:\/\/news.canadamotorjobs.com\/fr\/lucid-reduit-ses-previsions-de-production-apres-une-perte-nette-de-780-millions-de-dollars\/#primaryimage","url":"https:\/\/news.canadamotorjobs.com\/wp-content\/uploads\/2023\/05\/social.jpg","contentUrl":"https:\/\/news.canadamotorjobs.com\/wp-content\/uploads\/2023\/05\/social.jpg","width":1279,"height":640},{"@type":"BreadcrumbList","@id":"https:\/\/news.canadamotorjobs.com\/fr\/lucid-reduit-ses-previsions-de-production-apres-une-perte-nette-de-780-millions-de-dollars\/#breadcrumb","itemListElement":[{"@type":"ListItem","position":1,"name":"Home","item":"https:\/\/news.canadamotorjobs.com\/fr\/blog\/"},{"@type":"ListItem","position":2,"name":"Lucid r\u00e9duit ses pr\u00e9visions de production apr\u00e8s une perte nette de 780 millions de dollars"}]},{"@type":"WebSite","@id":"https:\/\/news.canadamotorjobs.com\/#website","url":"https:\/\/news.canadamotorjobs.com\/","name":"CanadaMotorJobs.com","description":"Automotive Jobs","publisher":{"@id":"https:\/\/news.canadamotorjobs.com\/#organization"},"potentialAction":[{"@type":"SearchAction","target":{"@type":"EntryPoint","urlTemplate":"https:\/\/news.canadamotorjobs.com\/?s={search_term_string}"},"query-input":"required name=search_term_string"}],"inLanguage":"fr-CA"},{"@type":"Organization","@id":"https:\/\/news.canadamotorjobs.com\/#organization","name":"Canada Motor Jobs","url":"https:\/\/news.canadamotorjobs.com\/","logo":{"@type":"ImageObject","inLanguage":"fr-CA","@id":"https:\/\/news.canadamotorjobs.com\/#\/schema\/logo\/image\/","url":"https:\/\/news.canadamotorjobs.com\/wp-content\/uploads\/2022\/10\/logo-canada-motor-jobs-1.png","contentUrl":"https:\/\/news.canadamotorjobs.com\/wp-content\/uploads\/2022\/10\/logo-canada-motor-jobs-1.png","width":800,"height":400,"caption":"Canada Motor Jobs"},"image":{"@id":"https:\/\/news.canadamotorjobs.com\/#\/schema\/logo\/image\/"},"sameAs":["https:\/\/www.facebook.com\/canadamotorjobs\/","https:\/\/x.com\/canadamotorjobs","https:\/\/www.instagram.com\/canadamotorjobs\/","https:\/\/www.linkedin.com\/company\/canadamotorjobs"]},{"@type":"Person","@id":"https:\/\/news.canadamotorjobs.com\/#\/schema\/person\/51793d1f87d44011d7bcc2ed99269a90","name":"Benoit Charette","image":{"@type":"ImageObject","inLanguage":"fr-CA","@id":"https:\/\/news.canadamotorjobs.com\/#\/schema\/person\/image\/","url":"https:\/\/secure.gravatar.com\/avatar\/45f3d2eebcccd909668d7ce7ea7267b6?s=96&d=mm&r=g","contentUrl":"https:\/\/secure.gravatar.com\/avatar\/45f3d2eebcccd909668d7ce7ea7267b6?s=96&d=mm&r=g","caption":"Benoit Charette"},"description":"Benoit Charette \/ Propri\u00e9taire et r\u00e9dacteur en chef Benoit Charette pratique le journalisme automobile depuis bient\u00f4t 30 ans. Il a fait ses classes au c\u00f4t\u00e9 de Daniel H\u00e9raud et au Carnet de route de 1992 \u00e0 2001. Il est fondateur, copropri\u00e9taire et r\u00e9dacteur en chef de L\u2019Annuel de l\u2019automobile, qu\u2019il publie depuis 2001. Il a anim\u00e9 les \u00e9missions RPM et RPM+ sur V et les L\u00e9gendes de la route sur Historia. \u00c0 la radio depuis 1986, il reprend l\u2019antenne cette ann\u00e9e sur les ondes de Cogeco et participe pour la deuxi\u00e8me ann\u00e9e \u00e0 l\u2019\u00e9mission Passion Auto sur RDS en plus de mettre en ligne le site Web officiel de L\u2019Annuel de l\u2019automobile sur annuelauto.ca.","sameAs":["https:\/\/annuelauto.ca\/"],"url":"https:\/\/news.canadamotorjobs.com\/fr\/author\/benoit-charette\/"}]}},"_links":{"self":[{"href":"https:\/\/news.canadamotorjobs.com\/fr\/wp-json\/wp\/v2\/posts\/144662"}],"collection":[{"href":"https:\/\/news.canadamotorjobs.com\/fr\/wp-json\/wp\/v2\/posts"}],"about":[{"href":"https:\/\/news.canadamotorjobs.com\/fr\/wp-json\/wp\/v2\/types\/post"}],"author":[{"embeddable":true,"href":"https:\/\/news.canadamotorjobs.com\/fr\/wp-json\/wp\/v2\/users\/8"}],"replies":[{"embeddable":true,"href":"https:\/\/news.canadamotorjobs.com\/fr\/wp-json\/wp\/v2\/comments?post=144662"}],"version-history":[{"count":2,"href":"https:\/\/news.canadamotorjobs.com\/fr\/wp-json\/wp\/v2\/posts\/144662\/revisions"}],"predecessor-version":[{"id":144666,"href":"https:\/\/news.canadamotorjobs.com\/fr\/wp-json\/wp\/v2\/posts\/144662\/revisions\/144666"}],"wp:featuredmedia":[{"embeddable":true,"href":"https:\/\/news.canadamotorjobs.com\/fr\/wp-json\/wp\/v2\/media\/144664"}],"wp:attachment":[{"href":"https:\/\/news.canadamotorjobs.com\/fr\/wp-json\/wp\/v2\/media?parent=144662"}],"wp:term":[{"taxonomy":"category","embeddable":true,"href":"https:\/\/news.canadamotorjobs.com\/fr\/wp-json\/wp\/v2\/categories?post=144662"},{"taxonomy":"post_tag","embeddable":true,"href":"https:\/\/news.canadamotorjobs.com\/fr\/wp-json\/wp\/v2\/tags?post=144662"}],"curies":[{"name":"wp","href":"https:\/\/api.w.org\/{rel}","templated":true}]}}