{"id":144643,"date":"2023-05-09T08:15:29","date_gmt":"2023-05-09T12:15:29","guid":{"rendered":"https:\/\/news.canadamotorjobs.com\/?p=144643"},"modified":"2023-05-09T08:33:58","modified_gmt":"2023-05-09T12:33:58","slug":"la-mercedes-cls-est-retire-du-marche","status":"publish","type":"post","link":"https:\/\/news.canadamotorjobs.com\/fr\/la-mercedes-cls-est-retire-du-marche\/","title":{"rendered":"La Mercedes CLS est retir\u00e9 du march\u00e9"},"content":{"rendered":"<\/p>\n<p>Mercedes continue \u00e0 la fois son grand m\u00e9nage et son virage vert. La plus r\u00e9cente victime est la Mercedes CLS. La premi\u00e8re voiture coup\u00e9 4 portes pr\u00e9sent\u00e9es au Salon de l\u2019auto de Gen\u00e8ve en 2004 sera retir\u00e9e du march\u00e9 le 31 ao\u00fbt prochain.<\/p>\n<h3>Pas vraiment surpris<\/h3>\n<p>\nLa mort du CLS n&#8217;est pas surprenante puisque des rapports indiquant qu&#8217;elle vivait en sursis depuis d\u00e9j\u00e0 quelques ann\u00e9es. Il s&#8217;agit n\u00e9anmoins d&#8217;une triste nouvelle, car une autre voiture, belle et int\u00e9ressante de surcro\u00eet, quitte la route. La CLS \u00e9tait une version plus \u00e9l\u00e9gante de la Classe E et faisait tourner les t\u00eates gr\u00e2ce \u00e0 son style r\u00e9volutionnaire. Le design avant-gardiste s&#8217;est poursuivi dans l&#8217;habitacle avec un tableau de bord garni de bois et deux si\u00e8ges arri\u00e8re individuels. Ces derniers limitaient l&#8217;aspect pratique de la voiture, mais peu de gens s&#8217;en souciaient lorsque la CLS \u00e9tait aussi belle qu&#8217;elle l&#8217;\u00e9tait.<\/p>\n<h3>L\u2019arriv\u00e9e de la GT 4 portes a sonn\u00e9 le glas<\/h3>\n<p>\nMalheureusement, le CLS a perdu son avantage et est devenu obsol\u00e8te lorsque l&#8217;AMG GT 4 portes est arriv\u00e9e en 2018. Il est int\u00e9ressant de noter que ce mod\u00e8le devrait \u00e9galement \u00eatre abandonn\u00e9 dans un avenir proche. Ce n&#8217;est que la partie \u00e9merg\u00e9e de l&#8217;iceberg des Mercedes mortes : les coup\u00e9s et cabriolets des Classes C et E seront remplac\u00e9s par le tout nouveau CLE, tandis que les coup\u00e9s GLC et GLE ne devraient vivre que pour une g\u00e9n\u00e9ration suppl\u00e9mentaire. Les familiales des Classes C et E seraient \u00e9galement en sursis, un responsable anonyme ayant d\u00e9clar\u00e9 \u00e0 Car &amp; Driver en d\u00e9but d&#8217;ann\u00e9e : &#8220;Nous n&#8217;avons tout simplement pas besoin de familiales ou d&#8217;offres \u00e0 deux portes sous-performantes pour augmenter les volumes&#8221;.<\/p>\n<p>Avec des renseignements de Carscopps<\/p>\n<p>Le texte <a rel=\"nofollow\" href=\"https:\/\/annuelauto.ca\/la-mercedes-cls-est-retire-du-marche\/\">La Mercedes CLS est retir\u00e9 du march\u00e9<\/a> provient de <a rel=\"nofollow\" href=\"https:\/\/annuelauto.ca\">L&#8217;annuel de l&#8217;automobile &#8211; Actualit\u00e9 automobile<\/a><\/p>\n<p><\/p>\n","protected":false},"excerpt":{"rendered":"<p>Mercedes continue \u00e0 la fois son grand m\u00e9nage et son virage vert. La plus r\u00e9cente victime est la Mercedes CLS. La premi\u00e8re voiture coup\u00e9 4 portes pr\u00e9sent\u00e9es au Salon de l\u2019auto de Gen\u00e8ve en 2004 sera retir\u00e9e du march\u00e9 le 31 ao\u00fbt prochain. Pas vraiment surpris La mort du CLS n&#8217;est pas surprenante puisque des [&hellip;]<\/p>\n","protected":false},"author":8,"featured_media":144645,"comment_status":"close","ping_status":"closed","sticky":false,"template":"","format":"standard","meta":{"_monsterinsights_skip_tracking":false,"_monsterinsights_sitenote_active":false,"_monsterinsights_sitenote_note":"","_monsterinsights_sitenote_category":0,"footnotes":""},"categories":[101],"tags":[],"yoast_head":"<!-- This site is optimized with the Yoast SEO plugin v23.2 - https:\/\/yoast.com\/wordpress\/plugins\/seo\/ -->\n<title>La Mercedes CLS est retir\u00e9 du march\u00e9 - CanadaMotorJobs.com<\/title>\n<meta name=\"description\" content=\"La Mercedes CLS est retir\u00e9 du march\u00e9 - Benoit Charette - Annuel automobile - CanadaMotorJobs.com.\" \/>\n<meta name=\"robots\" content=\"index, follow, max-snippet:-1, max-image-preview:large, max-video-preview:-1\" \/>\n<meta property=\"og:locale\" content=\"fr_CA\" \/>\n<meta property=\"og:type\" content=\"article\" \/>\n<meta property=\"og:title\" content=\"La Mercedes CLS est retir\u00e9 du march\u00e9 - CanadaMotorJobs.com\" \/>\n<meta property=\"og:description\" content=\"La Mercedes CLS est retir\u00e9 du march\u00e9 - Benoit Charette - Annuel automobile - CanadaMotorJobs.com.\" \/>\n<meta property=\"og:url\" content=\"https:\/\/news.canadamotorjobs.com\/fr\/la-mercedes-cls-est-retire-du-marche\/\" \/>\n<meta property=\"og:site_name\" content=\"CanadaMotorJobs.com\" \/>\n<meta property=\"article:publisher\" content=\"https:\/\/www.facebook.com\/canadamotorjobs\/\" \/>\n<meta property=\"article:published_time\" content=\"2023-05-09T12:15:29+00:00\" \/>\n<meta property=\"article:modified_time\" content=\"2023-05-09T12:33:58+00:00\" \/>\n<meta property=\"og:image\" content=\"https:\/\/news.canadamotorjobs.com\/wp-content\/uploads\/2023\/05\/20C0676_085.jpg\" \/>\n\t<meta property=\"og:image:width\" content=\"1024\" \/>\n\t<meta property=\"og:image:height\" content=\"683\" \/>\n\t<meta property=\"og:image:type\" content=\"image\/jpeg\" \/>\n<meta name=\"author\" content=\"Benoit Charette\" \/>\n<meta name=\"twitter:card\" content=\"summary_large_image\" \/>\n<meta name=\"twitter:creator\" content=\"@canadamotorjobs\" \/>\n<meta name=\"twitter:site\" content=\"@canadamotorjobs\" \/>\n<meta name=\"twitter:label1\" content=\"\u00c9crit par\" \/>\n\t<meta name=\"twitter:data1\" content=\"Benoit Charette\" \/>\n\t<meta name=\"twitter:label2\" content=\"Estimation du temps de lecture\" \/>\n\t<meta name=\"twitter:data2\" content=\"2 minutes\" \/>\n<!-- \/ Yoast SEO plugin. -->","yoast_head_json":{"title":"La Mercedes CLS est retir\u00e9 du march\u00e9 - CanadaMotorJobs.com","description":"La Mercedes CLS est retir\u00e9 du march\u00e9 - Benoit Charette - Annuel automobile - CanadaMotorJobs.com.","robots":{"index":"index","follow":"follow","max-snippet":"max-snippet:-1","max-image-preview":"max-image-preview:large","max-video-preview":"max-video-preview:-1"},"og_locale":"fr_CA","og_type":"article","og_title":"La Mercedes CLS est retir\u00e9 du march\u00e9 - CanadaMotorJobs.com","og_description":"La Mercedes CLS est retir\u00e9 du march\u00e9 - Benoit Charette - Annuel automobile - CanadaMotorJobs.com.","og_url":"https:\/\/news.canadamotorjobs.com\/fr\/la-mercedes-cls-est-retire-du-marche\/","og_site_name":"CanadaMotorJobs.com","article_publisher":"https:\/\/www.facebook.com\/canadamotorjobs\/","article_published_time":"2023-05-09T12:15:29+00:00","article_modified_time":"2023-05-09T12:33:58+00:00","og_image":[{"width":1024,"height":683,"url":"https:\/\/news.canadamotorjobs.com\/wp-content\/uploads\/2023\/05\/20C0676_085.jpg","type":"image\/jpeg"}],"author":"Benoit Charette","twitter_card":"summary_large_image","twitter_creator":"@canadamotorjobs","twitter_site":"@canadamotorjobs","twitter_misc":{"\u00c9crit par":"Benoit Charette","Estimation du temps de lecture":"2 minutes"},"schema":{"@context":"https:\/\/schema.org","@graph":[{"@type":"Article","@id":"https:\/\/news.canadamotorjobs.com\/fr\/la-mercedes-cls-est-retire-du-marche\/#article","isPartOf":{"@id":"https:\/\/news.canadamotorjobs.com\/fr\/la-mercedes-cls-est-retire-du-marche\/"},"author":{"name":"Benoit Charette","@id":"https:\/\/news.canadamotorjobs.com\/#\/schema\/person\/51793d1f87d44011d7bcc2ed99269a90"},"headline":"La Mercedes CLS est retir\u00e9 du march\u00e9","datePublished":"2023-05-09T12:15:29+00:00","dateModified":"2023-05-09T12:33:58+00:00","mainEntityOfPage":{"@id":"https:\/\/news.canadamotorjobs.com\/fr\/la-mercedes-cls-est-retire-du-marche\/"},"wordCount":347,"publisher":{"@id":"https:\/\/news.canadamotorjobs.com\/#organization"},"image":{"@id":"https:\/\/news.canadamotorjobs.com\/fr\/la-mercedes-cls-est-retire-du-marche\/#primaryimage"},"thumbnailUrl":"https:\/\/news.canadamotorjobs.com\/wp-content\/uploads\/2023\/05\/20C0676_085.jpg","articleSection":["Annuel automobile"],"inLanguage":"fr-CA"},{"@type":"WebPage","@id":"https:\/\/news.canadamotorjobs.com\/fr\/la-mercedes-cls-est-retire-du-marche\/","url":"https:\/\/news.canadamotorjobs.com\/fr\/la-mercedes-cls-est-retire-du-marche\/","name":"La Mercedes CLS est retir\u00e9 du march\u00e9 - CanadaMotorJobs.com","isPartOf":{"@id":"https:\/\/news.canadamotorjobs.com\/#website"},"primaryImageOfPage":{"@id":"https:\/\/news.canadamotorjobs.com\/fr\/la-mercedes-cls-est-retire-du-marche\/#primaryimage"},"image":{"@id":"https:\/\/news.canadamotorjobs.com\/fr\/la-mercedes-cls-est-retire-du-marche\/#primaryimage"},"thumbnailUrl":"https:\/\/news.canadamotorjobs.com\/wp-content\/uploads\/2023\/05\/20C0676_085.jpg","datePublished":"2023-05-09T12:15:29+00:00","dateModified":"2023-05-09T12:33:58+00:00","description":"La Mercedes CLS est retir\u00e9 du march\u00e9 - Benoit Charette - Annuel automobile - CanadaMotorJobs.com.","breadcrumb":{"@id":"https:\/\/news.canadamotorjobs.com\/fr\/la-mercedes-cls-est-retire-du-marche\/#breadcrumb"},"inLanguage":"fr-CA","potentialAction":[{"@type":"ReadAction","target":["https:\/\/news.canadamotorjobs.com\/fr\/la-mercedes-cls-est-retire-du-marche\/"]}]},{"@type":"ImageObject","inLanguage":"fr-CA","@id":"https:\/\/news.canadamotorjobs.com\/fr\/la-mercedes-cls-est-retire-du-marche\/#primaryimage","url":"https:\/\/news.canadamotorjobs.com\/wp-content\/uploads\/2023\/05\/20C0676_085.jpg","contentUrl":"https:\/\/news.canadamotorjobs.com\/wp-content\/uploads\/2023\/05\/20C0676_085.jpg","width":1024,"height":683},{"@type":"BreadcrumbList","@id":"https:\/\/news.canadamotorjobs.com\/fr\/la-mercedes-cls-est-retire-du-marche\/#breadcrumb","itemListElement":[{"@type":"ListItem","position":1,"name":"Home","item":"https:\/\/news.canadamotorjobs.com\/fr\/blog\/"},{"@type":"ListItem","position":2,"name":"La Mercedes CLS est retir\u00e9 du march\u00e9"}]},{"@type":"WebSite","@id":"https:\/\/news.canadamotorjobs.com\/#website","url":"https:\/\/news.canadamotorjobs.com\/","name":"CanadaMotorJobs.com","description":"Automotive Jobs","publisher":{"@id":"https:\/\/news.canadamotorjobs.com\/#organization"},"potentialAction":[{"@type":"SearchAction","target":{"@type":"EntryPoint","urlTemplate":"https:\/\/news.canadamotorjobs.com\/?s={search_term_string}"},"query-input":"required name=search_term_string"}],"inLanguage":"fr-CA"},{"@type":"Organization","@id":"https:\/\/news.canadamotorjobs.com\/#organization","name":"Canada Motor Jobs","url":"https:\/\/news.canadamotorjobs.com\/","logo":{"@type":"ImageObject","inLanguage":"fr-CA","@id":"https:\/\/news.canadamotorjobs.com\/#\/schema\/logo\/image\/","url":"https:\/\/news.canadamotorjobs.com\/wp-content\/uploads\/2022\/10\/logo-canada-motor-jobs-1.png","contentUrl":"https:\/\/news.canadamotorjobs.com\/wp-content\/uploads\/2022\/10\/logo-canada-motor-jobs-1.png","width":800,"height":400,"caption":"Canada Motor Jobs"},"image":{"@id":"https:\/\/news.canadamotorjobs.com\/#\/schema\/logo\/image\/"},"sameAs":["https:\/\/www.facebook.com\/canadamotorjobs\/","https:\/\/x.com\/canadamotorjobs","https:\/\/www.instagram.com\/canadamotorjobs\/","https:\/\/www.linkedin.com\/company\/canadamotorjobs"]},{"@type":"Person","@id":"https:\/\/news.canadamotorjobs.com\/#\/schema\/person\/51793d1f87d44011d7bcc2ed99269a90","name":"Benoit Charette","image":{"@type":"ImageObject","inLanguage":"fr-CA","@id":"https:\/\/news.canadamotorjobs.com\/#\/schema\/person\/image\/","url":"https:\/\/secure.gravatar.com\/avatar\/45f3d2eebcccd909668d7ce7ea7267b6?s=96&d=mm&r=g","contentUrl":"https:\/\/secure.gravatar.com\/avatar\/45f3d2eebcccd909668d7ce7ea7267b6?s=96&d=mm&r=g","caption":"Benoit Charette"},"description":"Benoit Charette \/ Propri\u00e9taire et r\u00e9dacteur en chef Benoit Charette pratique le journalisme automobile depuis bient\u00f4t 30 ans. Il a fait ses classes au c\u00f4t\u00e9 de Daniel H\u00e9raud et au Carnet de route de 1992 \u00e0 2001. Il est fondateur, copropri\u00e9taire et r\u00e9dacteur en chef de L\u2019Annuel de l\u2019automobile, qu\u2019il publie depuis 2001. Il a anim\u00e9 les \u00e9missions RPM et RPM+ sur V et les L\u00e9gendes de la route sur Historia. \u00c0 la radio depuis 1986, il reprend l\u2019antenne cette ann\u00e9e sur les ondes de Cogeco et participe pour la deuxi\u00e8me ann\u00e9e \u00e0 l\u2019\u00e9mission Passion Auto sur RDS en plus de mettre en ligne le site Web officiel de L\u2019Annuel de l\u2019automobile sur annuelauto.ca.","sameAs":["https:\/\/annuelauto.ca\/"],"url":"https:\/\/news.canadamotorjobs.com\/fr\/author\/benoit-charette\/"}]}},"_links":{"self":[{"href":"https:\/\/news.canadamotorjobs.com\/fr\/wp-json\/wp\/v2\/posts\/144643"}],"collection":[{"href":"https:\/\/news.canadamotorjobs.com\/fr\/wp-json\/wp\/v2\/posts"}],"about":[{"href":"https:\/\/news.canadamotorjobs.com\/fr\/wp-json\/wp\/v2\/types\/post"}],"author":[{"embeddable":true,"href":"https:\/\/news.canadamotorjobs.com\/fr\/wp-json\/wp\/v2\/users\/8"}],"replies":[{"embeddable":true,"href":"https:\/\/news.canadamotorjobs.com\/fr\/wp-json\/wp\/v2\/comments?post=144643"}],"version-history":[{"count":2,"href":"https:\/\/news.canadamotorjobs.com\/fr\/wp-json\/wp\/v2\/posts\/144643\/revisions"}],"predecessor-version":[{"id":144647,"href":"https:\/\/news.canadamotorjobs.com\/fr\/wp-json\/wp\/v2\/posts\/144643\/revisions\/144647"}],"wp:featuredmedia":[{"embeddable":true,"href":"https:\/\/news.canadamotorjobs.com\/fr\/wp-json\/wp\/v2\/media\/144645"}],"wp:attachment":[{"href":"https:\/\/news.canadamotorjobs.com\/fr\/wp-json\/wp\/v2\/media?parent=144643"}],"wp:term":[{"taxonomy":"category","embeddable":true,"href":"https:\/\/news.canadamotorjobs.com\/fr\/wp-json\/wp\/v2\/categories?post=144643"},{"taxonomy":"post_tag","embeddable":true,"href":"https:\/\/news.canadamotorjobs.com\/fr\/wp-json\/wp\/v2\/tags?post=144643"}],"curies":[{"name":"wp","href":"https:\/\/api.w.org\/{rel}","templated":true}]}}