{"id":144620,"date":"2023-05-08T20:44:01","date_gmt":"2023-05-09T00:44:01","guid":{"rendered":"https:\/\/news.canadamotorjobs.com\/?p=144620"},"modified":"2023-05-08T20:59:56","modified_gmt":"2023-05-09T00:59:56","slug":"le-film-villeneuve-sortira-en-2025","status":"publish","type":"post","link":"https:\/\/news.canadamotorjobs.com\/fr\/le-film-villeneuve-sortira-en-2025\/","title":{"rendered":"Le film \u00ab\u00a0Villeneuve\u00a0\u00bb sortira en 2025"},"content":{"rendered":"<\/p>\n<p>Le film <em>Villeneuve<\/em> verra finalement le jour. Christal Films Productions a annonc\u00e9 que le tournage de ce long-m\u00e9trage biographique consacr\u00e9 au pilote qu\u00e9b\u00e9cois de\u00a0F1 <a href=\"https:\/\/annuelauto.ca\/8-mai-1982-salut-gilles\/\" target=\"_blank\" rel=\"noopener noreferrer\">Gilles\u00a0Villeneuve<\/a> d\u00e9butera bient\u00f4t. Dans un communiqu\u00e9 publi\u00e9 aujourd\u2019hui, la maison de production a aussi d\u00e9voil\u00e9 les noms des deux acteurs qui incarneront les personnages principaux.<\/p>\n<p>R\u00e9mi Goulet et Rosalie Bonenfant, tous deux \u00e2g\u00e9s de 26\u00a0ans, joueront les r\u00f4les de Gilles et de Joann Villeneuve, sa conjointe. Daniel Roby, qui assurera la r\u00e9alisation, a co\u00e9crit le sc\u00e9nario avec Guillaume Lonergan. Par ailleurs, ce film sera produit par Christian Larouche (<em>Louis Cyr\u00a0: L\u2019homme le plus fort du monde<\/em>, <em>Le dernier tunnel<\/em>, <em>Les 3 p\u2019tits cochons<\/em>, <em>L\u2019homme id\u00e9al<\/em>).<\/p>\n<p>Le film de Roby portera sur la jeunesse de <a href=\"https:\/\/annuelauto.ca\/jacques-villeneuve-tentera-a-nouveau-sa-chance-aux-24-heures-du-mans\/\" target=\"_blank\" rel=\"noopener noreferrer\">Villeneuve<\/a>\u00a0: sa carri\u00e8re en motoneige, ses d\u00e9buts en course automobile et ses succ\u00e8s en Formule Atlantic jusqu\u2019\u00e0 sa signature avec l\u2019\u00e9curie Ferrari.<\/p>\n<h3><strong>Ses d\u00e9buts, un volet int\u00e9ressant et m\u00e9connu de sa vie<\/strong><\/h3>\n<p>\nDans un communiqu\u00e9 relatif \u00e0 ce projet de film diffus\u00e9 en ao\u00fbt 2021, les deux sc\u00e9naristes expliquaient qu\u2019on a tendance \u00e0 parler davantage de la mort accidentelle de Gilles, survenue lors du Grand Prix de Belgique, en mai 1982, mais beaucoup moins de ses origines et de sa jeunesse. \u00ab Cette p\u00e9riode que nous couvrirons dans le film est g\u00e9n\u00e9ralement celle escamot\u00e9e par les biographes. Et pourtant, c\u2019est la partie la plus int\u00e9ressante, la plus m\u00e9connue et la plus surprenante \u00bb, affirmaient Daniel Roby et Guillaume Lonergan.<\/p>\n<p>Les sc\u00e9naristes veulent montrer ce que les exploits de Gilles ont suscit\u00e9 comme espoir chez les jeunes \u00e0 l\u2019\u00e9poque. \u00ab\u00a0\u00c7a se r\u00e9sume en ces mots\u00a0: tout est possible. Gilles Villeneuve, jeune qu\u00e9b\u00e9cois, s\u2019est rendu au sommet par la force de son talent et sa d\u00e9termination \u00e0 toute \u00e9preuve. Les Qu\u00e9b\u00e9cois \u00e9taient fascin\u00e9s par lui, mais aussi les Italiens, Fran\u00e7ais, Br\u00e9siliens, tout le monde\u00a0! Il est grand temps de ramener au grand jour la m\u00e9moire de cet \u00eatre qui repoussait les limites \u00e0 l&#8217;extr\u00eame, et qui nous a montr\u00e9 que peu importe d\u2019o\u00f9 on vient, nos r\u00eaves les plus fous peuvent se r\u00e9aliser.\u00a0\u00bb<\/p>\n<p>En ao\u00fbt 2021, Christian Larouche avait annonc\u00e9 avoir re\u00e7u l\u2019aval de la famille du c\u00e9l\u00e8bre coureur automobile pour le d\u00e9veloppement de ce long-m\u00e9trage. Aujourd\u2019hui, M\u00e9lanie Villeneuve, la fille de Gilles Villeneuve, s\u2019est dite heureuse de voir ce grand projet prendre vie par voie de communiqu\u00e9. \u00ab\u00a0La jeune carri\u00e8re de Gilles en course reste peut-\u00eatre la partie de sa vie qui est la moins connue \u00e0 ce jour. Quelle merveilleuse fa\u00e7on de la faire rayonner que d&#8217;avoir partag\u00e9 notre vision avec Daniel et Christian il y a de \u00e7a de nombreuses ann\u00e9es\u2009! Nous avons avec nous une \u00e9quipe formidable.\u00a0\u00bb<\/p>\n<h3><strong>Un budget de production qui pourrait atteindre 12,5\u00a0M$<\/strong><\/h3>\n<p>\nAyant obtenu le financement de la part de T\u00e9l\u00e9film Canada et de la SODEC, ainsi que l\u2019appui de Bell M\u00e9dia\/Crave, la pr\u00e9production de Villeneuve d\u00e9butera tr\u00e8s bient\u00f4t et le tournage commencera au courant de l\u2019hiver 2023\/2024.<\/p>\n<p>D\u2019apr\u00e8s Catherine Richer, journaliste \u00e0 Radio-Canada, la production de ce film, sur lequel les sc\u00e9naristes ont travaill\u00e9 durant neuf\u00a0ans, sera la plus co\u00fbteuse de l\u2019histoire du cin\u00e9ma qu\u00e9b\u00e9cois. Le producteur Christian Larouche lui a r\u00e9v\u00e9l\u00e9 qu\u2019il aura le plus gros budget de financement \u00e0 ce jour\u00a0: un budget se chiffrant entre 12\u00a0et 12,5\u00a0millions de dollars.<\/p>\n<p>\u00ab\u00a0C\u2019est un projet ambitieux, mais s\u2019il y a bien UN sujet qu\u00e9b\u00e9cois qui peut susciter autant d\u2019engouement partout dans le monde \u2014 certains disent m\u00eame qu\u2019il est une plus grosse vedette en Europe qu\u2019il l\u2019est au Qu\u00e9bec et au Canada \u2014 il s\u2019agit bien de Gilles Villeneuve, encore reconnu \u00e0 ce jour comme \u00e9tant le pilote le plus spectaculaire de l\u2019Histoire de la Formule\u00a01\u00a0\u00bb, estime Christian Larouche.<\/p>\n<h3><strong>Motoneiges de course et monoplaces anciennes recherch\u00e9es<\/strong><\/h3>\n<p>\nEn pr\u00e9vision du tournage, l\u2019\u00e9quipe de production (info@christalfilms.com) est d\u2019ailleurs \u00e0 la recherche de <a href=\"https:\/\/annuelauto.ca\/ski-doo-et-lynx-presentent-une-premiere-motoneige-electrique\/\" target=\"_blank\" rel=\"noopener noreferrer\">motoneiges<\/a> de course datant de 1970 \u00e0 1974, mais aussi de monoplaces de course\u00a0: des Formule\u00a0Ford de 1973 et des Formule\u00a0Atlantic de 1973 \u00e0 1976.<\/p>\n<p>Qu\u2019advient-il du reste de l\u2019histoire de Gilles\u00a0Villeneuve; de son passage marquant au sein de la Scuderia\u00a0Ferrari\u00a0? Sur les ondes du 95,1\u00a0FM, Catherine Richer a \u00e9voqu\u00e9 la possibilit\u00e9 que ce film ait une suite.<\/p>\n<p>Quoi qu\u2019il en soit, l\u2019annonce faite aujourd\u2019hui co\u00efncidait avec le 41e\u00a0anniversaire de la mort de Gilles Villeneuve. Par ailleurs, la sortie en salle du film <em>Villeneuve<\/em>, qui est pr\u00e9vue pour 2025, se fera l\u2019ann\u00e9e de son 75e\u00a0anniversaire de naissance.<\/p>\n<p><em>Photos : Christal Films Production et Ercole Colombo\/Spazio Oberdan<\/em><\/p>\n<p>Le texte <a rel=\"nofollow\" href=\"https:\/\/annuelauto.ca\/le-film-villeneuve-sortira-en-2025\/\">Le film \u00ab\u00a0Villeneuve\u00a0\u00bb sortira en 2025<\/a> provient de <a rel=\"nofollow\" href=\"https:\/\/annuelauto.ca\">L&#8217;annuel de l&#8217;automobile &#8211; Actualit\u00e9 automobile<\/a><\/p>\n<p><\/p>\n","protected":false},"excerpt":{"rendered":"<p>Le film Villeneuve verra finalement le jour. Christal Films Productions a annonc\u00e9 que le tournage de ce long-m\u00e9trage biographique consacr\u00e9 au pilote qu\u00e9b\u00e9cois de\u00a0F1 Gilles\u00a0Villeneuve d\u00e9butera bient\u00f4t. Dans un communiqu\u00e9 publi\u00e9 aujourd\u2019hui, la maison de production a aussi d\u00e9voil\u00e9 les noms des deux acteurs qui incarneront les personnages principaux. R\u00e9mi Goulet et Rosalie Bonenfant, tous [&hellip;]<\/p>\n","protected":false},"author":8,"featured_media":144622,"comment_status":"close","ping_status":"closed","sticky":false,"template":"","format":"standard","meta":{"_monsterinsights_skip_tracking":false,"_monsterinsights_sitenote_active":false,"_monsterinsights_sitenote_note":"","_monsterinsights_sitenote_category":0,"footnotes":""},"categories":[101],"tags":[],"yoast_head":"<!-- This site is optimized with the Yoast SEO plugin v23.2 - https:\/\/yoast.com\/wordpress\/plugins\/seo\/ -->\n<title>Le film \u00ab\u00a0Villeneuve\u00a0\u00bb sortira en 2025 - CanadaMotorJobs.com<\/title>\n<meta name=\"description\" content=\"Le film \u00ab\u00a0Villeneuve\u00a0\u00bb sortira en 2025 - Benoit Charette - Annuel automobile - CanadaMotorJobs.com.\" \/>\n<meta name=\"robots\" content=\"index, follow, max-snippet:-1, max-image-preview:large, max-video-preview:-1\" \/>\n<meta property=\"og:locale\" content=\"fr_CA\" \/>\n<meta property=\"og:type\" content=\"article\" \/>\n<meta property=\"og:title\" content=\"Le film \u00ab\u00a0Villeneuve\u00a0\u00bb sortira en 2025 - CanadaMotorJobs.com\" \/>\n<meta property=\"og:description\" content=\"Le film \u00ab\u00a0Villeneuve\u00a0\u00bb sortira en 2025 - Benoit Charette - Annuel automobile - CanadaMotorJobs.com.\" \/>\n<meta property=\"og:url\" content=\"https:\/\/news.canadamotorjobs.com\/fr\/le-film-villeneuve-sortira-en-2025\/\" \/>\n<meta property=\"og:site_name\" content=\"CanadaMotorJobs.com\" \/>\n<meta property=\"article:publisher\" content=\"https:\/\/www.facebook.com\/canadamotorjobs\/\" \/>\n<meta property=\"article:published_time\" content=\"2023-05-09T00:44:01+00:00\" \/>\n<meta property=\"article:modified_time\" content=\"2023-05-09T00:59:56+00:00\" \/>\n<meta property=\"og:image\" content=\"https:\/\/news.canadamotorjobs.com\/wp-content\/uploads\/2023\/05\/Villeneuve1.jpg\" \/>\n\t<meta property=\"og:image:width\" content=\"1500\" \/>\n\t<meta property=\"og:image:height\" content=\"1000\" \/>\n\t<meta property=\"og:image:type\" content=\"image\/jpeg\" \/>\n<meta name=\"author\" content=\"Benoit Charette\" \/>\n<meta name=\"twitter:card\" content=\"summary_large_image\" \/>\n<meta name=\"twitter:creator\" content=\"@canadamotorjobs\" \/>\n<meta name=\"twitter:site\" content=\"@canadamotorjobs\" \/>\n<meta name=\"twitter:label1\" content=\"\u00c9crit par\" \/>\n\t<meta name=\"twitter:data1\" content=\"Benoit Charette\" \/>\n\t<meta name=\"twitter:label2\" content=\"Estimation du temps de lecture\" \/>\n\t<meta name=\"twitter:data2\" content=\"4 minutes\" \/>\n<!-- \/ Yoast SEO plugin. -->","yoast_head_json":{"title":"Le film \u00ab\u00a0Villeneuve\u00a0\u00bb sortira en 2025 - CanadaMotorJobs.com","description":"Le film \u00ab\u00a0Villeneuve\u00a0\u00bb sortira en 2025 - Benoit Charette - Annuel automobile - CanadaMotorJobs.com.","robots":{"index":"index","follow":"follow","max-snippet":"max-snippet:-1","max-image-preview":"max-image-preview:large","max-video-preview":"max-video-preview:-1"},"og_locale":"fr_CA","og_type":"article","og_title":"Le film \u00ab\u00a0Villeneuve\u00a0\u00bb sortira en 2025 - CanadaMotorJobs.com","og_description":"Le film \u00ab\u00a0Villeneuve\u00a0\u00bb sortira en 2025 - Benoit Charette - Annuel automobile - CanadaMotorJobs.com.","og_url":"https:\/\/news.canadamotorjobs.com\/fr\/le-film-villeneuve-sortira-en-2025\/","og_site_name":"CanadaMotorJobs.com","article_publisher":"https:\/\/www.facebook.com\/canadamotorjobs\/","article_published_time":"2023-05-09T00:44:01+00:00","article_modified_time":"2023-05-09T00:59:56+00:00","og_image":[{"width":1500,"height":1000,"url":"https:\/\/news.canadamotorjobs.com\/wp-content\/uploads\/2023\/05\/Villeneuve1.jpg","type":"image\/jpeg"}],"author":"Benoit Charette","twitter_card":"summary_large_image","twitter_creator":"@canadamotorjobs","twitter_site":"@canadamotorjobs","twitter_misc":{"\u00c9crit par":"Benoit Charette","Estimation du temps de lecture":"4 minutes"},"schema":{"@context":"https:\/\/schema.org","@graph":[{"@type":"Article","@id":"https:\/\/news.canadamotorjobs.com\/fr\/le-film-villeneuve-sortira-en-2025\/#article","isPartOf":{"@id":"https:\/\/news.canadamotorjobs.com\/fr\/le-film-villeneuve-sortira-en-2025\/"},"author":{"name":"Benoit Charette","@id":"https:\/\/news.canadamotorjobs.com\/#\/schema\/person\/51793d1f87d44011d7bcc2ed99269a90"},"headline":"Le film \u00ab\u00a0Villeneuve\u00a0\u00bb sortira en 2025","datePublished":"2023-05-09T00:44:01+00:00","dateModified":"2023-05-09T00:59:56+00:00","mainEntityOfPage":{"@id":"https:\/\/news.canadamotorjobs.com\/fr\/le-film-villeneuve-sortira-en-2025\/"},"wordCount":849,"publisher":{"@id":"https:\/\/news.canadamotorjobs.com\/#organization"},"image":{"@id":"https:\/\/news.canadamotorjobs.com\/fr\/le-film-villeneuve-sortira-en-2025\/#primaryimage"},"thumbnailUrl":"https:\/\/news.canadamotorjobs.com\/wp-content\/uploads\/2023\/05\/Villeneuve1.jpg","articleSection":["Annuel automobile"],"inLanguage":"fr-CA"},{"@type":"WebPage","@id":"https:\/\/news.canadamotorjobs.com\/fr\/le-film-villeneuve-sortira-en-2025\/","url":"https:\/\/news.canadamotorjobs.com\/fr\/le-film-villeneuve-sortira-en-2025\/","name":"Le film \u00ab\u00a0Villeneuve\u00a0\u00bb sortira en 2025 - CanadaMotorJobs.com","isPartOf":{"@id":"https:\/\/news.canadamotorjobs.com\/#website"},"primaryImageOfPage":{"@id":"https:\/\/news.canadamotorjobs.com\/fr\/le-film-villeneuve-sortira-en-2025\/#primaryimage"},"image":{"@id":"https:\/\/news.canadamotorjobs.com\/fr\/le-film-villeneuve-sortira-en-2025\/#primaryimage"},"thumbnailUrl":"https:\/\/news.canadamotorjobs.com\/wp-content\/uploads\/2023\/05\/Villeneuve1.jpg","datePublished":"2023-05-09T00:44:01+00:00","dateModified":"2023-05-09T00:59:56+00:00","description":"Le film \u00ab\u00a0Villeneuve\u00a0\u00bb sortira en 2025 - Benoit Charette - Annuel automobile - CanadaMotorJobs.com.","breadcrumb":{"@id":"https:\/\/news.canadamotorjobs.com\/fr\/le-film-villeneuve-sortira-en-2025\/#breadcrumb"},"inLanguage":"fr-CA","potentialAction":[{"@type":"ReadAction","target":["https:\/\/news.canadamotorjobs.com\/fr\/le-film-villeneuve-sortira-en-2025\/"]}]},{"@type":"ImageObject","inLanguage":"fr-CA","@id":"https:\/\/news.canadamotorjobs.com\/fr\/le-film-villeneuve-sortira-en-2025\/#primaryimage","url":"https:\/\/news.canadamotorjobs.com\/wp-content\/uploads\/2023\/05\/Villeneuve1.jpg","contentUrl":"https:\/\/news.canadamotorjobs.com\/wp-content\/uploads\/2023\/05\/Villeneuve1.jpg","width":1500,"height":1000},{"@type":"BreadcrumbList","@id":"https:\/\/news.canadamotorjobs.com\/fr\/le-film-villeneuve-sortira-en-2025\/#breadcrumb","itemListElement":[{"@type":"ListItem","position":1,"name":"Home","item":"https:\/\/news.canadamotorjobs.com\/fr\/blog\/"},{"@type":"ListItem","position":2,"name":"Le film \u00ab\u00a0Villeneuve\u00a0\u00bb sortira en 2025"}]},{"@type":"WebSite","@id":"https:\/\/news.canadamotorjobs.com\/#website","url":"https:\/\/news.canadamotorjobs.com\/","name":"CanadaMotorJobs.com","description":"Automotive Jobs","publisher":{"@id":"https:\/\/news.canadamotorjobs.com\/#organization"},"potentialAction":[{"@type":"SearchAction","target":{"@type":"EntryPoint","urlTemplate":"https:\/\/news.canadamotorjobs.com\/?s={search_term_string}"},"query-input":"required name=search_term_string"}],"inLanguage":"fr-CA"},{"@type":"Organization","@id":"https:\/\/news.canadamotorjobs.com\/#organization","name":"Canada Motor Jobs","url":"https:\/\/news.canadamotorjobs.com\/","logo":{"@type":"ImageObject","inLanguage":"fr-CA","@id":"https:\/\/news.canadamotorjobs.com\/#\/schema\/logo\/image\/","url":"https:\/\/news.canadamotorjobs.com\/wp-content\/uploads\/2022\/10\/logo-canada-motor-jobs-1.png","contentUrl":"https:\/\/news.canadamotorjobs.com\/wp-content\/uploads\/2022\/10\/logo-canada-motor-jobs-1.png","width":800,"height":400,"caption":"Canada Motor Jobs"},"image":{"@id":"https:\/\/news.canadamotorjobs.com\/#\/schema\/logo\/image\/"},"sameAs":["https:\/\/www.facebook.com\/canadamotorjobs\/","https:\/\/x.com\/canadamotorjobs","https:\/\/www.instagram.com\/canadamotorjobs\/","https:\/\/www.linkedin.com\/company\/canadamotorjobs"]},{"@type":"Person","@id":"https:\/\/news.canadamotorjobs.com\/#\/schema\/person\/51793d1f87d44011d7bcc2ed99269a90","name":"Benoit Charette","image":{"@type":"ImageObject","inLanguage":"fr-CA","@id":"https:\/\/news.canadamotorjobs.com\/#\/schema\/person\/image\/","url":"https:\/\/secure.gravatar.com\/avatar\/45f3d2eebcccd909668d7ce7ea7267b6?s=96&d=mm&r=g","contentUrl":"https:\/\/secure.gravatar.com\/avatar\/45f3d2eebcccd909668d7ce7ea7267b6?s=96&d=mm&r=g","caption":"Benoit Charette"},"description":"Benoit Charette \/ Propri\u00e9taire et r\u00e9dacteur en chef Benoit Charette pratique le journalisme automobile depuis bient\u00f4t 30 ans. Il a fait ses classes au c\u00f4t\u00e9 de Daniel H\u00e9raud et au Carnet de route de 1992 \u00e0 2001. Il est fondateur, copropri\u00e9taire et r\u00e9dacteur en chef de L\u2019Annuel de l\u2019automobile, qu\u2019il publie depuis 2001. Il a anim\u00e9 les \u00e9missions RPM et RPM+ sur V et les L\u00e9gendes de la route sur Historia. \u00c0 la radio depuis 1986, il reprend l\u2019antenne cette ann\u00e9e sur les ondes de Cogeco et participe pour la deuxi\u00e8me ann\u00e9e \u00e0 l\u2019\u00e9mission Passion Auto sur RDS en plus de mettre en ligne le site Web officiel de L\u2019Annuel de l\u2019automobile sur annuelauto.ca.","sameAs":["https:\/\/annuelauto.ca\/"],"url":"https:\/\/news.canadamotorjobs.com\/fr\/author\/benoit-charette\/"}]}},"_links":{"self":[{"href":"https:\/\/news.canadamotorjobs.com\/fr\/wp-json\/wp\/v2\/posts\/144620"}],"collection":[{"href":"https:\/\/news.canadamotorjobs.com\/fr\/wp-json\/wp\/v2\/posts"}],"about":[{"href":"https:\/\/news.canadamotorjobs.com\/fr\/wp-json\/wp\/v2\/types\/post"}],"author":[{"embeddable":true,"href":"https:\/\/news.canadamotorjobs.com\/fr\/wp-json\/wp\/v2\/users\/8"}],"replies":[{"embeddable":true,"href":"https:\/\/news.canadamotorjobs.com\/fr\/wp-json\/wp\/v2\/comments?post=144620"}],"version-history":[{"count":2,"href":"https:\/\/news.canadamotorjobs.com\/fr\/wp-json\/wp\/v2\/posts\/144620\/revisions"}],"predecessor-version":[{"id":144624,"href":"https:\/\/news.canadamotorjobs.com\/fr\/wp-json\/wp\/v2\/posts\/144620\/revisions\/144624"}],"wp:featuredmedia":[{"embeddable":true,"href":"https:\/\/news.canadamotorjobs.com\/fr\/wp-json\/wp\/v2\/media\/144622"}],"wp:attachment":[{"href":"https:\/\/news.canadamotorjobs.com\/fr\/wp-json\/wp\/v2\/media?parent=144620"}],"wp:term":[{"taxonomy":"category","embeddable":true,"href":"https:\/\/news.canadamotorjobs.com\/fr\/wp-json\/wp\/v2\/categories?post=144620"},{"taxonomy":"post_tag","embeddable":true,"href":"https:\/\/news.canadamotorjobs.com\/fr\/wp-json\/wp\/v2\/tags?post=144620"}],"curies":[{"name":"wp","href":"https:\/\/api.w.org\/{rel}","templated":true}]}}