{"id":144589,"date":"2023-05-08T06:13:25","date_gmt":"2023-05-08T10:13:25","guid":{"rendered":"https:\/\/news.canadamotorjobs.com\/?p=144589"},"modified":"2023-05-08T06:15:37","modified_gmt":"2023-05-08T10:15:37","slug":"ford-perd-60-000-pour-chaque-vehicule-electrique-vendu","status":"publish","type":"post","link":"https:\/\/news.canadamotorjobs.com\/fr\/ford-perd-60-000-pour-chaque-vehicule-electrique-vendu\/","title":{"rendered":"Ford perd 60\u00a0000$ pour chaque v\u00e9hicule \u00e9lectrique vendu"},"content":{"rendered":"<\/p>\n<p>Si vous demandez pourquoi Ford insiste pour vendre encore beaucoup de camions, c\u2019est que la vente de V\u00c9 se fait encore \u00e0 perte Ford a r\u00e9v\u00e9l\u00e9 ses r\u00e9sultats pour le premier trimestre 2023. Pour la premi\u00e8re fois, Ford a d\u00e9taill\u00e9 les r\u00e9sultats de ses nouvelles divisions cr\u00e9\u00e9es il y a un peu plus d&#8217;un an, \u00e0 savoir Ford Model e, Ford Blue et Ford Pro. Comme son nom l&#8217;indique, Ford Model e s&#8217;occupe des v\u00e9hicules \u00e9lectriques et de la connectivit\u00e9 num\u00e9rique, tandis que Ford Blue s&#8217;occupe de la production de v\u00e9hicules \u00e0 combustion interne. La troisi\u00e8me unit\u00e9, Ford Pro, se concentre sur les fourgonnettes et les camions.<\/p>\n<h3>Des r\u00e9sultats bien distincts<\/h3>\n<p>\nLe chiffre phare du rapport sur les r\u00e9sultats est que le constructeur automobile historique perd en moyenne 58 333 dollars (US) par v\u00e9hicule \u00e9lectrique vendu au cours des trois premiers mois de 2023. Ford n&#8217;a livr\u00e9 que 12 000 V\u00c9 au cours du premier trimestre et, en retour, Ford Model e a perdu 700 millions de dollars (avant int\u00e9r\u00eats et imp\u00f4ts) au cours de la m\u00eame p\u00e9riode. Pendant ce temps, les ventes de V\u00c9 n&#8217;ont g\u00e9n\u00e9r\u00e9 que 700 millions de dollars de revenus, contre 1,6 milliard de dollars au dernier trimestre 2022.<\/p>\n<p>Quoi qu&#8217;il en soit, un peu moins de 60 000 dollars par unit\u00e9 est une somme consid\u00e9rable \u00e0 perdre sur chaque V\u00c9. Toutefois, plusieurs facteurs doivent \u00eatre pris en compte. Tout d&#8217;abord, le volume est r\u00e9duit en raison de l&#8217;arr\u00eat programm\u00e9 de l&#8217;usine de Cuautitlan, au Mexique, qui produit la Mustang Mach-E. Ce ralentissement temporaire de la production vise \u00e0 r\u00e9duire les co\u00fbts de production. Le ralentissement temporaire de la production doit permettre d&#8217;augmenter la production de l&#8217;usine \u00e0 210 000 par an d&#8217;ici \u00e0 la fin de 2023.<\/p>\n<p>De m\u00eame, l&#8217;unit\u00e9 EV de Ford subit une h\u00e9morragie de liquidit\u00e9s tout en augmentant sa production. Cela inclut les 3,5 milliards de dollars d\u00e9pens\u00e9s pour l&#8217;usine de batteries LFP appartenant \u00e0 Ford \u00e0 Marshall, Michigan, et BlueOval City dans le Tennessee, qui produira la prochaine g\u00e9n\u00e9ration de camions \u00e9lectriques de Ford en 2025, avec une capacit\u00e9 de 500 000 unit\u00e9s par an.<\/p>\n<h3>Les camions sont toujours la vache \u00e0 lait de Ford<\/h3>\n<p>\nIl en va tout autrement pour Ford Blue, qui a enregistr\u00e9 un b\u00e9n\u00e9fice net avant int\u00e9r\u00eats et imp\u00f4ts de 2,6 milliards de dollars au premier trimestre, soit une marge d&#8217;exploitation de 10,4 %. Le F-150 a men\u00e9 la charge, tandis que Ford conserve sa position de premier constructeur am\u00e9ricain de camions, en construisant un toutes les 30 secondes. Alors que les co\u00fbts des nouveaux produits et les pressions inflationnistes ont temp\u00e9r\u00e9 les b\u00e9n\u00e9fices, Ford Blue et Ford Pro ont permis \u00e0 l&#8217;Ovale bleu de retrouver une marge de revenu net de 4,2 %, le chiffre le plus \u00e9lev\u00e9 depuis plus d&#8217;un an.<\/p>\n<p>\u00a0<\/p>\n<p>Avec des renseignements de Carscoops<\/p>\n<p>Le texte <a rel=\"nofollow\" href=\"https:\/\/annuelauto.ca\/ford-perd-60-000-pour-chaque-vehicule-electrique-vendu\/\">Ford perd 60\u00a0000$ pour chaque v\u00e9hicule \u00e9lectrique vendu<\/a> provient de <a rel=\"nofollow\" href=\"https:\/\/annuelauto.ca\">L&#8217;annuel de l&#8217;automobile &#8211; Actualit\u00e9 automobile<\/a><\/p>\n<p><\/p>\n","protected":false},"excerpt":{"rendered":"<p>Si vous demandez pourquoi Ford insiste pour vendre encore beaucoup de camions, c\u2019est que la vente de V\u00c9 se fait encore \u00e0 perte Ford a r\u00e9v\u00e9l\u00e9 ses r\u00e9sultats pour le premier trimestre 2023. Pour la premi\u00e8re fois, Ford a d\u00e9taill\u00e9 les r\u00e9sultats de ses nouvelles divisions cr\u00e9\u00e9es il y a un peu plus d&#8217;un an, [&hellip;]<\/p>\n","protected":false},"author":8,"featured_media":144591,"comment_status":"close","ping_status":"closed","sticky":false,"template":"","format":"standard","meta":{"_monsterinsights_skip_tracking":false,"_monsterinsights_sitenote_active":false,"_monsterinsights_sitenote_note":"","_monsterinsights_sitenote_category":0,"footnotes":""},"categories":[101],"tags":[],"yoast_head":"<!-- This site is optimized with the Yoast SEO plugin v23.2 - https:\/\/yoast.com\/wordpress\/plugins\/seo\/ -->\n<title>Ford perd 60\u00a0000$ pour chaque v\u00e9hicule \u00e9lectrique vendu - CanadaMotorJobs.com<\/title>\n<meta name=\"description\" content=\"Ford perd 60\u00a0000$ pour chaque v\u00e9hicule \u00e9lectrique vendu - Benoit Charette - Annuel automobile - CanadaMotorJobs.com.\" \/>\n<meta name=\"robots\" content=\"index, follow, max-snippet:-1, max-image-preview:large, max-video-preview:-1\" \/>\n<meta property=\"og:locale\" content=\"fr_CA\" \/>\n<meta property=\"og:type\" content=\"article\" \/>\n<meta property=\"og:title\" content=\"Ford perd 60\u00a0000$ pour chaque v\u00e9hicule \u00e9lectrique vendu - CanadaMotorJobs.com\" \/>\n<meta property=\"og:description\" content=\"Ford perd 60\u00a0000$ pour chaque v\u00e9hicule \u00e9lectrique vendu - Benoit Charette - Annuel automobile - CanadaMotorJobs.com.\" \/>\n<meta property=\"og:url\" content=\"https:\/\/news.canadamotorjobs.com\/fr\/ford-perd-60-000-pour-chaque-vehicule-electrique-vendu\/\" \/>\n<meta property=\"og:site_name\" content=\"CanadaMotorJobs.com\" \/>\n<meta property=\"article:publisher\" content=\"https:\/\/www.facebook.com\/canadamotorjobs\/\" \/>\n<meta property=\"article:published_time\" content=\"2023-05-08T10:13:25+00:00\" \/>\n<meta property=\"article:modified_time\" content=\"2023-05-08T10:15:37+00:00\" \/>\n<meta property=\"og:image\" content=\"https:\/\/news.canadamotorjobs.com\/wp-content\/uploads\/2023\/05\/Ford_Mustang-Mach-E-GT_2021_2.jpg\" \/>\n\t<meta property=\"og:image:width\" content=\"2108\" \/>\n\t<meta property=\"og:image:height\" content=\"1186\" \/>\n\t<meta property=\"og:image:type\" content=\"image\/jpeg\" \/>\n<meta name=\"author\" content=\"Benoit Charette\" \/>\n<meta name=\"twitter:card\" content=\"summary_large_image\" \/>\n<meta name=\"twitter:creator\" content=\"@canadamotorjobs\" \/>\n<meta name=\"twitter:site\" content=\"@canadamotorjobs\" \/>\n<meta name=\"twitter:label1\" content=\"\u00c9crit par\" \/>\n\t<meta name=\"twitter:data1\" content=\"Benoit Charette\" \/>\n\t<meta name=\"twitter:label2\" content=\"Estimation du temps de lecture\" \/>\n\t<meta name=\"twitter:data2\" content=\"2 minutes\" \/>\n<!-- \/ Yoast SEO plugin. -->","yoast_head_json":{"title":"Ford perd 60\u00a0000$ pour chaque v\u00e9hicule \u00e9lectrique vendu - CanadaMotorJobs.com","description":"Ford perd 60\u00a0000$ pour chaque v\u00e9hicule \u00e9lectrique vendu - Benoit Charette - Annuel automobile - CanadaMotorJobs.com.","robots":{"index":"index","follow":"follow","max-snippet":"max-snippet:-1","max-image-preview":"max-image-preview:large","max-video-preview":"max-video-preview:-1"},"og_locale":"fr_CA","og_type":"article","og_title":"Ford perd 60\u00a0000$ pour chaque v\u00e9hicule \u00e9lectrique vendu - CanadaMotorJobs.com","og_description":"Ford perd 60\u00a0000$ pour chaque v\u00e9hicule \u00e9lectrique vendu - Benoit Charette - Annuel automobile - CanadaMotorJobs.com.","og_url":"https:\/\/news.canadamotorjobs.com\/fr\/ford-perd-60-000-pour-chaque-vehicule-electrique-vendu\/","og_site_name":"CanadaMotorJobs.com","article_publisher":"https:\/\/www.facebook.com\/canadamotorjobs\/","article_published_time":"2023-05-08T10:13:25+00:00","article_modified_time":"2023-05-08T10:15:37+00:00","og_image":[{"width":2108,"height":1186,"url":"https:\/\/news.canadamotorjobs.com\/wp-content\/uploads\/2023\/05\/Ford_Mustang-Mach-E-GT_2021_2.jpg","type":"image\/jpeg"}],"author":"Benoit Charette","twitter_card":"summary_large_image","twitter_creator":"@canadamotorjobs","twitter_site":"@canadamotorjobs","twitter_misc":{"\u00c9crit par":"Benoit Charette","Estimation du temps de lecture":"2 minutes"},"schema":{"@context":"https:\/\/schema.org","@graph":[{"@type":"Article","@id":"https:\/\/news.canadamotorjobs.com\/fr\/ford-perd-60-000-pour-chaque-vehicule-electrique-vendu\/#article","isPartOf":{"@id":"https:\/\/news.canadamotorjobs.com\/fr\/ford-perd-60-000-pour-chaque-vehicule-electrique-vendu\/"},"author":{"name":"Benoit Charette","@id":"https:\/\/news.canadamotorjobs.com\/#\/schema\/person\/51793d1f87d44011d7bcc2ed99269a90"},"headline":"Ford perd 60\u00a0000$ pour chaque v\u00e9hicule \u00e9lectrique vendu","datePublished":"2023-05-08T10:13:25+00:00","dateModified":"2023-05-08T10:15:37+00:00","mainEntityOfPage":{"@id":"https:\/\/news.canadamotorjobs.com\/fr\/ford-perd-60-000-pour-chaque-vehicule-electrique-vendu\/"},"wordCount":525,"publisher":{"@id":"https:\/\/news.canadamotorjobs.com\/#organization"},"image":{"@id":"https:\/\/news.canadamotorjobs.com\/fr\/ford-perd-60-000-pour-chaque-vehicule-electrique-vendu\/#primaryimage"},"thumbnailUrl":"https:\/\/news.canadamotorjobs.com\/wp-content\/uploads\/2023\/05\/Ford_Mustang-Mach-E-GT_2021_2.jpg","articleSection":["Annuel automobile"],"inLanguage":"fr-CA"},{"@type":"WebPage","@id":"https:\/\/news.canadamotorjobs.com\/fr\/ford-perd-60-000-pour-chaque-vehicule-electrique-vendu\/","url":"https:\/\/news.canadamotorjobs.com\/fr\/ford-perd-60-000-pour-chaque-vehicule-electrique-vendu\/","name":"Ford perd 60\u00a0000$ pour chaque v\u00e9hicule \u00e9lectrique vendu - CanadaMotorJobs.com","isPartOf":{"@id":"https:\/\/news.canadamotorjobs.com\/#website"},"primaryImageOfPage":{"@id":"https:\/\/news.canadamotorjobs.com\/fr\/ford-perd-60-000-pour-chaque-vehicule-electrique-vendu\/#primaryimage"},"image":{"@id":"https:\/\/news.canadamotorjobs.com\/fr\/ford-perd-60-000-pour-chaque-vehicule-electrique-vendu\/#primaryimage"},"thumbnailUrl":"https:\/\/news.canadamotorjobs.com\/wp-content\/uploads\/2023\/05\/Ford_Mustang-Mach-E-GT_2021_2.jpg","datePublished":"2023-05-08T10:13:25+00:00","dateModified":"2023-05-08T10:15:37+00:00","description":"Ford perd 60\u00a0000$ pour chaque v\u00e9hicule \u00e9lectrique vendu - Benoit Charette - Annuel automobile - CanadaMotorJobs.com.","breadcrumb":{"@id":"https:\/\/news.canadamotorjobs.com\/fr\/ford-perd-60-000-pour-chaque-vehicule-electrique-vendu\/#breadcrumb"},"inLanguage":"fr-CA","potentialAction":[{"@type":"ReadAction","target":["https:\/\/news.canadamotorjobs.com\/fr\/ford-perd-60-000-pour-chaque-vehicule-electrique-vendu\/"]}]},{"@type":"ImageObject","inLanguage":"fr-CA","@id":"https:\/\/news.canadamotorjobs.com\/fr\/ford-perd-60-000-pour-chaque-vehicule-electrique-vendu\/#primaryimage","url":"https:\/\/news.canadamotorjobs.com\/wp-content\/uploads\/2023\/05\/Ford_Mustang-Mach-E-GT_2021_2.jpg","contentUrl":"https:\/\/news.canadamotorjobs.com\/wp-content\/uploads\/2023\/05\/Ford_Mustang-Mach-E-GT_2021_2.jpg","width":2108,"height":1186},{"@type":"BreadcrumbList","@id":"https:\/\/news.canadamotorjobs.com\/fr\/ford-perd-60-000-pour-chaque-vehicule-electrique-vendu\/#breadcrumb","itemListElement":[{"@type":"ListItem","position":1,"name":"Home","item":"https:\/\/news.canadamotorjobs.com\/fr\/blog\/"},{"@type":"ListItem","position":2,"name":"Ford perd 60\u00a0000$ pour chaque v\u00e9hicule \u00e9lectrique vendu"}]},{"@type":"WebSite","@id":"https:\/\/news.canadamotorjobs.com\/#website","url":"https:\/\/news.canadamotorjobs.com\/","name":"CanadaMotorJobs.com","description":"Automotive Jobs","publisher":{"@id":"https:\/\/news.canadamotorjobs.com\/#organization"},"potentialAction":[{"@type":"SearchAction","target":{"@type":"EntryPoint","urlTemplate":"https:\/\/news.canadamotorjobs.com\/?s={search_term_string}"},"query-input":"required name=search_term_string"}],"inLanguage":"fr-CA"},{"@type":"Organization","@id":"https:\/\/news.canadamotorjobs.com\/#organization","name":"Canada Motor Jobs","url":"https:\/\/news.canadamotorjobs.com\/","logo":{"@type":"ImageObject","inLanguage":"fr-CA","@id":"https:\/\/news.canadamotorjobs.com\/#\/schema\/logo\/image\/","url":"https:\/\/news.canadamotorjobs.com\/wp-content\/uploads\/2022\/10\/logo-canada-motor-jobs-1.png","contentUrl":"https:\/\/news.canadamotorjobs.com\/wp-content\/uploads\/2022\/10\/logo-canada-motor-jobs-1.png","width":800,"height":400,"caption":"Canada Motor Jobs"},"image":{"@id":"https:\/\/news.canadamotorjobs.com\/#\/schema\/logo\/image\/"},"sameAs":["https:\/\/www.facebook.com\/canadamotorjobs\/","https:\/\/x.com\/canadamotorjobs","https:\/\/www.instagram.com\/canadamotorjobs\/","https:\/\/www.linkedin.com\/company\/canadamotorjobs"]},{"@type":"Person","@id":"https:\/\/news.canadamotorjobs.com\/#\/schema\/person\/51793d1f87d44011d7bcc2ed99269a90","name":"Benoit Charette","image":{"@type":"ImageObject","inLanguage":"fr-CA","@id":"https:\/\/news.canadamotorjobs.com\/#\/schema\/person\/image\/","url":"https:\/\/secure.gravatar.com\/avatar\/45f3d2eebcccd909668d7ce7ea7267b6?s=96&d=mm&r=g","contentUrl":"https:\/\/secure.gravatar.com\/avatar\/45f3d2eebcccd909668d7ce7ea7267b6?s=96&d=mm&r=g","caption":"Benoit Charette"},"description":"Benoit Charette \/ Propri\u00e9taire et r\u00e9dacteur en chef Benoit Charette pratique le journalisme automobile depuis bient\u00f4t 30 ans. Il a fait ses classes au c\u00f4t\u00e9 de Daniel H\u00e9raud et au Carnet de route de 1992 \u00e0 2001. Il est fondateur, copropri\u00e9taire et r\u00e9dacteur en chef de L\u2019Annuel de l\u2019automobile, qu\u2019il publie depuis 2001. Il a anim\u00e9 les \u00e9missions RPM et RPM+ sur V et les L\u00e9gendes de la route sur Historia. \u00c0 la radio depuis 1986, il reprend l\u2019antenne cette ann\u00e9e sur les ondes de Cogeco et participe pour la deuxi\u00e8me ann\u00e9e \u00e0 l\u2019\u00e9mission Passion Auto sur RDS en plus de mettre en ligne le site Web officiel de L\u2019Annuel de l\u2019automobile sur annuelauto.ca.","sameAs":["https:\/\/annuelauto.ca\/"],"url":"https:\/\/news.canadamotorjobs.com\/fr\/author\/benoit-charette\/"}]}},"_links":{"self":[{"href":"https:\/\/news.canadamotorjobs.com\/fr\/wp-json\/wp\/v2\/posts\/144589"}],"collection":[{"href":"https:\/\/news.canadamotorjobs.com\/fr\/wp-json\/wp\/v2\/posts"}],"about":[{"href":"https:\/\/news.canadamotorjobs.com\/fr\/wp-json\/wp\/v2\/types\/post"}],"author":[{"embeddable":true,"href":"https:\/\/news.canadamotorjobs.com\/fr\/wp-json\/wp\/v2\/users\/8"}],"replies":[{"embeddable":true,"href":"https:\/\/news.canadamotorjobs.com\/fr\/wp-json\/wp\/v2\/comments?post=144589"}],"version-history":[{"count":2,"href":"https:\/\/news.canadamotorjobs.com\/fr\/wp-json\/wp\/v2\/posts\/144589\/revisions"}],"predecessor-version":[{"id":144593,"href":"https:\/\/news.canadamotorjobs.com\/fr\/wp-json\/wp\/v2\/posts\/144589\/revisions\/144593"}],"wp:featuredmedia":[{"embeddable":true,"href":"https:\/\/news.canadamotorjobs.com\/fr\/wp-json\/wp\/v2\/media\/144591"}],"wp:attachment":[{"href":"https:\/\/news.canadamotorjobs.com\/fr\/wp-json\/wp\/v2\/media?parent=144589"}],"wp:term":[{"taxonomy":"category","embeddable":true,"href":"https:\/\/news.canadamotorjobs.com\/fr\/wp-json\/wp\/v2\/categories?post=144589"},{"taxonomy":"post_tag","embeddable":true,"href":"https:\/\/news.canadamotorjobs.com\/fr\/wp-json\/wp\/v2\/tags?post=144589"}],"curies":[{"name":"wp","href":"https:\/\/api.w.org\/{rel}","templated":true}]}}