{"id":144547,"date":"2023-05-06T12:39:54","date_gmt":"2023-05-06T16:39:54","guid":{"rendered":"https:\/\/news.canadamotorjobs.com\/?p=144547"},"modified":"2023-05-06T13:00:54","modified_gmt":"2023-05-06T17:00:54","slug":"cette-nissan-skyline-de-fast-furious-4-a-ete-vendue-pour-pres-de-18-m","status":"publish","type":"post","link":"https:\/\/news.canadamotorjobs.com\/fr\/cette-nissan-skyline-de-fast-furious-4-a-ete-vendue-pour-pres-de-18-m\/","title":{"rendered":"Cette Nissan Skyline de \u00ab\u00a0Fast &amp; Furious\u00a04\u00a0\u00bb a \u00e9t\u00e9 vendue pour pr\u00e8s de 1,8\u00a0M$"},"content":{"rendered":"<\/p>\n<p>L&#8217;une des vedettes cin\u00e9matographiques \u00e0 quatre roues les plus c\u00e9l\u00e8bres au monde, la Nissan Skyline\u00a0R34 GT-R 2000\u00a0bleu Bayside conduite par le populaire acteur Paul Walker lors du tournage du film <em>Rapides et dangereux\u00a04<\/em> (V.\u00a0F. de <em>Fast\u00a0&amp;\u00a0Furious\u00a04<\/em>), a \u00e9t\u00e9 vendue hier, le vendredi 5\u00a0mai 2023, pour un somme record proche de 1,8\u00a0M$ (1\u00a0357\u00a0000\u00a0$\u00a0US) lors d\u2019une vente aux ench\u00e8res sur internet organis\u00e9e par l\u2019encanteur britannique Bonhams.<\/p>\n<p>Cette somme est deux fois plus \u00e9lev\u00e9e que le prix record pr\u00e9c\u00e9dent \u00e9tabli en 2022 pour une autre Nissan Skyline utilis\u00e9e par les producteurs de ce film.<\/p>\n<p>En effet, en ao\u00fbt\u00a02022, une <a href=\"https:\/\/annuelauto.ca\/nissan-envisage-de-creer-une-chaine-dapprovisionnement-pour-les-ves-au-canada\/\" target=\"_blank\" rel=\"noopener noreferrer\">Nissan<\/a>\u00a0Skyline\u00a0R34 GT-R\u00a0V-Spec\u00a0II\u00a02001 offerte \u00e0 une vente aux ench\u00e8res pr\u00e9sent\u00e9e \u00e0 Monterey, en Californie, par la soci\u00e9t\u00e9 \u00e9tatsunienne Mecum avait trouv\u00e9 preneur pour environ 750\u00a0000\u00a0$ (577\u00a0500\u00a0$\u00a0US).<\/p>\n<h3><strong>Deux Skyline, deux fonctions<\/strong><\/h3>\n<p>\nCette Skyline, dont le ch\u00e2ssis porte le num\u00e9ro de s\u00e9rie BNR34-401250, avait \u00e9t\u00e9 utilis\u00e9e par Paul\u00a0Walker pour des \u00e9v\u00e9nements promotionnels entourant le lancement du film et pour son usage personnel. Selon Mecum, il avait d\u2019ailleurs parcouru pr\u00e8s de 30\u00a0000\u00a0km au volant de cette voiture.<\/p>\n<p>Par contre, la <a href=\"https:\/\/annuelauto.ca\/la-nissan-skyline-gt-r-conduite-par-paul-walker-dans-rapides-et-dangereux-4-sera-vendue-dans-un-encan-en-ligne\/\" target=\"_blank\" rel=\"noopener noreferrer\">Skyline vendue par Bonhams cette semaine<\/a> (ch\u00e2ssis BNR34-400109) serait la seule et unique authentique R34\u00a0GT-R conduite par Paul Walker lors du tournage de ce film.<\/p>\n<p>Personnalis\u00e9e selon les exigences de l\u2019acteur par Daryl\u00a0Alison de Kaizo Industries, pr\u00e9parateur californien, cette Nissan avait \u00e9t\u00e9 livr\u00e9e \u00e0 Universal Film Studios en 2008 pour le tournage du quatri\u00e8me volet de la saga <a href=\"https:\/\/annuelauto.ca\/vin-diesel-annonce-la-fin-de-la-franchise-fast-and-furious\/\" target=\"_blank\" rel=\"noopener noreferrer\"><em>Fast\u00a0&amp;\u00a0Furious<\/em><\/a>.<\/p>\n<p>\u00c0 l\u2019int\u00e9rieur, elle avait \u00e9t\u00e9 dot\u00e9e d\u2019une cage de protection pour les besoins du tournage, de m\u00eame que d\u2019un ordinateur fix\u00e9 \u00e0 la planche de bord et de si\u00e8ges baquets de course\u00a0OMP. Ces derniers ont d\u2019ailleurs conserv\u00e9 les r\u00e9glages faits par <a href=\"https:\/\/annuelauto.ca\/la-toyota-supra-de-paul-walker-sest-vendue-692-000\/\" target=\"_blank\" rel=\"noopener noreferrer\">Paul\u00a0Walker<\/a>.<\/p>\n<h3><strong>Pas d\u2019autocollant<\/strong><\/h3>\n<p>\nComme l\u2019avait exig\u00e9 l\u2019acteur, sa carrosserie n\u2019arborait aucun autocollant commercial. Walker souhaitait ainsi mettre en valeur les lignes \u00e9pur\u00e9es de la Skyline, tout en \u00e9vitant de se faire voir dans le film au volant d\u2019un \u00ab\u00a0panneau publicitaire ambulant\u00a0\u00bb.<\/p>\n<p>Contrairement \u00e0 cette derni\u00e8re, la Skyline vendue par Mecum en 2022, qui avait une vocation promotionnelle, \u00e9tait g\u00e9n\u00e9reusement d\u00e9cor\u00e9e d\u2019autocollants publicitaires\u00a0!<\/p>\n<p>Depuis que Bonhams avait annonc\u00e9 la vente de sa Skyline, en mars dernier, une v\u00e9ritable fr\u00e9n\u00e9sie s\u2019\u00e9tait empar\u00e9e de cette voiture dans les m\u00e9dias de la plan\u00e8te, souligne l\u2019encanteur. Le prix record atteint n\u2019y est s\u00fbrement pas \u00e9tranger.<\/p>\n<p>\u00ab\u00a0C&#8217;est un r\u00e9sultat incroyable et bien m\u00e9rit\u00e9 pour cette voiture embl\u00e9matique\u00a0\u00bb, a dit Maarten\u00a0Ten\u00a0Holder, directeur g\u00e9n\u00e9ral du d\u00e9partement des v\u00e9hicules de collections de Bonhams. \u00ab\u00a0C\u2019est non seulement l\u2019une des automobiles vedettes du cin\u00e9ma contemporain les plus c\u00e9l\u00e8bres, mais c\u2019est aussi un superbe exemple de la mythique \u2018\u2018Godzilla\u2019\u2019 imagin\u00e9e par Nissan.\u00a0\u00bb<\/p>\n<p>Notons, enfin, que Bonhams n\u2019a pas d\u00e9voil\u00e9 l\u2019identit\u00e9 de l\u2019acheteur.<\/p>\n<p><em>Photos : Bonhams et Mecum<\/em><\/p>\n<p>Le texte <a rel=\"nofollow\" href=\"https:\/\/annuelauto.ca\/cette-nissan-skyline-de-fast-furious-4-a-ete-vendue-pour-pres-de-18-m\/\">Cette Nissan Skyline de \u00ab\u00a0Fast &amp; Furious\u00a04\u00a0\u00bb a \u00e9t\u00e9 vendue pour pr\u00e8s de 1,8\u00a0M$<\/a> provient de <a rel=\"nofollow\" href=\"https:\/\/annuelauto.ca\">L&#8217;annuel de l&#8217;automobile &#8211; Actualit\u00e9 automobile<\/a><\/p>\n<p><\/p>\n","protected":false},"excerpt":{"rendered":"<p>L&#8217;une des vedettes cin\u00e9matographiques \u00e0 quatre roues les plus c\u00e9l\u00e8bres au monde, la Nissan Skyline\u00a0R34 GT-R 2000\u00a0bleu Bayside conduite par le populaire acteur Paul Walker lors du tournage du film Rapides et dangereux\u00a04 (V.\u00a0F. de Fast\u00a0&amp;\u00a0Furious\u00a04), a \u00e9t\u00e9 vendue hier, le vendredi 5\u00a0mai 2023, pour un somme record proche de 1,8\u00a0M$ (1\u00a0357\u00a0000\u00a0$\u00a0US) lors d\u2019une vente [&hellip;]<\/p>\n","protected":false},"author":8,"featured_media":144549,"comment_status":"close","ping_status":"closed","sticky":false,"template":"","format":"standard","meta":{"_monsterinsights_skip_tracking":false,"_monsterinsights_sitenote_active":false,"_monsterinsights_sitenote_note":"","_monsterinsights_sitenote_category":0,"footnotes":""},"categories":[101],"tags":[],"yoast_head":"<!-- This site is optimized with the Yoast SEO plugin v23.2 - https:\/\/yoast.com\/wordpress\/plugins\/seo\/ -->\n<title>Cette Nissan Skyline de \u00ab\u00a0Fast &amp; Furious\u00a04\u00a0\u00bb a \u00e9t\u00e9 vendue pour pr\u00e8s de 1,8\u00a0M$ - CanadaMotorJobs.com<\/title>\n<meta name=\"description\" content=\"Cette Nissan Skyline de \u00ab\u00a0Fast &amp; Furious\u00a04\u00a0\u00bb a \u00e9t\u00e9 vendue pour pr\u00e8s de 1,8\u00a0M$ - Benoit Charette - Annuel automobile - CanadaMotorJobs.com.\" \/>\n<meta name=\"robots\" content=\"index, follow, max-snippet:-1, max-image-preview:large, max-video-preview:-1\" \/>\n<meta property=\"og:locale\" content=\"fr_CA\" \/>\n<meta property=\"og:type\" content=\"article\" \/>\n<meta property=\"og:title\" content=\"Cette Nissan Skyline de \u00ab\u00a0Fast &amp; Furious\u00a04\u00a0\u00bb a \u00e9t\u00e9 vendue pour pr\u00e8s de 1,8\u00a0M$ - CanadaMotorJobs.com\" \/>\n<meta property=\"og:description\" content=\"Cette Nissan Skyline de \u00ab\u00a0Fast &amp; Furious\u00a04\u00a0\u00bb a \u00e9t\u00e9 vendue pour pr\u00e8s de 1,8\u00a0M$ - Benoit Charette - Annuel automobile - CanadaMotorJobs.com.\" \/>\n<meta property=\"og:url\" content=\"https:\/\/news.canadamotorjobs.com\/fr\/cette-nissan-skyline-de-fast-furious-4-a-ete-vendue-pour-pres-de-18-m\/\" \/>\n<meta property=\"og:site_name\" content=\"CanadaMotorJobs.com\" \/>\n<meta property=\"article:publisher\" content=\"https:\/\/www.facebook.com\/canadamotorjobs\/\" \/>\n<meta property=\"article:published_time\" content=\"2023-05-06T16:39:54+00:00\" \/>\n<meta property=\"article:modified_time\" content=\"2023-05-06T17:00:54+00:00\" \/>\n<meta property=\"og:image\" content=\"https:\/\/news.canadamotorjobs.com\/wp-content\/uploads\/2023\/05\/Nissan-Skyline-R34-GT-R-2000-ex-Paul-Walker-3.jpg\" \/>\n\t<meta property=\"og:image:width\" content=\"1500\" \/>\n\t<meta property=\"og:image:height\" content=\"1000\" \/>\n\t<meta property=\"og:image:type\" content=\"image\/jpeg\" \/>\n<meta name=\"author\" content=\"Benoit Charette\" \/>\n<meta name=\"twitter:card\" content=\"summary_large_image\" \/>\n<meta name=\"twitter:creator\" content=\"@canadamotorjobs\" \/>\n<meta name=\"twitter:site\" content=\"@canadamotorjobs\" \/>\n<meta name=\"twitter:label1\" content=\"\u00c9crit par\" \/>\n\t<meta name=\"twitter:data1\" content=\"Benoit Charette\" \/>\n\t<meta name=\"twitter:label2\" content=\"Estimation du temps de lecture\" \/>\n\t<meta name=\"twitter:data2\" content=\"3 minutes\" \/>\n<!-- \/ Yoast SEO plugin. -->","yoast_head_json":{"title":"Cette Nissan Skyline de \u00ab\u00a0Fast &amp; Furious\u00a04\u00a0\u00bb a \u00e9t\u00e9 vendue pour pr\u00e8s de 1,8\u00a0M$ - CanadaMotorJobs.com","description":"Cette Nissan Skyline de \u00ab\u00a0Fast &amp; Furious\u00a04\u00a0\u00bb a \u00e9t\u00e9 vendue pour pr\u00e8s de 1,8\u00a0M$ - Benoit Charette - Annuel automobile - CanadaMotorJobs.com.","robots":{"index":"index","follow":"follow","max-snippet":"max-snippet:-1","max-image-preview":"max-image-preview:large","max-video-preview":"max-video-preview:-1"},"og_locale":"fr_CA","og_type":"article","og_title":"Cette Nissan Skyline de \u00ab\u00a0Fast &amp; Furious\u00a04\u00a0\u00bb a \u00e9t\u00e9 vendue pour pr\u00e8s de 1,8\u00a0M$ - CanadaMotorJobs.com","og_description":"Cette Nissan Skyline de \u00ab\u00a0Fast &amp; Furious\u00a04\u00a0\u00bb a \u00e9t\u00e9 vendue pour pr\u00e8s de 1,8\u00a0M$ - Benoit Charette - Annuel automobile - CanadaMotorJobs.com.","og_url":"https:\/\/news.canadamotorjobs.com\/fr\/cette-nissan-skyline-de-fast-furious-4-a-ete-vendue-pour-pres-de-18-m\/","og_site_name":"CanadaMotorJobs.com","article_publisher":"https:\/\/www.facebook.com\/canadamotorjobs\/","article_published_time":"2023-05-06T16:39:54+00:00","article_modified_time":"2023-05-06T17:00:54+00:00","og_image":[{"width":1500,"height":1000,"url":"https:\/\/news.canadamotorjobs.com\/wp-content\/uploads\/2023\/05\/Nissan-Skyline-R34-GT-R-2000-ex-Paul-Walker-3.jpg","type":"image\/jpeg"}],"author":"Benoit Charette","twitter_card":"summary_large_image","twitter_creator":"@canadamotorjobs","twitter_site":"@canadamotorjobs","twitter_misc":{"\u00c9crit par":"Benoit Charette","Estimation du temps de lecture":"3 minutes"},"schema":{"@context":"https:\/\/schema.org","@graph":[{"@type":"Article","@id":"https:\/\/news.canadamotorjobs.com\/fr\/cette-nissan-skyline-de-fast-furious-4-a-ete-vendue-pour-pres-de-18-m\/#article","isPartOf":{"@id":"https:\/\/news.canadamotorjobs.com\/fr\/cette-nissan-skyline-de-fast-furious-4-a-ete-vendue-pour-pres-de-18-m\/"},"author":{"name":"Benoit Charette","@id":"https:\/\/news.canadamotorjobs.com\/#\/schema\/person\/51793d1f87d44011d7bcc2ed99269a90"},"headline":"Cette Nissan Skyline de \u00ab\u00a0Fast &amp; Furious\u00a04\u00a0\u00bb a \u00e9t\u00e9 vendue pour pr\u00e8s de 1,8\u00a0M$","datePublished":"2023-05-06T16:39:54+00:00","dateModified":"2023-05-06T17:00:54+00:00","mainEntityOfPage":{"@id":"https:\/\/news.canadamotorjobs.com\/fr\/cette-nissan-skyline-de-fast-furious-4-a-ete-vendue-pour-pres-de-18-m\/"},"wordCount":565,"publisher":{"@id":"https:\/\/news.canadamotorjobs.com\/#organization"},"image":{"@id":"https:\/\/news.canadamotorjobs.com\/fr\/cette-nissan-skyline-de-fast-furious-4-a-ete-vendue-pour-pres-de-18-m\/#primaryimage"},"thumbnailUrl":"https:\/\/news.canadamotorjobs.com\/wp-content\/uploads\/2023\/05\/Nissan-Skyline-R34-GT-R-2000-ex-Paul-Walker-3.jpg","articleSection":["Annuel automobile"],"inLanguage":"fr-CA"},{"@type":"WebPage","@id":"https:\/\/news.canadamotorjobs.com\/fr\/cette-nissan-skyline-de-fast-furious-4-a-ete-vendue-pour-pres-de-18-m\/","url":"https:\/\/news.canadamotorjobs.com\/fr\/cette-nissan-skyline-de-fast-furious-4-a-ete-vendue-pour-pres-de-18-m\/","name":"Cette Nissan Skyline de \u00ab\u00a0Fast &amp; Furious\u00a04\u00a0\u00bb a \u00e9t\u00e9 vendue pour pr\u00e8s de 1,8\u00a0M$ - CanadaMotorJobs.com","isPartOf":{"@id":"https:\/\/news.canadamotorjobs.com\/#website"},"primaryImageOfPage":{"@id":"https:\/\/news.canadamotorjobs.com\/fr\/cette-nissan-skyline-de-fast-furious-4-a-ete-vendue-pour-pres-de-18-m\/#primaryimage"},"image":{"@id":"https:\/\/news.canadamotorjobs.com\/fr\/cette-nissan-skyline-de-fast-furious-4-a-ete-vendue-pour-pres-de-18-m\/#primaryimage"},"thumbnailUrl":"https:\/\/news.canadamotorjobs.com\/wp-content\/uploads\/2023\/05\/Nissan-Skyline-R34-GT-R-2000-ex-Paul-Walker-3.jpg","datePublished":"2023-05-06T16:39:54+00:00","dateModified":"2023-05-06T17:00:54+00:00","description":"Cette Nissan Skyline de \u00ab\u00a0Fast &amp; Furious\u00a04\u00a0\u00bb a \u00e9t\u00e9 vendue pour pr\u00e8s de 1,8\u00a0M$ - Benoit Charette - Annuel automobile - CanadaMotorJobs.com.","breadcrumb":{"@id":"https:\/\/news.canadamotorjobs.com\/fr\/cette-nissan-skyline-de-fast-furious-4-a-ete-vendue-pour-pres-de-18-m\/#breadcrumb"},"inLanguage":"fr-CA","potentialAction":[{"@type":"ReadAction","target":["https:\/\/news.canadamotorjobs.com\/fr\/cette-nissan-skyline-de-fast-furious-4-a-ete-vendue-pour-pres-de-18-m\/"]}]},{"@type":"ImageObject","inLanguage":"fr-CA","@id":"https:\/\/news.canadamotorjobs.com\/fr\/cette-nissan-skyline-de-fast-furious-4-a-ete-vendue-pour-pres-de-18-m\/#primaryimage","url":"https:\/\/news.canadamotorjobs.com\/wp-content\/uploads\/2023\/05\/Nissan-Skyline-R34-GT-R-2000-ex-Paul-Walker-3.jpg","contentUrl":"https:\/\/news.canadamotorjobs.com\/wp-content\/uploads\/2023\/05\/Nissan-Skyline-R34-GT-R-2000-ex-Paul-Walker-3.jpg","width":1500,"height":1000},{"@type":"BreadcrumbList","@id":"https:\/\/news.canadamotorjobs.com\/fr\/cette-nissan-skyline-de-fast-furious-4-a-ete-vendue-pour-pres-de-18-m\/#breadcrumb","itemListElement":[{"@type":"ListItem","position":1,"name":"Home","item":"https:\/\/news.canadamotorjobs.com\/fr\/blog\/"},{"@type":"ListItem","position":2,"name":"Cette Nissan Skyline de \u00ab\u00a0Fast &amp; Furious\u00a04\u00a0\u00bb a \u00e9t\u00e9 vendue pour pr\u00e8s de 1,8\u00a0M$"}]},{"@type":"WebSite","@id":"https:\/\/news.canadamotorjobs.com\/#website","url":"https:\/\/news.canadamotorjobs.com\/","name":"CanadaMotorJobs.com","description":"Automotive Jobs","publisher":{"@id":"https:\/\/news.canadamotorjobs.com\/#organization"},"potentialAction":[{"@type":"SearchAction","target":{"@type":"EntryPoint","urlTemplate":"https:\/\/news.canadamotorjobs.com\/?s={search_term_string}"},"query-input":"required name=search_term_string"}],"inLanguage":"fr-CA"},{"@type":"Organization","@id":"https:\/\/news.canadamotorjobs.com\/#organization","name":"Canada Motor Jobs","url":"https:\/\/news.canadamotorjobs.com\/","logo":{"@type":"ImageObject","inLanguage":"fr-CA","@id":"https:\/\/news.canadamotorjobs.com\/#\/schema\/logo\/image\/","url":"https:\/\/news.canadamotorjobs.com\/wp-content\/uploads\/2022\/10\/logo-canada-motor-jobs-1.png","contentUrl":"https:\/\/news.canadamotorjobs.com\/wp-content\/uploads\/2022\/10\/logo-canada-motor-jobs-1.png","width":800,"height":400,"caption":"Canada Motor Jobs"},"image":{"@id":"https:\/\/news.canadamotorjobs.com\/#\/schema\/logo\/image\/"},"sameAs":["https:\/\/www.facebook.com\/canadamotorjobs\/","https:\/\/x.com\/canadamotorjobs","https:\/\/www.instagram.com\/canadamotorjobs\/","https:\/\/www.linkedin.com\/company\/canadamotorjobs"]},{"@type":"Person","@id":"https:\/\/news.canadamotorjobs.com\/#\/schema\/person\/51793d1f87d44011d7bcc2ed99269a90","name":"Benoit Charette","image":{"@type":"ImageObject","inLanguage":"fr-CA","@id":"https:\/\/news.canadamotorjobs.com\/#\/schema\/person\/image\/","url":"https:\/\/secure.gravatar.com\/avatar\/45f3d2eebcccd909668d7ce7ea7267b6?s=96&d=mm&r=g","contentUrl":"https:\/\/secure.gravatar.com\/avatar\/45f3d2eebcccd909668d7ce7ea7267b6?s=96&d=mm&r=g","caption":"Benoit Charette"},"description":"Benoit Charette \/ Propri\u00e9taire et r\u00e9dacteur en chef Benoit Charette pratique le journalisme automobile depuis bient\u00f4t 30 ans. Il a fait ses classes au c\u00f4t\u00e9 de Daniel H\u00e9raud et au Carnet de route de 1992 \u00e0 2001. Il est fondateur, copropri\u00e9taire et r\u00e9dacteur en chef de L\u2019Annuel de l\u2019automobile, qu\u2019il publie depuis 2001. Il a anim\u00e9 les \u00e9missions RPM et RPM+ sur V et les L\u00e9gendes de la route sur Historia. \u00c0 la radio depuis 1986, il reprend l\u2019antenne cette ann\u00e9e sur les ondes de Cogeco et participe pour la deuxi\u00e8me ann\u00e9e \u00e0 l\u2019\u00e9mission Passion Auto sur RDS en plus de mettre en ligne le site Web officiel de L\u2019Annuel de l\u2019automobile sur annuelauto.ca.","sameAs":["https:\/\/annuelauto.ca\/"],"url":"https:\/\/news.canadamotorjobs.com\/fr\/author\/benoit-charette\/"}]}},"_links":{"self":[{"href":"https:\/\/news.canadamotorjobs.com\/fr\/wp-json\/wp\/v2\/posts\/144547"}],"collection":[{"href":"https:\/\/news.canadamotorjobs.com\/fr\/wp-json\/wp\/v2\/posts"}],"about":[{"href":"https:\/\/news.canadamotorjobs.com\/fr\/wp-json\/wp\/v2\/types\/post"}],"author":[{"embeddable":true,"href":"https:\/\/news.canadamotorjobs.com\/fr\/wp-json\/wp\/v2\/users\/8"}],"replies":[{"embeddable":true,"href":"https:\/\/news.canadamotorjobs.com\/fr\/wp-json\/wp\/v2\/comments?post=144547"}],"version-history":[{"count":2,"href":"https:\/\/news.canadamotorjobs.com\/fr\/wp-json\/wp\/v2\/posts\/144547\/revisions"}],"predecessor-version":[{"id":144551,"href":"https:\/\/news.canadamotorjobs.com\/fr\/wp-json\/wp\/v2\/posts\/144547\/revisions\/144551"}],"wp:featuredmedia":[{"embeddable":true,"href":"https:\/\/news.canadamotorjobs.com\/fr\/wp-json\/wp\/v2\/media\/144549"}],"wp:attachment":[{"href":"https:\/\/news.canadamotorjobs.com\/fr\/wp-json\/wp\/v2\/media?parent=144547"}],"wp:term":[{"taxonomy":"category","embeddable":true,"href":"https:\/\/news.canadamotorjobs.com\/fr\/wp-json\/wp\/v2\/categories?post=144547"},{"taxonomy":"post_tag","embeddable":true,"href":"https:\/\/news.canadamotorjobs.com\/fr\/wp-json\/wp\/v2\/tags?post=144547"}],"curies":[{"name":"wp","href":"https:\/\/api.w.org\/{rel}","templated":true}]}}