{"id":144509,"date":"2023-05-05T09:54:17","date_gmt":"2023-05-05T13:54:17","guid":{"rendered":"https:\/\/news.canadamotorjobs.com\/?p=144509"},"modified":"2023-05-05T10:01:48","modified_gmt":"2023-05-05T14:01:48","slug":"les-corps-policiers-recommandent-lairtag-dapple-pour-prevenir-le-vol-de-votre-voiture","status":"publish","type":"post","link":"https:\/\/news.canadamotorjobs.com\/fr\/les-corps-policiers-recommandent-lairtag-dapple-pour-prevenir-le-vol-de-votre-voiture\/","title":{"rendered":"Les corps policiers recommandent l\u2019AirTag d\u2019Apple pour pr\u00e9venir le vol de votre voiture"},"content":{"rendered":"<\/p>\n<p>Beaucoup d\u2019entre vous connaissent l\u2019AirTag d\u2019apple qui est principalement destin\u00e9 \u00e0 suivre les objets personnels tels que les sacs \u00e0 dos, les t\u00e9l\u00e9phones portables et les sacs \u00e0 main au cas o\u00f9 leur propri\u00e9taire les perdrait. La Police de New York demande aux habitants de la ville de placer des AirTags dans leur voiture afin de pouvoir la retrouver en cas de vol. Sur son compte Twitter le NYPD titre\u00a0:&#8221;aidez-nous \u00e0 vous aider, installez un AirTag&#8221;. L\u2019AirTag est un dispositif de rep\u00e9rage bon march\u00e9 et simple \u00e0 utiliser.<\/p>\n<h3>Montr\u00e9al, plaque tournante des vols automobiles au Canada<\/h3>\n<p>\nTous les gens qui vivent dans la grande r\u00e9gion de Montr\u00e9al sont \u00e0 risque. Bien qu\u2019un AirTag n&#8217;emp\u00eache pas le vol d&#8217;une voiture, il est utile lorsque vient le moment de la retrouver. En bref, l&#8217;AirTag \u00e9met un signal via Bluetooth. Le tag peut ensuite \u00eatre suivi par l&#8217;iPhone du propri\u00e9taire \u00e0 l&#8217;aide de l&#8217;application &#8220;Find My&#8221;. Heureusement, les AirTags ont une dur\u00e9e de vie de 12 mois, de sorte qu&#8217;il n&#8217;est pas n\u00e9cessaire d&#8217;en laisser un dans la voiture pendant une longue p\u00e9riode.<\/p>\n<p>Enfin, les Apple AirTags ne co\u00fbtent que 29 dollars l&#8217;unit\u00e9, ou 100 dollars pour un ensemble de quatre, ce qui est bien moins cher que la plupart des syst\u00e8mes de suivi GPS disponibles sur le march\u00e9. Vous pouvez acheter un lot de quatre et utiliser les trois autres pour suivre vos effets personnels comme ils sont cens\u00e9s l&#8217;\u00eatre. Ou, si vous vivez \u00e0 Montr\u00e9al, vous pouvez les placer tous les quatre \u00e0 diff\u00e9rents endroits de la voiture. Ainsi, si un voleur en trouve un, les trois autres \u00e9mettront un signal.<\/p>\n<p>Avec des renseignements de Motor Biscuit<\/p>\n<p>Le texte <a rel=\"nofollow\" href=\"https:\/\/annuelauto.ca\/les-corps-policiers-recommandent-lairtag-dapple-pour-prevenir-le-vol-de-votre-voiture\/\">Les corps policiers recommandent l\u2019AirTag d\u2019Apple pour pr\u00e9venir le vol de votre voiture<\/a> provient de <a rel=\"nofollow\" href=\"https:\/\/annuelauto.ca\">L&#8217;annuel de l&#8217;automobile &#8211; Actualit\u00e9 automobile<\/a><\/p>\n<p><\/p>\n","protected":false},"excerpt":{"rendered":"<p>Beaucoup d\u2019entre vous connaissent l\u2019AirTag d\u2019apple qui est principalement destin\u00e9 \u00e0 suivre les objets personnels tels que les sacs \u00e0 dos, les t\u00e9l\u00e9phones portables et les sacs \u00e0 main au cas o\u00f9 leur propri\u00e9taire les perdrait. La Police de New York demande aux habitants de la ville de placer des AirTags dans leur voiture afin [&hellip;]<\/p>\n","protected":false},"author":8,"featured_media":144511,"comment_status":"close","ping_status":"closed","sticky":false,"template":"","format":"standard","meta":{"_monsterinsights_skip_tracking":false,"_monsterinsights_sitenote_active":false,"_monsterinsights_sitenote_note":"","_monsterinsights_sitenote_category":0,"footnotes":""},"categories":[101],"tags":[],"yoast_head":"<!-- This site is optimized with the Yoast SEO plugin v23.2 - https:\/\/yoast.com\/wordpress\/plugins\/seo\/ -->\n<title>Les corps policiers recommandent l\u2019AirTag d\u2019Apple pour pr\u00e9venir le vol de votre voiture - CanadaMotorJobs.com<\/title>\n<meta name=\"description\" content=\"Les corps policiers recommandent l\u2019AirTag d\u2019Apple pour pr\u00e9venir le vol de votre voiture - Benoit Charette - Annuel automobile - CanadaMotorJobs.com.\" \/>\n<meta name=\"robots\" content=\"index, follow, max-snippet:-1, max-image-preview:large, max-video-preview:-1\" \/>\n<meta property=\"og:locale\" content=\"fr_CA\" \/>\n<meta property=\"og:type\" content=\"article\" \/>\n<meta property=\"og:title\" content=\"Les corps policiers recommandent l\u2019AirTag d\u2019Apple pour pr\u00e9venir le vol de votre voiture - CanadaMotorJobs.com\" \/>\n<meta property=\"og:description\" content=\"Les corps policiers recommandent l\u2019AirTag d\u2019Apple pour pr\u00e9venir le vol de votre voiture - Benoit Charette - Annuel automobile - CanadaMotorJobs.com.\" \/>\n<meta property=\"og:url\" content=\"https:\/\/news.canadamotorjobs.com\/fr\/les-corps-policiers-recommandent-lairtag-dapple-pour-prevenir-le-vol-de-votre-voiture\/\" \/>\n<meta property=\"og:site_name\" content=\"CanadaMotorJobs.com\" \/>\n<meta property=\"article:publisher\" content=\"https:\/\/www.facebook.com\/canadamotorjobs\/\" \/>\n<meta property=\"article:published_time\" content=\"2023-05-05T13:54:17+00:00\" \/>\n<meta property=\"article:modified_time\" content=\"2023-05-05T14:01:48+00:00\" \/>\n<meta property=\"og:image\" content=\"https:\/\/news.canadamotorjobs.com\/wp-content\/uploads\/2023\/05\/airtag-officieel-1.jpg\" \/>\n\t<meta property=\"og:image:width\" content=\"1240\" \/>\n\t<meta property=\"og:image:height\" content=\"800\" \/>\n\t<meta property=\"og:image:type\" content=\"image\/jpeg\" \/>\n<meta name=\"author\" content=\"Benoit Charette\" \/>\n<meta name=\"twitter:card\" content=\"summary_large_image\" \/>\n<meta name=\"twitter:creator\" content=\"@canadamotorjobs\" \/>\n<meta name=\"twitter:site\" content=\"@canadamotorjobs\" \/>\n<meta name=\"twitter:label1\" content=\"\u00c9crit par\" \/>\n\t<meta name=\"twitter:data1\" content=\"Benoit Charette\" \/>\n\t<meta name=\"twitter:label2\" content=\"Estimation du temps de lecture\" \/>\n\t<meta name=\"twitter:data2\" content=\"2 minutes\" \/>\n<!-- \/ Yoast SEO plugin. -->","yoast_head_json":{"title":"Les corps policiers recommandent l\u2019AirTag d\u2019Apple pour pr\u00e9venir le vol de votre voiture - CanadaMotorJobs.com","description":"Les corps policiers recommandent l\u2019AirTag d\u2019Apple pour pr\u00e9venir le vol de votre voiture - Benoit Charette - Annuel automobile - CanadaMotorJobs.com.","robots":{"index":"index","follow":"follow","max-snippet":"max-snippet:-1","max-image-preview":"max-image-preview:large","max-video-preview":"max-video-preview:-1"},"og_locale":"fr_CA","og_type":"article","og_title":"Les corps policiers recommandent l\u2019AirTag d\u2019Apple pour pr\u00e9venir le vol de votre voiture - CanadaMotorJobs.com","og_description":"Les corps policiers recommandent l\u2019AirTag d\u2019Apple pour pr\u00e9venir le vol de votre voiture - Benoit Charette - Annuel automobile - CanadaMotorJobs.com.","og_url":"https:\/\/news.canadamotorjobs.com\/fr\/les-corps-policiers-recommandent-lairtag-dapple-pour-prevenir-le-vol-de-votre-voiture\/","og_site_name":"CanadaMotorJobs.com","article_publisher":"https:\/\/www.facebook.com\/canadamotorjobs\/","article_published_time":"2023-05-05T13:54:17+00:00","article_modified_time":"2023-05-05T14:01:48+00:00","og_image":[{"width":1240,"height":800,"url":"https:\/\/news.canadamotorjobs.com\/wp-content\/uploads\/2023\/05\/airtag-officieel-1.jpg","type":"image\/jpeg"}],"author":"Benoit Charette","twitter_card":"summary_large_image","twitter_creator":"@canadamotorjobs","twitter_site":"@canadamotorjobs","twitter_misc":{"\u00c9crit par":"Benoit Charette","Estimation du temps de lecture":"2 minutes"},"schema":{"@context":"https:\/\/schema.org","@graph":[{"@type":"Article","@id":"https:\/\/news.canadamotorjobs.com\/fr\/les-corps-policiers-recommandent-lairtag-dapple-pour-prevenir-le-vol-de-votre-voiture\/#article","isPartOf":{"@id":"https:\/\/news.canadamotorjobs.com\/fr\/les-corps-policiers-recommandent-lairtag-dapple-pour-prevenir-le-vol-de-votre-voiture\/"},"author":{"name":"Benoit Charette","@id":"https:\/\/news.canadamotorjobs.com\/#\/schema\/person\/51793d1f87d44011d7bcc2ed99269a90"},"headline":"Les corps policiers recommandent l\u2019AirTag d\u2019Apple pour pr\u00e9venir le vol de votre voiture","datePublished":"2023-05-05T13:54:17+00:00","dateModified":"2023-05-05T14:01:48+00:00","mainEntityOfPage":{"@id":"https:\/\/news.canadamotorjobs.com\/fr\/les-corps-policiers-recommandent-lairtag-dapple-pour-prevenir-le-vol-de-votre-voiture\/"},"wordCount":341,"publisher":{"@id":"https:\/\/news.canadamotorjobs.com\/#organization"},"image":{"@id":"https:\/\/news.canadamotorjobs.com\/fr\/les-corps-policiers-recommandent-lairtag-dapple-pour-prevenir-le-vol-de-votre-voiture\/#primaryimage"},"thumbnailUrl":"https:\/\/news.canadamotorjobs.com\/wp-content\/uploads\/2023\/05\/airtag-officieel-1.jpg","articleSection":["Annuel automobile"],"inLanguage":"fr-CA"},{"@type":"WebPage","@id":"https:\/\/news.canadamotorjobs.com\/fr\/les-corps-policiers-recommandent-lairtag-dapple-pour-prevenir-le-vol-de-votre-voiture\/","url":"https:\/\/news.canadamotorjobs.com\/fr\/les-corps-policiers-recommandent-lairtag-dapple-pour-prevenir-le-vol-de-votre-voiture\/","name":"Les corps policiers recommandent l\u2019AirTag d\u2019Apple pour pr\u00e9venir le vol de votre voiture - CanadaMotorJobs.com","isPartOf":{"@id":"https:\/\/news.canadamotorjobs.com\/#website"},"primaryImageOfPage":{"@id":"https:\/\/news.canadamotorjobs.com\/fr\/les-corps-policiers-recommandent-lairtag-dapple-pour-prevenir-le-vol-de-votre-voiture\/#primaryimage"},"image":{"@id":"https:\/\/news.canadamotorjobs.com\/fr\/les-corps-policiers-recommandent-lairtag-dapple-pour-prevenir-le-vol-de-votre-voiture\/#primaryimage"},"thumbnailUrl":"https:\/\/news.canadamotorjobs.com\/wp-content\/uploads\/2023\/05\/airtag-officieel-1.jpg","datePublished":"2023-05-05T13:54:17+00:00","dateModified":"2023-05-05T14:01:48+00:00","description":"Les corps policiers recommandent l\u2019AirTag d\u2019Apple pour pr\u00e9venir le vol de votre voiture - Benoit Charette - Annuel automobile - CanadaMotorJobs.com.","breadcrumb":{"@id":"https:\/\/news.canadamotorjobs.com\/fr\/les-corps-policiers-recommandent-lairtag-dapple-pour-prevenir-le-vol-de-votre-voiture\/#breadcrumb"},"inLanguage":"fr-CA","potentialAction":[{"@type":"ReadAction","target":["https:\/\/news.canadamotorjobs.com\/fr\/les-corps-policiers-recommandent-lairtag-dapple-pour-prevenir-le-vol-de-votre-voiture\/"]}]},{"@type":"ImageObject","inLanguage":"fr-CA","@id":"https:\/\/news.canadamotorjobs.com\/fr\/les-corps-policiers-recommandent-lairtag-dapple-pour-prevenir-le-vol-de-votre-voiture\/#primaryimage","url":"https:\/\/news.canadamotorjobs.com\/wp-content\/uploads\/2023\/05\/airtag-officieel-1.jpg","contentUrl":"https:\/\/news.canadamotorjobs.com\/wp-content\/uploads\/2023\/05\/airtag-officieel-1.jpg","width":1240,"height":800},{"@type":"BreadcrumbList","@id":"https:\/\/news.canadamotorjobs.com\/fr\/les-corps-policiers-recommandent-lairtag-dapple-pour-prevenir-le-vol-de-votre-voiture\/#breadcrumb","itemListElement":[{"@type":"ListItem","position":1,"name":"Home","item":"https:\/\/news.canadamotorjobs.com\/fr\/blog\/"},{"@type":"ListItem","position":2,"name":"Les corps policiers recommandent l\u2019AirTag d\u2019Apple pour pr\u00e9venir le vol de votre voiture"}]},{"@type":"WebSite","@id":"https:\/\/news.canadamotorjobs.com\/#website","url":"https:\/\/news.canadamotorjobs.com\/","name":"CanadaMotorJobs.com","description":"Automotive Jobs","publisher":{"@id":"https:\/\/news.canadamotorjobs.com\/#organization"},"potentialAction":[{"@type":"SearchAction","target":{"@type":"EntryPoint","urlTemplate":"https:\/\/news.canadamotorjobs.com\/?s={search_term_string}"},"query-input":"required name=search_term_string"}],"inLanguage":"fr-CA"},{"@type":"Organization","@id":"https:\/\/news.canadamotorjobs.com\/#organization","name":"Canada Motor Jobs","url":"https:\/\/news.canadamotorjobs.com\/","logo":{"@type":"ImageObject","inLanguage":"fr-CA","@id":"https:\/\/news.canadamotorjobs.com\/#\/schema\/logo\/image\/","url":"https:\/\/news.canadamotorjobs.com\/wp-content\/uploads\/2022\/10\/logo-canada-motor-jobs-1.png","contentUrl":"https:\/\/news.canadamotorjobs.com\/wp-content\/uploads\/2022\/10\/logo-canada-motor-jobs-1.png","width":800,"height":400,"caption":"Canada Motor Jobs"},"image":{"@id":"https:\/\/news.canadamotorjobs.com\/#\/schema\/logo\/image\/"},"sameAs":["https:\/\/www.facebook.com\/canadamotorjobs\/","https:\/\/x.com\/canadamotorjobs","https:\/\/www.instagram.com\/canadamotorjobs\/","https:\/\/www.linkedin.com\/company\/canadamotorjobs"]},{"@type":"Person","@id":"https:\/\/news.canadamotorjobs.com\/#\/schema\/person\/51793d1f87d44011d7bcc2ed99269a90","name":"Benoit Charette","image":{"@type":"ImageObject","inLanguage":"fr-CA","@id":"https:\/\/news.canadamotorjobs.com\/#\/schema\/person\/image\/","url":"https:\/\/secure.gravatar.com\/avatar\/45f3d2eebcccd909668d7ce7ea7267b6?s=96&d=mm&r=g","contentUrl":"https:\/\/secure.gravatar.com\/avatar\/45f3d2eebcccd909668d7ce7ea7267b6?s=96&d=mm&r=g","caption":"Benoit Charette"},"description":"Benoit Charette \/ Propri\u00e9taire et r\u00e9dacteur en chef Benoit Charette pratique le journalisme automobile depuis bient\u00f4t 30 ans. Il a fait ses classes au c\u00f4t\u00e9 de Daniel H\u00e9raud et au Carnet de route de 1992 \u00e0 2001. Il est fondateur, copropri\u00e9taire et r\u00e9dacteur en chef de L\u2019Annuel de l\u2019automobile, qu\u2019il publie depuis 2001. Il a anim\u00e9 les \u00e9missions RPM et RPM+ sur V et les L\u00e9gendes de la route sur Historia. \u00c0 la radio depuis 1986, il reprend l\u2019antenne cette ann\u00e9e sur les ondes de Cogeco et participe pour la deuxi\u00e8me ann\u00e9e \u00e0 l\u2019\u00e9mission Passion Auto sur RDS en plus de mettre en ligne le site Web officiel de L\u2019Annuel de l\u2019automobile sur annuelauto.ca.","sameAs":["https:\/\/annuelauto.ca\/"],"url":"https:\/\/news.canadamotorjobs.com\/fr\/author\/benoit-charette\/"}]}},"_links":{"self":[{"href":"https:\/\/news.canadamotorjobs.com\/fr\/wp-json\/wp\/v2\/posts\/144509"}],"collection":[{"href":"https:\/\/news.canadamotorjobs.com\/fr\/wp-json\/wp\/v2\/posts"}],"about":[{"href":"https:\/\/news.canadamotorjobs.com\/fr\/wp-json\/wp\/v2\/types\/post"}],"author":[{"embeddable":true,"href":"https:\/\/news.canadamotorjobs.com\/fr\/wp-json\/wp\/v2\/users\/8"}],"replies":[{"embeddable":true,"href":"https:\/\/news.canadamotorjobs.com\/fr\/wp-json\/wp\/v2\/comments?post=144509"}],"version-history":[{"count":2,"href":"https:\/\/news.canadamotorjobs.com\/fr\/wp-json\/wp\/v2\/posts\/144509\/revisions"}],"predecessor-version":[{"id":144513,"href":"https:\/\/news.canadamotorjobs.com\/fr\/wp-json\/wp\/v2\/posts\/144509\/revisions\/144513"}],"wp:featuredmedia":[{"embeddable":true,"href":"https:\/\/news.canadamotorjobs.com\/fr\/wp-json\/wp\/v2\/media\/144511"}],"wp:attachment":[{"href":"https:\/\/news.canadamotorjobs.com\/fr\/wp-json\/wp\/v2\/media?parent=144509"}],"wp:term":[{"taxonomy":"category","embeddable":true,"href":"https:\/\/news.canadamotorjobs.com\/fr\/wp-json\/wp\/v2\/categories?post=144509"},{"taxonomy":"post_tag","embeddable":true,"href":"https:\/\/news.canadamotorjobs.com\/fr\/wp-json\/wp\/v2\/tags?post=144509"}],"curies":[{"name":"wp","href":"https:\/\/api.w.org\/{rel}","templated":true}]}}