{"id":144490,"date":"2023-05-05T09:02:21","date_gmt":"2023-05-05T13:02:21","guid":{"rendered":"https:\/\/news.canadamotorjobs.com\/?p=144490"},"modified":"2023-05-05T09:17:35","modified_gmt":"2023-05-05T13:17:35","slug":"une-interdiction-de-conduire-pour-38-000-bmw-au-canada","status":"publish","type":"post","link":"https:\/\/news.canadamotorjobs.com\/fr\/une-interdiction-de-conduire-pour-38-000-bmw-au-canada\/","title":{"rendered":"Une interdiction de conduire pour 38 000 BMW au Canada"},"content":{"rendered":"<\/p>\n<p>BMW vient d\u2019\u00e9mettre une injonction similaire \u00e0 Honda, Ford et plusieurs autres constructeurs concernant les coussins gonflables Takata, qui peuvent exploser \u00e0 n\u2019importe quel moment apr\u00e8s une exposition prolong\u00e9e \u00e0 de fortes chaleurs et \u00e0 l&#8217;humidit\u00e9.<\/p>\n<h3>Le plus grand rappel de l\u2019histoire automobile<\/h3>\n<p>\nCette crise a d\u00e9clench\u00e9 le plus grand rappel de l&#8217;histoire de l&#8217;automobile, touchant environ 34 marques de voitures. Selon la National Highway Traffic Safety Administration, au moins 25 d\u00e9c\u00e8s et plus de 400 bless\u00e9s aux \u00c9tats-Unis seulement qui sont li\u00e9s \u00e0 ce d\u00e9faut.<\/p>\n<h3>Les mod\u00e8les touch\u00e9s<\/h3>\n<p>\nDans un communiqu\u00e9, BMW a indiqu\u00e9 que les gammes de mod\u00e8les \u00e9quip\u00e9s de coussins gonflables Takata pour le conducteur sont concern\u00e9es : les BMW s\u00e9rie 3 2000-2006 (E46), y compris la M3, les BMW s\u00e9rie 5 2000-2003 (E39), y compris la M5, et les BMW X5 2000-2004 (E53). Le rappel concerne \u00e9galement les mod\u00e8les BMW s\u00e9rie 1, X1, X3, X5 et X6 fabriqu\u00e9s certaines ann\u00e9es, selon le site web du constructeur automobile.<\/p>\n<h3>Plus de 38 000 v\u00e9hicules touch\u00e9s au Canada (90 000 aux \u00c9tats-Unis)<\/h3>\n<p>\nLes propri\u00e9taires sont invit\u00e9s \u00e0 consulter la base de donn\u00e9es des rappels de Transports Canada ou le site web de BMW Canada pour d\u00e9terminer si leur v\u00e9hicule fait partie d&#8217;un rappel de coussins gonflables et doit \u00eatre remplac\u00e9. Les enqu\u00eates sur les probl\u00e8mes li\u00e9s aux coussins gonflables japonais ont commenc\u00e9 au d\u00e9but des ann\u00e9es 2000. L&#8217;entreprise a plaid\u00e9 coupable \u00e0 des accusations criminelles et a accept\u00e9 de payer 1 milliard de dollars de p\u00e9nalit\u00e9s en 2017, dont 850 millions de dollars r\u00e9serv\u00e9s aux constructeurs automobiles. Takata a d\u00e9pos\u00e9 son bilan la m\u00eame ann\u00e9e et les rappels se poursuivent encore aujourd&#8217;hui.<\/p>\n<p>Avec des renseignements d\u2019Automotive News<\/p>\n<p>Le texte <a rel=\"nofollow\" href=\"https:\/\/annuelauto.ca\/une-interdiction-de-conduire-pour-38-000-bmw-au-canada\/\">Une interdiction de conduire pour 38 000 BMW au Canada<\/a> provient de <a rel=\"nofollow\" href=\"https:\/\/annuelauto.ca\">L&#8217;annuel de l&#8217;automobile &#8211; Actualit\u00e9 automobile<\/a><\/p>\n<p><\/p>\n","protected":false},"excerpt":{"rendered":"<p>BMW vient d\u2019\u00e9mettre une injonction similaire \u00e0 Honda, Ford et plusieurs autres constructeurs concernant les coussins gonflables Takata, qui peuvent exploser \u00e0 n\u2019importe quel moment apr\u00e8s une exposition prolong\u00e9e \u00e0 de fortes chaleurs et \u00e0 l&#8217;humidit\u00e9. Le plus grand rappel de l\u2019histoire automobile Cette crise a d\u00e9clench\u00e9 le plus grand rappel de l&#8217;histoire de l&#8217;automobile, [&hellip;]<\/p>\n","protected":false},"author":8,"featured_media":144492,"comment_status":"close","ping_status":"closed","sticky":false,"template":"","format":"standard","meta":{"_monsterinsights_skip_tracking":false,"_monsterinsights_sitenote_active":false,"_monsterinsights_sitenote_note":"","_monsterinsights_sitenote_category":0,"footnotes":""},"categories":[101],"tags":[],"yoast_head":"<!-- This site is optimized with the Yoast SEO plugin v23.2 - https:\/\/yoast.com\/wordpress\/plugins\/seo\/ -->\n<title>Une interdiction de conduire pour 38 000 BMW au Canada - CanadaMotorJobs.com<\/title>\n<meta name=\"description\" content=\"Une interdiction de conduire pour 38 000 BMW au Canada - Benoit Charette - Annuel automobile - CanadaMotorJobs.com.\" \/>\n<meta name=\"robots\" content=\"index, follow, max-snippet:-1, max-image-preview:large, max-video-preview:-1\" \/>\n<meta property=\"og:locale\" content=\"fr_CA\" \/>\n<meta property=\"og:type\" content=\"article\" \/>\n<meta property=\"og:title\" content=\"Une interdiction de conduire pour 38 000 BMW au Canada - CanadaMotorJobs.com\" \/>\n<meta property=\"og:description\" content=\"Une interdiction de conduire pour 38 000 BMW au Canada - Benoit Charette - Annuel automobile - CanadaMotorJobs.com.\" \/>\n<meta property=\"og:url\" content=\"https:\/\/news.canadamotorjobs.com\/fr\/une-interdiction-de-conduire-pour-38-000-bmw-au-canada\/\" \/>\n<meta property=\"og:site_name\" content=\"CanadaMotorJobs.com\" \/>\n<meta property=\"article:publisher\" content=\"https:\/\/www.facebook.com\/canadamotorjobs\/\" \/>\n<meta property=\"article:published_time\" content=\"2023-05-05T13:02:21+00:00\" \/>\n<meta property=\"article:modified_time\" content=\"2023-05-05T13:17:35+00:00\" \/>\n<meta property=\"og:image\" content=\"https:\/\/news.canadamotorjobs.com\/wp-content\/uploads\/2023\/05\/L21lZGlhLXBhL1dWMTcvMC83L1dWMTcwNzQ2NTI3XzEuanBlZz8yMDIzMDMxNjAwMTU0Nw_rct.jpg\" \/>\n\t<meta property=\"og:image:width\" content=\"1000\" \/>\n\t<meta property=\"og:image:height\" content=\"750\" \/>\n\t<meta property=\"og:image:type\" content=\"image\/jpeg\" \/>\n<meta name=\"author\" content=\"Benoit Charette\" \/>\n<meta name=\"twitter:card\" content=\"summary_large_image\" \/>\n<meta name=\"twitter:creator\" content=\"@canadamotorjobs\" \/>\n<meta name=\"twitter:site\" content=\"@canadamotorjobs\" \/>\n<meta name=\"twitter:label1\" content=\"\u00c9crit par\" \/>\n\t<meta name=\"twitter:data1\" content=\"Benoit Charette\" \/>\n\t<meta name=\"twitter:label2\" content=\"Estimation du temps de lecture\" \/>\n\t<meta name=\"twitter:data2\" content=\"2 minutes\" \/>\n<!-- \/ Yoast SEO plugin. -->","yoast_head_json":{"title":"Une interdiction de conduire pour 38 000 BMW au Canada - CanadaMotorJobs.com","description":"Une interdiction de conduire pour 38 000 BMW au Canada - Benoit Charette - Annuel automobile - CanadaMotorJobs.com.","robots":{"index":"index","follow":"follow","max-snippet":"max-snippet:-1","max-image-preview":"max-image-preview:large","max-video-preview":"max-video-preview:-1"},"og_locale":"fr_CA","og_type":"article","og_title":"Une interdiction de conduire pour 38 000 BMW au Canada - CanadaMotorJobs.com","og_description":"Une interdiction de conduire pour 38 000 BMW au Canada - Benoit Charette - Annuel automobile - CanadaMotorJobs.com.","og_url":"https:\/\/news.canadamotorjobs.com\/fr\/une-interdiction-de-conduire-pour-38-000-bmw-au-canada\/","og_site_name":"CanadaMotorJobs.com","article_publisher":"https:\/\/www.facebook.com\/canadamotorjobs\/","article_published_time":"2023-05-05T13:02:21+00:00","article_modified_time":"2023-05-05T13:17:35+00:00","og_image":[{"width":1000,"height":750,"url":"https:\/\/news.canadamotorjobs.com\/wp-content\/uploads\/2023\/05\/L21lZGlhLXBhL1dWMTcvMC83L1dWMTcwNzQ2NTI3XzEuanBlZz8yMDIzMDMxNjAwMTU0Nw_rct.jpg","type":"image\/jpeg"}],"author":"Benoit Charette","twitter_card":"summary_large_image","twitter_creator":"@canadamotorjobs","twitter_site":"@canadamotorjobs","twitter_misc":{"\u00c9crit par":"Benoit Charette","Estimation du temps de lecture":"2 minutes"},"schema":{"@context":"https:\/\/schema.org","@graph":[{"@type":"Article","@id":"https:\/\/news.canadamotorjobs.com\/fr\/une-interdiction-de-conduire-pour-38-000-bmw-au-canada\/#article","isPartOf":{"@id":"https:\/\/news.canadamotorjobs.com\/fr\/une-interdiction-de-conduire-pour-38-000-bmw-au-canada\/"},"author":{"name":"Benoit Charette","@id":"https:\/\/news.canadamotorjobs.com\/#\/schema\/person\/51793d1f87d44011d7bcc2ed99269a90"},"headline":"Une interdiction de conduire pour 38 000 BMW au Canada","datePublished":"2023-05-05T13:02:21+00:00","dateModified":"2023-05-05T13:17:35+00:00","mainEntityOfPage":{"@id":"https:\/\/news.canadamotorjobs.com\/fr\/une-interdiction-de-conduire-pour-38-000-bmw-au-canada\/"},"wordCount":331,"publisher":{"@id":"https:\/\/news.canadamotorjobs.com\/#organization"},"image":{"@id":"https:\/\/news.canadamotorjobs.com\/fr\/une-interdiction-de-conduire-pour-38-000-bmw-au-canada\/#primaryimage"},"thumbnailUrl":"https:\/\/news.canadamotorjobs.com\/wp-content\/uploads\/2023\/05\/L21lZGlhLXBhL1dWMTcvMC83L1dWMTcwNzQ2NTI3XzEuanBlZz8yMDIzMDMxNjAwMTU0Nw_rct.jpg","articleSection":["Annuel automobile"],"inLanguage":"fr-CA"},{"@type":"WebPage","@id":"https:\/\/news.canadamotorjobs.com\/fr\/une-interdiction-de-conduire-pour-38-000-bmw-au-canada\/","url":"https:\/\/news.canadamotorjobs.com\/fr\/une-interdiction-de-conduire-pour-38-000-bmw-au-canada\/","name":"Une interdiction de conduire pour 38 000 BMW au Canada - CanadaMotorJobs.com","isPartOf":{"@id":"https:\/\/news.canadamotorjobs.com\/#website"},"primaryImageOfPage":{"@id":"https:\/\/news.canadamotorjobs.com\/fr\/une-interdiction-de-conduire-pour-38-000-bmw-au-canada\/#primaryimage"},"image":{"@id":"https:\/\/news.canadamotorjobs.com\/fr\/une-interdiction-de-conduire-pour-38-000-bmw-au-canada\/#primaryimage"},"thumbnailUrl":"https:\/\/news.canadamotorjobs.com\/wp-content\/uploads\/2023\/05\/L21lZGlhLXBhL1dWMTcvMC83L1dWMTcwNzQ2NTI3XzEuanBlZz8yMDIzMDMxNjAwMTU0Nw_rct.jpg","datePublished":"2023-05-05T13:02:21+00:00","dateModified":"2023-05-05T13:17:35+00:00","description":"Une interdiction de conduire pour 38 000 BMW au Canada - Benoit Charette - Annuel automobile - CanadaMotorJobs.com.","breadcrumb":{"@id":"https:\/\/news.canadamotorjobs.com\/fr\/une-interdiction-de-conduire-pour-38-000-bmw-au-canada\/#breadcrumb"},"inLanguage":"fr-CA","potentialAction":[{"@type":"ReadAction","target":["https:\/\/news.canadamotorjobs.com\/fr\/une-interdiction-de-conduire-pour-38-000-bmw-au-canada\/"]}]},{"@type":"ImageObject","inLanguage":"fr-CA","@id":"https:\/\/news.canadamotorjobs.com\/fr\/une-interdiction-de-conduire-pour-38-000-bmw-au-canada\/#primaryimage","url":"https:\/\/news.canadamotorjobs.com\/wp-content\/uploads\/2023\/05\/L21lZGlhLXBhL1dWMTcvMC83L1dWMTcwNzQ2NTI3XzEuanBlZz8yMDIzMDMxNjAwMTU0Nw_rct.jpg","contentUrl":"https:\/\/news.canadamotorjobs.com\/wp-content\/uploads\/2023\/05\/L21lZGlhLXBhL1dWMTcvMC83L1dWMTcwNzQ2NTI3XzEuanBlZz8yMDIzMDMxNjAwMTU0Nw_rct.jpg","width":1000,"height":750},{"@type":"BreadcrumbList","@id":"https:\/\/news.canadamotorjobs.com\/fr\/une-interdiction-de-conduire-pour-38-000-bmw-au-canada\/#breadcrumb","itemListElement":[{"@type":"ListItem","position":1,"name":"Home","item":"https:\/\/news.canadamotorjobs.com\/fr\/blog\/"},{"@type":"ListItem","position":2,"name":"Une interdiction de conduire pour 38 000 BMW au Canada"}]},{"@type":"WebSite","@id":"https:\/\/news.canadamotorjobs.com\/#website","url":"https:\/\/news.canadamotorjobs.com\/","name":"CanadaMotorJobs.com","description":"Automotive Jobs","publisher":{"@id":"https:\/\/news.canadamotorjobs.com\/#organization"},"potentialAction":[{"@type":"SearchAction","target":{"@type":"EntryPoint","urlTemplate":"https:\/\/news.canadamotorjobs.com\/?s={search_term_string}"},"query-input":"required name=search_term_string"}],"inLanguage":"fr-CA"},{"@type":"Organization","@id":"https:\/\/news.canadamotorjobs.com\/#organization","name":"Canada Motor Jobs","url":"https:\/\/news.canadamotorjobs.com\/","logo":{"@type":"ImageObject","inLanguage":"fr-CA","@id":"https:\/\/news.canadamotorjobs.com\/#\/schema\/logo\/image\/","url":"https:\/\/news.canadamotorjobs.com\/wp-content\/uploads\/2022\/10\/logo-canada-motor-jobs-1.png","contentUrl":"https:\/\/news.canadamotorjobs.com\/wp-content\/uploads\/2022\/10\/logo-canada-motor-jobs-1.png","width":800,"height":400,"caption":"Canada Motor Jobs"},"image":{"@id":"https:\/\/news.canadamotorjobs.com\/#\/schema\/logo\/image\/"},"sameAs":["https:\/\/www.facebook.com\/canadamotorjobs\/","https:\/\/x.com\/canadamotorjobs","https:\/\/www.instagram.com\/canadamotorjobs\/","https:\/\/www.linkedin.com\/company\/canadamotorjobs"]},{"@type":"Person","@id":"https:\/\/news.canadamotorjobs.com\/#\/schema\/person\/51793d1f87d44011d7bcc2ed99269a90","name":"Benoit Charette","image":{"@type":"ImageObject","inLanguage":"fr-CA","@id":"https:\/\/news.canadamotorjobs.com\/#\/schema\/person\/image\/","url":"https:\/\/secure.gravatar.com\/avatar\/45f3d2eebcccd909668d7ce7ea7267b6?s=96&d=mm&r=g","contentUrl":"https:\/\/secure.gravatar.com\/avatar\/45f3d2eebcccd909668d7ce7ea7267b6?s=96&d=mm&r=g","caption":"Benoit Charette"},"description":"Benoit Charette \/ Propri\u00e9taire et r\u00e9dacteur en chef Benoit Charette pratique le journalisme automobile depuis bient\u00f4t 30 ans. Il a fait ses classes au c\u00f4t\u00e9 de Daniel H\u00e9raud et au Carnet de route de 1992 \u00e0 2001. Il est fondateur, copropri\u00e9taire et r\u00e9dacteur en chef de L\u2019Annuel de l\u2019automobile, qu\u2019il publie depuis 2001. Il a anim\u00e9 les \u00e9missions RPM et RPM+ sur V et les L\u00e9gendes de la route sur Historia. \u00c0 la radio depuis 1986, il reprend l\u2019antenne cette ann\u00e9e sur les ondes de Cogeco et participe pour la deuxi\u00e8me ann\u00e9e \u00e0 l\u2019\u00e9mission Passion Auto sur RDS en plus de mettre en ligne le site Web officiel de L\u2019Annuel de l\u2019automobile sur annuelauto.ca.","sameAs":["https:\/\/annuelauto.ca\/"],"url":"https:\/\/news.canadamotorjobs.com\/fr\/author\/benoit-charette\/"}]}},"_links":{"self":[{"href":"https:\/\/news.canadamotorjobs.com\/fr\/wp-json\/wp\/v2\/posts\/144490"}],"collection":[{"href":"https:\/\/news.canadamotorjobs.com\/fr\/wp-json\/wp\/v2\/posts"}],"about":[{"href":"https:\/\/news.canadamotorjobs.com\/fr\/wp-json\/wp\/v2\/types\/post"}],"author":[{"embeddable":true,"href":"https:\/\/news.canadamotorjobs.com\/fr\/wp-json\/wp\/v2\/users\/8"}],"replies":[{"embeddable":true,"href":"https:\/\/news.canadamotorjobs.com\/fr\/wp-json\/wp\/v2\/comments?post=144490"}],"version-history":[{"count":2,"href":"https:\/\/news.canadamotorjobs.com\/fr\/wp-json\/wp\/v2\/posts\/144490\/revisions"}],"predecessor-version":[{"id":144494,"href":"https:\/\/news.canadamotorjobs.com\/fr\/wp-json\/wp\/v2\/posts\/144490\/revisions\/144494"}],"wp:featuredmedia":[{"embeddable":true,"href":"https:\/\/news.canadamotorjobs.com\/fr\/wp-json\/wp\/v2\/media\/144492"}],"wp:attachment":[{"href":"https:\/\/news.canadamotorjobs.com\/fr\/wp-json\/wp\/v2\/media?parent=144490"}],"wp:term":[{"taxonomy":"category","embeddable":true,"href":"https:\/\/news.canadamotorjobs.com\/fr\/wp-json\/wp\/v2\/categories?post=144490"},{"taxonomy":"post_tag","embeddable":true,"href":"https:\/\/news.canadamotorjobs.com\/fr\/wp-json\/wp\/v2\/tags?post=144490"}],"curies":[{"name":"wp","href":"https:\/\/api.w.org\/{rel}","templated":true}]}}