{"id":144467,"date":"2023-05-04T10:41:20","date_gmt":"2023-05-04T14:41:20","guid":{"rendered":"https:\/\/news.canadamotorjobs.com\/?p=144467"},"modified":"2023-05-04T10:48:01","modified_gmt":"2023-05-04T14:48:01","slug":"la-suede-va-construire-la-premiere-autoroute-electrifiee-permanente-au-monde","status":"publish","type":"post","link":"https:\/\/news.canadamotorjobs.com\/fr\/la-suede-va-construire-la-premiere-autoroute-electrifiee-permanente-au-monde\/","title":{"rendered":"La Su\u00e8de va construire la premi\u00e8re autoroute \u00e9lectrifi\u00e9e permanente au monde."},"content":{"rendered":"<\/p>\n<p>Imaginez des v\u00e9hicules \u00e9lectriques qui se rechargent pendant qu&#8217;ils roulent. C\u2019est ce que la Su\u00e8de va r\u00e9aliser dans quelques ann\u00e9es. L&#8217;e-motorway&#8221; sera construit sur 13 miles (21\u00a0km) de la route europ\u00e9enne E20 qui relie Hallsberg et \u00d6rebro, situ\u00e9e entre les trois grandes villes su\u00e9doises de Stockholm, G\u00f6teborg et Malm\u00f6.<\/p>\n<h3>Un premier tron\u00e7on test\u00e9 avec succ\u00e8s en 2018<\/h3>\n<p>\nEn 2018, la Su\u00e8de a test\u00e9 le premier rail de recharge pour v\u00e9hicules \u00e9lectriques au monde sur un tron\u00e7on de route d&#8217;un kilom\u00e8tre entre l&#8217;a\u00e9roport d&#8217;Arlanda, \u00e0 Stockholm, et Rosersberg. Le projet de route de 21\u00a0km en est au stade de la passation des march\u00e9s et devrait \u00eatre construit d&#8217;ici 2025, selon Euronews.<\/p>\n<h3>M\u00e9thode de recharge<\/h3>\n<p>\nLa m\u00e9thode de recharge pour l&#8217;autoroute n&#8217;a pas encore \u00e9t\u00e9 d\u00e9cid\u00e9e, mais il existe trois types de m\u00e9thodes de recharge : le syst\u00e8me cat\u00e9naire, le syst\u00e8me inductif et le syst\u00e8me conductif. Le syst\u00e8me cat\u00e9naire utilis\u00e9 par les trains \u00e9lectriques en Europe ne peut \u00eatre utilis\u00e9 que pour les v\u00e9hicules lourds, car il utilise des c\u00e2bles a\u00e9riens pour fournir de l&#8217;\u00e9lectricit\u00e9 \u00e0 un type particulier de v\u00e9hicule. L\u2019Allemagne en ce moment offre en ce moment un projet pilote avec ce type de recharge pour camions.<\/p>\n<h3>La recharge par conduction ou induction<\/h3>\n<p>\nLa recharge par conduction fonctionne comme un chargeur sans fil dans l\u2019auto. Les v\u00e9hicules \u00e9lectriques recevant l&#8217;\u00e9nergie d&#8217;un tampon ou d&#8217;une plaque sur la route. Le syst\u00e8me de recharge par induction, quant \u00e0 lui, utilise un \u00e9quipement enterr\u00e9 sous la route qui envoie de l&#8217;\u00e9lectricit\u00e9 \u00e0 une bobine dans le v\u00e9hicule \u00e9lectrique. La Su\u00e8de compte 500\u00a0000 kilom\u00e8tres de routes, mais n&#8217;aurait besoin d&#8217;\u00e9lectrifier que les autoroutes, car les voitures n&#8217;ont jamais \u00e0 parcourir plus de 45 kilom\u00e8tres pour atteindre l&#8217;une d&#8217;entre elles. Le pays pr\u00e9voit d&#8217;\u00e9lectrifier 3 000\u00a0km de routes suppl\u00e9mentaires d&#8217;ici \u00e0 2045 et s&#8217;est associ\u00e9 \u00e0 l&#8217;Allemagne et \u00e0 la France pour \u00e9changer des exp\u00e9riences dans le cadre de collaborations de recherche.<\/p>\n<p>La Su\u00e8de et l&#8217;Allemagne disposent depuis plusieurs ann\u00e9es de projets pilotes sur les routes publiques et la France pr\u00e9voit d&#8217;acqu\u00e9rir un tron\u00e7on pilote avec une route \u00e9lectrique.<\/p>\n<p>\u00a0<\/p>\n<p>Avec des renseignements d\u2019Euronews<\/p>\n<p>\u00a0<\/p>\n<p>\u00a0<\/p>\n<p>Le texte <a rel=\"nofollow\" href=\"https:\/\/annuelauto.ca\/la-suede-va-construire-la-premiere-autoroute-electrifiee-permanente-au-monde\/\">La Su\u00e8de va construire la premi\u00e8re autoroute \u00e9lectrifi\u00e9e permanente au monde.<\/a> provient de <a rel=\"nofollow\" href=\"https:\/\/annuelauto.ca\">L&#8217;annuel de l&#8217;automobile &#8211; Actualit\u00e9 automobile<\/a><\/p>\n<p><\/p>\n","protected":false},"excerpt":{"rendered":"<p>Imaginez des v\u00e9hicules \u00e9lectriques qui se rechargent pendant qu&#8217;ils roulent. C\u2019est ce que la Su\u00e8de va r\u00e9aliser dans quelques ann\u00e9es. L&#8217;e-motorway&#8221; sera construit sur 13 miles (21\u00a0km) de la route europ\u00e9enne E20 qui relie Hallsberg et \u00d6rebro, situ\u00e9e entre les trois grandes villes su\u00e9doises de Stockholm, G\u00f6teborg et Malm\u00f6. Un premier tron\u00e7on test\u00e9 avec succ\u00e8s [&hellip;]<\/p>\n","protected":false},"author":8,"featured_media":144469,"comment_status":"close","ping_status":"closed","sticky":false,"template":"","format":"standard","meta":{"_monsterinsights_skip_tracking":false,"_monsterinsights_sitenote_active":false,"_monsterinsights_sitenote_note":"","_monsterinsights_sitenote_category":0,"footnotes":""},"categories":[101],"tags":[],"yoast_head":"<!-- This site is optimized with the Yoast SEO plugin v23.2 - https:\/\/yoast.com\/wordpress\/plugins\/seo\/ -->\n<title>La Su\u00e8de va construire la premi\u00e8re autoroute \u00e9lectrifi\u00e9e permanente au monde. - CanadaMotorJobs.com<\/title>\n<meta name=\"description\" content=\"La Su\u00e8de va construire la premi\u00e8re autoroute \u00e9lectrifi\u00e9e permanente au monde. - Benoit Charette - Annuel automobile - CanadaMotorJobs.com.\" \/>\n<meta name=\"robots\" content=\"index, follow, max-snippet:-1, max-image-preview:large, max-video-preview:-1\" \/>\n<meta property=\"og:locale\" content=\"fr_CA\" \/>\n<meta property=\"og:type\" content=\"article\" \/>\n<meta property=\"og:title\" content=\"La Su\u00e8de va construire la premi\u00e8re autoroute \u00e9lectrifi\u00e9e permanente au monde. - CanadaMotorJobs.com\" \/>\n<meta property=\"og:description\" content=\"La Su\u00e8de va construire la premi\u00e8re autoroute \u00e9lectrifi\u00e9e permanente au monde. - Benoit Charette - Annuel automobile - CanadaMotorJobs.com.\" \/>\n<meta property=\"og:url\" content=\"https:\/\/news.canadamotorjobs.com\/fr\/la-suede-va-construire-la-premiere-autoroute-electrifiee-permanente-au-monde\/\" \/>\n<meta property=\"og:site_name\" content=\"CanadaMotorJobs.com\" \/>\n<meta property=\"article:publisher\" content=\"https:\/\/www.facebook.com\/canadamotorjobs\/\" \/>\n<meta property=\"article:published_time\" content=\"2023-05-04T14:41:20+00:00\" \/>\n<meta property=\"article:modified_time\" content=\"2023-05-04T14:48:01+00:00\" \/>\n<meta property=\"og:image\" content=\"https:\/\/news.canadamotorjobs.com\/wp-content\/uploads\/2023\/05\/cbsn-0825-car-changing-lanes-436962-640x360-1.jpg\" \/>\n\t<meta property=\"og:image:width\" content=\"1280\" \/>\n\t<meta property=\"og:image:height\" content=\"720\" \/>\n\t<meta property=\"og:image:type\" content=\"image\/jpeg\" \/>\n<meta name=\"author\" content=\"Benoit Charette\" \/>\n<meta name=\"twitter:card\" content=\"summary_large_image\" \/>\n<meta name=\"twitter:creator\" content=\"@canadamotorjobs\" \/>\n<meta name=\"twitter:site\" content=\"@canadamotorjobs\" \/>\n<meta name=\"twitter:label1\" content=\"\u00c9crit par\" \/>\n\t<meta name=\"twitter:data1\" content=\"Benoit Charette\" \/>\n\t<meta name=\"twitter:label2\" content=\"Estimation du temps de lecture\" \/>\n\t<meta name=\"twitter:data2\" content=\"2 minutes\" \/>\n<!-- \/ Yoast SEO plugin. -->","yoast_head_json":{"title":"La Su\u00e8de va construire la premi\u00e8re autoroute \u00e9lectrifi\u00e9e permanente au monde. - CanadaMotorJobs.com","description":"La Su\u00e8de va construire la premi\u00e8re autoroute \u00e9lectrifi\u00e9e permanente au monde. - Benoit Charette - Annuel automobile - CanadaMotorJobs.com.","robots":{"index":"index","follow":"follow","max-snippet":"max-snippet:-1","max-image-preview":"max-image-preview:large","max-video-preview":"max-video-preview:-1"},"og_locale":"fr_CA","og_type":"article","og_title":"La Su\u00e8de va construire la premi\u00e8re autoroute \u00e9lectrifi\u00e9e permanente au monde. - CanadaMotorJobs.com","og_description":"La Su\u00e8de va construire la premi\u00e8re autoroute \u00e9lectrifi\u00e9e permanente au monde. - Benoit Charette - Annuel automobile - CanadaMotorJobs.com.","og_url":"https:\/\/news.canadamotorjobs.com\/fr\/la-suede-va-construire-la-premiere-autoroute-electrifiee-permanente-au-monde\/","og_site_name":"CanadaMotorJobs.com","article_publisher":"https:\/\/www.facebook.com\/canadamotorjobs\/","article_published_time":"2023-05-04T14:41:20+00:00","article_modified_time":"2023-05-04T14:48:01+00:00","og_image":[{"width":1280,"height":720,"url":"https:\/\/news.canadamotorjobs.com\/wp-content\/uploads\/2023\/05\/cbsn-0825-car-changing-lanes-436962-640x360-1.jpg","type":"image\/jpeg"}],"author":"Benoit Charette","twitter_card":"summary_large_image","twitter_creator":"@canadamotorjobs","twitter_site":"@canadamotorjobs","twitter_misc":{"\u00c9crit par":"Benoit Charette","Estimation du temps de lecture":"2 minutes"},"schema":{"@context":"https:\/\/schema.org","@graph":[{"@type":"Article","@id":"https:\/\/news.canadamotorjobs.com\/fr\/la-suede-va-construire-la-premiere-autoroute-electrifiee-permanente-au-monde\/#article","isPartOf":{"@id":"https:\/\/news.canadamotorjobs.com\/fr\/la-suede-va-construire-la-premiere-autoroute-electrifiee-permanente-au-monde\/"},"author":{"name":"Benoit Charette","@id":"https:\/\/news.canadamotorjobs.com\/#\/schema\/person\/51793d1f87d44011d7bcc2ed99269a90"},"headline":"La Su\u00e8de va construire la premi\u00e8re autoroute \u00e9lectrifi\u00e9e permanente au monde.","datePublished":"2023-05-04T14:41:20+00:00","dateModified":"2023-05-04T14:48:01+00:00","mainEntityOfPage":{"@id":"https:\/\/news.canadamotorjobs.com\/fr\/la-suede-va-construire-la-premiere-autoroute-electrifiee-permanente-au-monde\/"},"wordCount":444,"publisher":{"@id":"https:\/\/news.canadamotorjobs.com\/#organization"},"image":{"@id":"https:\/\/news.canadamotorjobs.com\/fr\/la-suede-va-construire-la-premiere-autoroute-electrifiee-permanente-au-monde\/#primaryimage"},"thumbnailUrl":"https:\/\/news.canadamotorjobs.com\/wp-content\/uploads\/2023\/05\/cbsn-0825-car-changing-lanes-436962-640x360-1.jpg","articleSection":["Annuel automobile"],"inLanguage":"fr-CA"},{"@type":"WebPage","@id":"https:\/\/news.canadamotorjobs.com\/fr\/la-suede-va-construire-la-premiere-autoroute-electrifiee-permanente-au-monde\/","url":"https:\/\/news.canadamotorjobs.com\/fr\/la-suede-va-construire-la-premiere-autoroute-electrifiee-permanente-au-monde\/","name":"La Su\u00e8de va construire la premi\u00e8re autoroute \u00e9lectrifi\u00e9e permanente au monde. - CanadaMotorJobs.com","isPartOf":{"@id":"https:\/\/news.canadamotorjobs.com\/#website"},"primaryImageOfPage":{"@id":"https:\/\/news.canadamotorjobs.com\/fr\/la-suede-va-construire-la-premiere-autoroute-electrifiee-permanente-au-monde\/#primaryimage"},"image":{"@id":"https:\/\/news.canadamotorjobs.com\/fr\/la-suede-va-construire-la-premiere-autoroute-electrifiee-permanente-au-monde\/#primaryimage"},"thumbnailUrl":"https:\/\/news.canadamotorjobs.com\/wp-content\/uploads\/2023\/05\/cbsn-0825-car-changing-lanes-436962-640x360-1.jpg","datePublished":"2023-05-04T14:41:20+00:00","dateModified":"2023-05-04T14:48:01+00:00","description":"La Su\u00e8de va construire la premi\u00e8re autoroute \u00e9lectrifi\u00e9e permanente au monde. - Benoit Charette - Annuel automobile - CanadaMotorJobs.com.","breadcrumb":{"@id":"https:\/\/news.canadamotorjobs.com\/fr\/la-suede-va-construire-la-premiere-autoroute-electrifiee-permanente-au-monde\/#breadcrumb"},"inLanguage":"fr-CA","potentialAction":[{"@type":"ReadAction","target":["https:\/\/news.canadamotorjobs.com\/fr\/la-suede-va-construire-la-premiere-autoroute-electrifiee-permanente-au-monde\/"]}]},{"@type":"ImageObject","inLanguage":"fr-CA","@id":"https:\/\/news.canadamotorjobs.com\/fr\/la-suede-va-construire-la-premiere-autoroute-electrifiee-permanente-au-monde\/#primaryimage","url":"https:\/\/news.canadamotorjobs.com\/wp-content\/uploads\/2023\/05\/cbsn-0825-car-changing-lanes-436962-640x360-1.jpg","contentUrl":"https:\/\/news.canadamotorjobs.com\/wp-content\/uploads\/2023\/05\/cbsn-0825-car-changing-lanes-436962-640x360-1.jpg","width":1280,"height":720},{"@type":"BreadcrumbList","@id":"https:\/\/news.canadamotorjobs.com\/fr\/la-suede-va-construire-la-premiere-autoroute-electrifiee-permanente-au-monde\/#breadcrumb","itemListElement":[{"@type":"ListItem","position":1,"name":"Home","item":"https:\/\/news.canadamotorjobs.com\/fr\/blog\/"},{"@type":"ListItem","position":2,"name":"La Su\u00e8de va construire la premi\u00e8re autoroute \u00e9lectrifi\u00e9e permanente au monde."}]},{"@type":"WebSite","@id":"https:\/\/news.canadamotorjobs.com\/#website","url":"https:\/\/news.canadamotorjobs.com\/","name":"CanadaMotorJobs.com","description":"Automotive Jobs","publisher":{"@id":"https:\/\/news.canadamotorjobs.com\/#organization"},"potentialAction":[{"@type":"SearchAction","target":{"@type":"EntryPoint","urlTemplate":"https:\/\/news.canadamotorjobs.com\/?s={search_term_string}"},"query-input":"required name=search_term_string"}],"inLanguage":"fr-CA"},{"@type":"Organization","@id":"https:\/\/news.canadamotorjobs.com\/#organization","name":"Canada Motor Jobs","url":"https:\/\/news.canadamotorjobs.com\/","logo":{"@type":"ImageObject","inLanguage":"fr-CA","@id":"https:\/\/news.canadamotorjobs.com\/#\/schema\/logo\/image\/","url":"https:\/\/news.canadamotorjobs.com\/wp-content\/uploads\/2022\/10\/logo-canada-motor-jobs-1.png","contentUrl":"https:\/\/news.canadamotorjobs.com\/wp-content\/uploads\/2022\/10\/logo-canada-motor-jobs-1.png","width":800,"height":400,"caption":"Canada Motor Jobs"},"image":{"@id":"https:\/\/news.canadamotorjobs.com\/#\/schema\/logo\/image\/"},"sameAs":["https:\/\/www.facebook.com\/canadamotorjobs\/","https:\/\/x.com\/canadamotorjobs","https:\/\/www.instagram.com\/canadamotorjobs\/","https:\/\/www.linkedin.com\/company\/canadamotorjobs"]},{"@type":"Person","@id":"https:\/\/news.canadamotorjobs.com\/#\/schema\/person\/51793d1f87d44011d7bcc2ed99269a90","name":"Benoit Charette","image":{"@type":"ImageObject","inLanguage":"fr-CA","@id":"https:\/\/news.canadamotorjobs.com\/#\/schema\/person\/image\/","url":"https:\/\/secure.gravatar.com\/avatar\/45f3d2eebcccd909668d7ce7ea7267b6?s=96&d=mm&r=g","contentUrl":"https:\/\/secure.gravatar.com\/avatar\/45f3d2eebcccd909668d7ce7ea7267b6?s=96&d=mm&r=g","caption":"Benoit Charette"},"description":"Benoit Charette \/ Propri\u00e9taire et r\u00e9dacteur en chef Benoit Charette pratique le journalisme automobile depuis bient\u00f4t 30 ans. Il a fait ses classes au c\u00f4t\u00e9 de Daniel H\u00e9raud et au Carnet de route de 1992 \u00e0 2001. Il est fondateur, copropri\u00e9taire et r\u00e9dacteur en chef de L\u2019Annuel de l\u2019automobile, qu\u2019il publie depuis 2001. Il a anim\u00e9 les \u00e9missions RPM et RPM+ sur V et les L\u00e9gendes de la route sur Historia. \u00c0 la radio depuis 1986, il reprend l\u2019antenne cette ann\u00e9e sur les ondes de Cogeco et participe pour la deuxi\u00e8me ann\u00e9e \u00e0 l\u2019\u00e9mission Passion Auto sur RDS en plus de mettre en ligne le site Web officiel de L\u2019Annuel de l\u2019automobile sur annuelauto.ca.","sameAs":["https:\/\/annuelauto.ca\/"],"url":"https:\/\/news.canadamotorjobs.com\/fr\/author\/benoit-charette\/"}]}},"_links":{"self":[{"href":"https:\/\/news.canadamotorjobs.com\/fr\/wp-json\/wp\/v2\/posts\/144467"}],"collection":[{"href":"https:\/\/news.canadamotorjobs.com\/fr\/wp-json\/wp\/v2\/posts"}],"about":[{"href":"https:\/\/news.canadamotorjobs.com\/fr\/wp-json\/wp\/v2\/types\/post"}],"author":[{"embeddable":true,"href":"https:\/\/news.canadamotorjobs.com\/fr\/wp-json\/wp\/v2\/users\/8"}],"replies":[{"embeddable":true,"href":"https:\/\/news.canadamotorjobs.com\/fr\/wp-json\/wp\/v2\/comments?post=144467"}],"version-history":[{"count":2,"href":"https:\/\/news.canadamotorjobs.com\/fr\/wp-json\/wp\/v2\/posts\/144467\/revisions"}],"predecessor-version":[{"id":144471,"href":"https:\/\/news.canadamotorjobs.com\/fr\/wp-json\/wp\/v2\/posts\/144467\/revisions\/144471"}],"wp:featuredmedia":[{"embeddable":true,"href":"https:\/\/news.canadamotorjobs.com\/fr\/wp-json\/wp\/v2\/media\/144469"}],"wp:attachment":[{"href":"https:\/\/news.canadamotorjobs.com\/fr\/wp-json\/wp\/v2\/media?parent=144467"}],"wp:term":[{"taxonomy":"category","embeddable":true,"href":"https:\/\/news.canadamotorjobs.com\/fr\/wp-json\/wp\/v2\/categories?post=144467"},{"taxonomy":"post_tag","embeddable":true,"href":"https:\/\/news.canadamotorjobs.com\/fr\/wp-json\/wp\/v2\/tags?post=144467"}],"curies":[{"name":"wp","href":"https:\/\/api.w.org\/{rel}","templated":true}]}}