{"id":144417,"date":"2023-05-04T08:24:17","date_gmt":"2023-05-04T12:24:17","guid":{"rendered":"https:\/\/news.canadamotorjobs.com\/?p=144417"},"modified":"2023-05-04T08:31:41","modified_gmt":"2023-05-04T12:31:41","slug":"les-autos-electriques-ont-les-habitacles-les-plus-confortables-selon-wards","status":"publish","type":"post","link":"https:\/\/news.canadamotorjobs.com\/fr\/les-autos-electriques-ont-les-habitacles-les-plus-confortables-selon-wards\/","title":{"rendered":"Les autos \u00e9lectriques ont les habitacles les plus confortables selon Wards"},"content":{"rendered":"<\/p>\n<p>Signe des temps, six des dix v\u00e9hicules qui forment l\u2019\u00e9dition 2023 du palmar\u00e8s de la firme sp\u00e9cialis\u00e9e Wards des int\u00e9rieurs et de l\u2019exp\u00e9rience utilisateur le plus r\u00e9ussi sont des v\u00e9hicules \u00e9lectriques. C\u2019est un record, \u00e9videmment, car c\u2019est la premi\u00e8re fois depuis 1924, soit depuis la premi\u00e8re comparaison du genre faite par Wards, qu\u2019on trouve autant de v\u00e9hicules \u00e9lectriques dans ce palmar\u00e8s.<\/p>\n<p>Et ce ne sont pas n\u00e9cessairement des v\u00e9hicules hors de prix qui sont prim\u00e9s. En fait, si on inclut le Kia Sportage hybride dans la liste, un VUS compact qui est tr\u00e8s bon march\u00e9, ce sont sept v\u00e9hicules sur les dix cit\u00e9s par Wards qui sont \u00e9lectrifi\u00e9s, en tout ou en partie.<\/p>\n<p>Les d\u00e9tails remarqu\u00e9s et tr\u00e8s appr\u00e9ci\u00e9s par les juges comprennent des \u00e9l\u00e9ments de design et des technologies innovantes, comme des porti\u00e8res \u00e0 ouverture automatique, des affichages de grande dimension et de tr\u00e8s haute r\u00e9solution, des bo\u00eetiers de transmission originaux, un \u00e9clairage ambiant original et des visuels <em>cool<\/em>.<\/p>\n<p>Alors, ces six v\u00e9hicules \u00e9lectriques sont\u00a0: la BMW i7, le Cadillac Lyriq, le Ford F-150 Lightning, le Genesis GV60, le GMC Hummer, (le Kia Sportage hybride) et le Nissan Aryia. Les Hyundai Palisade, Jeep Wagoneer L et Range Rover compl\u00e8tent le top 10 des habitacles les mieux dessin\u00e9s en 2023.<\/p>\n<p>Signe des temps, Wards souligne la place pr\u00e9pond\u00e9rante occup\u00e9e dans son palmar\u00e8s par les VUS et les camionnettes, sur lesquels les constructeurs mettent \u00e9videmment beaucoup d\u2019efforts, vu leur popularit\u00e9. La firme am\u00e9ricaine f\u00e9licite aussi les constructeurs pour l\u2019am\u00e9lioration remarqu\u00e9e de leurs syst\u00e8mes multim\u00e9dias, o\u00f9 les menus sont moins compliqu\u00e9s qu\u2019avant, et o\u00f9 la navigation entre les applications s\u2019est grandement simplifi\u00e9e.<\/p>\n<p>La facilit\u00e9 d\u2019utilisation de CarPlay sans fil et la commande vocale qui vient avec (Siri) sont des atouts, observe-t-on chez Wards. Tout \u00e7a s\u2019ajoute au confort des si\u00e8ges, la qualit\u00e9 des mat\u00e9riaux et une finition impeccable, ce qui fait dire \u00e0 Wards qu\u2019il n\u2019y a jamais eu de meilleur moment pour s\u2019asseoir dans un v\u00e9hicule neuf, \u00e9tant donn\u00e9 que leurs habitacles n\u2019ont jamais \u00e9t\u00e9 aussi bien con\u00e7us.<\/p>\n<h3><strong>Finalistes pour le meilleur habitacle et meilleur UX \u00e0 bord d\u2019un v\u00e9hicule en 2023 selon Wards (les gagnants ont un ast\u00e9risque)\u00a0:<\/strong><\/h3>\n<p>\nAcura Integra<\/p>\n<p>Bentley Bentayga<\/p>\n<p>BMW i7*<\/p>\n<p>Cadillac Lyriq*<\/p>\n<p>Chevy Trax<\/p>\n<p>Ford F-150 Lightning*<\/p>\n<p>Genesis GV60*<\/p>\n<p>GMC Hummer*<\/p>\n<p>Honda CR-V Hybrid<\/p>\n<p>Hyundai Palisade*<\/p>\n<p>Jeep Wagoneer L*<\/p>\n<p>Kia Sportage Hybrid*<\/p>\n<p>Land Rover Range Rover*<\/p>\n<p>Lexus RX 500h<\/p>\n<p>Mazda CX-50<\/p>\n<p>Mercedes EQB<\/p>\n<p>Mitsubishi Outlander PHEV<\/p>\n<p>Nissan Ariya*<\/p>\n<p>Toyota Prius<\/p>\n<p>Volvo C40<\/p>\n<p>Volkswagen Arteon<\/p>\n<p>\u00a0<\/p>\n<p>Le texte <a rel=\"nofollow\" href=\"https:\/\/annuelauto.ca\/les-autos-electriques-ont-les-habitacles-les-plus-confortables-selon-wards\/\">Les autos \u00e9lectriques ont les habitacles les plus confortables selon Wards<\/a> provient de <a rel=\"nofollow\" href=\"https:\/\/annuelauto.ca\">L&#8217;annuel de l&#8217;automobile &#8211; Actualit\u00e9 automobile<\/a><\/p>\n<p><\/p>\n","protected":false},"excerpt":{"rendered":"<p>Signe des temps, six des dix v\u00e9hicules qui forment l\u2019\u00e9dition 2023 du palmar\u00e8s de la firme sp\u00e9cialis\u00e9e Wards des int\u00e9rieurs et de l\u2019exp\u00e9rience utilisateur le plus r\u00e9ussi sont des v\u00e9hicules \u00e9lectriques. C\u2019est un record, \u00e9videmment, car c\u2019est la premi\u00e8re fois depuis 1924, soit depuis la premi\u00e8re comparaison du genre faite par Wards, qu\u2019on trouve autant [&hellip;]<\/p>\n","protected":false},"author":8,"featured_media":144419,"comment_status":"close","ping_status":"closed","sticky":false,"template":"","format":"standard","meta":{"_monsterinsights_skip_tracking":false,"_monsterinsights_sitenote_active":false,"_monsterinsights_sitenote_note":"","_monsterinsights_sitenote_category":0,"footnotes":""},"categories":[101],"tags":[],"yoast_head":"<!-- This site is optimized with the Yoast SEO plugin v23.2 - https:\/\/yoast.com\/wordpress\/plugins\/seo\/ -->\n<title>Les autos \u00e9lectriques ont les habitacles les plus confortables selon Wards - CanadaMotorJobs.com<\/title>\n<meta name=\"description\" content=\"Les autos \u00e9lectriques ont les habitacles les plus confortables selon Wards - Benoit Charette - Annuel automobile - CanadaMotorJobs.com.\" \/>\n<meta name=\"robots\" content=\"index, follow, max-snippet:-1, max-image-preview:large, max-video-preview:-1\" \/>\n<meta property=\"og:locale\" content=\"fr_CA\" \/>\n<meta property=\"og:type\" content=\"article\" \/>\n<meta property=\"og:title\" content=\"Les autos \u00e9lectriques ont les habitacles les plus confortables selon Wards - CanadaMotorJobs.com\" \/>\n<meta property=\"og:description\" content=\"Les autos \u00e9lectriques ont les habitacles les plus confortables selon Wards - Benoit Charette - Annuel automobile - CanadaMotorJobs.com.\" \/>\n<meta property=\"og:url\" content=\"https:\/\/news.canadamotorjobs.com\/fr\/les-autos-electriques-ont-les-habitacles-les-plus-confortables-selon-wards\/\" \/>\n<meta property=\"og:site_name\" content=\"CanadaMotorJobs.com\" \/>\n<meta property=\"article:publisher\" content=\"https:\/\/www.facebook.com\/canadamotorjobs\/\" \/>\n<meta property=\"article:published_time\" content=\"2023-05-04T12:24:17+00:00\" \/>\n<meta property=\"article:modified_time\" content=\"2023-05-04T12:31:41+00:00\" \/>\n<meta property=\"og:image\" content=\"https:\/\/news.canadamotorjobs.com\/wp-content\/uploads\/2023\/05\/uKe4szmlNxSSGH8RKY27R5MUulzLV7LbvDGymMCB.jpg\" \/>\n\t<meta property=\"og:image:width\" content=\"1400\" \/>\n\t<meta property=\"og:image:height\" content=\"500\" \/>\n\t<meta property=\"og:image:type\" content=\"image\/jpeg\" \/>\n<meta name=\"author\" content=\"Benoit Charette\" \/>\n<meta name=\"twitter:card\" content=\"summary_large_image\" \/>\n<meta name=\"twitter:creator\" content=\"@canadamotorjobs\" \/>\n<meta name=\"twitter:site\" content=\"@canadamotorjobs\" \/>\n<meta name=\"twitter:label1\" content=\"\u00c9crit par\" \/>\n\t<meta name=\"twitter:data1\" content=\"Benoit Charette\" \/>\n\t<meta name=\"twitter:label2\" content=\"Estimation du temps de lecture\" \/>\n\t<meta name=\"twitter:data2\" content=\"2 minutes\" \/>\n<!-- \/ Yoast SEO plugin. -->","yoast_head_json":{"title":"Les autos \u00e9lectriques ont les habitacles les plus confortables selon Wards - CanadaMotorJobs.com","description":"Les autos \u00e9lectriques ont les habitacles les plus confortables selon Wards - Benoit Charette - Annuel automobile - CanadaMotorJobs.com.","robots":{"index":"index","follow":"follow","max-snippet":"max-snippet:-1","max-image-preview":"max-image-preview:large","max-video-preview":"max-video-preview:-1"},"og_locale":"fr_CA","og_type":"article","og_title":"Les autos \u00e9lectriques ont les habitacles les plus confortables selon Wards - CanadaMotorJobs.com","og_description":"Les autos \u00e9lectriques ont les habitacles les plus confortables selon Wards - Benoit Charette - Annuel automobile - CanadaMotorJobs.com.","og_url":"https:\/\/news.canadamotorjobs.com\/fr\/les-autos-electriques-ont-les-habitacles-les-plus-confortables-selon-wards\/","og_site_name":"CanadaMotorJobs.com","article_publisher":"https:\/\/www.facebook.com\/canadamotorjobs\/","article_published_time":"2023-05-04T12:24:17+00:00","article_modified_time":"2023-05-04T12:31:41+00:00","og_image":[{"width":1400,"height":500,"url":"https:\/\/news.canadamotorjobs.com\/wp-content\/uploads\/2023\/05\/uKe4szmlNxSSGH8RKY27R5MUulzLV7LbvDGymMCB.jpg","type":"image\/jpeg"}],"author":"Benoit Charette","twitter_card":"summary_large_image","twitter_creator":"@canadamotorjobs","twitter_site":"@canadamotorjobs","twitter_misc":{"\u00c9crit par":"Benoit Charette","Estimation du temps de lecture":"2 minutes"},"schema":{"@context":"https:\/\/schema.org","@graph":[{"@type":"Article","@id":"https:\/\/news.canadamotorjobs.com\/fr\/les-autos-electriques-ont-les-habitacles-les-plus-confortables-selon-wards\/#article","isPartOf":{"@id":"https:\/\/news.canadamotorjobs.com\/fr\/les-autos-electriques-ont-les-habitacles-les-plus-confortables-selon-wards\/"},"author":{"name":"Benoit Charette","@id":"https:\/\/news.canadamotorjobs.com\/#\/schema\/person\/51793d1f87d44011d7bcc2ed99269a90"},"headline":"Les autos \u00e9lectriques ont les habitacles les plus confortables selon Wards","datePublished":"2023-05-04T12:24:17+00:00","dateModified":"2023-05-04T12:31:41+00:00","mainEntityOfPage":{"@id":"https:\/\/news.canadamotorjobs.com\/fr\/les-autos-electriques-ont-les-habitacles-les-plus-confortables-selon-wards\/"},"wordCount":500,"publisher":{"@id":"https:\/\/news.canadamotorjobs.com\/#organization"},"image":{"@id":"https:\/\/news.canadamotorjobs.com\/fr\/les-autos-electriques-ont-les-habitacles-les-plus-confortables-selon-wards\/#primaryimage"},"thumbnailUrl":"https:\/\/news.canadamotorjobs.com\/wp-content\/uploads\/2023\/05\/uKe4szmlNxSSGH8RKY27R5MUulzLV7LbvDGymMCB.jpg","articleSection":["Annuel automobile"],"inLanguage":"fr-CA"},{"@type":"WebPage","@id":"https:\/\/news.canadamotorjobs.com\/fr\/les-autos-electriques-ont-les-habitacles-les-plus-confortables-selon-wards\/","url":"https:\/\/news.canadamotorjobs.com\/fr\/les-autos-electriques-ont-les-habitacles-les-plus-confortables-selon-wards\/","name":"Les autos \u00e9lectriques ont les habitacles les plus confortables selon Wards - CanadaMotorJobs.com","isPartOf":{"@id":"https:\/\/news.canadamotorjobs.com\/#website"},"primaryImageOfPage":{"@id":"https:\/\/news.canadamotorjobs.com\/fr\/les-autos-electriques-ont-les-habitacles-les-plus-confortables-selon-wards\/#primaryimage"},"image":{"@id":"https:\/\/news.canadamotorjobs.com\/fr\/les-autos-electriques-ont-les-habitacles-les-plus-confortables-selon-wards\/#primaryimage"},"thumbnailUrl":"https:\/\/news.canadamotorjobs.com\/wp-content\/uploads\/2023\/05\/uKe4szmlNxSSGH8RKY27R5MUulzLV7LbvDGymMCB.jpg","datePublished":"2023-05-04T12:24:17+00:00","dateModified":"2023-05-04T12:31:41+00:00","description":"Les autos \u00e9lectriques ont les habitacles les plus confortables selon Wards - Benoit Charette - Annuel automobile - CanadaMotorJobs.com.","breadcrumb":{"@id":"https:\/\/news.canadamotorjobs.com\/fr\/les-autos-electriques-ont-les-habitacles-les-plus-confortables-selon-wards\/#breadcrumb"},"inLanguage":"fr-CA","potentialAction":[{"@type":"ReadAction","target":["https:\/\/news.canadamotorjobs.com\/fr\/les-autos-electriques-ont-les-habitacles-les-plus-confortables-selon-wards\/"]}]},{"@type":"ImageObject","inLanguage":"fr-CA","@id":"https:\/\/news.canadamotorjobs.com\/fr\/les-autos-electriques-ont-les-habitacles-les-plus-confortables-selon-wards\/#primaryimage","url":"https:\/\/news.canadamotorjobs.com\/wp-content\/uploads\/2023\/05\/uKe4szmlNxSSGH8RKY27R5MUulzLV7LbvDGymMCB.jpg","contentUrl":"https:\/\/news.canadamotorjobs.com\/wp-content\/uploads\/2023\/05\/uKe4szmlNxSSGH8RKY27R5MUulzLV7LbvDGymMCB.jpg","width":1400,"height":500},{"@type":"BreadcrumbList","@id":"https:\/\/news.canadamotorjobs.com\/fr\/les-autos-electriques-ont-les-habitacles-les-plus-confortables-selon-wards\/#breadcrumb","itemListElement":[{"@type":"ListItem","position":1,"name":"Home","item":"https:\/\/news.canadamotorjobs.com\/fr\/blog\/"},{"@type":"ListItem","position":2,"name":"Les autos \u00e9lectriques ont les habitacles les plus confortables selon Wards"}]},{"@type":"WebSite","@id":"https:\/\/news.canadamotorjobs.com\/#website","url":"https:\/\/news.canadamotorjobs.com\/","name":"CanadaMotorJobs.com","description":"Automotive Jobs","publisher":{"@id":"https:\/\/news.canadamotorjobs.com\/#organization"},"potentialAction":[{"@type":"SearchAction","target":{"@type":"EntryPoint","urlTemplate":"https:\/\/news.canadamotorjobs.com\/?s={search_term_string}"},"query-input":"required name=search_term_string"}],"inLanguage":"fr-CA"},{"@type":"Organization","@id":"https:\/\/news.canadamotorjobs.com\/#organization","name":"Canada Motor Jobs","url":"https:\/\/news.canadamotorjobs.com\/","logo":{"@type":"ImageObject","inLanguage":"fr-CA","@id":"https:\/\/news.canadamotorjobs.com\/#\/schema\/logo\/image\/","url":"https:\/\/news.canadamotorjobs.com\/wp-content\/uploads\/2022\/10\/logo-canada-motor-jobs-1.png","contentUrl":"https:\/\/news.canadamotorjobs.com\/wp-content\/uploads\/2022\/10\/logo-canada-motor-jobs-1.png","width":800,"height":400,"caption":"Canada Motor Jobs"},"image":{"@id":"https:\/\/news.canadamotorjobs.com\/#\/schema\/logo\/image\/"},"sameAs":["https:\/\/www.facebook.com\/canadamotorjobs\/","https:\/\/x.com\/canadamotorjobs","https:\/\/www.instagram.com\/canadamotorjobs\/","https:\/\/www.linkedin.com\/company\/canadamotorjobs"]},{"@type":"Person","@id":"https:\/\/news.canadamotorjobs.com\/#\/schema\/person\/51793d1f87d44011d7bcc2ed99269a90","name":"Benoit Charette","image":{"@type":"ImageObject","inLanguage":"fr-CA","@id":"https:\/\/news.canadamotorjobs.com\/#\/schema\/person\/image\/","url":"https:\/\/secure.gravatar.com\/avatar\/45f3d2eebcccd909668d7ce7ea7267b6?s=96&d=mm&r=g","contentUrl":"https:\/\/secure.gravatar.com\/avatar\/45f3d2eebcccd909668d7ce7ea7267b6?s=96&d=mm&r=g","caption":"Benoit Charette"},"description":"Benoit Charette \/ Propri\u00e9taire et r\u00e9dacteur en chef Benoit Charette pratique le journalisme automobile depuis bient\u00f4t 30 ans. Il a fait ses classes au c\u00f4t\u00e9 de Daniel H\u00e9raud et au Carnet de route de 1992 \u00e0 2001. Il est fondateur, copropri\u00e9taire et r\u00e9dacteur en chef de L\u2019Annuel de l\u2019automobile, qu\u2019il publie depuis 2001. Il a anim\u00e9 les \u00e9missions RPM et RPM+ sur V et les L\u00e9gendes de la route sur Historia. \u00c0 la radio depuis 1986, il reprend l\u2019antenne cette ann\u00e9e sur les ondes de Cogeco et participe pour la deuxi\u00e8me ann\u00e9e \u00e0 l\u2019\u00e9mission Passion Auto sur RDS en plus de mettre en ligne le site Web officiel de L\u2019Annuel de l\u2019automobile sur annuelauto.ca.","sameAs":["https:\/\/annuelauto.ca\/"],"url":"https:\/\/news.canadamotorjobs.com\/fr\/author\/benoit-charette\/"}]}},"_links":{"self":[{"href":"https:\/\/news.canadamotorjobs.com\/fr\/wp-json\/wp\/v2\/posts\/144417"}],"collection":[{"href":"https:\/\/news.canadamotorjobs.com\/fr\/wp-json\/wp\/v2\/posts"}],"about":[{"href":"https:\/\/news.canadamotorjobs.com\/fr\/wp-json\/wp\/v2\/types\/post"}],"author":[{"embeddable":true,"href":"https:\/\/news.canadamotorjobs.com\/fr\/wp-json\/wp\/v2\/users\/8"}],"replies":[{"embeddable":true,"href":"https:\/\/news.canadamotorjobs.com\/fr\/wp-json\/wp\/v2\/comments?post=144417"}],"version-history":[{"count":2,"href":"https:\/\/news.canadamotorjobs.com\/fr\/wp-json\/wp\/v2\/posts\/144417\/revisions"}],"predecessor-version":[{"id":144421,"href":"https:\/\/news.canadamotorjobs.com\/fr\/wp-json\/wp\/v2\/posts\/144417\/revisions\/144421"}],"wp:featuredmedia":[{"embeddable":true,"href":"https:\/\/news.canadamotorjobs.com\/fr\/wp-json\/wp\/v2\/media\/144419"}],"wp:attachment":[{"href":"https:\/\/news.canadamotorjobs.com\/fr\/wp-json\/wp\/v2\/media?parent=144417"}],"wp:term":[{"taxonomy":"category","embeddable":true,"href":"https:\/\/news.canadamotorjobs.com\/fr\/wp-json\/wp\/v2\/categories?post=144417"},{"taxonomy":"post_tag","embeddable":true,"href":"https:\/\/news.canadamotorjobs.com\/fr\/wp-json\/wp\/v2\/tags?post=144417"}],"curies":[{"name":"wp","href":"https:\/\/api.w.org\/{rel}","templated":true}]}}