{"id":144375,"date":"2023-05-03T09:29:37","date_gmt":"2023-05-03T13:29:37","guid":{"rendered":"https:\/\/news.canadamotorjobs.com\/?p=144375"},"modified":"2023-05-03T09:30:45","modified_gmt":"2023-05-03T13:30:45","slug":"pendant-que-tesla-remonte-ses-prix-ford-baisse-les-siens","status":"publish","type":"post","link":"https:\/\/news.canadamotorjobs.com\/fr\/pendant-que-tesla-remonte-ses-prix-ford-baisse-les-siens\/","title":{"rendered":"Pendant que Tesla remonte ses prix, Ford baisse les siens"},"content":{"rendered":"<\/p>\n<p>Il va falloir s\u2019habituer \u00e0 voir les constructeurs d\u2019automobiles jouer au yo-yo avec le prix de leurs v\u00e9hicules \u00e9lectriques, vu le co\u00fbt des mat\u00e9riaux, la disponibilit\u00e9 et la cadence de production qui varient tous sur une base quasi quotidienne partout dans le monde. Car tandis que Tesla vient d\u2019annoncer une hausse de ses prix, la premi\u00e8re apr\u00e8s six baisses cons\u00e9cutives, Ford vient s\u2019annoncer une baisse du prix de son principal v\u00e9hicule \u00e9lectrique, le Mustang Mach E.<\/p>\n<p>Pour Tesla, le changement de prix n\u2019est heureusement pas \u00e9norme. On parle d\u2019une hausse d\u2019environ 300$ sur le prix de base des Model 3 et Model Y.<\/p>\n<p>Pour Ford, c\u2019est la deuxi\u00e8me fois cette ann\u00e9e qu\u2019on abaisse le prix de vente du Mach E. La premi\u00e8re fois s\u2019est produite \u00e0 la fin janvier et c\u2019\u00e9tait suite \u00e0 une hausse de la production de ses usines.<\/p>\n<p>Ford a donc annonc\u00e9 aux \u00c9tats-Unis une r\u00e9duction de 3000$US ou de 4000$US sur le prix de d\u00e9tail de la plupart des versions de son v\u00e9hicule \u00e9lectrique. Le Mach E de base co\u00fbtait jusqu\u2019ici 45\u00a0995 $US aux \u00c9tats-Unis, il co\u00fbtera d\u00e9sormais 42\u00a0995 $US. Le Mach E GT AWD \u00e0 autonomie prolong\u00e9e est le plus cher des mod\u00e8les et son prix passe de 63\u00a0995 $US \u00e0\u00a0 59\u00a0995$US.<\/p>\n<p>Cette baisse de prix est annonc\u00e9e, dr\u00f4le de hasard, quelques semaines apr\u00e8s que le gouvernement am\u00e9ricain ait d\u00e9cid\u00e9 de couper de moiti\u00e9 son aide \u00e0 l\u2019achat du Mach E, qui \u00e9tait de 7500$ et qui passe ainsi \u00e0 3750$.<\/p>\n<p>Ford a aussi annonc\u00e9 une am\u00e9lioration de l\u2019autonomie de la version de base des Mach E qui seront mises sur la route \u00e0 partir de la deuxi\u00e8me moiti\u00e9 de l\u2019ann\u00e9e en cours.<\/p>\n<p>Le constructeur am\u00e9ricain est un peu sous pression, parce que les ventes du Mach E ne vont pas particuli\u00e8rement bien. Le nombre de ventes aux \u00c9tats-Unis a chut\u00e9 de 20 durant les trois premiers mois de 2023, par rapport aux trois mois pr\u00e9c\u00e9dents. Et pourtant, la cadence de production s\u2019est acc\u00e9l\u00e9r\u00e9e, ce qui signifie que l\u2019int\u00e9r\u00eat des acheteurs s\u2019est \u00e9mouss\u00e9, probablement parce que l\u2019offre d\u2019autres constructeurs s\u2019est am\u00e9lior\u00e9e elle aussi.<\/p>\n<p>Autrement dit, dans l\u2019auto \u00e9lectrique comme ailleurs, il semble que plus il y a de concurrence, plus les prix sont bas. Aucune surprise l\u00e0, mais peut-\u00eatre un peu de r\u00e9jouissance \u00e0 l\u2019horizon, vu qu\u2019on attend encore beaucoup de nouveaux v\u00e9hicules \u00e9lectriques au cours des prochains mois.<\/p>\n<p>Le texte <a rel=\"nofollow\" href=\"https:\/\/annuelauto.ca\/pendant-que-tesla-remonte-ses-prix-ford-baisse-les-siens\/\">Pendant que Tesla remonte ses prix, Ford baisse les siens<\/a> provient de <a rel=\"nofollow\" href=\"https:\/\/annuelauto.ca\">L&#8217;annuel de l&#8217;automobile &#8211; Actualit\u00e9 automobile<\/a><\/p>\n<p><\/p>\n","protected":false},"excerpt":{"rendered":"<p>Il va falloir s\u2019habituer \u00e0 voir les constructeurs d\u2019automobiles jouer au yo-yo avec le prix de leurs v\u00e9hicules \u00e9lectriques, vu le co\u00fbt des mat\u00e9riaux, la disponibilit\u00e9 et la cadence de production qui varient tous sur une base quasi quotidienne partout dans le monde. Car tandis que Tesla vient d\u2019annoncer une hausse de ses prix, la [&hellip;]<\/p>\n","protected":false},"author":8,"featured_media":144377,"comment_status":"close","ping_status":"closed","sticky":false,"template":"","format":"standard","meta":{"_monsterinsights_skip_tracking":false,"_monsterinsights_sitenote_active":false,"_monsterinsights_sitenote_note":"","_monsterinsights_sitenote_category":0,"footnotes":""},"categories":[101],"tags":[],"yoast_head":"<!-- This site is optimized with the Yoast SEO plugin v23.2 - https:\/\/yoast.com\/wordpress\/plugins\/seo\/ -->\n<title>Pendant que Tesla remonte ses prix, Ford baisse les siens - CanadaMotorJobs.com<\/title>\n<meta name=\"description\" content=\"Pendant que Tesla remonte ses prix, Ford baisse les siens - Benoit Charette - Annuel automobile - CanadaMotorJobs.com.\" \/>\n<meta name=\"robots\" content=\"index, follow, max-snippet:-1, max-image-preview:large, max-video-preview:-1\" \/>\n<meta property=\"og:locale\" content=\"fr_CA\" \/>\n<meta property=\"og:type\" content=\"article\" \/>\n<meta property=\"og:title\" content=\"Pendant que Tesla remonte ses prix, Ford baisse les siens - CanadaMotorJobs.com\" \/>\n<meta property=\"og:description\" content=\"Pendant que Tesla remonte ses prix, Ford baisse les siens - Benoit Charette - Annuel automobile - CanadaMotorJobs.com.\" \/>\n<meta property=\"og:url\" content=\"https:\/\/news.canadamotorjobs.com\/fr\/pendant-que-tesla-remonte-ses-prix-ford-baisse-les-siens\/\" \/>\n<meta property=\"og:site_name\" content=\"CanadaMotorJobs.com\" \/>\n<meta property=\"article:publisher\" content=\"https:\/\/www.facebook.com\/canadamotorjobs\/\" \/>\n<meta property=\"article:published_time\" content=\"2023-05-03T13:29:37+00:00\" \/>\n<meta property=\"article:modified_time\" content=\"2023-05-03T13:30:45+00:00\" \/>\n<meta property=\"og:image\" content=\"https:\/\/news.canadamotorjobs.com\/wp-content\/uploads\/2023\/05\/403229-2023-ford-mustang-mach-e.jpg\" \/>\n\t<meta property=\"og:image:width\" content=\"1920\" \/>\n\t<meta property=\"og:image:height\" content=\"1200\" \/>\n\t<meta property=\"og:image:type\" content=\"image\/jpeg\" \/>\n<meta name=\"author\" content=\"Benoit Charette\" \/>\n<meta name=\"twitter:card\" content=\"summary_large_image\" \/>\n<meta name=\"twitter:creator\" content=\"@canadamotorjobs\" \/>\n<meta name=\"twitter:site\" content=\"@canadamotorjobs\" \/>\n<meta name=\"twitter:label1\" content=\"\u00c9crit par\" \/>\n\t<meta name=\"twitter:data1\" content=\"Benoit Charette\" \/>\n\t<meta name=\"twitter:label2\" content=\"Estimation du temps de lecture\" \/>\n\t<meta name=\"twitter:data2\" content=\"2 minutes\" \/>\n<!-- \/ Yoast SEO plugin. -->","yoast_head_json":{"title":"Pendant que Tesla remonte ses prix, Ford baisse les siens - CanadaMotorJobs.com","description":"Pendant que Tesla remonte ses prix, Ford baisse les siens - Benoit Charette - Annuel automobile - CanadaMotorJobs.com.","robots":{"index":"index","follow":"follow","max-snippet":"max-snippet:-1","max-image-preview":"max-image-preview:large","max-video-preview":"max-video-preview:-1"},"og_locale":"fr_CA","og_type":"article","og_title":"Pendant que Tesla remonte ses prix, Ford baisse les siens - CanadaMotorJobs.com","og_description":"Pendant que Tesla remonte ses prix, Ford baisse les siens - Benoit Charette - Annuel automobile - CanadaMotorJobs.com.","og_url":"https:\/\/news.canadamotorjobs.com\/fr\/pendant-que-tesla-remonte-ses-prix-ford-baisse-les-siens\/","og_site_name":"CanadaMotorJobs.com","article_publisher":"https:\/\/www.facebook.com\/canadamotorjobs\/","article_published_time":"2023-05-03T13:29:37+00:00","article_modified_time":"2023-05-03T13:30:45+00:00","og_image":[{"width":1920,"height":1200,"url":"https:\/\/news.canadamotorjobs.com\/wp-content\/uploads\/2023\/05\/403229-2023-ford-mustang-mach-e.jpg","type":"image\/jpeg"}],"author":"Benoit Charette","twitter_card":"summary_large_image","twitter_creator":"@canadamotorjobs","twitter_site":"@canadamotorjobs","twitter_misc":{"\u00c9crit par":"Benoit Charette","Estimation du temps de lecture":"2 minutes"},"schema":{"@context":"https:\/\/schema.org","@graph":[{"@type":"Article","@id":"https:\/\/news.canadamotorjobs.com\/fr\/pendant-que-tesla-remonte-ses-prix-ford-baisse-les-siens\/#article","isPartOf":{"@id":"https:\/\/news.canadamotorjobs.com\/fr\/pendant-que-tesla-remonte-ses-prix-ford-baisse-les-siens\/"},"author":{"name":"Benoit Charette","@id":"https:\/\/news.canadamotorjobs.com\/#\/schema\/person\/51793d1f87d44011d7bcc2ed99269a90"},"headline":"Pendant que Tesla remonte ses prix, Ford baisse les siens","datePublished":"2023-05-03T13:29:37+00:00","dateModified":"2023-05-03T13:30:45+00:00","mainEntityOfPage":{"@id":"https:\/\/news.canadamotorjobs.com\/fr\/pendant-que-tesla-remonte-ses-prix-ford-baisse-les-siens\/"},"wordCount":472,"publisher":{"@id":"https:\/\/news.canadamotorjobs.com\/#organization"},"image":{"@id":"https:\/\/news.canadamotorjobs.com\/fr\/pendant-que-tesla-remonte-ses-prix-ford-baisse-les-siens\/#primaryimage"},"thumbnailUrl":"https:\/\/news.canadamotorjobs.com\/wp-content\/uploads\/2023\/05\/403229-2023-ford-mustang-mach-e.jpg","articleSection":["Annuel automobile"],"inLanguage":"fr-CA"},{"@type":"WebPage","@id":"https:\/\/news.canadamotorjobs.com\/fr\/pendant-que-tesla-remonte-ses-prix-ford-baisse-les-siens\/","url":"https:\/\/news.canadamotorjobs.com\/fr\/pendant-que-tesla-remonte-ses-prix-ford-baisse-les-siens\/","name":"Pendant que Tesla remonte ses prix, Ford baisse les siens - CanadaMotorJobs.com","isPartOf":{"@id":"https:\/\/news.canadamotorjobs.com\/#website"},"primaryImageOfPage":{"@id":"https:\/\/news.canadamotorjobs.com\/fr\/pendant-que-tesla-remonte-ses-prix-ford-baisse-les-siens\/#primaryimage"},"image":{"@id":"https:\/\/news.canadamotorjobs.com\/fr\/pendant-que-tesla-remonte-ses-prix-ford-baisse-les-siens\/#primaryimage"},"thumbnailUrl":"https:\/\/news.canadamotorjobs.com\/wp-content\/uploads\/2023\/05\/403229-2023-ford-mustang-mach-e.jpg","datePublished":"2023-05-03T13:29:37+00:00","dateModified":"2023-05-03T13:30:45+00:00","description":"Pendant que Tesla remonte ses prix, Ford baisse les siens - Benoit Charette - Annuel automobile - CanadaMotorJobs.com.","breadcrumb":{"@id":"https:\/\/news.canadamotorjobs.com\/fr\/pendant-que-tesla-remonte-ses-prix-ford-baisse-les-siens\/#breadcrumb"},"inLanguage":"fr-CA","potentialAction":[{"@type":"ReadAction","target":["https:\/\/news.canadamotorjobs.com\/fr\/pendant-que-tesla-remonte-ses-prix-ford-baisse-les-siens\/"]}]},{"@type":"ImageObject","inLanguage":"fr-CA","@id":"https:\/\/news.canadamotorjobs.com\/fr\/pendant-que-tesla-remonte-ses-prix-ford-baisse-les-siens\/#primaryimage","url":"https:\/\/news.canadamotorjobs.com\/wp-content\/uploads\/2023\/05\/403229-2023-ford-mustang-mach-e.jpg","contentUrl":"https:\/\/news.canadamotorjobs.com\/wp-content\/uploads\/2023\/05\/403229-2023-ford-mustang-mach-e.jpg","width":1920,"height":1200},{"@type":"BreadcrumbList","@id":"https:\/\/news.canadamotorjobs.com\/fr\/pendant-que-tesla-remonte-ses-prix-ford-baisse-les-siens\/#breadcrumb","itemListElement":[{"@type":"ListItem","position":1,"name":"Home","item":"https:\/\/news.canadamotorjobs.com\/fr\/blog\/"},{"@type":"ListItem","position":2,"name":"Pendant que Tesla remonte ses prix, Ford baisse les siens"}]},{"@type":"WebSite","@id":"https:\/\/news.canadamotorjobs.com\/#website","url":"https:\/\/news.canadamotorjobs.com\/","name":"CanadaMotorJobs.com","description":"Automotive Jobs","publisher":{"@id":"https:\/\/news.canadamotorjobs.com\/#organization"},"potentialAction":[{"@type":"SearchAction","target":{"@type":"EntryPoint","urlTemplate":"https:\/\/news.canadamotorjobs.com\/?s={search_term_string}"},"query-input":"required name=search_term_string"}],"inLanguage":"fr-CA"},{"@type":"Organization","@id":"https:\/\/news.canadamotorjobs.com\/#organization","name":"Canada Motor Jobs","url":"https:\/\/news.canadamotorjobs.com\/","logo":{"@type":"ImageObject","inLanguage":"fr-CA","@id":"https:\/\/news.canadamotorjobs.com\/#\/schema\/logo\/image\/","url":"https:\/\/news.canadamotorjobs.com\/wp-content\/uploads\/2022\/10\/logo-canada-motor-jobs-1.png","contentUrl":"https:\/\/news.canadamotorjobs.com\/wp-content\/uploads\/2022\/10\/logo-canada-motor-jobs-1.png","width":800,"height":400,"caption":"Canada Motor Jobs"},"image":{"@id":"https:\/\/news.canadamotorjobs.com\/#\/schema\/logo\/image\/"},"sameAs":["https:\/\/www.facebook.com\/canadamotorjobs\/","https:\/\/x.com\/canadamotorjobs","https:\/\/www.instagram.com\/canadamotorjobs\/","https:\/\/www.linkedin.com\/company\/canadamotorjobs"]},{"@type":"Person","@id":"https:\/\/news.canadamotorjobs.com\/#\/schema\/person\/51793d1f87d44011d7bcc2ed99269a90","name":"Benoit Charette","image":{"@type":"ImageObject","inLanguage":"fr-CA","@id":"https:\/\/news.canadamotorjobs.com\/#\/schema\/person\/image\/","url":"https:\/\/secure.gravatar.com\/avatar\/45f3d2eebcccd909668d7ce7ea7267b6?s=96&d=mm&r=g","contentUrl":"https:\/\/secure.gravatar.com\/avatar\/45f3d2eebcccd909668d7ce7ea7267b6?s=96&d=mm&r=g","caption":"Benoit Charette"},"description":"Benoit Charette \/ Propri\u00e9taire et r\u00e9dacteur en chef Benoit Charette pratique le journalisme automobile depuis bient\u00f4t 30 ans. Il a fait ses classes au c\u00f4t\u00e9 de Daniel H\u00e9raud et au Carnet de route de 1992 \u00e0 2001. Il est fondateur, copropri\u00e9taire et r\u00e9dacteur en chef de L\u2019Annuel de l\u2019automobile, qu\u2019il publie depuis 2001. Il a anim\u00e9 les \u00e9missions RPM et RPM+ sur V et les L\u00e9gendes de la route sur Historia. \u00c0 la radio depuis 1986, il reprend l\u2019antenne cette ann\u00e9e sur les ondes de Cogeco et participe pour la deuxi\u00e8me ann\u00e9e \u00e0 l\u2019\u00e9mission Passion Auto sur RDS en plus de mettre en ligne le site Web officiel de L\u2019Annuel de l\u2019automobile sur annuelauto.ca.","sameAs":["https:\/\/annuelauto.ca\/"],"url":"https:\/\/news.canadamotorjobs.com\/fr\/author\/benoit-charette\/"}]}},"_links":{"self":[{"href":"https:\/\/news.canadamotorjobs.com\/fr\/wp-json\/wp\/v2\/posts\/144375"}],"collection":[{"href":"https:\/\/news.canadamotorjobs.com\/fr\/wp-json\/wp\/v2\/posts"}],"about":[{"href":"https:\/\/news.canadamotorjobs.com\/fr\/wp-json\/wp\/v2\/types\/post"}],"author":[{"embeddable":true,"href":"https:\/\/news.canadamotorjobs.com\/fr\/wp-json\/wp\/v2\/users\/8"}],"replies":[{"embeddable":true,"href":"https:\/\/news.canadamotorjobs.com\/fr\/wp-json\/wp\/v2\/comments?post=144375"}],"version-history":[{"count":2,"href":"https:\/\/news.canadamotorjobs.com\/fr\/wp-json\/wp\/v2\/posts\/144375\/revisions"}],"predecessor-version":[{"id":144379,"href":"https:\/\/news.canadamotorjobs.com\/fr\/wp-json\/wp\/v2\/posts\/144375\/revisions\/144379"}],"wp:featuredmedia":[{"embeddable":true,"href":"https:\/\/news.canadamotorjobs.com\/fr\/wp-json\/wp\/v2\/media\/144377"}],"wp:attachment":[{"href":"https:\/\/news.canadamotorjobs.com\/fr\/wp-json\/wp\/v2\/media?parent=144375"}],"wp:term":[{"taxonomy":"category","embeddable":true,"href":"https:\/\/news.canadamotorjobs.com\/fr\/wp-json\/wp\/v2\/categories?post=144375"},{"taxonomy":"post_tag","embeddable":true,"href":"https:\/\/news.canadamotorjobs.com\/fr\/wp-json\/wp\/v2\/tags?post=144375"}],"curies":[{"name":"wp","href":"https:\/\/api.w.org\/{rel}","templated":true}]}}