{"id":144352,"date":"2023-05-03T09:05:12","date_gmt":"2023-05-03T13:05:12","guid":{"rendered":"https:\/\/news.canadamotorjobs.com\/?p=144352"},"modified":"2023-05-03T09:17:07","modified_gmt":"2023-05-03T13:17:07","slug":"voici-dix-vehicules-familiaux-parmi-les-plus-recommandables-de-2023","status":"publish","type":"post","link":"https:\/\/news.canadamotorjobs.com\/fr\/voici-dix-vehicules-familiaux-parmi-les-plus-recommandables-de-2023\/","title":{"rendered":"Voici dix v\u00e9hicules familiaux parmi les plus recommandables de 2023"},"content":{"rendered":"<\/p>\n<p>Le Kelley Blue Book est pas mal plus connu aux \u00c9tats-Unis que chez nous et son analyse du march\u00e9 de l\u2019automobile est \u00e0 prendre assez au s\u00e9rieux m\u00eame chez nous, \u00e9tant donn\u00e9 qu\u2019on partage pas mal les m\u00eames v\u00e9hicules neufs. Et \u00e7a tombe bien, car son palmar\u00e8s des dix v\u00e9hicules familiaux les plus recommandables pour 2023 risque de faire jaser.<\/p>\n<p>Notez que le Blue Book a r\u00e9alis\u00e9 son palmar\u00e8s \u00e0 partir de donn\u00e9es recueillies aupr\u00e8s de la NHTSA, de l\u2019Insurance Institute for Highway Safety et d\u2019un vaste sondage aupr\u00e8s des consommateurs am\u00e9ricains. Les crit\u00e8res de s\u00e9lection \u00e9taient la s\u00e9curit\u00e9 des occupants, leur confort et l\u2019utilit\u00e9 du v\u00e9hicule.<\/p>\n<p>Alors, signe des temps, ce palmar\u00e8s est compos\u00e9 d\u2019un v\u00e9hicule tout \u00e9lectrique, d\u2019une familiale, de VUS compacts, interm\u00e9diaires et plein format, et de deux fourgonnettes. Du c\u00f4t\u00e9 des v\u00e9hicules au format compact ou interm\u00e9diaire, les mod\u00e8les prim\u00e9s par le Kelley Blue Book sont le Honda CR-V, le Ioniq 5 et le Santa Fe de Hyundai, la Subaru Outback et le Rav4 de Toyota.<\/p>\n<p>Du lot, c\u2019est le Honda CR-V qui ressort comme le meilleur v\u00e9hicule pour la famille, tous crit\u00e8res confondus. Notez aussi la pr\u00e9sence du Ioniq 5, plus spacieux qu\u2019il en a l\u2019air vu de l\u2019ext\u00e9rieur et de la Subaru Outback, pr\u00e9sent\u00e9e comme la familiale quatre saisons par excellence.<\/p>\n<p>Pour les plus grandes familles, ou pour les gens qui recherchent un v\u00e9hicule avec trois rang\u00e9es de si\u00e8ges, les cinq pr\u00e9f\u00e9r\u00e9s des gens de Kelley Blue Book sont le Ford Expedition, l\u2019Odyssey et le Pilot de Honda, le Hyundai Palisade et son mod\u00e8le siamois, le Kia Telluride, ainsi que les Highlander et Sienna de Toyota.<\/p>\n<p>Le Blue Book dit que la Sienna est sa fourgonnette pr\u00e9f\u00e9r\u00e9e en 2023 et on aurait tendance \u00e0 \u00eatre d\u2019accord, vu l\u2019espace utile, le design d\u2019ensemble et le moteur hybride assez peu \u00e9nergivore.<\/p>\n<p>Dans l\u2019ensemble, ces choix-l\u00e0 refl\u00e8tent assez bien ce qui se passe dans le march\u00e9 automobile am\u00e9ricain, mais si on avait \u00e0 dresser un palmar\u00e8s comme celui-l\u00e0 pour le march\u00e9 canadien, il ne serait probablement pas tellement diff\u00e9rent\u2026<\/p>\n<p>\u00a0<\/p>\n<p>Le texte <a rel=\"nofollow\" href=\"https:\/\/annuelauto.ca\/voici-dix-vehicules-familiaux-parmi-les-plus-recommandables-de-2023\/\">Voici dix v\u00e9hicules familiaux parmi les plus recommandables de 2023<\/a> provient de <a rel=\"nofollow\" href=\"https:\/\/annuelauto.ca\">L&#8217;annuel de l&#8217;automobile &#8211; Actualit\u00e9 automobile<\/a><\/p>\n<p><\/p>\n","protected":false},"excerpt":{"rendered":"<p>Le Kelley Blue Book est pas mal plus connu aux \u00c9tats-Unis que chez nous et son analyse du march\u00e9 de l\u2019automobile est \u00e0 prendre assez au s\u00e9rieux m\u00eame chez nous, \u00e9tant donn\u00e9 qu\u2019on partage pas mal les m\u00eames v\u00e9hicules neufs. Et \u00e7a tombe bien, car son palmar\u00e8s des dix v\u00e9hicules familiaux les plus recommandables pour [&hellip;]<\/p>\n","protected":false},"author":8,"featured_media":144354,"comment_status":"close","ping_status":"closed","sticky":false,"template":"","format":"standard","meta":{"_monsterinsights_skip_tracking":false,"_monsterinsights_sitenote_active":false,"_monsterinsights_sitenote_note":"","_monsterinsights_sitenote_category":0,"footnotes":""},"categories":[101],"tags":[],"yoast_head":"<!-- This site is optimized with the Yoast SEO plugin v23.2 - https:\/\/yoast.com\/wordpress\/plugins\/seo\/ -->\n<title>Voici dix v\u00e9hicules familiaux parmi les plus recommandables de 2023 - CanadaMotorJobs.com<\/title>\n<meta name=\"description\" content=\"Voici dix v\u00e9hicules familiaux parmi les plus recommandables de 2023 - Benoit Charette - Annuel automobile - CanadaMotorJobs.com.\" \/>\n<meta name=\"robots\" content=\"index, follow, max-snippet:-1, max-image-preview:large, max-video-preview:-1\" \/>\n<meta property=\"og:locale\" content=\"fr_CA\" \/>\n<meta property=\"og:type\" content=\"article\" \/>\n<meta property=\"og:title\" content=\"Voici dix v\u00e9hicules familiaux parmi les plus recommandables de 2023 - CanadaMotorJobs.com\" \/>\n<meta property=\"og:description\" content=\"Voici dix v\u00e9hicules familiaux parmi les plus recommandables de 2023 - Benoit Charette - Annuel automobile - CanadaMotorJobs.com.\" \/>\n<meta property=\"og:url\" content=\"https:\/\/news.canadamotorjobs.com\/fr\/voici-dix-vehicules-familiaux-parmi-les-plus-recommandables-de-2023\/\" \/>\n<meta property=\"og:site_name\" content=\"CanadaMotorJobs.com\" \/>\n<meta property=\"article:publisher\" content=\"https:\/\/www.facebook.com\/canadamotorjobs\/\" \/>\n<meta property=\"article:published_time\" content=\"2023-05-03T13:05:12+00:00\" \/>\n<meta property=\"article:modified_time\" content=\"2023-05-03T13:17:07+00:00\" \/>\n<meta property=\"og:image\" content=\"https:\/\/news.canadamotorjobs.com\/wp-content\/uploads\/2023\/05\/Honda_Canada_Inc__Le_tout_nouveau_Honda_Pilot_2023__le_VUS_famil.jpg\" \/>\n\t<meta property=\"og:image:width\" content=\"1200\" \/>\n\t<meta property=\"og:image:height\" content=\"628\" \/>\n\t<meta property=\"og:image:type\" content=\"image\/jpeg\" \/>\n<meta name=\"author\" content=\"Benoit Charette\" \/>\n<meta name=\"twitter:card\" content=\"summary_large_image\" \/>\n<meta name=\"twitter:creator\" content=\"@canadamotorjobs\" \/>\n<meta name=\"twitter:site\" content=\"@canadamotorjobs\" \/>\n<meta name=\"twitter:label1\" content=\"\u00c9crit par\" \/>\n\t<meta name=\"twitter:data1\" content=\"Benoit Charette\" \/>\n\t<meta name=\"twitter:label2\" content=\"Estimation du temps de lecture\" \/>\n\t<meta name=\"twitter:data2\" content=\"2 minutes\" \/>\n<!-- \/ Yoast SEO plugin. -->","yoast_head_json":{"title":"Voici dix v\u00e9hicules familiaux parmi les plus recommandables de 2023 - CanadaMotorJobs.com","description":"Voici dix v\u00e9hicules familiaux parmi les plus recommandables de 2023 - Benoit Charette - Annuel automobile - CanadaMotorJobs.com.","robots":{"index":"index","follow":"follow","max-snippet":"max-snippet:-1","max-image-preview":"max-image-preview:large","max-video-preview":"max-video-preview:-1"},"og_locale":"fr_CA","og_type":"article","og_title":"Voici dix v\u00e9hicules familiaux parmi les plus recommandables de 2023 - CanadaMotorJobs.com","og_description":"Voici dix v\u00e9hicules familiaux parmi les plus recommandables de 2023 - Benoit Charette - Annuel automobile - CanadaMotorJobs.com.","og_url":"https:\/\/news.canadamotorjobs.com\/fr\/voici-dix-vehicules-familiaux-parmi-les-plus-recommandables-de-2023\/","og_site_name":"CanadaMotorJobs.com","article_publisher":"https:\/\/www.facebook.com\/canadamotorjobs\/","article_published_time":"2023-05-03T13:05:12+00:00","article_modified_time":"2023-05-03T13:17:07+00:00","og_image":[{"width":1200,"height":628,"url":"https:\/\/news.canadamotorjobs.com\/wp-content\/uploads\/2023\/05\/Honda_Canada_Inc__Le_tout_nouveau_Honda_Pilot_2023__le_VUS_famil.jpg","type":"image\/jpeg"}],"author":"Benoit Charette","twitter_card":"summary_large_image","twitter_creator":"@canadamotorjobs","twitter_site":"@canadamotorjobs","twitter_misc":{"\u00c9crit par":"Benoit Charette","Estimation du temps de lecture":"2 minutes"},"schema":{"@context":"https:\/\/schema.org","@graph":[{"@type":"Article","@id":"https:\/\/news.canadamotorjobs.com\/fr\/voici-dix-vehicules-familiaux-parmi-les-plus-recommandables-de-2023\/#article","isPartOf":{"@id":"https:\/\/news.canadamotorjobs.com\/fr\/voici-dix-vehicules-familiaux-parmi-les-plus-recommandables-de-2023\/"},"author":{"name":"Benoit Charette","@id":"https:\/\/news.canadamotorjobs.com\/#\/schema\/person\/51793d1f87d44011d7bcc2ed99269a90"},"headline":"Voici dix v\u00e9hicules familiaux parmi les plus recommandables de 2023","datePublished":"2023-05-03T13:05:12+00:00","dateModified":"2023-05-03T13:17:07+00:00","mainEntityOfPage":{"@id":"https:\/\/news.canadamotorjobs.com\/fr\/voici-dix-vehicules-familiaux-parmi-les-plus-recommandables-de-2023\/"},"wordCount":426,"publisher":{"@id":"https:\/\/news.canadamotorjobs.com\/#organization"},"image":{"@id":"https:\/\/news.canadamotorjobs.com\/fr\/voici-dix-vehicules-familiaux-parmi-les-plus-recommandables-de-2023\/#primaryimage"},"thumbnailUrl":"https:\/\/news.canadamotorjobs.com\/wp-content\/uploads\/2023\/05\/Honda_Canada_Inc__Le_tout_nouveau_Honda_Pilot_2023__le_VUS_famil.jpg","articleSection":["Annuel automobile"],"inLanguage":"fr-CA"},{"@type":"WebPage","@id":"https:\/\/news.canadamotorjobs.com\/fr\/voici-dix-vehicules-familiaux-parmi-les-plus-recommandables-de-2023\/","url":"https:\/\/news.canadamotorjobs.com\/fr\/voici-dix-vehicules-familiaux-parmi-les-plus-recommandables-de-2023\/","name":"Voici dix v\u00e9hicules familiaux parmi les plus recommandables de 2023 - CanadaMotorJobs.com","isPartOf":{"@id":"https:\/\/news.canadamotorjobs.com\/#website"},"primaryImageOfPage":{"@id":"https:\/\/news.canadamotorjobs.com\/fr\/voici-dix-vehicules-familiaux-parmi-les-plus-recommandables-de-2023\/#primaryimage"},"image":{"@id":"https:\/\/news.canadamotorjobs.com\/fr\/voici-dix-vehicules-familiaux-parmi-les-plus-recommandables-de-2023\/#primaryimage"},"thumbnailUrl":"https:\/\/news.canadamotorjobs.com\/wp-content\/uploads\/2023\/05\/Honda_Canada_Inc__Le_tout_nouveau_Honda_Pilot_2023__le_VUS_famil.jpg","datePublished":"2023-05-03T13:05:12+00:00","dateModified":"2023-05-03T13:17:07+00:00","description":"Voici dix v\u00e9hicules familiaux parmi les plus recommandables de 2023 - Benoit Charette - Annuel automobile - CanadaMotorJobs.com.","breadcrumb":{"@id":"https:\/\/news.canadamotorjobs.com\/fr\/voici-dix-vehicules-familiaux-parmi-les-plus-recommandables-de-2023\/#breadcrumb"},"inLanguage":"fr-CA","potentialAction":[{"@type":"ReadAction","target":["https:\/\/news.canadamotorjobs.com\/fr\/voici-dix-vehicules-familiaux-parmi-les-plus-recommandables-de-2023\/"]}]},{"@type":"ImageObject","inLanguage":"fr-CA","@id":"https:\/\/news.canadamotorjobs.com\/fr\/voici-dix-vehicules-familiaux-parmi-les-plus-recommandables-de-2023\/#primaryimage","url":"https:\/\/news.canadamotorjobs.com\/wp-content\/uploads\/2023\/05\/Honda_Canada_Inc__Le_tout_nouveau_Honda_Pilot_2023__le_VUS_famil.jpg","contentUrl":"https:\/\/news.canadamotorjobs.com\/wp-content\/uploads\/2023\/05\/Honda_Canada_Inc__Le_tout_nouveau_Honda_Pilot_2023__le_VUS_famil.jpg","width":1200,"height":628},{"@type":"BreadcrumbList","@id":"https:\/\/news.canadamotorjobs.com\/fr\/voici-dix-vehicules-familiaux-parmi-les-plus-recommandables-de-2023\/#breadcrumb","itemListElement":[{"@type":"ListItem","position":1,"name":"Home","item":"https:\/\/news.canadamotorjobs.com\/fr\/blog\/"},{"@type":"ListItem","position":2,"name":"Voici dix v\u00e9hicules familiaux parmi les plus recommandables de 2023"}]},{"@type":"WebSite","@id":"https:\/\/news.canadamotorjobs.com\/#website","url":"https:\/\/news.canadamotorjobs.com\/","name":"CanadaMotorJobs.com","description":"Automotive Jobs","publisher":{"@id":"https:\/\/news.canadamotorjobs.com\/#organization"},"potentialAction":[{"@type":"SearchAction","target":{"@type":"EntryPoint","urlTemplate":"https:\/\/news.canadamotorjobs.com\/?s={search_term_string}"},"query-input":"required name=search_term_string"}],"inLanguage":"fr-CA"},{"@type":"Organization","@id":"https:\/\/news.canadamotorjobs.com\/#organization","name":"Canada Motor Jobs","url":"https:\/\/news.canadamotorjobs.com\/","logo":{"@type":"ImageObject","inLanguage":"fr-CA","@id":"https:\/\/news.canadamotorjobs.com\/#\/schema\/logo\/image\/","url":"https:\/\/news.canadamotorjobs.com\/wp-content\/uploads\/2022\/10\/logo-canada-motor-jobs-1.png","contentUrl":"https:\/\/news.canadamotorjobs.com\/wp-content\/uploads\/2022\/10\/logo-canada-motor-jobs-1.png","width":800,"height":400,"caption":"Canada Motor Jobs"},"image":{"@id":"https:\/\/news.canadamotorjobs.com\/#\/schema\/logo\/image\/"},"sameAs":["https:\/\/www.facebook.com\/canadamotorjobs\/","https:\/\/x.com\/canadamotorjobs","https:\/\/www.instagram.com\/canadamotorjobs\/","https:\/\/www.linkedin.com\/company\/canadamotorjobs"]},{"@type":"Person","@id":"https:\/\/news.canadamotorjobs.com\/#\/schema\/person\/51793d1f87d44011d7bcc2ed99269a90","name":"Benoit Charette","image":{"@type":"ImageObject","inLanguage":"fr-CA","@id":"https:\/\/news.canadamotorjobs.com\/#\/schema\/person\/image\/","url":"https:\/\/secure.gravatar.com\/avatar\/45f3d2eebcccd909668d7ce7ea7267b6?s=96&d=mm&r=g","contentUrl":"https:\/\/secure.gravatar.com\/avatar\/45f3d2eebcccd909668d7ce7ea7267b6?s=96&d=mm&r=g","caption":"Benoit Charette"},"description":"Benoit Charette \/ Propri\u00e9taire et r\u00e9dacteur en chef Benoit Charette pratique le journalisme automobile depuis bient\u00f4t 30 ans. Il a fait ses classes au c\u00f4t\u00e9 de Daniel H\u00e9raud et au Carnet de route de 1992 \u00e0 2001. Il est fondateur, copropri\u00e9taire et r\u00e9dacteur en chef de L\u2019Annuel de l\u2019automobile, qu\u2019il publie depuis 2001. Il a anim\u00e9 les \u00e9missions RPM et RPM+ sur V et les L\u00e9gendes de la route sur Historia. \u00c0 la radio depuis 1986, il reprend l\u2019antenne cette ann\u00e9e sur les ondes de Cogeco et participe pour la deuxi\u00e8me ann\u00e9e \u00e0 l\u2019\u00e9mission Passion Auto sur RDS en plus de mettre en ligne le site Web officiel de L\u2019Annuel de l\u2019automobile sur annuelauto.ca.","sameAs":["https:\/\/annuelauto.ca\/"],"url":"https:\/\/news.canadamotorjobs.com\/fr\/author\/benoit-charette\/"}]}},"_links":{"self":[{"href":"https:\/\/news.canadamotorjobs.com\/fr\/wp-json\/wp\/v2\/posts\/144352"}],"collection":[{"href":"https:\/\/news.canadamotorjobs.com\/fr\/wp-json\/wp\/v2\/posts"}],"about":[{"href":"https:\/\/news.canadamotorjobs.com\/fr\/wp-json\/wp\/v2\/types\/post"}],"author":[{"embeddable":true,"href":"https:\/\/news.canadamotorjobs.com\/fr\/wp-json\/wp\/v2\/users\/8"}],"replies":[{"embeddable":true,"href":"https:\/\/news.canadamotorjobs.com\/fr\/wp-json\/wp\/v2\/comments?post=144352"}],"version-history":[{"count":2,"href":"https:\/\/news.canadamotorjobs.com\/fr\/wp-json\/wp\/v2\/posts\/144352\/revisions"}],"predecessor-version":[{"id":144356,"href":"https:\/\/news.canadamotorjobs.com\/fr\/wp-json\/wp\/v2\/posts\/144352\/revisions\/144356"}],"wp:featuredmedia":[{"embeddable":true,"href":"https:\/\/news.canadamotorjobs.com\/fr\/wp-json\/wp\/v2\/media\/144354"}],"wp:attachment":[{"href":"https:\/\/news.canadamotorjobs.com\/fr\/wp-json\/wp\/v2\/media?parent=144352"}],"wp:term":[{"taxonomy":"category","embeddable":true,"href":"https:\/\/news.canadamotorjobs.com\/fr\/wp-json\/wp\/v2\/categories?post=144352"},{"taxonomy":"post_tag","embeddable":true,"href":"https:\/\/news.canadamotorjobs.com\/fr\/wp-json\/wp\/v2\/tags?post=144352"}],"curies":[{"name":"wp","href":"https:\/\/api.w.org\/{rel}","templated":true}]}}