{"id":144283,"date":"2023-05-02T07:29:41","date_gmt":"2023-05-02T11:29:41","guid":{"rendered":"https:\/\/news.canadamotorjobs.com\/?p=144283"},"modified":"2023-05-02T07:30:17","modified_gmt":"2023-05-02T11:30:17","slug":"toyota-cache-de-linformation-dans-laffaire-du-cablegate","status":"publish","type":"post","link":"https:\/\/news.canadamotorjobs.com\/fr\/toyota-cache-de-linformation-dans-laffaire-du-cablegate\/","title":{"rendered":"Toyota cache de l\u2019information dans l\u2019affaire du \u00abcablegate\u00bb"},"content":{"rendered":"<\/p>\n<p>C\u2019est par la plume de Marie-\u00c8ve Fournier de la Presse que l\u2019on apprend ce matin que Toyota a gard\u00e9 quelques secrets dans le dossier des c\u00e2bles corrod\u00e9s des mod\u00e8les de RAV4 hybride et Prime. La v\u00e9rit\u00e9 a \u00e9t\u00e9 r\u00e9v\u00e9l\u00e9e au grand jour au Palais de Justice de Montr\u00e9al hier.<\/p>\n<h3>Une histoire qui a fait le tour des m\u00e9dias<\/h3>\n<p>\nCette histoire a commenc\u00e9 par des c\u00e2bles corrod\u00e9s sur des mod\u00e8les RAV4 hybride dont le co\u00fbt de r\u00e9paration \u00e9tait \u00e9valu\u00e9 \u00e0 6 800\u00a0$. Les propri\u00e9taires sont r\u00e9volt\u00e9s de constater que les c\u00e2bles ne sont pas couverts par la garantie de huit ans ou 160 000\u00a0km de la batterie, mais par la garantie g\u00e9n\u00e9rale de 3 ans ou 60 000\u00a0km. Un recours collectif demande que Toyota s\u2019acquitte des frais pour changer le c\u00e2ble corrod\u00e9 en plus de dommages punitifs de 300\u00a0$, ainsi que des dommages-int\u00e9r\u00eats compensatoires dont le montant serait d\u00e9termin\u00e9 au cas par cas.<\/p>\n<h3>Un document gard\u00e9 secret<\/h3>\n<p>\nC\u2019est ainsi qu\u2019on a d\u00e9couvert au palais de justice lundi une note de service transmise en d\u00e9cembre 2022 aux concessionnaires Toyota du Canada. Le document leur apprenait la cr\u00e9ation d\u2019un programme d\u2019am\u00e9lioration de la garantie du fameux c\u00e2ble (160\u00a0000\u00a0km plut\u00f4t que 60\u00a0000). Une bonne nouvelle pour les propri\u00e9taires, car leurs v\u0153ux de voir la garantie du c\u00e2ble associ\u00e9e \u00e0 celle de la garantie sur la batterie sont exauc\u00e9s. Mieux encore, Toyota est d\u2019accord pour rembourser tous ceux qui avaient d\u00e9j\u00e0 pay\u00e9 pour faire changer la pi\u00e8ce. M\u00eame les frais de location d\u2019une voiture pendant la r\u00e9paration sont admissibles \u00e0 une indemnisation. Encore une bonne nouvelle. Le seul hic dans l\u2019histoire, Toyota interdit par \u00e9crit dans une lettre envoy\u00e9e aux concessionnaires de\u00a0 faire la promotion ou le marketing d\u2019un Programme d\u2019am\u00e9lioration de la garantie aupr\u00e8s des clients.\u00a0\u00bb Et ensuite\u00a0: \u00ab\u00a0Le service pr\u00e9vu dans ce programme [\u2026] ne peut \u00eatre fourni qu\u2019\u00e0 la suite d\u2019une plainte du client. Autrement dit, motus et bouche cousue. Si les gens viennent se plaindre, vous r\u00e9parez tout gratuitement, sinon, on se tait.<\/p>\n<h3>M\u00eame les avocats de Toyota s\u2019en m\u00ealent<\/h3>\n<p>\nLundi, au palais de justice de Montr\u00e9al, les avocats de Toyota voulaient que cette note de service soit frapp\u00e9e d\u2019une ordonnance de non-publication en raison de son contenu sensible, notamment des num\u00e9ros de pi\u00e8ces. L\u2019avocat Fredy Adams, qui pilote la demande d\u2019action collective, s\u2019y est oppos\u00e9. Toyota a finalement laiss\u00e9 tomber sa demande. Toyota devait transmettre une lettre \u00e0 propos de ce dossier en janvier 2023. Une lettre qui se fait toujours attendre.<\/p>\n<h3><strong>Cinq autres mod\u00e8les concern\u00e9s<\/strong><\/h3>\n<p>\nLa journ\u00e9e en cour hier nous apprend \u00e9galement que cinq autres mod\u00e8les Toyota sont aussi concern\u00e9s par ce probl\u00e8me de corrosion de c\u00e2ble qui peut emp\u00eacher le d\u00e9marrage et provoquer de l\u2019interf\u00e9rence sur la bande AM. Voici la liste de mod\u00e8les\u00a0:<\/p>\n<ul><\/p>\n<li>Highlander hybride\u00a02020-2022<\/li>\n<p><\/p>\n<li>Venza hybride\u00a02021-2022<\/li>\n<p><\/p>\n<li>Lexus NX\u00a0350h hybride<\/li>\n<p><\/p>\n<li>Lexus NX\u00a0450\u00a0h plug-in hybride\u00a02022<\/li>\n<p><\/p>\n<li>Sienna hybride 2021-2022<\/li>\n<p><\/p>\n<li>RAV4 hybride\u00a02019-2022<\/li>\n<p><\/p>\n<li>RAV4 Prime\u00a02021-2022<\/li>\n<p>\n<\/ul>\n<p>\nImpossible de savoir combien de v\u00e9hicules sont concern\u00e9s et Toyota en raison du dossier qui est devant les tribunaux reste muet \u00e0 ce sujet. Mais, il y aura sans doute un chapitre deux \u00e0 cette histoire.<\/p>\n<h3><strong>L\u2019action collective va rester en place<\/strong><\/h3>\n<p>\nM<sup>e\u00a0<\/sup>Fredy Adams a demand\u00e9 au Tribunal d\u2019autoriser l\u2019action collective. \u00c0 son avis, il y a un risque, car la lettre envoy\u00e9e aux concessionnaires mentionne que la garantie couvre la \u00ab\u00a0corrosion excessive des connexions\u00a0\u00bb, ce qui laisse place \u00e0 une certaine subjectivit\u00e9. Et comme Toyota s\u2019est vraiment fait tirer l\u2019oreille pour collaborer, le juge de la cause se dit aussi ouvert \u00e0 sur la r\u00e9daction d\u2019un texte officiel qui inclurait des engagements fermes de Toyota. Une solution plus rapide, plus simple et moins co\u00fbteuse pour le syst\u00e8me de justice.<\/p>\n<p>Avec des renseignements de : La Presse<\/p>\n<p>\u00a0<\/p>\n<p>\u00a0<\/p>\n<p>Le texte <a rel=\"nofollow\" href=\"https:\/\/annuelauto.ca\/toyota-cache-de-linformation-dans-laffaire-du-cablegate\/\">Toyota cache de l\u2019information dans l\u2019affaire du \u00abcablegate\u00bb<\/a> provient de <a rel=\"nofollow\" href=\"https:\/\/annuelauto.ca\">L&#8217;annuel de l&#8217;automobile &#8211; Actualit\u00e9 automobile<\/a><\/p>\n<p><\/p>\n","protected":false},"excerpt":{"rendered":"<p>C\u2019est par la plume de Marie-\u00c8ve Fournier de la Presse que l\u2019on apprend ce matin que Toyota a gard\u00e9 quelques secrets dans le dossier des c\u00e2bles corrod\u00e9s des mod\u00e8les de RAV4 hybride et Prime. La v\u00e9rit\u00e9 a \u00e9t\u00e9 r\u00e9v\u00e9l\u00e9e au grand jour au Palais de Justice de Montr\u00e9al hier. Une histoire qui a fait le [&hellip;]<\/p>\n","protected":false},"author":8,"featured_media":144285,"comment_status":"close","ping_status":"closed","sticky":false,"template":"","format":"standard","meta":{"_monsterinsights_skip_tracking":false,"_monsterinsights_sitenote_active":false,"_monsterinsights_sitenote_note":"","_monsterinsights_sitenote_category":0,"footnotes":""},"categories":[101],"tags":[],"yoast_head":"<!-- This site is optimized with the Yoast SEO plugin v23.2 - https:\/\/yoast.com\/wordpress\/plugins\/seo\/ -->\n<title>Toyota cache de l\u2019information dans l\u2019affaire du \u00abcablegate\u00bb - CanadaMotorJobs.com<\/title>\n<meta name=\"description\" content=\"Toyota cache de l\u2019information dans l\u2019affaire du \u00abcablegate\u00bb - Benoit Charette - Annuel automobile - CanadaMotorJobs.com.\" \/>\n<meta name=\"robots\" content=\"index, follow, max-snippet:-1, max-image-preview:large, max-video-preview:-1\" \/>\n<meta property=\"og:locale\" content=\"fr_CA\" \/>\n<meta property=\"og:type\" content=\"article\" \/>\n<meta property=\"og:title\" content=\"Toyota cache de l\u2019information dans l\u2019affaire du \u00abcablegate\u00bb - CanadaMotorJobs.com\" \/>\n<meta property=\"og:description\" content=\"Toyota cache de l\u2019information dans l\u2019affaire du \u00abcablegate\u00bb - Benoit Charette - Annuel automobile - CanadaMotorJobs.com.\" \/>\n<meta property=\"og:url\" content=\"https:\/\/news.canadamotorjobs.com\/fr\/toyota-cache-de-linformation-dans-laffaire-du-cablegate\/\" \/>\n<meta property=\"og:site_name\" content=\"CanadaMotorJobs.com\" \/>\n<meta property=\"article:publisher\" content=\"https:\/\/www.facebook.com\/canadamotorjobs\/\" \/>\n<meta property=\"article:published_time\" content=\"2023-05-02T11:29:41+00:00\" \/>\n<meta property=\"article:modified_time\" content=\"2023-05-02T11:30:17+00:00\" \/>\n<meta property=\"og:image\" content=\"https:\/\/news.canadamotorjobs.com\/wp-content\/uploads\/2023\/05\/longueuil-toyota-rav4-prime-2021-prix-fiche1602895851017.jpg\" \/>\n\t<meta property=\"og:image:width\" content=\"1800\" \/>\n\t<meta property=\"og:image:height\" content=\"1200\" \/>\n\t<meta property=\"og:image:type\" content=\"image\/jpeg\" \/>\n<meta name=\"author\" content=\"Benoit Charette\" \/>\n<meta name=\"twitter:card\" content=\"summary_large_image\" \/>\n<meta name=\"twitter:creator\" content=\"@canadamotorjobs\" \/>\n<meta name=\"twitter:site\" content=\"@canadamotorjobs\" \/>\n<meta name=\"twitter:label1\" content=\"\u00c9crit par\" \/>\n\t<meta name=\"twitter:data1\" content=\"Benoit Charette\" \/>\n\t<meta name=\"twitter:label2\" content=\"Estimation du temps de lecture\" \/>\n\t<meta name=\"twitter:data2\" content=\"4 minutes\" \/>\n<!-- \/ Yoast SEO plugin. -->","yoast_head_json":{"title":"Toyota cache de l\u2019information dans l\u2019affaire du \u00abcablegate\u00bb - CanadaMotorJobs.com","description":"Toyota cache de l\u2019information dans l\u2019affaire du \u00abcablegate\u00bb - Benoit Charette - Annuel automobile - CanadaMotorJobs.com.","robots":{"index":"index","follow":"follow","max-snippet":"max-snippet:-1","max-image-preview":"max-image-preview:large","max-video-preview":"max-video-preview:-1"},"og_locale":"fr_CA","og_type":"article","og_title":"Toyota cache de l\u2019information dans l\u2019affaire du \u00abcablegate\u00bb - CanadaMotorJobs.com","og_description":"Toyota cache de l\u2019information dans l\u2019affaire du \u00abcablegate\u00bb - Benoit Charette - Annuel automobile - CanadaMotorJobs.com.","og_url":"https:\/\/news.canadamotorjobs.com\/fr\/toyota-cache-de-linformation-dans-laffaire-du-cablegate\/","og_site_name":"CanadaMotorJobs.com","article_publisher":"https:\/\/www.facebook.com\/canadamotorjobs\/","article_published_time":"2023-05-02T11:29:41+00:00","article_modified_time":"2023-05-02T11:30:17+00:00","og_image":[{"width":1800,"height":1200,"url":"https:\/\/news.canadamotorjobs.com\/wp-content\/uploads\/2023\/05\/longueuil-toyota-rav4-prime-2021-prix-fiche1602895851017.jpg","type":"image\/jpeg"}],"author":"Benoit Charette","twitter_card":"summary_large_image","twitter_creator":"@canadamotorjobs","twitter_site":"@canadamotorjobs","twitter_misc":{"\u00c9crit par":"Benoit Charette","Estimation du temps de lecture":"4 minutes"},"schema":{"@context":"https:\/\/schema.org","@graph":[{"@type":"Article","@id":"https:\/\/news.canadamotorjobs.com\/fr\/toyota-cache-de-linformation-dans-laffaire-du-cablegate\/#article","isPartOf":{"@id":"https:\/\/news.canadamotorjobs.com\/fr\/toyota-cache-de-linformation-dans-laffaire-du-cablegate\/"},"author":{"name":"Benoit Charette","@id":"https:\/\/news.canadamotorjobs.com\/#\/schema\/person\/51793d1f87d44011d7bcc2ed99269a90"},"headline":"Toyota cache de l\u2019information dans l\u2019affaire du \u00abcablegate\u00bb","datePublished":"2023-05-02T11:29:41+00:00","dateModified":"2023-05-02T11:30:17+00:00","mainEntityOfPage":{"@id":"https:\/\/news.canadamotorjobs.com\/fr\/toyota-cache-de-linformation-dans-laffaire-du-cablegate\/"},"wordCount":724,"publisher":{"@id":"https:\/\/news.canadamotorjobs.com\/#organization"},"image":{"@id":"https:\/\/news.canadamotorjobs.com\/fr\/toyota-cache-de-linformation-dans-laffaire-du-cablegate\/#primaryimage"},"thumbnailUrl":"https:\/\/news.canadamotorjobs.com\/wp-content\/uploads\/2023\/05\/longueuil-toyota-rav4-prime-2021-prix-fiche1602895851017.jpg","articleSection":["Annuel automobile"],"inLanguage":"fr-CA"},{"@type":"WebPage","@id":"https:\/\/news.canadamotorjobs.com\/fr\/toyota-cache-de-linformation-dans-laffaire-du-cablegate\/","url":"https:\/\/news.canadamotorjobs.com\/fr\/toyota-cache-de-linformation-dans-laffaire-du-cablegate\/","name":"Toyota cache de l\u2019information dans l\u2019affaire du \u00abcablegate\u00bb - CanadaMotorJobs.com","isPartOf":{"@id":"https:\/\/news.canadamotorjobs.com\/#website"},"primaryImageOfPage":{"@id":"https:\/\/news.canadamotorjobs.com\/fr\/toyota-cache-de-linformation-dans-laffaire-du-cablegate\/#primaryimage"},"image":{"@id":"https:\/\/news.canadamotorjobs.com\/fr\/toyota-cache-de-linformation-dans-laffaire-du-cablegate\/#primaryimage"},"thumbnailUrl":"https:\/\/news.canadamotorjobs.com\/wp-content\/uploads\/2023\/05\/longueuil-toyota-rav4-prime-2021-prix-fiche1602895851017.jpg","datePublished":"2023-05-02T11:29:41+00:00","dateModified":"2023-05-02T11:30:17+00:00","description":"Toyota cache de l\u2019information dans l\u2019affaire du \u00abcablegate\u00bb - Benoit Charette - Annuel automobile - CanadaMotorJobs.com.","breadcrumb":{"@id":"https:\/\/news.canadamotorjobs.com\/fr\/toyota-cache-de-linformation-dans-laffaire-du-cablegate\/#breadcrumb"},"inLanguage":"fr-CA","potentialAction":[{"@type":"ReadAction","target":["https:\/\/news.canadamotorjobs.com\/fr\/toyota-cache-de-linformation-dans-laffaire-du-cablegate\/"]}]},{"@type":"ImageObject","inLanguage":"fr-CA","@id":"https:\/\/news.canadamotorjobs.com\/fr\/toyota-cache-de-linformation-dans-laffaire-du-cablegate\/#primaryimage","url":"https:\/\/news.canadamotorjobs.com\/wp-content\/uploads\/2023\/05\/longueuil-toyota-rav4-prime-2021-prix-fiche1602895851017.jpg","contentUrl":"https:\/\/news.canadamotorjobs.com\/wp-content\/uploads\/2023\/05\/longueuil-toyota-rav4-prime-2021-prix-fiche1602895851017.jpg","width":1800,"height":1200},{"@type":"BreadcrumbList","@id":"https:\/\/news.canadamotorjobs.com\/fr\/toyota-cache-de-linformation-dans-laffaire-du-cablegate\/#breadcrumb","itemListElement":[{"@type":"ListItem","position":1,"name":"Home","item":"https:\/\/news.canadamotorjobs.com\/fr\/blog\/"},{"@type":"ListItem","position":2,"name":"Toyota cache de l\u2019information dans l\u2019affaire du \u00abcablegate\u00bb"}]},{"@type":"WebSite","@id":"https:\/\/news.canadamotorjobs.com\/#website","url":"https:\/\/news.canadamotorjobs.com\/","name":"CanadaMotorJobs.com","description":"Automotive Jobs","publisher":{"@id":"https:\/\/news.canadamotorjobs.com\/#organization"},"potentialAction":[{"@type":"SearchAction","target":{"@type":"EntryPoint","urlTemplate":"https:\/\/news.canadamotorjobs.com\/?s={search_term_string}"},"query-input":"required name=search_term_string"}],"inLanguage":"fr-CA"},{"@type":"Organization","@id":"https:\/\/news.canadamotorjobs.com\/#organization","name":"Canada Motor Jobs","url":"https:\/\/news.canadamotorjobs.com\/","logo":{"@type":"ImageObject","inLanguage":"fr-CA","@id":"https:\/\/news.canadamotorjobs.com\/#\/schema\/logo\/image\/","url":"https:\/\/news.canadamotorjobs.com\/wp-content\/uploads\/2022\/10\/logo-canada-motor-jobs-1.png","contentUrl":"https:\/\/news.canadamotorjobs.com\/wp-content\/uploads\/2022\/10\/logo-canada-motor-jobs-1.png","width":800,"height":400,"caption":"Canada Motor Jobs"},"image":{"@id":"https:\/\/news.canadamotorjobs.com\/#\/schema\/logo\/image\/"},"sameAs":["https:\/\/www.facebook.com\/canadamotorjobs\/","https:\/\/x.com\/canadamotorjobs","https:\/\/www.instagram.com\/canadamotorjobs\/","https:\/\/www.linkedin.com\/company\/canadamotorjobs"]},{"@type":"Person","@id":"https:\/\/news.canadamotorjobs.com\/#\/schema\/person\/51793d1f87d44011d7bcc2ed99269a90","name":"Benoit Charette","image":{"@type":"ImageObject","inLanguage":"fr-CA","@id":"https:\/\/news.canadamotorjobs.com\/#\/schema\/person\/image\/","url":"https:\/\/secure.gravatar.com\/avatar\/45f3d2eebcccd909668d7ce7ea7267b6?s=96&d=mm&r=g","contentUrl":"https:\/\/secure.gravatar.com\/avatar\/45f3d2eebcccd909668d7ce7ea7267b6?s=96&d=mm&r=g","caption":"Benoit Charette"},"description":"Benoit Charette \/ Propri\u00e9taire et r\u00e9dacteur en chef Benoit Charette pratique le journalisme automobile depuis bient\u00f4t 30 ans. Il a fait ses classes au c\u00f4t\u00e9 de Daniel H\u00e9raud et au Carnet de route de 1992 \u00e0 2001. Il est fondateur, copropri\u00e9taire et r\u00e9dacteur en chef de L\u2019Annuel de l\u2019automobile, qu\u2019il publie depuis 2001. Il a anim\u00e9 les \u00e9missions RPM et RPM+ sur V et les L\u00e9gendes de la route sur Historia. \u00c0 la radio depuis 1986, il reprend l\u2019antenne cette ann\u00e9e sur les ondes de Cogeco et participe pour la deuxi\u00e8me ann\u00e9e \u00e0 l\u2019\u00e9mission Passion Auto sur RDS en plus de mettre en ligne le site Web officiel de L\u2019Annuel de l\u2019automobile sur annuelauto.ca.","sameAs":["https:\/\/annuelauto.ca\/"],"url":"https:\/\/news.canadamotorjobs.com\/fr\/author\/benoit-charette\/"}]}},"_links":{"self":[{"href":"https:\/\/news.canadamotorjobs.com\/fr\/wp-json\/wp\/v2\/posts\/144283"}],"collection":[{"href":"https:\/\/news.canadamotorjobs.com\/fr\/wp-json\/wp\/v2\/posts"}],"about":[{"href":"https:\/\/news.canadamotorjobs.com\/fr\/wp-json\/wp\/v2\/types\/post"}],"author":[{"embeddable":true,"href":"https:\/\/news.canadamotorjobs.com\/fr\/wp-json\/wp\/v2\/users\/8"}],"replies":[{"embeddable":true,"href":"https:\/\/news.canadamotorjobs.com\/fr\/wp-json\/wp\/v2\/comments?post=144283"}],"version-history":[{"count":2,"href":"https:\/\/news.canadamotorjobs.com\/fr\/wp-json\/wp\/v2\/posts\/144283\/revisions"}],"predecessor-version":[{"id":144287,"href":"https:\/\/news.canadamotorjobs.com\/fr\/wp-json\/wp\/v2\/posts\/144283\/revisions\/144287"}],"wp:featuredmedia":[{"embeddable":true,"href":"https:\/\/news.canadamotorjobs.com\/fr\/wp-json\/wp\/v2\/media\/144285"}],"wp:attachment":[{"href":"https:\/\/news.canadamotorjobs.com\/fr\/wp-json\/wp\/v2\/media?parent=144283"}],"wp:term":[{"taxonomy":"category","embeddable":true,"href":"https:\/\/news.canadamotorjobs.com\/fr\/wp-json\/wp\/v2\/categories?post=144283"},{"taxonomy":"post_tag","embeddable":true,"href":"https:\/\/news.canadamotorjobs.com\/fr\/wp-json\/wp\/v2\/tags?post=144283"}],"curies":[{"name":"wp","href":"https:\/\/api.w.org\/{rel}","templated":true}]}}