{"id":144233,"date":"2023-05-01T09:19:22","date_gmt":"2023-05-01T13:19:22","guid":{"rendered":"https:\/\/news.canadamotorjobs.com\/?p=144233"},"modified":"2023-05-01T09:29:06","modified_gmt":"2023-05-01T13:29:06","slug":"sarit-la-micromobilite-a-saveur-canadienne","status":"publish","type":"post","link":"https:\/\/news.canadamotorjobs.com\/fr\/sarit-la-micromobilite-a-saveur-canadienne\/","title":{"rendered":"Sarit, la micromobilit\u00e9 \u00e0 saveur canadienne"},"content":{"rendered":"<\/p>\n<p>Parmi les nombreuses trouvailles que r\u00e9servait le r\u00e9cent <a href=\"https:\/\/annuelauto.ca\/le-salon-du-vehicule-electrique-de-montreal-approche-a-grand-pas\/\" target=\"_blank\" rel=\"noopener noreferrer\">Salon du v\u00e9hicule \u00e9lectrique de Montr\u00e9al<\/a> (SV\u00c9M) \u00e0 ses visiteurs, au Stade olympique, un curieux petit v\u00e9hicule \u00e9lectrique au nom exotique a suscit\u00e9 beaucoup d\u2019interrogations et d\u2019\u00e9tonnements. Il s\u2019appelle Sarit et ce <a href=\"https:\/\/annuelauto.ca\/des-createurs-de-saab-avec-des-moteurs-roues\/\" target=\"_blank\" rel=\"noopener noreferrer\">V\u00c9<\/a> est si petit, qu\u2019on peut en garer quatre c\u00f4te \u00e0 c\u00f4te dans l\u2019espace qu\u2019occuperait une auto ordinaire\u00a0!<\/p>\n<p>Avec un nom pareil, on pourrait croire que le Sarit provient de l\u2019Inde, d\u2019<a href=\"https:\/\/annuelauto.ca\/maman-jai-retreci-la-city-transformer\/\" target=\"_blank\" rel=\"noopener noreferrer\">Isra\u00ebl<\/a> ou encore de Tha\u00eflande, des pays o\u00f9 ce mot sert de pr\u00e9nom. Mais, il n\u2019en est rien, car c\u2019est au Canada qu\u2019il a \u00e9t\u00e9 cr\u00e9\u00e9.<\/p>\n<p>Con\u00e7u par Stronach International de Newmarket, en Ontario, le Sarit (acronyme de <em>Safe, Affordable, Reliable, Innovative, Transit<\/em>) est un microv\u00e9hicule \u00e0 vocation urbaine, comme en t\u00e9moignent ses dimensions. Ce 3-roues mesure 2 m de long, 1,1 m de large et 1,5 m de haut.<\/p>\n<h3><strong>Monoplace&#8230; et biplace<\/strong><\/h3>\n<p>\nUne carrosserie d\u2019aluminium habille son ch\u00e2ssis tubulaire et l\u2019habitacle peut accommoder une personne ou deux assises en tandem. Il y a un petit coffre \u00e0 l\u2019arri\u00e8re et des accessoires offerts en option permettront de transporter des colis plus encombrants comme, par exemple, un sac de golf. De plus, pour profiter de l\u2019air frais en \u00e9t\u00e9, les porti\u00e8res sont amovibles, comme sur un Jeep Wrangler\u00a0!<\/p>\n<p>Le Sarit se conduit \u00e0 l\u2019aide d\u2019un guidon comme un scooter. L\u2019absence d\u2019un p\u00e9dalier facilite donc l\u2019acc\u00e8s \u00e0 bord. La vitesse de pointe est brid\u00e9e \u00e0 moins de 32\u00a0km\/h et il y a une marche arri\u00e8re. Une cam\u00e9ra arri\u00e8re pourra \u00e9galement \u00eatre obtenue contre suppl\u00e9ment.<\/p>\n<p>Une batterie au lithium-ion de 96 Ah assure une autonomie de 100\u00a0kilom\u00e8tres. Le constructeur affirme qu\u2019elle se recharge en 4,5\u00a0heures \u00e0 partir d\u2019une prise de courant de 120\u00a0v.<\/p>\n<h3><strong>Alternative au v\u00e9lo<\/strong><\/h3>\n<p>\nChez nos voisins ontariens, ce petit v\u00e9hicule sera autoris\u00e9 \u00e0 partager les espaces utilis\u00e9s par les cyclistes, tels que le stipule l\u2019Ontario Higway Traffic Act. Selon Daniel Lajeunesse, vice-pr\u00e9sident Micromobilit\u00e9 et Mise en march\u00e9 de Stronach International \u00e0 qui nous avons parl\u00e9 \u00e0 Montr\u00e9al, on esp\u00e8re naturellement obtenir la m\u00eame certification pour le Qu\u00e9bec.<\/p>\n<p>Le Sarit sera assembl\u00e9 dans une usine construite \u00e0 Aurora, en Ontario, et sa commercialisation dans cette province devrait commencer en juillet. Il sera alors offert \u00e0 partir d\u2019environ 8\u00a0500\u00a0$, nous a dit M.\u00a0Lajeunesse, qui esp\u00e8re s\u2019attaquer au march\u00e9 qu\u00e9b\u00e9cois d\u00e8s l\u2019automne. D\u2019ici l\u00e0, une variante moins co\u00fbteuse munie d\u2019une batterie offrant 75\u00a0km d\u2019autonomie pourrait avoir fait son apparition au catalogue.<\/p>\n<p>Mais le constructeur n\u2019entend pas en rester l\u00e0. Au Salon de l\u2019auto de Toronto, en f\u00e9vrier, il a pr\u00e9sent\u00e9 le prototype d\u2019une camionnette \u00e0 quatre roues. Aussi haute que le 3-roues, sa carrosserie plus longue procurerait une surface de chargement additionnelle de 1,2\u00a0m. Destin\u00e9e aux livraisons de proximit\u00e9, cette camionnette aurait une capacit\u00e9 de charge de 181\u00a0kg et elle devrait \u00eatre en vente au d\u00e9but de 2024.<\/p>\n<h3><strong>Le \u00ab\u00a0b\u00e9b\u00e9\u00a0\u00bb de Frank Stronach<\/strong><\/h3>\n<p>\nLe Sarit est le nouveau \u00ab\u00a0b\u00e9b\u00e9\u00a0\u00bb de Frank Stronach, le milliardaire canadien qui est \u00e0 l\u2019origine de <a href=\"https:\/\/annuelauto.ca\/la-canadienne-magna-investit-470-millions-pour-ouvrir-une-nouvelle-usine-de-batteries-en-ontario\/\" target=\"_blank\" rel=\"noopener noreferrer\">Magna International<\/a>, un des plus grands \u00e9quipementiers de la plan\u00e8te; un conglom\u00e9rat qu\u2019il a dirig\u00e9 jusqu\u2019en 2013.<\/p>\n<p>Aujourd\u2019hui \u00e2g\u00e9 de 90\u00a0ans, il raconte qu\u2019il a imagin\u00e9 le Sarit un jour o\u00f9 il \u00e9tait coinc\u00e9 dans un embouteillage, dans le grand Toronto. \u00ab\u00a0C\u2019\u00e9tait du gaspillage d&#8217;\u00e9nergie et dans 95\u00a0% des voitures, il n&#8217;y avait qu\u2019un seul conducteur\u00a0\u00bb, raconte-t-il.<\/p>\n<p>C\u2019est au d\u00e9but de 2021 qu\u2019il a annonc\u00e9 son intention de produire ce v\u00e9hicule urbain con\u00e7u express\u00e9ment pour rendre l\u2019aller-retour de la maison au travail plus efficace. Un v\u00e9hicule qui conviendrait aussi \u00e0 des complexes industriels ou gouvernementaux, ou encore des universit\u00e9s dont les installations s\u2019\u00e9tendent sur de grands espaces. En 2022, Stronach International a d\u2019ailleurs entrepris un projet-pilote avec le Sarit impliquant les \u00e9tudiants de l\u2019Universit\u00e9 York, en Ontario.<\/p>\n<p>Et comme toujours, M.\u00a0Stronach voit grand. Il entend produire 20\u00a0000 Sarit par ann\u00e9e dans une nouvelle usine construite \u00e0 Aurora, au nord de Toronto. Il entrevoit \u00e9galement la construction d\u2019autres usines d\u2019une capacit\u00e9 similaire aux \u00c9tats-Unis, mais aussi en Styrie, le <em>land<\/em> autrichien qui a vu na\u00eetre cet entrepreneur audacieux qui a \u00e9migr\u00e9 au Canada en 1954.<\/p>\n<p><em>Photos : Stronach International, Universit\u00e9 York et Canadian International Auto Show<\/em><\/p>\n<p>Le texte <a rel=\"nofollow\" href=\"https:\/\/annuelauto.ca\/sarit-la-micromobilite-a-saveur-canadienne\/\">Sarit, la micromobilit\u00e9 \u00e0 saveur canadienne<\/a> provient de <a rel=\"nofollow\" href=\"https:\/\/annuelauto.ca\">L&#8217;annuel de l&#8217;automobile &#8211; Actualit\u00e9 automobile<\/a><\/p>\n<p><\/p>\n","protected":false},"excerpt":{"rendered":"<p>Parmi les nombreuses trouvailles que r\u00e9servait le r\u00e9cent Salon du v\u00e9hicule \u00e9lectrique de Montr\u00e9al (SV\u00c9M) \u00e0 ses visiteurs, au Stade olympique, un curieux petit v\u00e9hicule \u00e9lectrique au nom exotique a suscit\u00e9 beaucoup d\u2019interrogations et d\u2019\u00e9tonnements. Il s\u2019appelle Sarit et ce V\u00c9 est si petit, qu\u2019on peut en garer quatre c\u00f4te \u00e0 c\u00f4te dans l\u2019espace qu\u2019occuperait [&hellip;]<\/p>\n","protected":false},"author":8,"featured_media":144235,"comment_status":"close","ping_status":"closed","sticky":false,"template":"","format":"standard","meta":{"_monsterinsights_skip_tracking":false,"_monsterinsights_sitenote_active":false,"_monsterinsights_sitenote_note":"","_monsterinsights_sitenote_category":0,"footnotes":""},"categories":[101],"tags":[],"yoast_head":"<!-- This site is optimized with the Yoast SEO plugin v23.2 - https:\/\/yoast.com\/wordpress\/plugins\/seo\/ -->\n<title>Sarit, la micromobilit\u00e9 \u00e0 saveur canadienne - CanadaMotorJobs.com<\/title>\n<meta name=\"description\" content=\"Sarit, la micromobilit\u00e9 \u00e0 saveur canadienne - Benoit Charette - Annuel automobile - CanadaMotorJobs.com.\" \/>\n<meta name=\"robots\" content=\"index, follow, max-snippet:-1, max-image-preview:large, max-video-preview:-1\" \/>\n<meta property=\"og:locale\" content=\"fr_CA\" \/>\n<meta property=\"og:type\" content=\"article\" \/>\n<meta property=\"og:title\" content=\"Sarit, la micromobilit\u00e9 \u00e0 saveur canadienne - CanadaMotorJobs.com\" \/>\n<meta property=\"og:description\" content=\"Sarit, la micromobilit\u00e9 \u00e0 saveur canadienne - Benoit Charette - Annuel automobile - CanadaMotorJobs.com.\" \/>\n<meta property=\"og:url\" content=\"https:\/\/news.canadamotorjobs.com\/fr\/sarit-la-micromobilite-a-saveur-canadienne\/\" \/>\n<meta property=\"og:site_name\" content=\"CanadaMotorJobs.com\" \/>\n<meta property=\"article:publisher\" content=\"https:\/\/www.facebook.com\/canadamotorjobs\/\" \/>\n<meta property=\"article:published_time\" content=\"2023-05-01T13:19:22+00:00\" \/>\n<meta property=\"article:modified_time\" content=\"2023-05-01T13:29:06+00:00\" \/>\n<meta property=\"og:image\" content=\"https:\/\/news.canadamotorjobs.com\/wp-content\/uploads\/2023\/05\/SARIT-2023-12.jpg\" \/>\n\t<meta property=\"og:image:width\" content=\"1500\" \/>\n\t<meta property=\"og:image:height\" content=\"1000\" \/>\n\t<meta property=\"og:image:type\" content=\"image\/jpeg\" \/>\n<meta name=\"author\" content=\"Benoit Charette\" \/>\n<meta name=\"twitter:card\" content=\"summary_large_image\" \/>\n<meta name=\"twitter:creator\" content=\"@canadamotorjobs\" \/>\n<meta name=\"twitter:site\" content=\"@canadamotorjobs\" \/>\n<meta name=\"twitter:label1\" content=\"\u00c9crit par\" \/>\n\t<meta name=\"twitter:data1\" content=\"Benoit Charette\" \/>\n\t<meta name=\"twitter:label2\" content=\"Estimation du temps de lecture\" \/>\n\t<meta name=\"twitter:data2\" content=\"4 minutes\" \/>\n<!-- \/ Yoast SEO plugin. -->","yoast_head_json":{"title":"Sarit, la micromobilit\u00e9 \u00e0 saveur canadienne - CanadaMotorJobs.com","description":"Sarit, la micromobilit\u00e9 \u00e0 saveur canadienne - Benoit Charette - Annuel automobile - CanadaMotorJobs.com.","robots":{"index":"index","follow":"follow","max-snippet":"max-snippet:-1","max-image-preview":"max-image-preview:large","max-video-preview":"max-video-preview:-1"},"og_locale":"fr_CA","og_type":"article","og_title":"Sarit, la micromobilit\u00e9 \u00e0 saveur canadienne - CanadaMotorJobs.com","og_description":"Sarit, la micromobilit\u00e9 \u00e0 saveur canadienne - Benoit Charette - Annuel automobile - CanadaMotorJobs.com.","og_url":"https:\/\/news.canadamotorjobs.com\/fr\/sarit-la-micromobilite-a-saveur-canadienne\/","og_site_name":"CanadaMotorJobs.com","article_publisher":"https:\/\/www.facebook.com\/canadamotorjobs\/","article_published_time":"2023-05-01T13:19:22+00:00","article_modified_time":"2023-05-01T13:29:06+00:00","og_image":[{"width":1500,"height":1000,"url":"https:\/\/news.canadamotorjobs.com\/wp-content\/uploads\/2023\/05\/SARIT-2023-12.jpg","type":"image\/jpeg"}],"author":"Benoit Charette","twitter_card":"summary_large_image","twitter_creator":"@canadamotorjobs","twitter_site":"@canadamotorjobs","twitter_misc":{"\u00c9crit par":"Benoit Charette","Estimation du temps de lecture":"4 minutes"},"schema":{"@context":"https:\/\/schema.org","@graph":[{"@type":"Article","@id":"https:\/\/news.canadamotorjobs.com\/fr\/sarit-la-micromobilite-a-saveur-canadienne\/#article","isPartOf":{"@id":"https:\/\/news.canadamotorjobs.com\/fr\/sarit-la-micromobilite-a-saveur-canadienne\/"},"author":{"name":"Benoit Charette","@id":"https:\/\/news.canadamotorjobs.com\/#\/schema\/person\/51793d1f87d44011d7bcc2ed99269a90"},"headline":"Sarit, la micromobilit\u00e9 \u00e0 saveur canadienne","datePublished":"2023-05-01T13:19:22+00:00","dateModified":"2023-05-01T13:29:06+00:00","mainEntityOfPage":{"@id":"https:\/\/news.canadamotorjobs.com\/fr\/sarit-la-micromobilite-a-saveur-canadienne\/"},"wordCount":781,"publisher":{"@id":"https:\/\/news.canadamotorjobs.com\/#organization"},"image":{"@id":"https:\/\/news.canadamotorjobs.com\/fr\/sarit-la-micromobilite-a-saveur-canadienne\/#primaryimage"},"thumbnailUrl":"https:\/\/news.canadamotorjobs.com\/wp-content\/uploads\/2023\/05\/SARIT-2023-12.jpg","articleSection":["Annuel automobile"],"inLanguage":"fr-CA"},{"@type":"WebPage","@id":"https:\/\/news.canadamotorjobs.com\/fr\/sarit-la-micromobilite-a-saveur-canadienne\/","url":"https:\/\/news.canadamotorjobs.com\/fr\/sarit-la-micromobilite-a-saveur-canadienne\/","name":"Sarit, la micromobilit\u00e9 \u00e0 saveur canadienne - CanadaMotorJobs.com","isPartOf":{"@id":"https:\/\/news.canadamotorjobs.com\/#website"},"primaryImageOfPage":{"@id":"https:\/\/news.canadamotorjobs.com\/fr\/sarit-la-micromobilite-a-saveur-canadienne\/#primaryimage"},"image":{"@id":"https:\/\/news.canadamotorjobs.com\/fr\/sarit-la-micromobilite-a-saveur-canadienne\/#primaryimage"},"thumbnailUrl":"https:\/\/news.canadamotorjobs.com\/wp-content\/uploads\/2023\/05\/SARIT-2023-12.jpg","datePublished":"2023-05-01T13:19:22+00:00","dateModified":"2023-05-01T13:29:06+00:00","description":"Sarit, la micromobilit\u00e9 \u00e0 saveur canadienne - Benoit Charette - Annuel automobile - CanadaMotorJobs.com.","breadcrumb":{"@id":"https:\/\/news.canadamotorjobs.com\/fr\/sarit-la-micromobilite-a-saveur-canadienne\/#breadcrumb"},"inLanguage":"fr-CA","potentialAction":[{"@type":"ReadAction","target":["https:\/\/news.canadamotorjobs.com\/fr\/sarit-la-micromobilite-a-saveur-canadienne\/"]}]},{"@type":"ImageObject","inLanguage":"fr-CA","@id":"https:\/\/news.canadamotorjobs.com\/fr\/sarit-la-micromobilite-a-saveur-canadienne\/#primaryimage","url":"https:\/\/news.canadamotorjobs.com\/wp-content\/uploads\/2023\/05\/SARIT-2023-12.jpg","contentUrl":"https:\/\/news.canadamotorjobs.com\/wp-content\/uploads\/2023\/05\/SARIT-2023-12.jpg","width":1500,"height":1000},{"@type":"BreadcrumbList","@id":"https:\/\/news.canadamotorjobs.com\/fr\/sarit-la-micromobilite-a-saveur-canadienne\/#breadcrumb","itemListElement":[{"@type":"ListItem","position":1,"name":"Home","item":"https:\/\/news.canadamotorjobs.com\/fr\/blog\/"},{"@type":"ListItem","position":2,"name":"Sarit, la micromobilit\u00e9 \u00e0 saveur canadienne"}]},{"@type":"WebSite","@id":"https:\/\/news.canadamotorjobs.com\/#website","url":"https:\/\/news.canadamotorjobs.com\/","name":"CanadaMotorJobs.com","description":"Automotive Jobs","publisher":{"@id":"https:\/\/news.canadamotorjobs.com\/#organization"},"potentialAction":[{"@type":"SearchAction","target":{"@type":"EntryPoint","urlTemplate":"https:\/\/news.canadamotorjobs.com\/?s={search_term_string}"},"query-input":"required name=search_term_string"}],"inLanguage":"fr-CA"},{"@type":"Organization","@id":"https:\/\/news.canadamotorjobs.com\/#organization","name":"Canada Motor Jobs","url":"https:\/\/news.canadamotorjobs.com\/","logo":{"@type":"ImageObject","inLanguage":"fr-CA","@id":"https:\/\/news.canadamotorjobs.com\/#\/schema\/logo\/image\/","url":"https:\/\/news.canadamotorjobs.com\/wp-content\/uploads\/2022\/10\/logo-canada-motor-jobs-1.png","contentUrl":"https:\/\/news.canadamotorjobs.com\/wp-content\/uploads\/2022\/10\/logo-canada-motor-jobs-1.png","width":800,"height":400,"caption":"Canada Motor Jobs"},"image":{"@id":"https:\/\/news.canadamotorjobs.com\/#\/schema\/logo\/image\/"},"sameAs":["https:\/\/www.facebook.com\/canadamotorjobs\/","https:\/\/x.com\/canadamotorjobs","https:\/\/www.instagram.com\/canadamotorjobs\/","https:\/\/www.linkedin.com\/company\/canadamotorjobs"]},{"@type":"Person","@id":"https:\/\/news.canadamotorjobs.com\/#\/schema\/person\/51793d1f87d44011d7bcc2ed99269a90","name":"Benoit Charette","image":{"@type":"ImageObject","inLanguage":"fr-CA","@id":"https:\/\/news.canadamotorjobs.com\/#\/schema\/person\/image\/","url":"https:\/\/secure.gravatar.com\/avatar\/45f3d2eebcccd909668d7ce7ea7267b6?s=96&d=mm&r=g","contentUrl":"https:\/\/secure.gravatar.com\/avatar\/45f3d2eebcccd909668d7ce7ea7267b6?s=96&d=mm&r=g","caption":"Benoit Charette"},"description":"Benoit Charette \/ Propri\u00e9taire et r\u00e9dacteur en chef Benoit Charette pratique le journalisme automobile depuis bient\u00f4t 30 ans. Il a fait ses classes au c\u00f4t\u00e9 de Daniel H\u00e9raud et au Carnet de route de 1992 \u00e0 2001. Il est fondateur, copropri\u00e9taire et r\u00e9dacteur en chef de L\u2019Annuel de l\u2019automobile, qu\u2019il publie depuis 2001. Il a anim\u00e9 les \u00e9missions RPM et RPM+ sur V et les L\u00e9gendes de la route sur Historia. \u00c0 la radio depuis 1986, il reprend l\u2019antenne cette ann\u00e9e sur les ondes de Cogeco et participe pour la deuxi\u00e8me ann\u00e9e \u00e0 l\u2019\u00e9mission Passion Auto sur RDS en plus de mettre en ligne le site Web officiel de L\u2019Annuel de l\u2019automobile sur annuelauto.ca.","sameAs":["https:\/\/annuelauto.ca\/"],"url":"https:\/\/news.canadamotorjobs.com\/fr\/author\/benoit-charette\/"}]}},"_links":{"self":[{"href":"https:\/\/news.canadamotorjobs.com\/fr\/wp-json\/wp\/v2\/posts\/144233"}],"collection":[{"href":"https:\/\/news.canadamotorjobs.com\/fr\/wp-json\/wp\/v2\/posts"}],"about":[{"href":"https:\/\/news.canadamotorjobs.com\/fr\/wp-json\/wp\/v2\/types\/post"}],"author":[{"embeddable":true,"href":"https:\/\/news.canadamotorjobs.com\/fr\/wp-json\/wp\/v2\/users\/8"}],"replies":[{"embeddable":true,"href":"https:\/\/news.canadamotorjobs.com\/fr\/wp-json\/wp\/v2\/comments?post=144233"}],"version-history":[{"count":2,"href":"https:\/\/news.canadamotorjobs.com\/fr\/wp-json\/wp\/v2\/posts\/144233\/revisions"}],"predecessor-version":[{"id":144237,"href":"https:\/\/news.canadamotorjobs.com\/fr\/wp-json\/wp\/v2\/posts\/144233\/revisions\/144237"}],"wp:featuredmedia":[{"embeddable":true,"href":"https:\/\/news.canadamotorjobs.com\/fr\/wp-json\/wp\/v2\/media\/144235"}],"wp:attachment":[{"href":"https:\/\/news.canadamotorjobs.com\/fr\/wp-json\/wp\/v2\/media?parent=144233"}],"wp:term":[{"taxonomy":"category","embeddable":true,"href":"https:\/\/news.canadamotorjobs.com\/fr\/wp-json\/wp\/v2\/categories?post=144233"},{"taxonomy":"post_tag","embeddable":true,"href":"https:\/\/news.canadamotorjobs.com\/fr\/wp-json\/wp\/v2\/tags?post=144233"}],"curies":[{"name":"wp","href":"https:\/\/api.w.org\/{rel}","templated":true}]}}