{"id":144202,"date":"2023-05-01T07:39:04","date_gmt":"2023-05-01T11:39:04","guid":{"rendered":"https:\/\/news.canadamotorjobs.com\/?p=144202"},"modified":"2023-05-01T07:44:16","modified_gmt":"2023-05-01T11:44:16","slug":"toyota-prepare-plus-de-modeles-gr","status":"publish","type":"post","link":"https:\/\/news.canadamotorjobs.com\/fr\/toyota-prepare-plus-de-modeles-gr\/","title":{"rendered":"Toyota pr\u00e9pare plus de mod\u00e8les GR"},"content":{"rendered":"<\/p>\n<p>La famille GR qui comprend d\u00e9j\u00e0 la GR86, Supra et \u00a0Corolla \u00a0sera rejointe par d&#8217;autres mod\u00e8les encore plus rapides. Le nouveau patron de Toyota, Koji Sato ayant laiss\u00e9 entendre que son pr\u00e9d\u00e9cesseur, Akio Toyoda avait le temps de continuer \u00e0 s&#8217;impliquer dans le d\u00e9veloppement de voitures de sport.<\/p>\n<h3>Une bonne nouvelle pour les amateurs<\/h3>\n<p>\nPlusieurs sont heureux d\u2019apprendre que Toyota n&#8217;abandonnerait pas la sous-marque de voitures de sport GR. Depuis sa cr\u00e9ation, la marque GR a fait son chemin \u00e0 travers les mod\u00e8les de tous les jours de la marque comme la Corolla et la Yaris. Toyota a laiss\u00e9 entendre \u00e0 travers les paroles de son pr\u00e9sident que d&#8217;autres mod\u00e8les pourraient voir le jour, et Sato a maintenant sugg\u00e9r\u00e9 que l&#8217;ancien PDG Akio Toyoda, connu sous le nom de &#8220;Master Driver&#8221; ou Morizo pour les intimes allait mettre ses talents de conducteur et sa passion pour les voitures de sport au service du d\u00e9veloppement de nouveaux mod\u00e8les. Notre &#8220;Master Driver&#8221; \u00e9tait \u00e9galement pr\u00e9sident de l&#8217;entreprise \u00e0 l&#8217;\u00e9poque o\u00f9 il avait un volant dans les mains pour Gazoo. Maintenant qu&#8217;il n&#8217;est plus que pr\u00e9sident, peut-\u00eatre aura-t-il plus de temps pour d\u00e9velopper des voitures pour eux ?<\/p>\n<h3>Des mod\u00e8les GR \u00e9lectriques<\/h3>\n<p>\nIl est possible que Toyota envisage toujours de commercialiser un successeur spirituel de la MR2, une voiture \u00e9lectrique \u00e0 deux places d&#8217;une puissance maximale de 370 kW. Un mod\u00e8le qui pourrait correspondre \u00e0 ce projet a \u00e9t\u00e9 r\u00e9v\u00e9l\u00e9 dans le cadre du plan de d\u00e9ploiement des v\u00e9hicules \u00e9lectriques de la marque pour la p\u00e9riode 2022-2030. Lorsque Sato a quitt\u00e9 la direction de Lexus et de la marque Gazoo Racing pour prendre la t\u00eate de l&#8217;entreprise, il a remplac\u00e9 Toyoda, car son pr\u00e9d\u00e9cesseur le consid\u00e9rait comme le plus apte \u00e0 poursuivre la trajectoire de l&#8217;entreprise, mais aussi \u00e0 apporter les changements n\u00e9cessaires pour survivre \u00e0 l&#8217;\u00e8re de la mobilit\u00e9 \u00e9lectrifi\u00e9e.<\/p>\n<p>\u00a0<\/p>\n<p>Avec des renseignements de Carsguide<\/p>\n<p>Le texte <a rel=\"nofollow\" href=\"https:\/\/annuelauto.ca\/toyota-prepare-plus-de-modeles-gr\/\">Toyota pr\u00e9pare plus de mod\u00e8les GR<\/a> provient de <a rel=\"nofollow\" href=\"https:\/\/annuelauto.ca\">L&#8217;annuel de l&#8217;automobile &#8211; Actualit\u00e9 automobile<\/a><\/p>\n<p><\/p>\n","protected":false},"excerpt":{"rendered":"<p>La famille GR qui comprend d\u00e9j\u00e0 la GR86, Supra et \u00a0Corolla \u00a0sera rejointe par d&#8217;autres mod\u00e8les encore plus rapides. Le nouveau patron de Toyota, Koji Sato ayant laiss\u00e9 entendre que son pr\u00e9d\u00e9cesseur, Akio Toyoda avait le temps de continuer \u00e0 s&#8217;impliquer dans le d\u00e9veloppement de voitures de sport. Une bonne nouvelle pour les amateurs Plusieurs [&hellip;]<\/p>\n","protected":false},"author":8,"featured_media":144204,"comment_status":"close","ping_status":"closed","sticky":false,"template":"","format":"standard","meta":{"_monsterinsights_skip_tracking":false,"_monsterinsights_sitenote_active":false,"_monsterinsights_sitenote_note":"","_monsterinsights_sitenote_category":0,"footnotes":""},"categories":[101],"tags":[],"yoast_head":"<!-- This site is optimized with the Yoast SEO plugin v23.2 - https:\/\/yoast.com\/wordpress\/plugins\/seo\/ -->\n<title>Toyota pr\u00e9pare plus de mod\u00e8les GR - CanadaMotorJobs.com<\/title>\n<meta name=\"description\" content=\"Toyota pr\u00e9pare plus de mod\u00e8les GR - Benoit Charette - Annuel automobile - CanadaMotorJobs.com.\" \/>\n<meta name=\"robots\" content=\"index, follow, max-snippet:-1, max-image-preview:large, max-video-preview:-1\" \/>\n<meta property=\"og:locale\" content=\"fr_CA\" \/>\n<meta property=\"og:type\" content=\"article\" \/>\n<meta property=\"og:title\" content=\"Toyota pr\u00e9pare plus de mod\u00e8les GR - CanadaMotorJobs.com\" \/>\n<meta property=\"og:description\" content=\"Toyota pr\u00e9pare plus de mod\u00e8les GR - Benoit Charette - Annuel automobile - CanadaMotorJobs.com.\" \/>\n<meta property=\"og:url\" content=\"https:\/\/news.canadamotorjobs.com\/fr\/toyota-prepare-plus-de-modeles-gr\/\" \/>\n<meta property=\"og:site_name\" content=\"CanadaMotorJobs.com\" \/>\n<meta property=\"article:publisher\" content=\"https:\/\/www.facebook.com\/canadamotorjobs\/\" \/>\n<meta property=\"article:published_time\" content=\"2023-05-01T11:39:04+00:00\" \/>\n<meta property=\"article:modified_time\" content=\"2023-05-01T11:44:16+00:00\" \/>\n<meta property=\"og:image\" content=\"https:\/\/news.canadamotorjobs.com\/wp-content\/uploads\/2023\/05\/20211214_BEV_19-scaled-1.jpg\" \/>\n\t<meta property=\"og:image:width\" content=\"2560\" \/>\n\t<meta property=\"og:image:height\" content=\"1440\" \/>\n\t<meta property=\"og:image:type\" content=\"image\/jpeg\" \/>\n<meta name=\"author\" content=\"Benoit Charette\" \/>\n<meta name=\"twitter:card\" content=\"summary_large_image\" \/>\n<meta name=\"twitter:creator\" content=\"@canadamotorjobs\" \/>\n<meta name=\"twitter:site\" content=\"@canadamotorjobs\" \/>\n<meta name=\"twitter:label1\" content=\"\u00c9crit par\" \/>\n\t<meta name=\"twitter:data1\" content=\"Benoit Charette\" \/>\n\t<meta name=\"twitter:label2\" content=\"Estimation du temps de lecture\" \/>\n\t<meta name=\"twitter:data2\" content=\"2 minutes\" \/>\n<!-- \/ Yoast SEO plugin. -->","yoast_head_json":{"title":"Toyota pr\u00e9pare plus de mod\u00e8les GR - CanadaMotorJobs.com","description":"Toyota pr\u00e9pare plus de mod\u00e8les GR - Benoit Charette - Annuel automobile - CanadaMotorJobs.com.","robots":{"index":"index","follow":"follow","max-snippet":"max-snippet:-1","max-image-preview":"max-image-preview:large","max-video-preview":"max-video-preview:-1"},"og_locale":"fr_CA","og_type":"article","og_title":"Toyota pr\u00e9pare plus de mod\u00e8les GR - CanadaMotorJobs.com","og_description":"Toyota pr\u00e9pare plus de mod\u00e8les GR - Benoit Charette - Annuel automobile - CanadaMotorJobs.com.","og_url":"https:\/\/news.canadamotorjobs.com\/fr\/toyota-prepare-plus-de-modeles-gr\/","og_site_name":"CanadaMotorJobs.com","article_publisher":"https:\/\/www.facebook.com\/canadamotorjobs\/","article_published_time":"2023-05-01T11:39:04+00:00","article_modified_time":"2023-05-01T11:44:16+00:00","og_image":[{"width":2560,"height":1440,"url":"https:\/\/news.canadamotorjobs.com\/wp-content\/uploads\/2023\/05\/20211214_BEV_19-scaled-1.jpg","type":"image\/jpeg"}],"author":"Benoit Charette","twitter_card":"summary_large_image","twitter_creator":"@canadamotorjobs","twitter_site":"@canadamotorjobs","twitter_misc":{"\u00c9crit par":"Benoit Charette","Estimation du temps de lecture":"2 minutes"},"schema":{"@context":"https:\/\/schema.org","@graph":[{"@type":"Article","@id":"https:\/\/news.canadamotorjobs.com\/fr\/toyota-prepare-plus-de-modeles-gr\/#article","isPartOf":{"@id":"https:\/\/news.canadamotorjobs.com\/fr\/toyota-prepare-plus-de-modeles-gr\/"},"author":{"name":"Benoit Charette","@id":"https:\/\/news.canadamotorjobs.com\/#\/schema\/person\/51793d1f87d44011d7bcc2ed99269a90"},"headline":"Toyota pr\u00e9pare plus de mod\u00e8les GR","datePublished":"2023-05-01T11:39:04+00:00","dateModified":"2023-05-01T11:44:16+00:00","mainEntityOfPage":{"@id":"https:\/\/news.canadamotorjobs.com\/fr\/toyota-prepare-plus-de-modeles-gr\/"},"wordCount":372,"publisher":{"@id":"https:\/\/news.canadamotorjobs.com\/#organization"},"image":{"@id":"https:\/\/news.canadamotorjobs.com\/fr\/toyota-prepare-plus-de-modeles-gr\/#primaryimage"},"thumbnailUrl":"https:\/\/news.canadamotorjobs.com\/wp-content\/uploads\/2023\/05\/20211214_BEV_19-scaled-1.jpg","articleSection":["Annuel automobile"],"inLanguage":"fr-CA"},{"@type":"WebPage","@id":"https:\/\/news.canadamotorjobs.com\/fr\/toyota-prepare-plus-de-modeles-gr\/","url":"https:\/\/news.canadamotorjobs.com\/fr\/toyota-prepare-plus-de-modeles-gr\/","name":"Toyota pr\u00e9pare plus de mod\u00e8les GR - CanadaMotorJobs.com","isPartOf":{"@id":"https:\/\/news.canadamotorjobs.com\/#website"},"primaryImageOfPage":{"@id":"https:\/\/news.canadamotorjobs.com\/fr\/toyota-prepare-plus-de-modeles-gr\/#primaryimage"},"image":{"@id":"https:\/\/news.canadamotorjobs.com\/fr\/toyota-prepare-plus-de-modeles-gr\/#primaryimage"},"thumbnailUrl":"https:\/\/news.canadamotorjobs.com\/wp-content\/uploads\/2023\/05\/20211214_BEV_19-scaled-1.jpg","datePublished":"2023-05-01T11:39:04+00:00","dateModified":"2023-05-01T11:44:16+00:00","description":"Toyota pr\u00e9pare plus de mod\u00e8les GR - Benoit Charette - Annuel automobile - CanadaMotorJobs.com.","breadcrumb":{"@id":"https:\/\/news.canadamotorjobs.com\/fr\/toyota-prepare-plus-de-modeles-gr\/#breadcrumb"},"inLanguage":"fr-CA","potentialAction":[{"@type":"ReadAction","target":["https:\/\/news.canadamotorjobs.com\/fr\/toyota-prepare-plus-de-modeles-gr\/"]}]},{"@type":"ImageObject","inLanguage":"fr-CA","@id":"https:\/\/news.canadamotorjobs.com\/fr\/toyota-prepare-plus-de-modeles-gr\/#primaryimage","url":"https:\/\/news.canadamotorjobs.com\/wp-content\/uploads\/2023\/05\/20211214_BEV_19-scaled-1.jpg","contentUrl":"https:\/\/news.canadamotorjobs.com\/wp-content\/uploads\/2023\/05\/20211214_BEV_19-scaled-1.jpg","width":2560,"height":1440},{"@type":"BreadcrumbList","@id":"https:\/\/news.canadamotorjobs.com\/fr\/toyota-prepare-plus-de-modeles-gr\/#breadcrumb","itemListElement":[{"@type":"ListItem","position":1,"name":"Home","item":"https:\/\/news.canadamotorjobs.com\/fr\/blog\/"},{"@type":"ListItem","position":2,"name":"Toyota pr\u00e9pare plus de mod\u00e8les GR"}]},{"@type":"WebSite","@id":"https:\/\/news.canadamotorjobs.com\/#website","url":"https:\/\/news.canadamotorjobs.com\/","name":"CanadaMotorJobs.com","description":"Automotive Jobs","publisher":{"@id":"https:\/\/news.canadamotorjobs.com\/#organization"},"potentialAction":[{"@type":"SearchAction","target":{"@type":"EntryPoint","urlTemplate":"https:\/\/news.canadamotorjobs.com\/?s={search_term_string}"},"query-input":"required name=search_term_string"}],"inLanguage":"fr-CA"},{"@type":"Organization","@id":"https:\/\/news.canadamotorjobs.com\/#organization","name":"Canada Motor Jobs","url":"https:\/\/news.canadamotorjobs.com\/","logo":{"@type":"ImageObject","inLanguage":"fr-CA","@id":"https:\/\/news.canadamotorjobs.com\/#\/schema\/logo\/image\/","url":"https:\/\/news.canadamotorjobs.com\/wp-content\/uploads\/2022\/10\/logo-canada-motor-jobs-1.png","contentUrl":"https:\/\/news.canadamotorjobs.com\/wp-content\/uploads\/2022\/10\/logo-canada-motor-jobs-1.png","width":800,"height":400,"caption":"Canada Motor Jobs"},"image":{"@id":"https:\/\/news.canadamotorjobs.com\/#\/schema\/logo\/image\/"},"sameAs":["https:\/\/www.facebook.com\/canadamotorjobs\/","https:\/\/x.com\/canadamotorjobs","https:\/\/www.instagram.com\/canadamotorjobs\/","https:\/\/www.linkedin.com\/company\/canadamotorjobs"]},{"@type":"Person","@id":"https:\/\/news.canadamotorjobs.com\/#\/schema\/person\/51793d1f87d44011d7bcc2ed99269a90","name":"Benoit Charette","image":{"@type":"ImageObject","inLanguage":"fr-CA","@id":"https:\/\/news.canadamotorjobs.com\/#\/schema\/person\/image\/","url":"https:\/\/secure.gravatar.com\/avatar\/45f3d2eebcccd909668d7ce7ea7267b6?s=96&d=mm&r=g","contentUrl":"https:\/\/secure.gravatar.com\/avatar\/45f3d2eebcccd909668d7ce7ea7267b6?s=96&d=mm&r=g","caption":"Benoit Charette"},"description":"Benoit Charette \/ Propri\u00e9taire et r\u00e9dacteur en chef Benoit Charette pratique le journalisme automobile depuis bient\u00f4t 30 ans. Il a fait ses classes au c\u00f4t\u00e9 de Daniel H\u00e9raud et au Carnet de route de 1992 \u00e0 2001. Il est fondateur, copropri\u00e9taire et r\u00e9dacteur en chef de L\u2019Annuel de l\u2019automobile, qu\u2019il publie depuis 2001. Il a anim\u00e9 les \u00e9missions RPM et RPM+ sur V et les L\u00e9gendes de la route sur Historia. \u00c0 la radio depuis 1986, il reprend l\u2019antenne cette ann\u00e9e sur les ondes de Cogeco et participe pour la deuxi\u00e8me ann\u00e9e \u00e0 l\u2019\u00e9mission Passion Auto sur RDS en plus de mettre en ligne le site Web officiel de L\u2019Annuel de l\u2019automobile sur annuelauto.ca.","sameAs":["https:\/\/annuelauto.ca\/"],"url":"https:\/\/news.canadamotorjobs.com\/fr\/author\/benoit-charette\/"}]}},"_links":{"self":[{"href":"https:\/\/news.canadamotorjobs.com\/fr\/wp-json\/wp\/v2\/posts\/144202"}],"collection":[{"href":"https:\/\/news.canadamotorjobs.com\/fr\/wp-json\/wp\/v2\/posts"}],"about":[{"href":"https:\/\/news.canadamotorjobs.com\/fr\/wp-json\/wp\/v2\/types\/post"}],"author":[{"embeddable":true,"href":"https:\/\/news.canadamotorjobs.com\/fr\/wp-json\/wp\/v2\/users\/8"}],"replies":[{"embeddable":true,"href":"https:\/\/news.canadamotorjobs.com\/fr\/wp-json\/wp\/v2\/comments?post=144202"}],"version-history":[{"count":2,"href":"https:\/\/news.canadamotorjobs.com\/fr\/wp-json\/wp\/v2\/posts\/144202\/revisions"}],"predecessor-version":[{"id":144206,"href":"https:\/\/news.canadamotorjobs.com\/fr\/wp-json\/wp\/v2\/posts\/144202\/revisions\/144206"}],"wp:featuredmedia":[{"embeddable":true,"href":"https:\/\/news.canadamotorjobs.com\/fr\/wp-json\/wp\/v2\/media\/144204"}],"wp:attachment":[{"href":"https:\/\/news.canadamotorjobs.com\/fr\/wp-json\/wp\/v2\/media?parent=144202"}],"wp:term":[{"taxonomy":"category","embeddable":true,"href":"https:\/\/news.canadamotorjobs.com\/fr\/wp-json\/wp\/v2\/categories?post=144202"},{"taxonomy":"post_tag","embeddable":true,"href":"https:\/\/news.canadamotorjobs.com\/fr\/wp-json\/wp\/v2\/tags?post=144202"}],"curies":[{"name":"wp","href":"https:\/\/api.w.org\/{rel}","templated":true}]}}