{"id":144175,"date":"2023-04-30T08:58:29","date_gmt":"2023-04-30T12:58:29","guid":{"rendered":"https:\/\/news.canadamotorjobs.com\/?p=144175"},"modified":"2023-04-30T08:58:51","modified_gmt":"2023-04-30T12:58:51","slug":"la-ferrari-f40-dalain-prost-aux-encheres","status":"publish","type":"post","link":"https:\/\/news.canadamotorjobs.com\/fr\/la-ferrari-f40-dalain-prost-aux-encheres\/","title":{"rendered":"La Ferrari F40 d\u2019Alain Prost aux ench\u00e8res"},"content":{"rendered":"<\/p>\n<p>Voici l\u2019histoire d\u2019une voiture mal-aim\u00e9 qui a fait le tour de plusieurs propri\u00e9taires. L\u2019histoire a commenc\u00e9 en 1990 alors qu\u2019Alain Prost re\u00e7oit en cadeau une Ferrari F40 lors de sa premi\u00e8re saison avec l\u2019\u00e9curie de F1 chez Ferrari. Le pilote avouera lui-m\u00eame qu\u2019il n\u2019a jamais \u00e9t\u00e9 impressionn\u00e9 par cette voiture<\/p>\n<h3>Prost d\u00e9cide rapidement de la vendre<\/h3>\n<p>\nProst a rejoint l&#8217;\u00e9quipe de Formule 1 de la Scuderia Ferrari en 1990 en tant que premier pilote engag\u00e9 apr\u00e8s la mort d&#8217;Enzo Ferrari. Prost a vendu la F40 peu de temps apr\u00e8s sa livraison. Elle est arriv\u00e9e chez Graham de Zille, un collectionneur de Ferrari qui l&#8217;a achet\u00e9e, avec la signature de Prost sur le toit, prot\u00e9g\u00e9e par une couche transparente et toujours visible sur la voiture. Le num\u00e9ro de ch\u00e2ssis 83249 a \u00e9t\u00e9 achev\u00e9 \u00e0 la fin de 1989 et construit sans convertisseur catalytique ni suspension r\u00e9glable ce qui en fait un mod\u00e8le particuli\u00e8rement recherch\u00e9, mais le quadruple champion de F1 n&#8217;a manifestement pas \u00e9t\u00e9 impressionn\u00e9 puisqu&#8217;il ne l&#8217;a jamais conduite.<\/p>\n<h3>La voiture a chang\u00e9 de main \u00e0 quelques reprises<\/h3>\n<p>\nLa voiture a eu quelques propri\u00e9taires et est certifi\u00e9e Ferrari Classiche, ce qui signifie qu&#8217;elle poss\u00e8de toujours son ch\u00e2ssis, son moteur, sa bo\u00eete de vitesses et sa carrosserie d&#8217;origine. Elle est bri\u00e8vement revenue \u00e0 Maranello pour le Concours de Fiorano, c\u00e9l\u00e9brant le 70e anniversaire de Ferrari, et s&#8217;est class\u00e9e deuxi\u00e8me de sa cat\u00e9gorie. La voiture est toujours chauss\u00e9e de ses pneus d&#8217;origine, mais elle est livr\u00e9e avec un jeu de pneus datant de 2018. Pirelli fabrique toujours des pneus qui conviennent et qui co\u00fbtent environ 800\u00a0$ chacun.<\/p>\n<h3>En vente dans deux semaines<\/h3>\n<p>\nActuellement, la F40 V8 biturbo se trouve en France et sera vendue avec seulement 2 900 miles au compteur et un ensemble de bagages Schedoni. La vente aux ench\u00e8res aura lieu du 10 au 12 mai \u00e0 Lyon par RM Sotheby&#8217;s et les encanteurs esp\u00e8rent pouvoir vendre le bolide environ 3 millions de dollars US.<\/p>\n<p>\u00a0<\/p>\n<p>Avec des renseignements de CarBuzz<\/p>\n<p>\u00a0<\/p>\n<p>\u00a0<\/p>\n<p>\u00a0<\/p>\n<p>\u00a0<\/p>\n<p>Le texte <a rel=\"nofollow\" href=\"https:\/\/annuelauto.ca\/la-ferrari-f40-dalain-prost-aux-encheres\/\">La Ferrari F40 d\u2019Alain Prost aux ench\u00e8res<\/a> provient de <a rel=\"nofollow\" href=\"https:\/\/annuelauto.ca\">L&#8217;annuel de l&#8217;automobile &#8211; Actualit\u00e9 automobile<\/a><\/p>\n<p><\/p>\n","protected":false},"excerpt":{"rendered":"<p>Voici l\u2019histoire d\u2019une voiture mal-aim\u00e9 qui a fait le tour de plusieurs propri\u00e9taires. L\u2019histoire a commenc\u00e9 en 1990 alors qu\u2019Alain Prost re\u00e7oit en cadeau une Ferrari F40 lors de sa premi\u00e8re saison avec l\u2019\u00e9curie de F1 chez Ferrari. Le pilote avouera lui-m\u00eame qu\u2019il n\u2019a jamais \u00e9t\u00e9 impressionn\u00e9 par cette voiture Prost d\u00e9cide rapidement de la [&hellip;]<\/p>\n","protected":false},"author":8,"featured_media":144177,"comment_status":"close","ping_status":"closed","sticky":false,"template":"","format":"standard","meta":{"_monsterinsights_skip_tracking":false,"_monsterinsights_sitenote_active":false,"_monsterinsights_sitenote_note":"","_monsterinsights_sitenote_category":0,"footnotes":""},"categories":[101],"tags":[],"yoast_head":"<!-- This site is optimized with the Yoast SEO plugin v23.2 - https:\/\/yoast.com\/wordpress\/plugins\/seo\/ -->\n<title>La Ferrari F40 d\u2019Alain Prost aux ench\u00e8res - CanadaMotorJobs.com<\/title>\n<meta name=\"description\" content=\"La Ferrari F40 d\u2019Alain Prost aux ench\u00e8res - Benoit Charette - Annuel automobile - CanadaMotorJobs.com.\" \/>\n<meta name=\"robots\" content=\"index, follow, max-snippet:-1, max-image-preview:large, max-video-preview:-1\" \/>\n<meta property=\"og:locale\" content=\"fr_CA\" \/>\n<meta property=\"og:type\" content=\"article\" \/>\n<meta property=\"og:title\" content=\"La Ferrari F40 d\u2019Alain Prost aux ench\u00e8res - CanadaMotorJobs.com\" \/>\n<meta property=\"og:description\" content=\"La Ferrari F40 d\u2019Alain Prost aux ench\u00e8res - Benoit Charette - Annuel automobile - CanadaMotorJobs.com.\" \/>\n<meta property=\"og:url\" content=\"https:\/\/news.canadamotorjobs.com\/fr\/la-ferrari-f40-dalain-prost-aux-encheres\/\" \/>\n<meta property=\"og:site_name\" content=\"CanadaMotorJobs.com\" \/>\n<meta property=\"article:publisher\" content=\"https:\/\/www.facebook.com\/canadamotorjobs\/\" \/>\n<meta property=\"article:published_time\" content=\"2023-04-30T12:58:29+00:00\" \/>\n<meta property=\"article:modified_time\" content=\"2023-04-30T12:58:51+00:00\" \/>\n<meta property=\"og:image\" content=\"https:\/\/news.canadamotorjobs.com\/wp-content\/uploads\/2023\/04\/Ferrari-F40-ex-Alain-Prost_07.jpg\" \/>\n\t<meta property=\"og:image:width\" content=\"1800\" \/>\n\t<meta property=\"og:image:height\" content=\"1200\" \/>\n\t<meta property=\"og:image:type\" content=\"image\/jpeg\" \/>\n<meta name=\"author\" content=\"Benoit Charette\" \/>\n<meta name=\"twitter:card\" content=\"summary_large_image\" \/>\n<meta name=\"twitter:creator\" content=\"@canadamotorjobs\" \/>\n<meta name=\"twitter:site\" content=\"@canadamotorjobs\" \/>\n<meta name=\"twitter:label1\" content=\"\u00c9crit par\" \/>\n\t<meta name=\"twitter:data1\" content=\"Benoit Charette\" \/>\n\t<meta name=\"twitter:label2\" content=\"Estimation du temps de lecture\" \/>\n\t<meta name=\"twitter:data2\" content=\"2 minutes\" \/>\n<!-- \/ Yoast SEO plugin. -->","yoast_head_json":{"title":"La Ferrari F40 d\u2019Alain Prost aux ench\u00e8res - CanadaMotorJobs.com","description":"La Ferrari F40 d\u2019Alain Prost aux ench\u00e8res - Benoit Charette - Annuel automobile - CanadaMotorJobs.com.","robots":{"index":"index","follow":"follow","max-snippet":"max-snippet:-1","max-image-preview":"max-image-preview:large","max-video-preview":"max-video-preview:-1"},"og_locale":"fr_CA","og_type":"article","og_title":"La Ferrari F40 d\u2019Alain Prost aux ench\u00e8res - CanadaMotorJobs.com","og_description":"La Ferrari F40 d\u2019Alain Prost aux ench\u00e8res - Benoit Charette - Annuel automobile - CanadaMotorJobs.com.","og_url":"https:\/\/news.canadamotorjobs.com\/fr\/la-ferrari-f40-dalain-prost-aux-encheres\/","og_site_name":"CanadaMotorJobs.com","article_publisher":"https:\/\/www.facebook.com\/canadamotorjobs\/","article_published_time":"2023-04-30T12:58:29+00:00","article_modified_time":"2023-04-30T12:58:51+00:00","og_image":[{"width":1800,"height":1200,"url":"https:\/\/news.canadamotorjobs.com\/wp-content\/uploads\/2023\/04\/Ferrari-F40-ex-Alain-Prost_07.jpg","type":"image\/jpeg"}],"author":"Benoit Charette","twitter_card":"summary_large_image","twitter_creator":"@canadamotorjobs","twitter_site":"@canadamotorjobs","twitter_misc":{"\u00c9crit par":"Benoit Charette","Estimation du temps de lecture":"2 minutes"},"schema":{"@context":"https:\/\/schema.org","@graph":[{"@type":"Article","@id":"https:\/\/news.canadamotorjobs.com\/fr\/la-ferrari-f40-dalain-prost-aux-encheres\/#article","isPartOf":{"@id":"https:\/\/news.canadamotorjobs.com\/fr\/la-ferrari-f40-dalain-prost-aux-encheres\/"},"author":{"name":"Benoit Charette","@id":"https:\/\/news.canadamotorjobs.com\/#\/schema\/person\/51793d1f87d44011d7bcc2ed99269a90"},"headline":"La Ferrari F40 d\u2019Alain Prost aux ench\u00e8res","datePublished":"2023-04-30T12:58:29+00:00","dateModified":"2023-04-30T12:58:51+00:00","mainEntityOfPage":{"@id":"https:\/\/news.canadamotorjobs.com\/fr\/la-ferrari-f40-dalain-prost-aux-encheres\/"},"wordCount":394,"publisher":{"@id":"https:\/\/news.canadamotorjobs.com\/#organization"},"image":{"@id":"https:\/\/news.canadamotorjobs.com\/fr\/la-ferrari-f40-dalain-prost-aux-encheres\/#primaryimage"},"thumbnailUrl":"https:\/\/news.canadamotorjobs.com\/wp-content\/uploads\/2023\/04\/Ferrari-F40-ex-Alain-Prost_07.jpg","articleSection":["Annuel automobile"],"inLanguage":"fr-CA"},{"@type":"WebPage","@id":"https:\/\/news.canadamotorjobs.com\/fr\/la-ferrari-f40-dalain-prost-aux-encheres\/","url":"https:\/\/news.canadamotorjobs.com\/fr\/la-ferrari-f40-dalain-prost-aux-encheres\/","name":"La Ferrari F40 d\u2019Alain Prost aux ench\u00e8res - CanadaMotorJobs.com","isPartOf":{"@id":"https:\/\/news.canadamotorjobs.com\/#website"},"primaryImageOfPage":{"@id":"https:\/\/news.canadamotorjobs.com\/fr\/la-ferrari-f40-dalain-prost-aux-encheres\/#primaryimage"},"image":{"@id":"https:\/\/news.canadamotorjobs.com\/fr\/la-ferrari-f40-dalain-prost-aux-encheres\/#primaryimage"},"thumbnailUrl":"https:\/\/news.canadamotorjobs.com\/wp-content\/uploads\/2023\/04\/Ferrari-F40-ex-Alain-Prost_07.jpg","datePublished":"2023-04-30T12:58:29+00:00","dateModified":"2023-04-30T12:58:51+00:00","description":"La Ferrari F40 d\u2019Alain Prost aux ench\u00e8res - Benoit Charette - Annuel automobile - CanadaMotorJobs.com.","breadcrumb":{"@id":"https:\/\/news.canadamotorjobs.com\/fr\/la-ferrari-f40-dalain-prost-aux-encheres\/#breadcrumb"},"inLanguage":"fr-CA","potentialAction":[{"@type":"ReadAction","target":["https:\/\/news.canadamotorjobs.com\/fr\/la-ferrari-f40-dalain-prost-aux-encheres\/"]}]},{"@type":"ImageObject","inLanguage":"fr-CA","@id":"https:\/\/news.canadamotorjobs.com\/fr\/la-ferrari-f40-dalain-prost-aux-encheres\/#primaryimage","url":"https:\/\/news.canadamotorjobs.com\/wp-content\/uploads\/2023\/04\/Ferrari-F40-ex-Alain-Prost_07.jpg","contentUrl":"https:\/\/news.canadamotorjobs.com\/wp-content\/uploads\/2023\/04\/Ferrari-F40-ex-Alain-Prost_07.jpg","width":1800,"height":1200},{"@type":"BreadcrumbList","@id":"https:\/\/news.canadamotorjobs.com\/fr\/la-ferrari-f40-dalain-prost-aux-encheres\/#breadcrumb","itemListElement":[{"@type":"ListItem","position":1,"name":"Home","item":"https:\/\/news.canadamotorjobs.com\/fr\/blog\/"},{"@type":"ListItem","position":2,"name":"La Ferrari F40 d\u2019Alain Prost aux ench\u00e8res"}]},{"@type":"WebSite","@id":"https:\/\/news.canadamotorjobs.com\/#website","url":"https:\/\/news.canadamotorjobs.com\/","name":"CanadaMotorJobs.com","description":"Automotive Jobs","publisher":{"@id":"https:\/\/news.canadamotorjobs.com\/#organization"},"potentialAction":[{"@type":"SearchAction","target":{"@type":"EntryPoint","urlTemplate":"https:\/\/news.canadamotorjobs.com\/?s={search_term_string}"},"query-input":"required name=search_term_string"}],"inLanguage":"fr-CA"},{"@type":"Organization","@id":"https:\/\/news.canadamotorjobs.com\/#organization","name":"Canada Motor Jobs","url":"https:\/\/news.canadamotorjobs.com\/","logo":{"@type":"ImageObject","inLanguage":"fr-CA","@id":"https:\/\/news.canadamotorjobs.com\/#\/schema\/logo\/image\/","url":"https:\/\/news.canadamotorjobs.com\/wp-content\/uploads\/2022\/10\/logo-canada-motor-jobs-1.png","contentUrl":"https:\/\/news.canadamotorjobs.com\/wp-content\/uploads\/2022\/10\/logo-canada-motor-jobs-1.png","width":800,"height":400,"caption":"Canada Motor Jobs"},"image":{"@id":"https:\/\/news.canadamotorjobs.com\/#\/schema\/logo\/image\/"},"sameAs":["https:\/\/www.facebook.com\/canadamotorjobs\/","https:\/\/x.com\/canadamotorjobs","https:\/\/www.instagram.com\/canadamotorjobs\/","https:\/\/www.linkedin.com\/company\/canadamotorjobs"]},{"@type":"Person","@id":"https:\/\/news.canadamotorjobs.com\/#\/schema\/person\/51793d1f87d44011d7bcc2ed99269a90","name":"Benoit Charette","image":{"@type":"ImageObject","inLanguage":"fr-CA","@id":"https:\/\/news.canadamotorjobs.com\/#\/schema\/person\/image\/","url":"https:\/\/secure.gravatar.com\/avatar\/45f3d2eebcccd909668d7ce7ea7267b6?s=96&d=mm&r=g","contentUrl":"https:\/\/secure.gravatar.com\/avatar\/45f3d2eebcccd909668d7ce7ea7267b6?s=96&d=mm&r=g","caption":"Benoit Charette"},"description":"Benoit Charette \/ Propri\u00e9taire et r\u00e9dacteur en chef Benoit Charette pratique le journalisme automobile depuis bient\u00f4t 30 ans. Il a fait ses classes au c\u00f4t\u00e9 de Daniel H\u00e9raud et au Carnet de route de 1992 \u00e0 2001. Il est fondateur, copropri\u00e9taire et r\u00e9dacteur en chef de L\u2019Annuel de l\u2019automobile, qu\u2019il publie depuis 2001. Il a anim\u00e9 les \u00e9missions RPM et RPM+ sur V et les L\u00e9gendes de la route sur Historia. \u00c0 la radio depuis 1986, il reprend l\u2019antenne cette ann\u00e9e sur les ondes de Cogeco et participe pour la deuxi\u00e8me ann\u00e9e \u00e0 l\u2019\u00e9mission Passion Auto sur RDS en plus de mettre en ligne le site Web officiel de L\u2019Annuel de l\u2019automobile sur annuelauto.ca.","sameAs":["https:\/\/annuelauto.ca\/"],"url":"https:\/\/news.canadamotorjobs.com\/fr\/author\/benoit-charette\/"}]}},"_links":{"self":[{"href":"https:\/\/news.canadamotorjobs.com\/fr\/wp-json\/wp\/v2\/posts\/144175"}],"collection":[{"href":"https:\/\/news.canadamotorjobs.com\/fr\/wp-json\/wp\/v2\/posts"}],"about":[{"href":"https:\/\/news.canadamotorjobs.com\/fr\/wp-json\/wp\/v2\/types\/post"}],"author":[{"embeddable":true,"href":"https:\/\/news.canadamotorjobs.com\/fr\/wp-json\/wp\/v2\/users\/8"}],"replies":[{"embeddable":true,"href":"https:\/\/news.canadamotorjobs.com\/fr\/wp-json\/wp\/v2\/comments?post=144175"}],"version-history":[{"count":2,"href":"https:\/\/news.canadamotorjobs.com\/fr\/wp-json\/wp\/v2\/posts\/144175\/revisions"}],"predecessor-version":[{"id":144179,"href":"https:\/\/news.canadamotorjobs.com\/fr\/wp-json\/wp\/v2\/posts\/144175\/revisions\/144179"}],"wp:featuredmedia":[{"embeddable":true,"href":"https:\/\/news.canadamotorjobs.com\/fr\/wp-json\/wp\/v2\/media\/144177"}],"wp:attachment":[{"href":"https:\/\/news.canadamotorjobs.com\/fr\/wp-json\/wp\/v2\/media?parent=144175"}],"wp:term":[{"taxonomy":"category","embeddable":true,"href":"https:\/\/news.canadamotorjobs.com\/fr\/wp-json\/wp\/v2\/categories?post=144175"},{"taxonomy":"post_tag","embeddable":true,"href":"https:\/\/news.canadamotorjobs.com\/fr\/wp-json\/wp\/v2\/tags?post=144175"}],"curies":[{"name":"wp","href":"https:\/\/api.w.org\/{rel}","templated":true}]}}