{"id":144117,"date":"2023-04-29T08:22:42","date_gmt":"2023-04-29T12:22:42","guid":{"rendered":"https:\/\/news.canadamotorjobs.com\/?p=144117"},"modified":"2023-04-29T08:30:46","modified_gmt":"2023-04-29T12:30:46","slug":"des-createurs-de-saab-avec-des-moteurs-roues","status":"publish","type":"post","link":"https:\/\/news.canadamotorjobs.com\/fr\/des-createurs-de-saab-avec-des-moteurs-roues\/","title":{"rendered":"Des cr\u00e9ateurs de Saab avec des moteurs roues"},"content":{"rendered":"<\/p>\n<p>Un petit retour en arri\u00e8re en 2012 au moment o\u00f9 la compagnie NEVS (National Electric Vehicle Sweden) rach\u00e8te ce qui reste de Saab pour en faire une compagnie de voitures \u00e9lectriques. La compagnie travaille dans l\u2019ombre durant des ann\u00e9es et pr\u00e9sente en 2019 un prototype \u00e9lectrique con\u00e7u en grande partie par des membres de l\u2019ancienne compagnie Saab. Le mod\u00e8le se nomme Emily GT.<\/p>\n<h3>Une histoire int\u00e9ressante<\/h3>\n<p>\nEn 2020, NEVS a commenc\u00e9 \u00e0 documenter le d\u00e9veloppement de l&#8217;Emily GT avec la soci\u00e9t\u00e9 de marketing Plint, qui a maintenant publi\u00e9 une partie du contenu produit. Une partie du contenu comprend une vid\u00e9o dans laquelle Christan von Koenigsegg, PDG et fondateur de Koenigsegg, teste un prototype de l&#8217;Emily GT. NEVS a acquis une participation de 20 % dans Koenigsegg en 2019, et les deux entreprises pr\u00e9voyaient de former une coentreprise dont l&#8217;objectif n&#8217;a jamais \u00e9t\u00e9 r\u00e9v\u00e9l\u00e9, mais que l&#8217;on pensait \u00eatre dans le domaine des v\u00e9hicules \u00e9lectriques.<\/p>\n<h3>On d\u00e9voile le v\u00e9hicule au moment de faire faillite<\/h3>\n<p>\nLa Emily GT n&#8217;\u00e9tait pas destin\u00e9e \u00e0 la production. Elle servait de d\u00e9monstrateur pour la technologie des moteurs \u00e9lectriques int\u00e9gr\u00e9s aux roues de Protean, une soci\u00e9t\u00e9 britannique sp\u00e9cialis\u00e9e dans la technologie des v\u00e9hicules \u00e9lectriques, acquise par NEVS en 2019. Le d\u00e9veloppement a \u00e9t\u00e9 dirig\u00e9 par Peter Dahl, qui a commenc\u00e9 sa carri\u00e8re chez Saab en 1994 et a rejoint NEVS apr\u00e8s la faillite de Saab. L&#8217;ancien designer de Saab Simon Padien, qui faisait partie de l&#8217;\u00e9quipe ayant travaill\u00e9 sur la derni\u00e8re Saab 9-5, a \u00e9galement particip\u00e9 au projet, ce qui explique peut-\u00eatre pourquoi l&#8217;Emily GT, avec sa carrosserie caissonn\u00e9e, semble tout droit sorti de l\u2019atelier de design de SAAB.<\/p>\n<h3>Des moteurs roues<\/h3>\n<p>\nLa Emily GT est \u00e9quip\u00e9e d&#8217;une grosse batterie lithium-ion de 175 kilowatts-heure qui offre une autonomie de plus de 800 km. Quatre moteurs log\u00e9s dans l\u2019espace int\u00e9rieur des roues d\u00e9veloppent une puissance combin\u00e9e de 484 chevaux avec un v\u00e9ritable syst\u00e8me de vectorisation du couple, et il semblerait qu&#8217;une variante haute performance soit \u00e9galement en pr\u00e9paration. Ce mod\u00e8le d\u00e9veloppait 653 chevaux et afficherait un\u00a0 0-100 km autour de trois secondes. En outre, chaque moteur de roue peut \u00eatre contr\u00f4l\u00e9 de mani\u00e8re totalement ind\u00e9pendante, ce qui offre un contr\u00f4le, des performances et une dynamique du v\u00e9hicule bien sup\u00e9rieurs \u00e0 ceux des syst\u00e8mes de propulsion plus conventionnels. Lordstown, une jeune entreprise am\u00e9ricaine sp\u00e9cialis\u00e9e dans les v\u00e9hicules \u00e9lectriques, utilise des moteurs int\u00e9gr\u00e9s dans sa camionnette \u00e9lectrique Endurance.<\/p>\n<h3>Tout s\u2019est arr\u00eat\u00e9 en 2021<\/h3>\n<p>\nLe d\u00e9veloppement de l&#8217;Emily GT a \u00e9t\u00e9 interrompu en 2021 lorsque le groupe Evergrande, soci\u00e9t\u00e9 m\u00e8re de NEVS, s&#8217;est retrouv\u00e9 en difficult\u00e9 financi\u00e8re, li\u00e9e principalement \u00e0 son activit\u00e9 immobili\u00e8re en Chine. \u00c0 cette \u00e9poque, le financement se tarissant, NEVS a d\u00e9j\u00e0 commenc\u00e9 \u00e0 chercher un acheteur. Aujourd&#8217;hui, NEVS a ferm\u00e9 ses portes et cherche des acheteurs pour ses actifs. On pense que l&#8217;Emily GT fait partie des actifs que NEVS a mis en vente. Un mod\u00e8le int\u00e9ressant \u00e0 avoir dans son porte-folio<\/p>\n<p>\u00a0<\/p>\n<p>Avec des renseignements de Motor Authority<\/p>\n<p>\u00a0<\/p>\n<p>Le texte <a rel=\"nofollow\" href=\"https:\/\/annuelauto.ca\/des-createurs-de-saab-avec-des-moteurs-roues\/\">Des cr\u00e9ateurs de Saab avec des moteurs roues<\/a> provient de <a rel=\"nofollow\" href=\"https:\/\/annuelauto.ca\">L&#8217;annuel de l&#8217;automobile &#8211; Actualit\u00e9 automobile<\/a><\/p>\n<p><\/p>\n","protected":false},"excerpt":{"rendered":"<p>Un petit retour en arri\u00e8re en 2012 au moment o\u00f9 la compagnie NEVS (National Electric Vehicle Sweden) rach\u00e8te ce qui reste de Saab pour en faire une compagnie de voitures \u00e9lectriques. La compagnie travaille dans l\u2019ombre durant des ann\u00e9es et pr\u00e9sente en 2019 un prototype \u00e9lectrique con\u00e7u en grande partie par des membres de l\u2019ancienne [&hellip;]<\/p>\n","protected":false},"author":8,"featured_media":144119,"comment_status":"close","ping_status":"closed","sticky":false,"template":"","format":"standard","meta":{"_monsterinsights_skip_tracking":false,"_monsterinsights_sitenote_active":false,"_monsterinsights_sitenote_note":"","_monsterinsights_sitenote_category":0,"footnotes":""},"categories":[101],"tags":[],"yoast_head":"<!-- This site is optimized with the Yoast SEO plugin v23.2 - https:\/\/yoast.com\/wordpress\/plugins\/seo\/ -->\n<title>Des cr\u00e9ateurs de Saab avec des moteurs roues - CanadaMotorJobs.com<\/title>\n<meta name=\"description\" content=\"Des cr\u00e9ateurs de Saab avec des moteurs roues - Benoit Charette - Annuel automobile - CanadaMotorJobs.com.\" \/>\n<meta name=\"robots\" content=\"index, follow, max-snippet:-1, max-image-preview:large, max-video-preview:-1\" \/>\n<meta property=\"og:locale\" content=\"fr_CA\" \/>\n<meta property=\"og:type\" content=\"article\" \/>\n<meta property=\"og:title\" content=\"Des cr\u00e9ateurs de Saab avec des moteurs roues - CanadaMotorJobs.com\" \/>\n<meta property=\"og:description\" content=\"Des cr\u00e9ateurs de Saab avec des moteurs roues - Benoit Charette - Annuel automobile - CanadaMotorJobs.com.\" \/>\n<meta property=\"og:url\" content=\"https:\/\/news.canadamotorjobs.com\/fr\/des-createurs-de-saab-avec-des-moteurs-roues\/\" \/>\n<meta property=\"og:site_name\" content=\"CanadaMotorJobs.com\" \/>\n<meta property=\"article:publisher\" content=\"https:\/\/www.facebook.com\/canadamotorjobs\/\" \/>\n<meta property=\"article:published_time\" content=\"2023-04-29T12:22:42+00:00\" \/>\n<meta property=\"article:modified_time\" content=\"2023-04-29T12:30:46+00:00\" \/>\n<meta property=\"og:image\" content=\"https:\/\/news.canadamotorjobs.com\/wp-content\/uploads\/2023\/04\/nevs-emily-gt-prototype.jpg\" \/>\n\t<meta property=\"og:image:width\" content=\"1920\" \/>\n\t<meta property=\"og:image:height\" content=\"1080\" \/>\n\t<meta property=\"og:image:type\" content=\"image\/jpeg\" \/>\n<meta name=\"author\" content=\"Benoit Charette\" \/>\n<meta name=\"twitter:card\" content=\"summary_large_image\" \/>\n<meta name=\"twitter:creator\" content=\"@canadamotorjobs\" \/>\n<meta name=\"twitter:site\" content=\"@canadamotorjobs\" \/>\n<meta name=\"twitter:label1\" content=\"\u00c9crit par\" \/>\n\t<meta name=\"twitter:data1\" content=\"Benoit Charette\" \/>\n\t<meta name=\"twitter:label2\" content=\"Estimation du temps de lecture\" \/>\n\t<meta name=\"twitter:data2\" content=\"3 minutes\" \/>\n<!-- \/ Yoast SEO plugin. -->","yoast_head_json":{"title":"Des cr\u00e9ateurs de Saab avec des moteurs roues - CanadaMotorJobs.com","description":"Des cr\u00e9ateurs de Saab avec des moteurs roues - Benoit Charette - Annuel automobile - CanadaMotorJobs.com.","robots":{"index":"index","follow":"follow","max-snippet":"max-snippet:-1","max-image-preview":"max-image-preview:large","max-video-preview":"max-video-preview:-1"},"og_locale":"fr_CA","og_type":"article","og_title":"Des cr\u00e9ateurs de Saab avec des moteurs roues - CanadaMotorJobs.com","og_description":"Des cr\u00e9ateurs de Saab avec des moteurs roues - Benoit Charette - Annuel automobile - CanadaMotorJobs.com.","og_url":"https:\/\/news.canadamotorjobs.com\/fr\/des-createurs-de-saab-avec-des-moteurs-roues\/","og_site_name":"CanadaMotorJobs.com","article_publisher":"https:\/\/www.facebook.com\/canadamotorjobs\/","article_published_time":"2023-04-29T12:22:42+00:00","article_modified_time":"2023-04-29T12:30:46+00:00","og_image":[{"width":1920,"height":1080,"url":"https:\/\/news.canadamotorjobs.com\/wp-content\/uploads\/2023\/04\/nevs-emily-gt-prototype.jpg","type":"image\/jpeg"}],"author":"Benoit Charette","twitter_card":"summary_large_image","twitter_creator":"@canadamotorjobs","twitter_site":"@canadamotorjobs","twitter_misc":{"\u00c9crit par":"Benoit Charette","Estimation du temps de lecture":"3 minutes"},"schema":{"@context":"https:\/\/schema.org","@graph":[{"@type":"Article","@id":"https:\/\/news.canadamotorjobs.com\/fr\/des-createurs-de-saab-avec-des-moteurs-roues\/#article","isPartOf":{"@id":"https:\/\/news.canadamotorjobs.com\/fr\/des-createurs-de-saab-avec-des-moteurs-roues\/"},"author":{"name":"Benoit Charette","@id":"https:\/\/news.canadamotorjobs.com\/#\/schema\/person\/51793d1f87d44011d7bcc2ed99269a90"},"headline":"Des cr\u00e9ateurs de Saab avec des moteurs roues","datePublished":"2023-04-29T12:22:42+00:00","dateModified":"2023-04-29T12:30:46+00:00","mainEntityOfPage":{"@id":"https:\/\/news.canadamotorjobs.com\/fr\/des-createurs-de-saab-avec-des-moteurs-roues\/"},"wordCount":583,"publisher":{"@id":"https:\/\/news.canadamotorjobs.com\/#organization"},"image":{"@id":"https:\/\/news.canadamotorjobs.com\/fr\/des-createurs-de-saab-avec-des-moteurs-roues\/#primaryimage"},"thumbnailUrl":"https:\/\/news.canadamotorjobs.com\/wp-content\/uploads\/2023\/04\/nevs-emily-gt-prototype.jpg","articleSection":["Annuel automobile"],"inLanguage":"fr-CA"},{"@type":"WebPage","@id":"https:\/\/news.canadamotorjobs.com\/fr\/des-createurs-de-saab-avec-des-moteurs-roues\/","url":"https:\/\/news.canadamotorjobs.com\/fr\/des-createurs-de-saab-avec-des-moteurs-roues\/","name":"Des cr\u00e9ateurs de Saab avec des moteurs roues - CanadaMotorJobs.com","isPartOf":{"@id":"https:\/\/news.canadamotorjobs.com\/#website"},"primaryImageOfPage":{"@id":"https:\/\/news.canadamotorjobs.com\/fr\/des-createurs-de-saab-avec-des-moteurs-roues\/#primaryimage"},"image":{"@id":"https:\/\/news.canadamotorjobs.com\/fr\/des-createurs-de-saab-avec-des-moteurs-roues\/#primaryimage"},"thumbnailUrl":"https:\/\/news.canadamotorjobs.com\/wp-content\/uploads\/2023\/04\/nevs-emily-gt-prototype.jpg","datePublished":"2023-04-29T12:22:42+00:00","dateModified":"2023-04-29T12:30:46+00:00","description":"Des cr\u00e9ateurs de Saab avec des moteurs roues - Benoit Charette - Annuel automobile - CanadaMotorJobs.com.","breadcrumb":{"@id":"https:\/\/news.canadamotorjobs.com\/fr\/des-createurs-de-saab-avec-des-moteurs-roues\/#breadcrumb"},"inLanguage":"fr-CA","potentialAction":[{"@type":"ReadAction","target":["https:\/\/news.canadamotorjobs.com\/fr\/des-createurs-de-saab-avec-des-moteurs-roues\/"]}]},{"@type":"ImageObject","inLanguage":"fr-CA","@id":"https:\/\/news.canadamotorjobs.com\/fr\/des-createurs-de-saab-avec-des-moteurs-roues\/#primaryimage","url":"https:\/\/news.canadamotorjobs.com\/wp-content\/uploads\/2023\/04\/nevs-emily-gt-prototype.jpg","contentUrl":"https:\/\/news.canadamotorjobs.com\/wp-content\/uploads\/2023\/04\/nevs-emily-gt-prototype.jpg","width":1920,"height":1080},{"@type":"BreadcrumbList","@id":"https:\/\/news.canadamotorjobs.com\/fr\/des-createurs-de-saab-avec-des-moteurs-roues\/#breadcrumb","itemListElement":[{"@type":"ListItem","position":1,"name":"Home","item":"https:\/\/news.canadamotorjobs.com\/fr\/blog\/"},{"@type":"ListItem","position":2,"name":"Des cr\u00e9ateurs de Saab avec des moteurs roues"}]},{"@type":"WebSite","@id":"https:\/\/news.canadamotorjobs.com\/#website","url":"https:\/\/news.canadamotorjobs.com\/","name":"CanadaMotorJobs.com","description":"Automotive Jobs","publisher":{"@id":"https:\/\/news.canadamotorjobs.com\/#organization"},"potentialAction":[{"@type":"SearchAction","target":{"@type":"EntryPoint","urlTemplate":"https:\/\/news.canadamotorjobs.com\/?s={search_term_string}"},"query-input":"required name=search_term_string"}],"inLanguage":"fr-CA"},{"@type":"Organization","@id":"https:\/\/news.canadamotorjobs.com\/#organization","name":"Canada Motor Jobs","url":"https:\/\/news.canadamotorjobs.com\/","logo":{"@type":"ImageObject","inLanguage":"fr-CA","@id":"https:\/\/news.canadamotorjobs.com\/#\/schema\/logo\/image\/","url":"https:\/\/news.canadamotorjobs.com\/wp-content\/uploads\/2022\/10\/logo-canada-motor-jobs-1.png","contentUrl":"https:\/\/news.canadamotorjobs.com\/wp-content\/uploads\/2022\/10\/logo-canada-motor-jobs-1.png","width":800,"height":400,"caption":"Canada Motor Jobs"},"image":{"@id":"https:\/\/news.canadamotorjobs.com\/#\/schema\/logo\/image\/"},"sameAs":["https:\/\/www.facebook.com\/canadamotorjobs\/","https:\/\/x.com\/canadamotorjobs","https:\/\/www.instagram.com\/canadamotorjobs\/","https:\/\/www.linkedin.com\/company\/canadamotorjobs"]},{"@type":"Person","@id":"https:\/\/news.canadamotorjobs.com\/#\/schema\/person\/51793d1f87d44011d7bcc2ed99269a90","name":"Benoit Charette","image":{"@type":"ImageObject","inLanguage":"fr-CA","@id":"https:\/\/news.canadamotorjobs.com\/#\/schema\/person\/image\/","url":"https:\/\/secure.gravatar.com\/avatar\/45f3d2eebcccd909668d7ce7ea7267b6?s=96&d=mm&r=g","contentUrl":"https:\/\/secure.gravatar.com\/avatar\/45f3d2eebcccd909668d7ce7ea7267b6?s=96&d=mm&r=g","caption":"Benoit Charette"},"description":"Benoit Charette \/ Propri\u00e9taire et r\u00e9dacteur en chef Benoit Charette pratique le journalisme automobile depuis bient\u00f4t 30 ans. Il a fait ses classes au c\u00f4t\u00e9 de Daniel H\u00e9raud et au Carnet de route de 1992 \u00e0 2001. Il est fondateur, copropri\u00e9taire et r\u00e9dacteur en chef de L\u2019Annuel de l\u2019automobile, qu\u2019il publie depuis 2001. Il a anim\u00e9 les \u00e9missions RPM et RPM+ sur V et les L\u00e9gendes de la route sur Historia. \u00c0 la radio depuis 1986, il reprend l\u2019antenne cette ann\u00e9e sur les ondes de Cogeco et participe pour la deuxi\u00e8me ann\u00e9e \u00e0 l\u2019\u00e9mission Passion Auto sur RDS en plus de mettre en ligne le site Web officiel de L\u2019Annuel de l\u2019automobile sur annuelauto.ca.","sameAs":["https:\/\/annuelauto.ca\/"],"url":"https:\/\/news.canadamotorjobs.com\/fr\/author\/benoit-charette\/"}]}},"_links":{"self":[{"href":"https:\/\/news.canadamotorjobs.com\/fr\/wp-json\/wp\/v2\/posts\/144117"}],"collection":[{"href":"https:\/\/news.canadamotorjobs.com\/fr\/wp-json\/wp\/v2\/posts"}],"about":[{"href":"https:\/\/news.canadamotorjobs.com\/fr\/wp-json\/wp\/v2\/types\/post"}],"author":[{"embeddable":true,"href":"https:\/\/news.canadamotorjobs.com\/fr\/wp-json\/wp\/v2\/users\/8"}],"replies":[{"embeddable":true,"href":"https:\/\/news.canadamotorjobs.com\/fr\/wp-json\/wp\/v2\/comments?post=144117"}],"version-history":[{"count":2,"href":"https:\/\/news.canadamotorjobs.com\/fr\/wp-json\/wp\/v2\/posts\/144117\/revisions"}],"predecessor-version":[{"id":144121,"href":"https:\/\/news.canadamotorjobs.com\/fr\/wp-json\/wp\/v2\/posts\/144117\/revisions\/144121"}],"wp:featuredmedia":[{"embeddable":true,"href":"https:\/\/news.canadamotorjobs.com\/fr\/wp-json\/wp\/v2\/media\/144119"}],"wp:attachment":[{"href":"https:\/\/news.canadamotorjobs.com\/fr\/wp-json\/wp\/v2\/media?parent=144117"}],"wp:term":[{"taxonomy":"category","embeddable":true,"href":"https:\/\/news.canadamotorjobs.com\/fr\/wp-json\/wp\/v2\/categories?post=144117"},{"taxonomy":"post_tag","embeddable":true,"href":"https:\/\/news.canadamotorjobs.com\/fr\/wp-json\/wp\/v2\/tags?post=144117"}],"curies":[{"name":"wp","href":"https:\/\/api.w.org\/{rel}","templated":true}]}}