{"id":144044,"date":"2023-04-27T07:49:20","date_gmt":"2023-04-27T11:49:20","guid":{"rendered":"https:\/\/news.canadamotorjobs.com\/?p=144044"},"modified":"2023-04-27T08:00:47","modified_gmt":"2023-04-27T12:00:47","slug":"le-prix-des-petits-vehicules-electriques-devrait-egaler-ceux-des-voitures-a-combustion-dans-quelques-annees","status":"publish","type":"post","link":"https:\/\/news.canadamotorjobs.com\/fr\/le-prix-des-petits-vehicules-electriques-devrait-egaler-ceux-des-voitures-a-combustion-dans-quelques-annees\/","title":{"rendered":"Le prix des petits v\u00e9hicules \u00e9lectriques devrait \u00e9galer ceux des voitures \u00e0 combustion dans quelques ann\u00e9es"},"content":{"rendered":"<\/p>\n<p>C\u2019est ce que confirme l&#8217;Agence internationale de l&#8217;\u00e9nergie. Les ventes mondiales de V\u00c9S devraient augmenter de 35\u00a0% cette ann\u00e9e pour atteindre 14 millions, a indiqu\u00e9 l&#8217;organisme bas\u00e9 \u00e0 Paris, repr\u00e9sentant 18\u00a0% du march\u00e9 des voitures particuli\u00e8res, contre seulement 4\u00a0% en 2020.<\/p>\n<h3>Une augmentation des ventes, une baisse des prix<\/h3>\n<p>\nL\u2019agence pr\u00e9voit une parit\u00e9 des prix pour les petites et moyennes voitures \u00e9lectriques en Am\u00e9rique du Nord et sur les march\u00e9s europ\u00e9ens vers le milieu des ann\u00e9es 2020&#8243;, a d\u00e9clar\u00e9 Timar Guel, responsable de la politique de l&#8217;AIE en mati\u00e8re de technologies de l&#8217;\u00e9nergie. Pour les voitures plus grandes, comme les VUS et les camionnettes, la parit\u00e9 d&#8217;achat devrait intervenir plus tard, probablement autour de 2030, a ajout\u00e9 M. Guel.<\/p>\n<h3>La Chine va mener le bal<\/h3>\n<p>\nLa Chine qui repr\u00e9sente la moiti\u00e9 des v\u00e9hicules \u00e9lectrifi\u00e9s en circulation dans le monde pousse les prix vers le bas dans le monde des v\u00e9hicules \u00e9lectriques et plusieurs prix de petits VE se rapprochent de ceux de leurs \u00e9quivalents \u00e0 moteur \u00e0 combustion. L&#8217;agence a revu \u00e0 la hausse ses pr\u00e9visions de ventes de V\u00c9S en partie gr\u00e2ce \u00e0 la loi am\u00e9ricaine sur la r\u00e9duction de l&#8217;inflation, qui soutient l&#8217;industrie verte et subventionne l&#8217;achat de v\u00e9hicules \u00e9lectriques par les consommateurs. Reste maintenant \u00e0 savoir si les d\u00e9mocrates vont demeurer au pouvoir \u00e0 la prochaine \u00e9lection.<\/p>\n<h3>Une transition plus lente pour les VUS<\/h3>\n<p>\nLes VUS et les grosses voitures repr\u00e9sentent la part du lion en Am\u00e9rique du Nord. Dans les \u00e9conomies \u00e9mergentes et en d\u00e9veloppement, les v\u00e9hicules \u00e9lectriques \u00e0 deux ou trois roues sont plus nombreux que les voitures. Selon l&#8217;\u00e9tude, plus de la moiti\u00e9 des immatriculations de v\u00e9hicules \u00e0 trois roues en Inde en 2022 seront \u00e9lectriques. Les gouvernements investissent dans l&#8217;expansion des V\u00c9S en raison des pr\u00e9occupations environnementales, pour stimuler la politique industrielle et r\u00e9duire la d\u00e9pendance au p\u00e9trole.<\/p>\n<p>\u00a0<\/p>\n<p>Avec des renseignements d\u2019Automotive News Europe<\/p>\n<p>\u00a0<\/p>\n<p>Le texte <a rel=\"nofollow\" href=\"https:\/\/annuelauto.ca\/le-prix-des-petits-vehicules-electriques-devrait-egaler-ceux-des-voitures-a-combustion-dans-quelques-annees\/\">Le prix des petits v\u00e9hicules \u00e9lectriques devrait \u00e9galer ceux des voitures \u00e0 combustion dans quelques ann\u00e9es<\/a> provient de <a rel=\"nofollow\" href=\"https:\/\/annuelauto.ca\">L&#8217;annuel de l&#8217;automobile &#8211; Actualit\u00e9 automobile<\/a><\/p>\n<p><\/p>\n","protected":false},"excerpt":{"rendered":"<p>C\u2019est ce que confirme l&#8217;Agence internationale de l&#8217;\u00e9nergie. Les ventes mondiales de V\u00c9S devraient augmenter de 35\u00a0% cette ann\u00e9e pour atteindre 14 millions, a indiqu\u00e9 l&#8217;organisme bas\u00e9 \u00e0 Paris, repr\u00e9sentant 18\u00a0% du march\u00e9 des voitures particuli\u00e8res, contre seulement 4\u00a0% en 2020. Une augmentation des ventes, une baisse des prix L\u2019agence pr\u00e9voit une parit\u00e9 des prix [&hellip;]<\/p>\n","protected":false},"author":8,"featured_media":144046,"comment_status":"close","ping_status":"closed","sticky":false,"template":"","format":"standard","meta":{"_monsterinsights_skip_tracking":false,"_monsterinsights_sitenote_active":false,"_monsterinsights_sitenote_note":"","_monsterinsights_sitenote_category":0,"footnotes":""},"categories":[101],"tags":[],"yoast_head":"<!-- This site is optimized with the Yoast SEO plugin v23.2 - https:\/\/yoast.com\/wordpress\/plugins\/seo\/ -->\n<title>Le prix des petits v\u00e9hicules \u00e9lectriques devrait \u00e9galer ceux des voitures \u00e0 combustion dans quelques ann\u00e9es - CanadaMotorJobs.com<\/title>\n<meta name=\"description\" content=\"Le prix des petits v\u00e9hicules \u00e9lectriques devrait \u00e9galer ceux des voitures \u00e0 combustion dans quelques ann\u00e9es - Benoit Charette - Annuel automobile - CanadaMotorJobs.com.\" \/>\n<meta name=\"robots\" content=\"index, follow, max-snippet:-1, max-image-preview:large, max-video-preview:-1\" \/>\n<meta property=\"og:locale\" content=\"fr_CA\" \/>\n<meta property=\"og:type\" content=\"article\" \/>\n<meta property=\"og:title\" content=\"Le prix des petits v\u00e9hicules \u00e9lectriques devrait \u00e9galer ceux des voitures \u00e0 combustion dans quelques ann\u00e9es - CanadaMotorJobs.com\" \/>\n<meta property=\"og:description\" content=\"Le prix des petits v\u00e9hicules \u00e9lectriques devrait \u00e9galer ceux des voitures \u00e0 combustion dans quelques ann\u00e9es - Benoit Charette - Annuel automobile - CanadaMotorJobs.com.\" \/>\n<meta property=\"og:url\" content=\"https:\/\/news.canadamotorjobs.com\/fr\/le-prix-des-petits-vehicules-electriques-devrait-egaler-ceux-des-voitures-a-combustion-dans-quelques-annees\/\" \/>\n<meta property=\"og:site_name\" content=\"CanadaMotorJobs.com\" \/>\n<meta property=\"article:publisher\" content=\"https:\/\/www.facebook.com\/canadamotorjobs\/\" \/>\n<meta property=\"article:published_time\" content=\"2023-04-27T11:49:20+00:00\" \/>\n<meta property=\"article:modified_time\" content=\"2023-04-27T12:00:47+00:00\" \/>\n<meta property=\"og:image\" content=\"https:\/\/news.canadamotorjobs.com\/wp-content\/uploads\/2023\/04\/2023-Nissan-LEAF-36-1200x800-1.jpg\" \/>\n\t<meta property=\"og:image:width\" content=\"1200\" \/>\n\t<meta property=\"og:image:height\" content=\"800\" \/>\n\t<meta property=\"og:image:type\" content=\"image\/jpeg\" \/>\n<meta name=\"author\" content=\"Benoit Charette\" \/>\n<meta name=\"twitter:card\" content=\"summary_large_image\" \/>\n<meta name=\"twitter:creator\" content=\"@canadamotorjobs\" \/>\n<meta name=\"twitter:site\" content=\"@canadamotorjobs\" \/>\n<meta name=\"twitter:label1\" content=\"\u00c9crit par\" \/>\n\t<meta name=\"twitter:data1\" content=\"Benoit Charette\" \/>\n\t<meta name=\"twitter:label2\" content=\"Estimation du temps de lecture\" \/>\n\t<meta name=\"twitter:data2\" content=\"2 minutes\" \/>\n<!-- \/ Yoast SEO plugin. -->","yoast_head_json":{"title":"Le prix des petits v\u00e9hicules \u00e9lectriques devrait \u00e9galer ceux des voitures \u00e0 combustion dans quelques ann\u00e9es - CanadaMotorJobs.com","description":"Le prix des petits v\u00e9hicules \u00e9lectriques devrait \u00e9galer ceux des voitures \u00e0 combustion dans quelques ann\u00e9es - Benoit Charette - Annuel automobile - CanadaMotorJobs.com.","robots":{"index":"index","follow":"follow","max-snippet":"max-snippet:-1","max-image-preview":"max-image-preview:large","max-video-preview":"max-video-preview:-1"},"og_locale":"fr_CA","og_type":"article","og_title":"Le prix des petits v\u00e9hicules \u00e9lectriques devrait \u00e9galer ceux des voitures \u00e0 combustion dans quelques ann\u00e9es - CanadaMotorJobs.com","og_description":"Le prix des petits v\u00e9hicules \u00e9lectriques devrait \u00e9galer ceux des voitures \u00e0 combustion dans quelques ann\u00e9es - Benoit Charette - Annuel automobile - CanadaMotorJobs.com.","og_url":"https:\/\/news.canadamotorjobs.com\/fr\/le-prix-des-petits-vehicules-electriques-devrait-egaler-ceux-des-voitures-a-combustion-dans-quelques-annees\/","og_site_name":"CanadaMotorJobs.com","article_publisher":"https:\/\/www.facebook.com\/canadamotorjobs\/","article_published_time":"2023-04-27T11:49:20+00:00","article_modified_time":"2023-04-27T12:00:47+00:00","og_image":[{"width":1200,"height":800,"url":"https:\/\/news.canadamotorjobs.com\/wp-content\/uploads\/2023\/04\/2023-Nissan-LEAF-36-1200x800-1.jpg","type":"image\/jpeg"}],"author":"Benoit Charette","twitter_card":"summary_large_image","twitter_creator":"@canadamotorjobs","twitter_site":"@canadamotorjobs","twitter_misc":{"\u00c9crit par":"Benoit Charette","Estimation du temps de lecture":"2 minutes"},"schema":{"@context":"https:\/\/schema.org","@graph":[{"@type":"Article","@id":"https:\/\/news.canadamotorjobs.com\/fr\/le-prix-des-petits-vehicules-electriques-devrait-egaler-ceux-des-voitures-a-combustion-dans-quelques-annees\/#article","isPartOf":{"@id":"https:\/\/news.canadamotorjobs.com\/fr\/le-prix-des-petits-vehicules-electriques-devrait-egaler-ceux-des-voitures-a-combustion-dans-quelques-annees\/"},"author":{"name":"Benoit Charette","@id":"https:\/\/news.canadamotorjobs.com\/#\/schema\/person\/51793d1f87d44011d7bcc2ed99269a90"},"headline":"Le prix des petits v\u00e9hicules \u00e9lectriques devrait \u00e9galer ceux des voitures \u00e0 combustion dans quelques ann\u00e9es","datePublished":"2023-04-27T11:49:20+00:00","dateModified":"2023-04-27T12:00:47+00:00","mainEntityOfPage":{"@id":"https:\/\/news.canadamotorjobs.com\/fr\/le-prix-des-petits-vehicules-electriques-devrait-egaler-ceux-des-voitures-a-combustion-dans-quelques-annees\/"},"wordCount":387,"publisher":{"@id":"https:\/\/news.canadamotorjobs.com\/#organization"},"image":{"@id":"https:\/\/news.canadamotorjobs.com\/fr\/le-prix-des-petits-vehicules-electriques-devrait-egaler-ceux-des-voitures-a-combustion-dans-quelques-annees\/#primaryimage"},"thumbnailUrl":"https:\/\/news.canadamotorjobs.com\/wp-content\/uploads\/2023\/04\/2023-Nissan-LEAF-36-1200x800-1.jpg","articleSection":["Annuel automobile"],"inLanguage":"fr-CA"},{"@type":"WebPage","@id":"https:\/\/news.canadamotorjobs.com\/fr\/le-prix-des-petits-vehicules-electriques-devrait-egaler-ceux-des-voitures-a-combustion-dans-quelques-annees\/","url":"https:\/\/news.canadamotorjobs.com\/fr\/le-prix-des-petits-vehicules-electriques-devrait-egaler-ceux-des-voitures-a-combustion-dans-quelques-annees\/","name":"Le prix des petits v\u00e9hicules \u00e9lectriques devrait \u00e9galer ceux des voitures \u00e0 combustion dans quelques ann\u00e9es - CanadaMotorJobs.com","isPartOf":{"@id":"https:\/\/news.canadamotorjobs.com\/#website"},"primaryImageOfPage":{"@id":"https:\/\/news.canadamotorjobs.com\/fr\/le-prix-des-petits-vehicules-electriques-devrait-egaler-ceux-des-voitures-a-combustion-dans-quelques-annees\/#primaryimage"},"image":{"@id":"https:\/\/news.canadamotorjobs.com\/fr\/le-prix-des-petits-vehicules-electriques-devrait-egaler-ceux-des-voitures-a-combustion-dans-quelques-annees\/#primaryimage"},"thumbnailUrl":"https:\/\/news.canadamotorjobs.com\/wp-content\/uploads\/2023\/04\/2023-Nissan-LEAF-36-1200x800-1.jpg","datePublished":"2023-04-27T11:49:20+00:00","dateModified":"2023-04-27T12:00:47+00:00","description":"Le prix des petits v\u00e9hicules \u00e9lectriques devrait \u00e9galer ceux des voitures \u00e0 combustion dans quelques ann\u00e9es - Benoit Charette - Annuel automobile - CanadaMotorJobs.com.","breadcrumb":{"@id":"https:\/\/news.canadamotorjobs.com\/fr\/le-prix-des-petits-vehicules-electriques-devrait-egaler-ceux-des-voitures-a-combustion-dans-quelques-annees\/#breadcrumb"},"inLanguage":"fr-CA","potentialAction":[{"@type":"ReadAction","target":["https:\/\/news.canadamotorjobs.com\/fr\/le-prix-des-petits-vehicules-electriques-devrait-egaler-ceux-des-voitures-a-combustion-dans-quelques-annees\/"]}]},{"@type":"ImageObject","inLanguage":"fr-CA","@id":"https:\/\/news.canadamotorjobs.com\/fr\/le-prix-des-petits-vehicules-electriques-devrait-egaler-ceux-des-voitures-a-combustion-dans-quelques-annees\/#primaryimage","url":"https:\/\/news.canadamotorjobs.com\/wp-content\/uploads\/2023\/04\/2023-Nissan-LEAF-36-1200x800-1.jpg","contentUrl":"https:\/\/news.canadamotorjobs.com\/wp-content\/uploads\/2023\/04\/2023-Nissan-LEAF-36-1200x800-1.jpg","width":1200,"height":800},{"@type":"BreadcrumbList","@id":"https:\/\/news.canadamotorjobs.com\/fr\/le-prix-des-petits-vehicules-electriques-devrait-egaler-ceux-des-voitures-a-combustion-dans-quelques-annees\/#breadcrumb","itemListElement":[{"@type":"ListItem","position":1,"name":"Home","item":"https:\/\/news.canadamotorjobs.com\/fr\/blog\/"},{"@type":"ListItem","position":2,"name":"Le prix des petits v\u00e9hicules \u00e9lectriques devrait \u00e9galer ceux des voitures \u00e0 combustion dans quelques ann\u00e9es"}]},{"@type":"WebSite","@id":"https:\/\/news.canadamotorjobs.com\/#website","url":"https:\/\/news.canadamotorjobs.com\/","name":"CanadaMotorJobs.com","description":"Automotive Jobs","publisher":{"@id":"https:\/\/news.canadamotorjobs.com\/#organization"},"potentialAction":[{"@type":"SearchAction","target":{"@type":"EntryPoint","urlTemplate":"https:\/\/news.canadamotorjobs.com\/?s={search_term_string}"},"query-input":"required name=search_term_string"}],"inLanguage":"fr-CA"},{"@type":"Organization","@id":"https:\/\/news.canadamotorjobs.com\/#organization","name":"Canada Motor Jobs","url":"https:\/\/news.canadamotorjobs.com\/","logo":{"@type":"ImageObject","inLanguage":"fr-CA","@id":"https:\/\/news.canadamotorjobs.com\/#\/schema\/logo\/image\/","url":"https:\/\/news.canadamotorjobs.com\/wp-content\/uploads\/2022\/10\/logo-canada-motor-jobs-1.png","contentUrl":"https:\/\/news.canadamotorjobs.com\/wp-content\/uploads\/2022\/10\/logo-canada-motor-jobs-1.png","width":800,"height":400,"caption":"Canada Motor Jobs"},"image":{"@id":"https:\/\/news.canadamotorjobs.com\/#\/schema\/logo\/image\/"},"sameAs":["https:\/\/www.facebook.com\/canadamotorjobs\/","https:\/\/x.com\/canadamotorjobs","https:\/\/www.instagram.com\/canadamotorjobs\/","https:\/\/www.linkedin.com\/company\/canadamotorjobs"]},{"@type":"Person","@id":"https:\/\/news.canadamotorjobs.com\/#\/schema\/person\/51793d1f87d44011d7bcc2ed99269a90","name":"Benoit Charette","image":{"@type":"ImageObject","inLanguage":"fr-CA","@id":"https:\/\/news.canadamotorjobs.com\/#\/schema\/person\/image\/","url":"https:\/\/secure.gravatar.com\/avatar\/45f3d2eebcccd909668d7ce7ea7267b6?s=96&d=mm&r=g","contentUrl":"https:\/\/secure.gravatar.com\/avatar\/45f3d2eebcccd909668d7ce7ea7267b6?s=96&d=mm&r=g","caption":"Benoit Charette"},"description":"Benoit Charette \/ Propri\u00e9taire et r\u00e9dacteur en chef Benoit Charette pratique le journalisme automobile depuis bient\u00f4t 30 ans. Il a fait ses classes au c\u00f4t\u00e9 de Daniel H\u00e9raud et au Carnet de route de 1992 \u00e0 2001. Il est fondateur, copropri\u00e9taire et r\u00e9dacteur en chef de L\u2019Annuel de l\u2019automobile, qu\u2019il publie depuis 2001. Il a anim\u00e9 les \u00e9missions RPM et RPM+ sur V et les L\u00e9gendes de la route sur Historia. \u00c0 la radio depuis 1986, il reprend l\u2019antenne cette ann\u00e9e sur les ondes de Cogeco et participe pour la deuxi\u00e8me ann\u00e9e \u00e0 l\u2019\u00e9mission Passion Auto sur RDS en plus de mettre en ligne le site Web officiel de L\u2019Annuel de l\u2019automobile sur annuelauto.ca.","sameAs":["https:\/\/annuelauto.ca\/"],"url":"https:\/\/news.canadamotorjobs.com\/fr\/author\/benoit-charette\/"}]}},"_links":{"self":[{"href":"https:\/\/news.canadamotorjobs.com\/fr\/wp-json\/wp\/v2\/posts\/144044"}],"collection":[{"href":"https:\/\/news.canadamotorjobs.com\/fr\/wp-json\/wp\/v2\/posts"}],"about":[{"href":"https:\/\/news.canadamotorjobs.com\/fr\/wp-json\/wp\/v2\/types\/post"}],"author":[{"embeddable":true,"href":"https:\/\/news.canadamotorjobs.com\/fr\/wp-json\/wp\/v2\/users\/8"}],"replies":[{"embeddable":true,"href":"https:\/\/news.canadamotorjobs.com\/fr\/wp-json\/wp\/v2\/comments?post=144044"}],"version-history":[{"count":2,"href":"https:\/\/news.canadamotorjobs.com\/fr\/wp-json\/wp\/v2\/posts\/144044\/revisions"}],"predecessor-version":[{"id":144048,"href":"https:\/\/news.canadamotorjobs.com\/fr\/wp-json\/wp\/v2\/posts\/144044\/revisions\/144048"}],"wp:featuredmedia":[{"embeddable":true,"href":"https:\/\/news.canadamotorjobs.com\/fr\/wp-json\/wp\/v2\/media\/144046"}],"wp:attachment":[{"href":"https:\/\/news.canadamotorjobs.com\/fr\/wp-json\/wp\/v2\/media?parent=144044"}],"wp:term":[{"taxonomy":"category","embeddable":true,"href":"https:\/\/news.canadamotorjobs.com\/fr\/wp-json\/wp\/v2\/categories?post=144044"},{"taxonomy":"post_tag","embeddable":true,"href":"https:\/\/news.canadamotorjobs.com\/fr\/wp-json\/wp\/v2\/tags?post=144044"}],"curies":[{"name":"wp","href":"https:\/\/api.w.org\/{rel}","templated":true}]}}