{"id":143936,"date":"2023-04-25T17:56:23","date_gmt":"2023-04-25T21:56:23","guid":{"rendered":"https:\/\/news.canadamotorjobs.com\/?p=143936"},"modified":"2023-04-25T18:06:30","modified_gmt":"2023-04-25T22:06:30","slug":"le-500-000e-mercedes-benz-classe-g-adopte-une-allure-retro","status":"publish","type":"post","link":"https:\/\/news.canadamotorjobs.com\/fr\/le-500-000e-mercedes-benz-classe-g-adopte-une-allure-retro\/","title":{"rendered":"Le 500\u00a0000e Mercedes-Benz Classe\u00a0G adopte une allure r\u00e9tro"},"content":{"rendered":"<\/p>\n<p>Le 500\u00a0000e utilitaire de la Classe\u00a0G a quitt\u00e9 la cha\u00eene d\u2019assemblage de l\u2019usine Magna\u00a0Steyr de Graz, en Autriche, le 20\u00a0avril dernier. Ce jalon de l\u2019histoire du plus c\u00e9l\u00e8bre tout-terrain de <a href=\"https:\/\/annuelauto.ca\/mercedes-sattaque-a-la-tesla-3-avec-une-berline-cla-electrique-en-2025\/\" target=\"_blank\" rel=\"noopener noreferrer\">Mercedes-Benz<\/a> survient 44\u00a0ans apr\u00e8s son lancement sur le march\u00e9.<span class=\"Apple-converted-space\">\u00a0<\/span><\/p>\n<p>Pour en souligner l\u2019importance, le constructeur a naturellement fait quelques photos de groupe avec du personnel de Magna\u00a0Steyr, filiale de l\u2019\u00e9quipementier canadien <a href=\"https:\/\/annuelauto.ca\/la-canadienne-magna-investit-470-millions-pour-ouvrir-une-nouvelle-usine-de-batteries-en-ontario\/\" target=\"_blank\" rel=\"noopener noreferrer\">Magna International<\/a> qui assemble le v\u00e9hicule, et Mercedes-Benz\u00a0G\u00a0GmbH, filiale autrichienne de Daimler\u00a0AG responsable de la fabrication et du d\u00e9veloppement de ces tout-terrains.<\/p>\n<p>Or, en voyant les photos qui illustrent cet article, certains lecteurs ont sans doute pens\u00e9 avoir vu un mod\u00e8le ancien. Vous n\u2019aviez pas la berlue\u00a0! Ce 500\u00a0000e\u00a0v\u00e9hicule a bel et bien une allure r\u00e9tro. Ses formes et son habillage rappellent un Mercedes-Benz 280\u00a0GE\u00a01986; une \u00e9vocation renforc\u00e9e par la carrosserie vert agave et la finition d\u2019\u00e9poque appliqu\u00e9e \u00e0 ses si\u00e8ges.<span class=\"Apple-converted-space\">\u00a0<\/span><\/p>\n<h3><b>Bient\u00f4t, un Classe\u00a0G \u00e9lectrique<\/b><\/h3>\n<p>\nMercedes-Benz a profit\u00e9 de l\u2019occasion pour rappeler qu\u2019en 2024, \u00e0 l\u2019occasion de son 45e anniversaire, l\u2019utilitaire de la Classe\u00a0G adoptera <a href=\"https:\/\/annuelauto.ca\/une-technologie-de-batterie-au-silicium-promet-une-meilleure-autonomie\/\" target=\"_blank\" rel=\"noopener noreferrer\">une motorisation \u00e9lectrique<\/a>, la premi\u00e8re de son histoire. <span class=\"Apple-converted-space\">\u00a0<\/span><\/p>\n<p>Dans un communiqu\u00e9 publi\u00e9 par Mercedes-Benz, Emmerich\u00a0Schiller, pr\u00e9sident-directeur g\u00e9n\u00e9ral de Mercedes-Benz\u00a0G\u00a0GmbH et responsable de la division des produits de v\u00e9hicules tout-terrain chez Mercedes-Benz\u00a0AG, affirme que ce 500\u00a0000e\u00a0Classe\u00a0G confirme le caract\u00e8re unique de ce tout-terrain.<span class=\"Apple-converted-space\">\u00a0<\/span><\/p>\n<p>\u00ab\u00a0Quatre d\u00e9cennies ont conduit \u00e0 cet anniversaire important. Cela fait de la Classe\u00a0G tout sauf un produit de masse. Avec le lancement d\u2019un utilitaire Classe\u00a0G \u00e9lectrique en 2024, un v\u00e9hicule qui repoussera les limites de son cr\u00e9neau, nous attendons avec impatience l&#8217;avenir de cette ic\u00f4ne tout-terrain\u00a0\u00bb, a-t-il ajout\u00e9.<\/p>\n<h3><b>Le 4&#215;4 du chah d\u2019Iran<\/b><\/h3>\n<p>\nEt pourtant, ce v\u00e9hicule embl\u00e9matique n\u2019aurait pu exister sans l\u2019intervention de Mohammad Reza Chah Pahlavi, le chah d\u2019Iran. En effet, c\u2019est lui qui a demand\u00e9 \u00e0 Mercedes-Benz, au d\u00e9but des ann\u00e9es\u00a070, de cr\u00e9er un tout-terrain pour son arm\u00e9e. Cet important investisseur du constructeur allemand en voulait 20\u00a0000\u00a0!<\/p>\n<p>Dans un communiqu\u00e9 publi\u00e9 par Mercedes-Benz en 2011, on apprend que son d\u00e9veloppement a commenc\u00e9 en\u00a01972 apr\u00e8s la signature d\u2019un accord de coop\u00e9ration liant Daimler-Benz et Steyr-Daimler-Puch (SDP). Ce fabricant autrichien \u00e9tabli \u00e0 Graz (duquel Magna International a achet\u00e9 les installations en 1998) a des origines qui remontent au 19e\u00a0si\u00e8cle. Mais on s\u2019en souvient surtout pour certaines de ses r\u00e9alisations d\u2019apr\u00e8s-guerre\u00a0: ses redoutables tout-terrains Haflinger et Pinzgauer. C\u2019est d\u2019ailleurs Erich Ledwinka, l\u2019ing\u00e9nieur en chef de SDP responsable du d\u00e9veloppement de ces deux tout-terrain, qui dirigera la cr\u00e9ation du nouveau Mercedes.<\/p>\n<p>\u00c0 ses d\u00e9buts, ce v\u00e9hicule est surnomm\u00e9 \u00ab\u00a0H2\u00a0\u00bb, le diminutif de Haflinger\u00a02. Mais cette association avec le pass\u00e9 de SDP jug\u00e9e trop \u00e9vidente pousse Mercedes \u00e0 adopter une autre appellation\u00a0: Gel\u00e4ndewagen (tout-terrain en allemand), qui deviendra simplement Classe\u00a0G (<i>G-Klasse,<\/i> disent les Allemands).<\/p>\n<p>Une premi\u00e8re maquette en bois est montr\u00e9e \u00e0 la direction de la coentreprise en 1973 suivie, en septembre 1974, du premier prototype roulant \u00e0 carrosserie tout acier. La d\u00e9cision de lancer la production en s\u00e9rie survient en 1975, alors que les deux partenaires d\u00e9cident de construire une nouvelle usine \u00e0 Graz, o\u00f9 ce v\u00e9hicule sera construit. En 1978, un autre prototype, le premier con\u00e7u sp\u00e9cifiquement pour un usage militaire, est d\u00e9voil\u00e9. Il serait d\u2019ailleurs plausible qu\u2019il ait \u00e9t\u00e9 montr\u00e9 au chah d\u2019Iran. Puis, le 1er f\u00e9vrier 1979, la Classe\u00a0G entre en production dans la nouvelle usine. Ironie du sort, quelques jours plus t\u00f4t, en janvier, la r\u00e9volution islamique a forc\u00e9 le monarque iranien \u00e0 fuir son pays natal. Peu apr\u00e8s, l\u2019administration de la nouvelle R\u00e9publique islamique annule la commande qu\u2019il avait pass\u00e9e \u00e0 Mercedes.<span class=\"Apple-converted-space\">\u00a0<\/span><\/p>\n<h3><b>Des origines plut\u00f4t humbles<\/b><\/h3>\n<p>\nLe v\u00e9hicule produit \u00e0 cette \u00e9poque est bien diff\u00e9rent des rutilants Classe\u00a0G qu\u2019on voit devant les discoth\u00e8ques \u00e0 la mode les samedis soir. C\u2019est un v\u00e9hicule \u00e0 vocation utilitaire, au sens propre du mot. Les quatre motorisations inscrites au catalogue n\u2019ont d\u2019ailleurs rien de spectaculaire. Elles d\u00e9veloppent 72\u00a0ch \u00e0 156\u00a0ch et animent des 4&#215;4 \u00e0 empattement court \u00e0 deux portes, dont une version d\u00e9capotable, ou \u00e0 empattement long \u00e0 deux portes en version fourgonnette ou camionnette, ou \u00e0 4 portes en version passagers.<span class=\"Apple-converted-space\">\u00a0<\/span><\/p>\n<p>Ce nouveau v\u00e9hicule arbore l\u2019\u00e9toile \u00e0 trois branches de Mercedes partout dans le monde sauf en Autriche, en Suisse et en Europe de l\u2019Est, o\u00f9 il est vendu sous la marque Puch plus \u00e9vocatrice pour ce genre de v\u00e9hicule. Il en sera d\u2019ailleurs ainsi jusqu\u2019au milieu des ann\u00e9es\u00a090.<span class=\"Apple-converted-space\">\u00a0<\/span><\/p>\n<p>Le prix est aussi \u00e0 l\u2019image d\u2019une b\u00eate de somme. Au Salon de Gen\u00e8ve, en 1980, Mercedes offre le mod\u00e8le de base \u00e0 2 portes de la Classe\u00a0G \u00e0 partir de 33\u00a0100\u00a0francs, l\u2019\u00e9quivalent de 21\u00a0515\u00a0$ canadiens. Non loin de l\u00e0, au kiosque de la marque Jeep, le CJ-5 d\u2019entr\u00e9e de gamme affiche un prix de base de 22\u00a0500 francs, soit environ 14\u00a0625\u00a0$.<\/p>\n<h3><b>Un symbole de richesse<\/b><\/h3>\n<p>\nQuatre d\u00e9cennies plus tard, l\u2019acronyme \u00e0 la mode VUS a rel\u00e9gu\u00e9 le mot utilitaire \u00e0 un usage plus administratif, et le 4&#215;4 de Mercedes, d\u00e9barqu\u00e9 en Am\u00e9rique du Nord en 2002 officiellement, s\u2019est m\u00e9tamorphos\u00e9 en symbole de prestige. Ce nouveau statut s\u2019exprime par la puissance des mod\u00e8les offerts (416\u00a0ch pour le G\u00a0550 et 577\u00a0ch pour l\u2019AMG 63), mais aussi par leurs prix astronomiques\u00a0: 174\u00a0900\u00a0$ pour le G\u00a0550 et plus de 231\u00a0900\u00a0$ pour le G63 d\u2019AMG.<\/p>\n<p>Cette hausse de prix spectaculaire a \u00e9t\u00e9 accompagn\u00e9e d\u2019une acc\u00e9l\u00e9ration des ventes\u00a0:<\/p>\n<ul><\/p>\n<li>1992\u00a0: 100\u00a0000e Classe G fabriqu\u00e9s;<\/li>\n<p><\/p>\n<li>2001\u00a0: 200\u00a0000e Classe G fabriqu\u00e9s;<\/li>\n<p><\/p>\n<li>2017\u00a0: 300\u00a0000e Classe G fabriqu\u00e9s;<\/li>\n<p><\/p>\n<li>2020\u00a0: 400\u00a0000e Classe G fabriqu\u00e9s;<\/li>\n<p><\/p>\n<li>2023\u00a0: 500\u00a0000e Classe G fabriqu\u00e9s.<\/li>\n<p>\n<\/ul>\n<p>\nM\u00eame si sa silhouette est rest\u00e9e sensiblement la m\u00eame, 44 ans plus tard, l\u2019ic\u00f4ne de Mercedes a chang\u00e9 radicalement.<\/p>\n<p><i>Photos : Mercedes-Benz\u00a0AG, Magna Steyr, Mercedes-Benz\u00a0G\u00a0GmbH et Wikipedia<\/i><\/p>\n<p>Le texte <a rel=\"nofollow\" href=\"https:\/\/annuelauto.ca\/le-500-000e-mercedes-benz-classe-g-adopte-une-allure-retro\/\">Le 500\u00a0000e Mercedes-Benz Classe\u00a0G adopte une allure r\u00e9tro<\/a> provient de <a rel=\"nofollow\" href=\"https:\/\/annuelauto.ca\">L&#8217;annuel de l&#8217;automobile &#8211; Actualit\u00e9 automobile<\/a><\/p>\n<p><\/p>\n","protected":false},"excerpt":{"rendered":"<p>Le 500\u00a0000e utilitaire de la Classe\u00a0G a quitt\u00e9 la cha\u00eene d\u2019assemblage de l\u2019usine Magna\u00a0Steyr de Graz, en Autriche, le 20\u00a0avril dernier. Ce jalon de l\u2019histoire du plus c\u00e9l\u00e8bre tout-terrain de Mercedes-Benz survient 44\u00a0ans apr\u00e8s son lancement sur le march\u00e9.\u00a0 Pour en souligner l\u2019importance, le constructeur a naturellement fait quelques photos de groupe avec du personnel [&hellip;]<\/p>\n","protected":false},"author":8,"featured_media":143938,"comment_status":"close","ping_status":"closed","sticky":false,"template":"","format":"standard","meta":{"_monsterinsights_skip_tracking":false,"_monsterinsights_sitenote_active":false,"_monsterinsights_sitenote_note":"","_monsterinsights_sitenote_category":0,"footnotes":""},"categories":[101],"tags":[],"yoast_head":"<!-- This site is optimized with the Yoast SEO plugin v23.2 - https:\/\/yoast.com\/wordpress\/plugins\/seo\/ -->\n<title>Le 500\u00a0000e Mercedes-Benz Classe\u00a0G adopte une allure r\u00e9tro - CanadaMotorJobs.com<\/title>\n<meta name=\"description\" content=\"Le 500\u00a0000e Mercedes-Benz Classe\u00a0G adopte une allure r\u00e9tro - Benoit Charette - Annuel automobile - CanadaMotorJobs.com.\" \/>\n<meta name=\"robots\" content=\"index, follow, max-snippet:-1, max-image-preview:large, max-video-preview:-1\" \/>\n<meta property=\"og:locale\" content=\"fr_CA\" \/>\n<meta property=\"og:type\" content=\"article\" \/>\n<meta property=\"og:title\" content=\"Le 500\u00a0000e Mercedes-Benz Classe\u00a0G adopte une allure r\u00e9tro - CanadaMotorJobs.com\" \/>\n<meta property=\"og:description\" content=\"Le 500\u00a0000e Mercedes-Benz Classe\u00a0G adopte une allure r\u00e9tro - Benoit Charette - Annuel automobile - CanadaMotorJobs.com.\" \/>\n<meta property=\"og:url\" content=\"https:\/\/news.canadamotorjobs.com\/fr\/le-500-000e-mercedes-benz-classe-g-adopte-une-allure-retro\/\" \/>\n<meta property=\"og:site_name\" content=\"CanadaMotorJobs.com\" \/>\n<meta property=\"article:publisher\" content=\"https:\/\/www.facebook.com\/canadamotorjobs\/\" \/>\n<meta property=\"article:published_time\" content=\"2023-04-25T21:56:23+00:00\" \/>\n<meta property=\"article:modified_time\" content=\"2023-04-25T22:06:30+00:00\" \/>\n<meta property=\"og:image\" content=\"https:\/\/news.canadamotorjobs.com\/wp-content\/uploads\/2023\/04\/Mercedes-Benz-Classe-G-500000e-2023-2.jpg\" \/>\n\t<meta property=\"og:image:width\" content=\"1500\" \/>\n\t<meta property=\"og:image:height\" content=\"1000\" \/>\n\t<meta property=\"og:image:type\" content=\"image\/jpeg\" \/>\n<meta name=\"author\" content=\"Benoit Charette\" \/>\n<meta name=\"twitter:card\" content=\"summary_large_image\" \/>\n<meta name=\"twitter:creator\" content=\"@canadamotorjobs\" \/>\n<meta name=\"twitter:site\" content=\"@canadamotorjobs\" \/>\n<meta name=\"twitter:label1\" content=\"\u00c9crit par\" \/>\n\t<meta name=\"twitter:data1\" content=\"Benoit Charette\" \/>\n\t<meta name=\"twitter:label2\" content=\"Estimation du temps de lecture\" \/>\n\t<meta name=\"twitter:data2\" content=\"5 minutes\" \/>\n<!-- \/ Yoast SEO plugin. -->","yoast_head_json":{"title":"Le 500\u00a0000e Mercedes-Benz Classe\u00a0G adopte une allure r\u00e9tro - CanadaMotorJobs.com","description":"Le 500\u00a0000e Mercedes-Benz Classe\u00a0G adopte une allure r\u00e9tro - Benoit Charette - Annuel automobile - CanadaMotorJobs.com.","robots":{"index":"index","follow":"follow","max-snippet":"max-snippet:-1","max-image-preview":"max-image-preview:large","max-video-preview":"max-video-preview:-1"},"og_locale":"fr_CA","og_type":"article","og_title":"Le 500\u00a0000e Mercedes-Benz Classe\u00a0G adopte une allure r\u00e9tro - CanadaMotorJobs.com","og_description":"Le 500\u00a0000e Mercedes-Benz Classe\u00a0G adopte une allure r\u00e9tro - Benoit Charette - Annuel automobile - CanadaMotorJobs.com.","og_url":"https:\/\/news.canadamotorjobs.com\/fr\/le-500-000e-mercedes-benz-classe-g-adopte-une-allure-retro\/","og_site_name":"CanadaMotorJobs.com","article_publisher":"https:\/\/www.facebook.com\/canadamotorjobs\/","article_published_time":"2023-04-25T21:56:23+00:00","article_modified_time":"2023-04-25T22:06:30+00:00","og_image":[{"width":1500,"height":1000,"url":"https:\/\/news.canadamotorjobs.com\/wp-content\/uploads\/2023\/04\/Mercedes-Benz-Classe-G-500000e-2023-2.jpg","type":"image\/jpeg"}],"author":"Benoit Charette","twitter_card":"summary_large_image","twitter_creator":"@canadamotorjobs","twitter_site":"@canadamotorjobs","twitter_misc":{"\u00c9crit par":"Benoit Charette","Estimation du temps de lecture":"5 minutes"},"schema":{"@context":"https:\/\/schema.org","@graph":[{"@type":"Article","@id":"https:\/\/news.canadamotorjobs.com\/fr\/le-500-000e-mercedes-benz-classe-g-adopte-une-allure-retro\/#article","isPartOf":{"@id":"https:\/\/news.canadamotorjobs.com\/fr\/le-500-000e-mercedes-benz-classe-g-adopte-une-allure-retro\/"},"author":{"name":"Benoit Charette","@id":"https:\/\/news.canadamotorjobs.com\/#\/schema\/person\/51793d1f87d44011d7bcc2ed99269a90"},"headline":"Le 500\u00a0000e Mercedes-Benz Classe\u00a0G adopte une allure r\u00e9tro","datePublished":"2023-04-25T21:56:23+00:00","dateModified":"2023-04-25T22:06:30+00:00","mainEntityOfPage":{"@id":"https:\/\/news.canadamotorjobs.com\/fr\/le-500-000e-mercedes-benz-classe-g-adopte-une-allure-retro\/"},"wordCount":1054,"publisher":{"@id":"https:\/\/news.canadamotorjobs.com\/#organization"},"image":{"@id":"https:\/\/news.canadamotorjobs.com\/fr\/le-500-000e-mercedes-benz-classe-g-adopte-une-allure-retro\/#primaryimage"},"thumbnailUrl":"https:\/\/news.canadamotorjobs.com\/wp-content\/uploads\/2023\/04\/Mercedes-Benz-Classe-G-500000e-2023-2.jpg","articleSection":["Annuel automobile"],"inLanguage":"fr-CA"},{"@type":"WebPage","@id":"https:\/\/news.canadamotorjobs.com\/fr\/le-500-000e-mercedes-benz-classe-g-adopte-une-allure-retro\/","url":"https:\/\/news.canadamotorjobs.com\/fr\/le-500-000e-mercedes-benz-classe-g-adopte-une-allure-retro\/","name":"Le 500\u00a0000e Mercedes-Benz Classe\u00a0G adopte une allure r\u00e9tro - CanadaMotorJobs.com","isPartOf":{"@id":"https:\/\/news.canadamotorjobs.com\/#website"},"primaryImageOfPage":{"@id":"https:\/\/news.canadamotorjobs.com\/fr\/le-500-000e-mercedes-benz-classe-g-adopte-une-allure-retro\/#primaryimage"},"image":{"@id":"https:\/\/news.canadamotorjobs.com\/fr\/le-500-000e-mercedes-benz-classe-g-adopte-une-allure-retro\/#primaryimage"},"thumbnailUrl":"https:\/\/news.canadamotorjobs.com\/wp-content\/uploads\/2023\/04\/Mercedes-Benz-Classe-G-500000e-2023-2.jpg","datePublished":"2023-04-25T21:56:23+00:00","dateModified":"2023-04-25T22:06:30+00:00","description":"Le 500\u00a0000e Mercedes-Benz Classe\u00a0G adopte une allure r\u00e9tro - Benoit Charette - Annuel automobile - CanadaMotorJobs.com.","breadcrumb":{"@id":"https:\/\/news.canadamotorjobs.com\/fr\/le-500-000e-mercedes-benz-classe-g-adopte-une-allure-retro\/#breadcrumb"},"inLanguage":"fr-CA","potentialAction":[{"@type":"ReadAction","target":["https:\/\/news.canadamotorjobs.com\/fr\/le-500-000e-mercedes-benz-classe-g-adopte-une-allure-retro\/"]}]},{"@type":"ImageObject","inLanguage":"fr-CA","@id":"https:\/\/news.canadamotorjobs.com\/fr\/le-500-000e-mercedes-benz-classe-g-adopte-une-allure-retro\/#primaryimage","url":"https:\/\/news.canadamotorjobs.com\/wp-content\/uploads\/2023\/04\/Mercedes-Benz-Classe-G-500000e-2023-2.jpg","contentUrl":"https:\/\/news.canadamotorjobs.com\/wp-content\/uploads\/2023\/04\/Mercedes-Benz-Classe-G-500000e-2023-2.jpg","width":1500,"height":1000},{"@type":"BreadcrumbList","@id":"https:\/\/news.canadamotorjobs.com\/fr\/le-500-000e-mercedes-benz-classe-g-adopte-une-allure-retro\/#breadcrumb","itemListElement":[{"@type":"ListItem","position":1,"name":"Home","item":"https:\/\/news.canadamotorjobs.com\/fr\/blog\/"},{"@type":"ListItem","position":2,"name":"Le 500\u00a0000e Mercedes-Benz Classe\u00a0G adopte une allure r\u00e9tro"}]},{"@type":"WebSite","@id":"https:\/\/news.canadamotorjobs.com\/#website","url":"https:\/\/news.canadamotorjobs.com\/","name":"CanadaMotorJobs.com","description":"Automotive Jobs","publisher":{"@id":"https:\/\/news.canadamotorjobs.com\/#organization"},"potentialAction":[{"@type":"SearchAction","target":{"@type":"EntryPoint","urlTemplate":"https:\/\/news.canadamotorjobs.com\/?s={search_term_string}"},"query-input":"required name=search_term_string"}],"inLanguage":"fr-CA"},{"@type":"Organization","@id":"https:\/\/news.canadamotorjobs.com\/#organization","name":"Canada Motor Jobs","url":"https:\/\/news.canadamotorjobs.com\/","logo":{"@type":"ImageObject","inLanguage":"fr-CA","@id":"https:\/\/news.canadamotorjobs.com\/#\/schema\/logo\/image\/","url":"https:\/\/news.canadamotorjobs.com\/wp-content\/uploads\/2022\/10\/logo-canada-motor-jobs-1.png","contentUrl":"https:\/\/news.canadamotorjobs.com\/wp-content\/uploads\/2022\/10\/logo-canada-motor-jobs-1.png","width":800,"height":400,"caption":"Canada Motor Jobs"},"image":{"@id":"https:\/\/news.canadamotorjobs.com\/#\/schema\/logo\/image\/"},"sameAs":["https:\/\/www.facebook.com\/canadamotorjobs\/","https:\/\/x.com\/canadamotorjobs","https:\/\/www.instagram.com\/canadamotorjobs\/","https:\/\/www.linkedin.com\/company\/canadamotorjobs"]},{"@type":"Person","@id":"https:\/\/news.canadamotorjobs.com\/#\/schema\/person\/51793d1f87d44011d7bcc2ed99269a90","name":"Benoit Charette","image":{"@type":"ImageObject","inLanguage":"fr-CA","@id":"https:\/\/news.canadamotorjobs.com\/#\/schema\/person\/image\/","url":"https:\/\/secure.gravatar.com\/avatar\/45f3d2eebcccd909668d7ce7ea7267b6?s=96&d=mm&r=g","contentUrl":"https:\/\/secure.gravatar.com\/avatar\/45f3d2eebcccd909668d7ce7ea7267b6?s=96&d=mm&r=g","caption":"Benoit Charette"},"description":"Benoit Charette \/ Propri\u00e9taire et r\u00e9dacteur en chef Benoit Charette pratique le journalisme automobile depuis bient\u00f4t 30 ans. Il a fait ses classes au c\u00f4t\u00e9 de Daniel H\u00e9raud et au Carnet de route de 1992 \u00e0 2001. Il est fondateur, copropri\u00e9taire et r\u00e9dacteur en chef de L\u2019Annuel de l\u2019automobile, qu\u2019il publie depuis 2001. Il a anim\u00e9 les \u00e9missions RPM et RPM+ sur V et les L\u00e9gendes de la route sur Historia. \u00c0 la radio depuis 1986, il reprend l\u2019antenne cette ann\u00e9e sur les ondes de Cogeco et participe pour la deuxi\u00e8me ann\u00e9e \u00e0 l\u2019\u00e9mission Passion Auto sur RDS en plus de mettre en ligne le site Web officiel de L\u2019Annuel de l\u2019automobile sur annuelauto.ca.","sameAs":["https:\/\/annuelauto.ca\/"],"url":"https:\/\/news.canadamotorjobs.com\/fr\/author\/benoit-charette\/"}]}},"_links":{"self":[{"href":"https:\/\/news.canadamotorjobs.com\/fr\/wp-json\/wp\/v2\/posts\/143936"}],"collection":[{"href":"https:\/\/news.canadamotorjobs.com\/fr\/wp-json\/wp\/v2\/posts"}],"about":[{"href":"https:\/\/news.canadamotorjobs.com\/fr\/wp-json\/wp\/v2\/types\/post"}],"author":[{"embeddable":true,"href":"https:\/\/news.canadamotorjobs.com\/fr\/wp-json\/wp\/v2\/users\/8"}],"replies":[{"embeddable":true,"href":"https:\/\/news.canadamotorjobs.com\/fr\/wp-json\/wp\/v2\/comments?post=143936"}],"version-history":[{"count":2,"href":"https:\/\/news.canadamotorjobs.com\/fr\/wp-json\/wp\/v2\/posts\/143936\/revisions"}],"predecessor-version":[{"id":143940,"href":"https:\/\/news.canadamotorjobs.com\/fr\/wp-json\/wp\/v2\/posts\/143936\/revisions\/143940"}],"wp:featuredmedia":[{"embeddable":true,"href":"https:\/\/news.canadamotorjobs.com\/fr\/wp-json\/wp\/v2\/media\/143938"}],"wp:attachment":[{"href":"https:\/\/news.canadamotorjobs.com\/fr\/wp-json\/wp\/v2\/media?parent=143936"}],"wp:term":[{"taxonomy":"category","embeddable":true,"href":"https:\/\/news.canadamotorjobs.com\/fr\/wp-json\/wp\/v2\/categories?post=143936"},{"taxonomy":"post_tag","embeddable":true,"href":"https:\/\/news.canadamotorjobs.com\/fr\/wp-json\/wp\/v2\/tags?post=143936"}],"curies":[{"name":"wp","href":"https:\/\/api.w.org\/{rel}","templated":true}]}}