{"id":143909,"date":"2023-04-25T09:19:58","date_gmt":"2023-04-25T13:19:58","guid":{"rendered":"https:\/\/news.canadamotorjobs.com\/?p=143909"},"modified":"2023-04-25T09:29:20","modified_gmt":"2023-04-25T13:29:20","slug":"la-chevrolet-bolt-est-officiellement-morte","status":"publish","type":"post","link":"https:\/\/news.canadamotorjobs.com\/fr\/la-chevrolet-bolt-est-officiellement-morte\/","title":{"rendered":"La Chevrolet Bolt est officiellement morte"},"content":{"rendered":"<\/p>\n<p>Si vous envisagez d&#8217;acheter une Chevrolet Bolt, vous devriez vous d\u00e9p\u00eacher de le faire. Un courriel envoy\u00e9 aux clients de la Bolt et un par un porte-parole de GM, confirme que la voiture \u00e9lectrique d&#8217;entr\u00e9e de gamme de Chevrolet \u00e9lectrique d&#8217;entr\u00e9e de gamme de Chevrolet sera abandonn\u00e9e apr\u00e8s 2023. Les derniers mod\u00e8les seront fabriqu\u00e9s en novembre de cette ann\u00e9e.<\/p>\n<h3>Encore un des meilleurs achats en ce moment<\/h3>\n<p>\nLa Bolt fait partie de ces rares voitures qui ont atteint leur vitesse de croisi\u00e8re plus tard dans leur vie. Malgr\u00e9 un rappel massif de batteries, le mod\u00e8le n\u2019avait pas perdu de sa popularit\u00e9. Chevrolet avait aussi diminu\u00e9 le prix aux \u00c9tats-Unis.<\/p>\n<h3>Un d\u00e9part attendu<\/h3>\n<p>\nCe n&#8217;est pas tout \u00e0 fait pas tout \u00e0 fait inattendu, puisque GM a annonc\u00e9 cette initiative depuis l&#8217;ann\u00e9e derni\u00e8re. La Bolt devrait \u00eatre remplac\u00e9e par le nouveau Chevrolet Equinox EV, qui offrira plus d&#8217;espace et de technologie \u00e0 un prix qui reste encore \u00e0 confirmer. L\u2019An dernier GM avait laiss\u00e9 entendre que l\u2019Equinox de base serait \u00e0 37 500\u00a0$. Depuis, pas de confirmation de ce prix. L\u2019Equinox va aussi utiliser la plus r\u00e9cente technologie des piles Ultium de GM et devrait offrir une autonomie sup\u00e9rieure.<\/p>\n<p>\u00a0<\/p>\n<p>Avec des renseignements\u00a0: The Autopian<\/p>\n<p>\u00a0<\/p>\n<p>Le texte <a rel=\"nofollow\" href=\"https:\/\/annuelauto.ca\/la-chevrolet-bolt-est-officiellement-morte\/\">La Chevrolet Bolt est officiellement morte<\/a> provient de <a rel=\"nofollow\" href=\"https:\/\/annuelauto.ca\">L&#8217;annuel de l&#8217;automobile &#8211; Actualit\u00e9 automobile<\/a><\/p>\n<p><\/p>\n","protected":false},"excerpt":{"rendered":"<p>Si vous envisagez d&#8217;acheter une Chevrolet Bolt, vous devriez vous d\u00e9p\u00eacher de le faire. Un courriel envoy\u00e9 aux clients de la Bolt et un par un porte-parole de GM, confirme que la voiture \u00e9lectrique d&#8217;entr\u00e9e de gamme de Chevrolet \u00e9lectrique d&#8217;entr\u00e9e de gamme de Chevrolet sera abandonn\u00e9e apr\u00e8s 2023. Les derniers mod\u00e8les seront fabriqu\u00e9s en [&hellip;]<\/p>\n","protected":false},"author":8,"featured_media":143911,"comment_status":"close","ping_status":"closed","sticky":false,"template":"","format":"standard","meta":{"_monsterinsights_skip_tracking":false,"_monsterinsights_sitenote_active":false,"_monsterinsights_sitenote_note":"","_monsterinsights_sitenote_category":0,"footnotes":""},"categories":[101],"tags":[],"yoast_head":"<!-- This site is optimized with the Yoast SEO plugin v23.2 - https:\/\/yoast.com\/wordpress\/plugins\/seo\/ -->\n<title>La Chevrolet Bolt est officiellement morte - CanadaMotorJobs.com<\/title>\n<meta name=\"description\" content=\"La Chevrolet Bolt est officiellement morte - Benoit Charette - Annuel automobile - CanadaMotorJobs.com.\" \/>\n<meta name=\"robots\" content=\"index, follow, max-snippet:-1, max-image-preview:large, max-video-preview:-1\" \/>\n<meta property=\"og:locale\" content=\"fr_CA\" \/>\n<meta property=\"og:type\" content=\"article\" \/>\n<meta property=\"og:title\" content=\"La Chevrolet Bolt est officiellement morte - CanadaMotorJobs.com\" \/>\n<meta property=\"og:description\" content=\"La Chevrolet Bolt est officiellement morte - Benoit Charette - Annuel automobile - CanadaMotorJobs.com.\" \/>\n<meta property=\"og:url\" content=\"https:\/\/news.canadamotorjobs.com\/fr\/la-chevrolet-bolt-est-officiellement-morte\/\" \/>\n<meta property=\"og:site_name\" content=\"CanadaMotorJobs.com\" \/>\n<meta property=\"article:publisher\" content=\"https:\/\/www.facebook.com\/canadamotorjobs\/\" \/>\n<meta property=\"article:published_time\" content=\"2023-04-25T13:19:58+00:00\" \/>\n<meta property=\"article:modified_time\" content=\"2023-04-25T13:29:20+00:00\" \/>\n<meta property=\"og:image\" content=\"https:\/\/news.canadamotorjobs.com\/wp-content\/uploads\/2023\/04\/Bolt-EV-and-EUV.jpg\" \/>\n\t<meta property=\"og:image:width\" content=\"1600\" \/>\n\t<meta property=\"og:image:height\" content=\"520\" \/>\n\t<meta property=\"og:image:type\" content=\"image\/jpeg\" \/>\n<meta name=\"author\" content=\"Benoit Charette\" \/>\n<meta name=\"twitter:card\" content=\"summary_large_image\" \/>\n<meta name=\"twitter:creator\" content=\"@canadamotorjobs\" \/>\n<meta name=\"twitter:site\" content=\"@canadamotorjobs\" \/>\n<meta name=\"twitter:label1\" content=\"\u00c9crit par\" \/>\n\t<meta name=\"twitter:data1\" content=\"Benoit Charette\" \/>\n\t<meta name=\"twitter:label2\" content=\"Estimation du temps de lecture\" \/>\n\t<meta name=\"twitter:data2\" content=\"1 minute\" \/>\n<!-- \/ Yoast SEO plugin. -->","yoast_head_json":{"title":"La Chevrolet Bolt est officiellement morte - CanadaMotorJobs.com","description":"La Chevrolet Bolt est officiellement morte - Benoit Charette - Annuel automobile - CanadaMotorJobs.com.","robots":{"index":"index","follow":"follow","max-snippet":"max-snippet:-1","max-image-preview":"max-image-preview:large","max-video-preview":"max-video-preview:-1"},"og_locale":"fr_CA","og_type":"article","og_title":"La Chevrolet Bolt est officiellement morte - CanadaMotorJobs.com","og_description":"La Chevrolet Bolt est officiellement morte - Benoit Charette - Annuel automobile - CanadaMotorJobs.com.","og_url":"https:\/\/news.canadamotorjobs.com\/fr\/la-chevrolet-bolt-est-officiellement-morte\/","og_site_name":"CanadaMotorJobs.com","article_publisher":"https:\/\/www.facebook.com\/canadamotorjobs\/","article_published_time":"2023-04-25T13:19:58+00:00","article_modified_time":"2023-04-25T13:29:20+00:00","og_image":[{"width":1600,"height":520,"url":"https:\/\/news.canadamotorjobs.com\/wp-content\/uploads\/2023\/04\/Bolt-EV-and-EUV.jpg","type":"image\/jpeg"}],"author":"Benoit Charette","twitter_card":"summary_large_image","twitter_creator":"@canadamotorjobs","twitter_site":"@canadamotorjobs","twitter_misc":{"\u00c9crit par":"Benoit Charette","Estimation du temps de lecture":"1 minute"},"schema":{"@context":"https:\/\/schema.org","@graph":[{"@type":"Article","@id":"https:\/\/news.canadamotorjobs.com\/fr\/la-chevrolet-bolt-est-officiellement-morte\/#article","isPartOf":{"@id":"https:\/\/news.canadamotorjobs.com\/fr\/la-chevrolet-bolt-est-officiellement-morte\/"},"author":{"name":"Benoit Charette","@id":"https:\/\/news.canadamotorjobs.com\/#\/schema\/person\/51793d1f87d44011d7bcc2ed99269a90"},"headline":"La Chevrolet Bolt est officiellement morte","datePublished":"2023-04-25T13:19:58+00:00","dateModified":"2023-04-25T13:29:20+00:00","mainEntityOfPage":{"@id":"https:\/\/news.canadamotorjobs.com\/fr\/la-chevrolet-bolt-est-officiellement-morte\/"},"wordCount":246,"publisher":{"@id":"https:\/\/news.canadamotorjobs.com\/#organization"},"image":{"@id":"https:\/\/news.canadamotorjobs.com\/fr\/la-chevrolet-bolt-est-officiellement-morte\/#primaryimage"},"thumbnailUrl":"https:\/\/news.canadamotorjobs.com\/wp-content\/uploads\/2023\/04\/Bolt-EV-and-EUV.jpg","articleSection":["Annuel automobile"],"inLanguage":"fr-CA"},{"@type":"WebPage","@id":"https:\/\/news.canadamotorjobs.com\/fr\/la-chevrolet-bolt-est-officiellement-morte\/","url":"https:\/\/news.canadamotorjobs.com\/fr\/la-chevrolet-bolt-est-officiellement-morte\/","name":"La Chevrolet Bolt est officiellement morte - CanadaMotorJobs.com","isPartOf":{"@id":"https:\/\/news.canadamotorjobs.com\/#website"},"primaryImageOfPage":{"@id":"https:\/\/news.canadamotorjobs.com\/fr\/la-chevrolet-bolt-est-officiellement-morte\/#primaryimage"},"image":{"@id":"https:\/\/news.canadamotorjobs.com\/fr\/la-chevrolet-bolt-est-officiellement-morte\/#primaryimage"},"thumbnailUrl":"https:\/\/news.canadamotorjobs.com\/wp-content\/uploads\/2023\/04\/Bolt-EV-and-EUV.jpg","datePublished":"2023-04-25T13:19:58+00:00","dateModified":"2023-04-25T13:29:20+00:00","description":"La Chevrolet Bolt est officiellement morte - Benoit Charette - Annuel automobile - CanadaMotorJobs.com.","breadcrumb":{"@id":"https:\/\/news.canadamotorjobs.com\/fr\/la-chevrolet-bolt-est-officiellement-morte\/#breadcrumb"},"inLanguage":"fr-CA","potentialAction":[{"@type":"ReadAction","target":["https:\/\/news.canadamotorjobs.com\/fr\/la-chevrolet-bolt-est-officiellement-morte\/"]}]},{"@type":"ImageObject","inLanguage":"fr-CA","@id":"https:\/\/news.canadamotorjobs.com\/fr\/la-chevrolet-bolt-est-officiellement-morte\/#primaryimage","url":"https:\/\/news.canadamotorjobs.com\/wp-content\/uploads\/2023\/04\/Bolt-EV-and-EUV.jpg","contentUrl":"https:\/\/news.canadamotorjobs.com\/wp-content\/uploads\/2023\/04\/Bolt-EV-and-EUV.jpg","width":1600,"height":520},{"@type":"BreadcrumbList","@id":"https:\/\/news.canadamotorjobs.com\/fr\/la-chevrolet-bolt-est-officiellement-morte\/#breadcrumb","itemListElement":[{"@type":"ListItem","position":1,"name":"Home","item":"https:\/\/news.canadamotorjobs.com\/fr\/blog\/"},{"@type":"ListItem","position":2,"name":"La Chevrolet Bolt est officiellement morte"}]},{"@type":"WebSite","@id":"https:\/\/news.canadamotorjobs.com\/#website","url":"https:\/\/news.canadamotorjobs.com\/","name":"CanadaMotorJobs.com","description":"Automotive Jobs","publisher":{"@id":"https:\/\/news.canadamotorjobs.com\/#organization"},"potentialAction":[{"@type":"SearchAction","target":{"@type":"EntryPoint","urlTemplate":"https:\/\/news.canadamotorjobs.com\/?s={search_term_string}"},"query-input":"required name=search_term_string"}],"inLanguage":"fr-CA"},{"@type":"Organization","@id":"https:\/\/news.canadamotorjobs.com\/#organization","name":"Canada Motor Jobs","url":"https:\/\/news.canadamotorjobs.com\/","logo":{"@type":"ImageObject","inLanguage":"fr-CA","@id":"https:\/\/news.canadamotorjobs.com\/#\/schema\/logo\/image\/","url":"https:\/\/news.canadamotorjobs.com\/wp-content\/uploads\/2022\/10\/logo-canada-motor-jobs-1.png","contentUrl":"https:\/\/news.canadamotorjobs.com\/wp-content\/uploads\/2022\/10\/logo-canada-motor-jobs-1.png","width":800,"height":400,"caption":"Canada Motor Jobs"},"image":{"@id":"https:\/\/news.canadamotorjobs.com\/#\/schema\/logo\/image\/"},"sameAs":["https:\/\/www.facebook.com\/canadamotorjobs\/","https:\/\/x.com\/canadamotorjobs","https:\/\/www.instagram.com\/canadamotorjobs\/","https:\/\/www.linkedin.com\/company\/canadamotorjobs"]},{"@type":"Person","@id":"https:\/\/news.canadamotorjobs.com\/#\/schema\/person\/51793d1f87d44011d7bcc2ed99269a90","name":"Benoit Charette","image":{"@type":"ImageObject","inLanguage":"fr-CA","@id":"https:\/\/news.canadamotorjobs.com\/#\/schema\/person\/image\/","url":"https:\/\/secure.gravatar.com\/avatar\/45f3d2eebcccd909668d7ce7ea7267b6?s=96&d=mm&r=g","contentUrl":"https:\/\/secure.gravatar.com\/avatar\/45f3d2eebcccd909668d7ce7ea7267b6?s=96&d=mm&r=g","caption":"Benoit Charette"},"description":"Benoit Charette \/ Propri\u00e9taire et r\u00e9dacteur en chef Benoit Charette pratique le journalisme automobile depuis bient\u00f4t 30 ans. Il a fait ses classes au c\u00f4t\u00e9 de Daniel H\u00e9raud et au Carnet de route de 1992 \u00e0 2001. Il est fondateur, copropri\u00e9taire et r\u00e9dacteur en chef de L\u2019Annuel de l\u2019automobile, qu\u2019il publie depuis 2001. Il a anim\u00e9 les \u00e9missions RPM et RPM+ sur V et les L\u00e9gendes de la route sur Historia. \u00c0 la radio depuis 1986, il reprend l\u2019antenne cette ann\u00e9e sur les ondes de Cogeco et participe pour la deuxi\u00e8me ann\u00e9e \u00e0 l\u2019\u00e9mission Passion Auto sur RDS en plus de mettre en ligne le site Web officiel de L\u2019Annuel de l\u2019automobile sur annuelauto.ca.","sameAs":["https:\/\/annuelauto.ca\/"],"url":"https:\/\/news.canadamotorjobs.com\/fr\/author\/benoit-charette\/"}]}},"_links":{"self":[{"href":"https:\/\/news.canadamotorjobs.com\/fr\/wp-json\/wp\/v2\/posts\/143909"}],"collection":[{"href":"https:\/\/news.canadamotorjobs.com\/fr\/wp-json\/wp\/v2\/posts"}],"about":[{"href":"https:\/\/news.canadamotorjobs.com\/fr\/wp-json\/wp\/v2\/types\/post"}],"author":[{"embeddable":true,"href":"https:\/\/news.canadamotorjobs.com\/fr\/wp-json\/wp\/v2\/users\/8"}],"replies":[{"embeddable":true,"href":"https:\/\/news.canadamotorjobs.com\/fr\/wp-json\/wp\/v2\/comments?post=143909"}],"version-history":[{"count":2,"href":"https:\/\/news.canadamotorjobs.com\/fr\/wp-json\/wp\/v2\/posts\/143909\/revisions"}],"predecessor-version":[{"id":143913,"href":"https:\/\/news.canadamotorjobs.com\/fr\/wp-json\/wp\/v2\/posts\/143909\/revisions\/143913"}],"wp:featuredmedia":[{"embeddable":true,"href":"https:\/\/news.canadamotorjobs.com\/fr\/wp-json\/wp\/v2\/media\/143911"}],"wp:attachment":[{"href":"https:\/\/news.canadamotorjobs.com\/fr\/wp-json\/wp\/v2\/media?parent=143909"}],"wp:term":[{"taxonomy":"category","embeddable":true,"href":"https:\/\/news.canadamotorjobs.com\/fr\/wp-json\/wp\/v2\/categories?post=143909"},{"taxonomy":"post_tag","embeddable":true,"href":"https:\/\/news.canadamotorjobs.com\/fr\/wp-json\/wp\/v2\/tags?post=143909"}],"curies":[{"name":"wp","href":"https:\/\/api.w.org\/{rel}","templated":true}]}}