{"id":143878,"date":"2023-04-25T08:58:19","date_gmt":"2023-04-25T12:58:19","guid":{"rendered":"https:\/\/news.canadamotorjobs.com\/?p=143878"},"modified":"2023-04-25T09:00:17","modified_gmt":"2023-04-25T13:00:17","slug":"un-juge-tranche-tesla-pas-responsable-des-erreurs-de-son-autopilot","status":"publish","type":"post","link":"https:\/\/news.canadamotorjobs.com\/fr\/un-juge-tranche-tesla-pas-responsable-des-erreurs-de-son-autopilot\/","title":{"rendered":"Un juge tranche\u00a0: Tesla pas responsable des erreurs de son Autopilot"},"content":{"rendered":"<\/p>\n<p>Un juge de la Cour d\u2019\u00c9tat de Californie a tranch\u00e9 la semaine derni\u00e8re et a mis fin \u00e0 la poursuite intent\u00e9e contre Tesla par la propri\u00e9taire d\u2019une Model S qui a eu un accident de voiture en 2020 et qui accusait le syst\u00e8me Autopilot de sa voiture d\u2019\u00eatre responsable de ses nombreuses blessures. Son jugement\u00a0: Tesla n\u2019est pas responsable.<\/p>\n<p>Justine Hsu dit que sa Model S a soudainement donn\u00e9 un coup de volant et s\u2019est retrouv\u00e9e sur l\u2019accotement de la route o\u00f9 elle circulait avec le syst\u00e8me d\u2019aide avanc\u00e9e \u00e0 la conduite bien activ\u00e9, ce qui a provoqu\u00e9 le d\u00e9clenchement du coussin gonflable. Le coussin a \u00e9clat\u00e9 si brusquement qu\u2019il aurait fractur\u00e9 la m\u00e2choire de la conductrice, lui a bris\u00e9 quelques dents et a endommag\u00e9 certains nerfs dans son visage.<\/p>\n<p>Mme Hsu recevra exactement z\u00e9ro dollar en cons\u00e9quence d\u2019une poursuite pour un montant de 3 millions $ US. Le juge de la Cour sup\u00e9rieure de Los Angeles a d\u00e9clar\u00e9 que sa voiture n\u2019avait pas \u00e9t\u00e9 d\u00e9faillante, et que ses dispositifs de s\u00e9curit\u00e9 s\u2019\u00e9taient comport\u00e9s de fa\u00e7on tout \u00e0 fait s\u00e9curitaire. Il a ajout\u00e9 que Tesla n\u2019avait pas omis de partager de l\u2019information sur le comportement des syst\u00e8mes \u00e0 bord de ses voitures.<\/p>\n<p>Ce qui a donn\u00e9 raison \u00e0 Tesla est plut\u00f4t simple\u00a0: malgr\u00e9 qu\u2019il se nomme Autopilot et qu\u2019il comporte une technologie appel\u00e9e \u00abFull Self-Driving System\u00bb, Tesla indique clairement dans la documentation fournie avec ses v\u00e9hicules que leur syst\u00e8me d\u2019aide \u00e0 la conduite avanc\u00e9e n\u2019est pas un syst\u00e8me de pilotage enti\u00e8rement automatique.<\/p>\n<p>L\u2019erreur de Mme Hsu est d\u2019avoir utilis\u00e9 son syst\u00e8me en situation urbaine, malgr\u00e9 qu\u2019il soit clairement indiqu\u00e9 par Tesla que son syst\u00e8me est con\u00e7u pour l\u2019autoroute, et pas les routes en ville.<\/p>\n<p>C\u2019est un dossier qui peut sembler banal, mais il s\u2019agit de la premi\u00e8re poursuite du genre \u00e0 \u00eatre r\u00e9gl\u00e9e par la justice am\u00e9ricaine, et le PDG de Tesla Elon Musk avait d\u00e9j\u00e0 dit qu\u2019il pourrait avoir un impact crucial sur l\u2019avenir de la technologie des v\u00e9hicules autonomes.<\/p>\n<p>L\u2019impact ne sera donc pas si n\u00e9gatif que \u00e7a, m\u00eame qu\u2019au contraire, le jugement a fait r\u00e9agir positivement jusque les investisseurs \u00e0 la bourse de New York, qui ont fait bondir de 1,3% la valeur de l\u2019action de Tesla dans les heures suivant le jugement.<\/p>\n<p>\u00a0<\/p>\n<p>\u00a0<\/p>\n<p>Le texte <a rel=\"nofollow\" href=\"https:\/\/annuelauto.ca\/un-juge-tranche-tesla-pas-responsable-des-erreurs-de-son-autopilot\/\">Un juge tranche\u00a0: Tesla pas responsable des erreurs de son Autopilot<\/a> provient de <a rel=\"nofollow\" href=\"https:\/\/annuelauto.ca\">L&#8217;annuel de l&#8217;automobile &#8211; Actualit\u00e9 automobile<\/a><\/p>\n<p><\/p>\n","protected":false},"excerpt":{"rendered":"<p>Un juge de la Cour d\u2019\u00c9tat de Californie a tranch\u00e9 la semaine derni\u00e8re et a mis fin \u00e0 la poursuite intent\u00e9e contre Tesla par la propri\u00e9taire d\u2019une Model S qui a eu un accident de voiture en 2020 et qui accusait le syst\u00e8me Autopilot de sa voiture d\u2019\u00eatre responsable de ses nombreuses blessures. Son jugement\u00a0: [&hellip;]<\/p>\n","protected":false},"author":8,"featured_media":143880,"comment_status":"close","ping_status":"closed","sticky":false,"template":"","format":"standard","meta":{"_monsterinsights_skip_tracking":false,"_monsterinsights_sitenote_active":false,"_monsterinsights_sitenote_note":"","_monsterinsights_sitenote_category":0,"footnotes":""},"categories":[101],"tags":[],"yoast_head":"<!-- This site is optimized with the Yoast SEO plugin v23.2 - https:\/\/yoast.com\/wordpress\/plugins\/seo\/ -->\n<title>Un juge tranche\u00a0: Tesla pas responsable des erreurs de son Autopilot - CanadaMotorJobs.com<\/title>\n<meta name=\"description\" content=\"Un juge tranche\u00a0: Tesla pas responsable des erreurs de son Autopilot - Benoit Charette - Annuel automobile - CanadaMotorJobs.com.\" \/>\n<meta name=\"robots\" content=\"index, follow, max-snippet:-1, max-image-preview:large, max-video-preview:-1\" \/>\n<meta property=\"og:locale\" content=\"fr_CA\" \/>\n<meta property=\"og:type\" content=\"article\" \/>\n<meta property=\"og:title\" content=\"Un juge tranche\u00a0: Tesla pas responsable des erreurs de son Autopilot - CanadaMotorJobs.com\" \/>\n<meta property=\"og:description\" content=\"Un juge tranche\u00a0: Tesla pas responsable des erreurs de son Autopilot - Benoit Charette - Annuel automobile - CanadaMotorJobs.com.\" \/>\n<meta property=\"og:url\" content=\"https:\/\/news.canadamotorjobs.com\/fr\/un-juge-tranche-tesla-pas-responsable-des-erreurs-de-son-autopilot\/\" \/>\n<meta property=\"og:site_name\" content=\"CanadaMotorJobs.com\" \/>\n<meta property=\"article:publisher\" content=\"https:\/\/www.facebook.com\/canadamotorjobs\/\" \/>\n<meta property=\"article:published_time\" content=\"2023-04-25T12:58:19+00:00\" \/>\n<meta property=\"article:modified_time\" content=\"2023-04-25T13:00:17+00:00\" \/>\n<meta property=\"og:image\" content=\"https:\/\/news.canadamotorjobs.com\/wp-content\/uploads\/2023\/04\/Tesla-logo.png\" \/>\n\t<meta property=\"og:image:width\" content=\"3840\" \/>\n\t<meta property=\"og:image:height\" content=\"2160\" \/>\n\t<meta property=\"og:image:type\" content=\"image\/png\" \/>\n<meta name=\"author\" content=\"Benoit Charette\" \/>\n<meta name=\"twitter:card\" content=\"summary_large_image\" \/>\n<meta name=\"twitter:creator\" content=\"@canadamotorjobs\" \/>\n<meta name=\"twitter:site\" content=\"@canadamotorjobs\" \/>\n<meta name=\"twitter:label1\" content=\"\u00c9crit par\" \/>\n\t<meta name=\"twitter:data1\" content=\"Benoit Charette\" \/>\n\t<meta name=\"twitter:label2\" content=\"Estimation du temps de lecture\" \/>\n\t<meta name=\"twitter:data2\" content=\"2 minutes\" \/>\n<!-- \/ Yoast SEO plugin. -->","yoast_head_json":{"title":"Un juge tranche\u00a0: Tesla pas responsable des erreurs de son Autopilot - CanadaMotorJobs.com","description":"Un juge tranche\u00a0: Tesla pas responsable des erreurs de son Autopilot - Benoit Charette - Annuel automobile - CanadaMotorJobs.com.","robots":{"index":"index","follow":"follow","max-snippet":"max-snippet:-1","max-image-preview":"max-image-preview:large","max-video-preview":"max-video-preview:-1"},"og_locale":"fr_CA","og_type":"article","og_title":"Un juge tranche\u00a0: Tesla pas responsable des erreurs de son Autopilot - CanadaMotorJobs.com","og_description":"Un juge tranche\u00a0: Tesla pas responsable des erreurs de son Autopilot - Benoit Charette - Annuel automobile - CanadaMotorJobs.com.","og_url":"https:\/\/news.canadamotorjobs.com\/fr\/un-juge-tranche-tesla-pas-responsable-des-erreurs-de-son-autopilot\/","og_site_name":"CanadaMotorJobs.com","article_publisher":"https:\/\/www.facebook.com\/canadamotorjobs\/","article_published_time":"2023-04-25T12:58:19+00:00","article_modified_time":"2023-04-25T13:00:17+00:00","og_image":[{"width":3840,"height":2160,"url":"https:\/\/news.canadamotorjobs.com\/wp-content\/uploads\/2023\/04\/Tesla-logo.png","type":"image\/png"}],"author":"Benoit Charette","twitter_card":"summary_large_image","twitter_creator":"@canadamotorjobs","twitter_site":"@canadamotorjobs","twitter_misc":{"\u00c9crit par":"Benoit Charette","Estimation du temps de lecture":"2 minutes"},"schema":{"@context":"https:\/\/schema.org","@graph":[{"@type":"Article","@id":"https:\/\/news.canadamotorjobs.com\/fr\/un-juge-tranche-tesla-pas-responsable-des-erreurs-de-son-autopilot\/#article","isPartOf":{"@id":"https:\/\/news.canadamotorjobs.com\/fr\/un-juge-tranche-tesla-pas-responsable-des-erreurs-de-son-autopilot\/"},"author":{"name":"Benoit Charette","@id":"https:\/\/news.canadamotorjobs.com\/#\/schema\/person\/51793d1f87d44011d7bcc2ed99269a90"},"headline":"Un juge tranche\u00a0: Tesla pas responsable des erreurs de son Autopilot","datePublished":"2023-04-25T12:58:19+00:00","dateModified":"2023-04-25T13:00:17+00:00","mainEntityOfPage":{"@id":"https:\/\/news.canadamotorjobs.com\/fr\/un-juge-tranche-tesla-pas-responsable-des-erreurs-de-son-autopilot\/"},"wordCount":464,"publisher":{"@id":"https:\/\/news.canadamotorjobs.com\/#organization"},"image":{"@id":"https:\/\/news.canadamotorjobs.com\/fr\/un-juge-tranche-tesla-pas-responsable-des-erreurs-de-son-autopilot\/#primaryimage"},"thumbnailUrl":"https:\/\/news.canadamotorjobs.com\/wp-content\/uploads\/2023\/04\/Tesla-logo.png","articleSection":["Annuel automobile"],"inLanguage":"fr-CA"},{"@type":"WebPage","@id":"https:\/\/news.canadamotorjobs.com\/fr\/un-juge-tranche-tesla-pas-responsable-des-erreurs-de-son-autopilot\/","url":"https:\/\/news.canadamotorjobs.com\/fr\/un-juge-tranche-tesla-pas-responsable-des-erreurs-de-son-autopilot\/","name":"Un juge tranche\u00a0: Tesla pas responsable des erreurs de son Autopilot - CanadaMotorJobs.com","isPartOf":{"@id":"https:\/\/news.canadamotorjobs.com\/#website"},"primaryImageOfPage":{"@id":"https:\/\/news.canadamotorjobs.com\/fr\/un-juge-tranche-tesla-pas-responsable-des-erreurs-de-son-autopilot\/#primaryimage"},"image":{"@id":"https:\/\/news.canadamotorjobs.com\/fr\/un-juge-tranche-tesla-pas-responsable-des-erreurs-de-son-autopilot\/#primaryimage"},"thumbnailUrl":"https:\/\/news.canadamotorjobs.com\/wp-content\/uploads\/2023\/04\/Tesla-logo.png","datePublished":"2023-04-25T12:58:19+00:00","dateModified":"2023-04-25T13:00:17+00:00","description":"Un juge tranche\u00a0: Tesla pas responsable des erreurs de son Autopilot - Benoit Charette - Annuel automobile - CanadaMotorJobs.com.","breadcrumb":{"@id":"https:\/\/news.canadamotorjobs.com\/fr\/un-juge-tranche-tesla-pas-responsable-des-erreurs-de-son-autopilot\/#breadcrumb"},"inLanguage":"fr-CA","potentialAction":[{"@type":"ReadAction","target":["https:\/\/news.canadamotorjobs.com\/fr\/un-juge-tranche-tesla-pas-responsable-des-erreurs-de-son-autopilot\/"]}]},{"@type":"ImageObject","inLanguage":"fr-CA","@id":"https:\/\/news.canadamotorjobs.com\/fr\/un-juge-tranche-tesla-pas-responsable-des-erreurs-de-son-autopilot\/#primaryimage","url":"https:\/\/news.canadamotorjobs.com\/wp-content\/uploads\/2023\/04\/Tesla-logo.png","contentUrl":"https:\/\/news.canadamotorjobs.com\/wp-content\/uploads\/2023\/04\/Tesla-logo.png","width":3840,"height":2160},{"@type":"BreadcrumbList","@id":"https:\/\/news.canadamotorjobs.com\/fr\/un-juge-tranche-tesla-pas-responsable-des-erreurs-de-son-autopilot\/#breadcrumb","itemListElement":[{"@type":"ListItem","position":1,"name":"Home","item":"https:\/\/news.canadamotorjobs.com\/fr\/blog\/"},{"@type":"ListItem","position":2,"name":"Un juge tranche\u00a0: Tesla pas responsable des erreurs de son Autopilot"}]},{"@type":"WebSite","@id":"https:\/\/news.canadamotorjobs.com\/#website","url":"https:\/\/news.canadamotorjobs.com\/","name":"CanadaMotorJobs.com","description":"Automotive Jobs","publisher":{"@id":"https:\/\/news.canadamotorjobs.com\/#organization"},"potentialAction":[{"@type":"SearchAction","target":{"@type":"EntryPoint","urlTemplate":"https:\/\/news.canadamotorjobs.com\/?s={search_term_string}"},"query-input":"required name=search_term_string"}],"inLanguage":"fr-CA"},{"@type":"Organization","@id":"https:\/\/news.canadamotorjobs.com\/#organization","name":"Canada Motor Jobs","url":"https:\/\/news.canadamotorjobs.com\/","logo":{"@type":"ImageObject","inLanguage":"fr-CA","@id":"https:\/\/news.canadamotorjobs.com\/#\/schema\/logo\/image\/","url":"https:\/\/news.canadamotorjobs.com\/wp-content\/uploads\/2022\/10\/logo-canada-motor-jobs-1.png","contentUrl":"https:\/\/news.canadamotorjobs.com\/wp-content\/uploads\/2022\/10\/logo-canada-motor-jobs-1.png","width":800,"height":400,"caption":"Canada Motor Jobs"},"image":{"@id":"https:\/\/news.canadamotorjobs.com\/#\/schema\/logo\/image\/"},"sameAs":["https:\/\/www.facebook.com\/canadamotorjobs\/","https:\/\/x.com\/canadamotorjobs","https:\/\/www.instagram.com\/canadamotorjobs\/","https:\/\/www.linkedin.com\/company\/canadamotorjobs"]},{"@type":"Person","@id":"https:\/\/news.canadamotorjobs.com\/#\/schema\/person\/51793d1f87d44011d7bcc2ed99269a90","name":"Benoit Charette","image":{"@type":"ImageObject","inLanguage":"fr-CA","@id":"https:\/\/news.canadamotorjobs.com\/#\/schema\/person\/image\/","url":"https:\/\/secure.gravatar.com\/avatar\/45f3d2eebcccd909668d7ce7ea7267b6?s=96&d=mm&r=g","contentUrl":"https:\/\/secure.gravatar.com\/avatar\/45f3d2eebcccd909668d7ce7ea7267b6?s=96&d=mm&r=g","caption":"Benoit Charette"},"description":"Benoit Charette \/ Propri\u00e9taire et r\u00e9dacteur en chef Benoit Charette pratique le journalisme automobile depuis bient\u00f4t 30 ans. Il a fait ses classes au c\u00f4t\u00e9 de Daniel H\u00e9raud et au Carnet de route de 1992 \u00e0 2001. Il est fondateur, copropri\u00e9taire et r\u00e9dacteur en chef de L\u2019Annuel de l\u2019automobile, qu\u2019il publie depuis 2001. Il a anim\u00e9 les \u00e9missions RPM et RPM+ sur V et les L\u00e9gendes de la route sur Historia. \u00c0 la radio depuis 1986, il reprend l\u2019antenne cette ann\u00e9e sur les ondes de Cogeco et participe pour la deuxi\u00e8me ann\u00e9e \u00e0 l\u2019\u00e9mission Passion Auto sur RDS en plus de mettre en ligne le site Web officiel de L\u2019Annuel de l\u2019automobile sur annuelauto.ca.","sameAs":["https:\/\/annuelauto.ca\/"],"url":"https:\/\/news.canadamotorjobs.com\/fr\/author\/benoit-charette\/"}]}},"_links":{"self":[{"href":"https:\/\/news.canadamotorjobs.com\/fr\/wp-json\/wp\/v2\/posts\/143878"}],"collection":[{"href":"https:\/\/news.canadamotorjobs.com\/fr\/wp-json\/wp\/v2\/posts"}],"about":[{"href":"https:\/\/news.canadamotorjobs.com\/fr\/wp-json\/wp\/v2\/types\/post"}],"author":[{"embeddable":true,"href":"https:\/\/news.canadamotorjobs.com\/fr\/wp-json\/wp\/v2\/users\/8"}],"replies":[{"embeddable":true,"href":"https:\/\/news.canadamotorjobs.com\/fr\/wp-json\/wp\/v2\/comments?post=143878"}],"version-history":[{"count":2,"href":"https:\/\/news.canadamotorjobs.com\/fr\/wp-json\/wp\/v2\/posts\/143878\/revisions"}],"predecessor-version":[{"id":143882,"href":"https:\/\/news.canadamotorjobs.com\/fr\/wp-json\/wp\/v2\/posts\/143878\/revisions\/143882"}],"wp:featuredmedia":[{"embeddable":true,"href":"https:\/\/news.canadamotorjobs.com\/fr\/wp-json\/wp\/v2\/media\/143880"}],"wp:attachment":[{"href":"https:\/\/news.canadamotorjobs.com\/fr\/wp-json\/wp\/v2\/media?parent=143878"}],"wp:term":[{"taxonomy":"category","embeddable":true,"href":"https:\/\/news.canadamotorjobs.com\/fr\/wp-json\/wp\/v2\/categories?post=143878"},{"taxonomy":"post_tag","embeddable":true,"href":"https:\/\/news.canadamotorjobs.com\/fr\/wp-json\/wp\/v2\/tags?post=143878"}],"curies":[{"name":"wp","href":"https:\/\/api.w.org\/{rel}","templated":true}]}}