{"id":143780,"date":"2023-04-23T09:52:56","date_gmt":"2023-04-23T13:52:56","guid":{"rendered":"https:\/\/news.canadamotorjobs.com\/?p=143780"},"modified":"2023-04-23T10:03:13","modified_gmt":"2023-04-23T14:03:13","slug":"polestar-utilisera-le-site-de-lancienne-usine-saab-en-suede","status":"publish","type":"post","link":"https:\/\/news.canadamotorjobs.com\/fr\/polestar-utilisera-le-site-de-lancienne-usine-saab-en-suede\/","title":{"rendered":"Polestar utilisera le site de l\u2019ancienne usine Saab en Su\u00e8de"},"content":{"rendered":"<\/p>\n<p>Polestar qui appartient \u00e0 la Chinoise Geely qui contr\u00f4le \u00e9galement Volvo utilisera les locaux de son ancien rival SAAB \u00e0 Trollhattan dans le cadre du d\u00e9veloppement de groupe motopropulseur de la Polestar 5, une rivale de la Tesla Model S, et du roadster Polestar 6 dans un b\u00e2timent de 15 000 m\u00e8tres carr\u00e9s, a rapport\u00e9 Automobilwoche, la publication s\u0153ur d&#8217;Automotive News Europe.<\/p>\n<h3>Un centre de recherche et de d\u00e9veloppement<\/h3>\n<p>\nPolestar testera \u00e9galement les groupes motopropulseurs, les moteurs \u00e9lectriques et les batteries pour les mod\u00e8les \u00e0 venir dans le nouveau centre de recherche et de d\u00e9veloppement. Polestar louera le b\u00e2timent \u00e0 la ville de Trollhattan, selon Automobilwoche. Le site \u00e9tait auparavant utilis\u00e9 pour le d\u00e9veloppement des groupes motopropulseurs par Saab, puis par National Electric Vehicle Sweden (NEVS).<\/p>\n<h3>Plus rien depuis 2011<\/h3>\n<p>\nSaab s&#8217;est effondr\u00e9e en 2011 et NEVS a ferm\u00e9 ses portes le mois dernier. Polestar poss\u00e8de \u00e9galement des installations de recherche et d\u00e9veloppement \u00e0 G\u00f6teborg, en Su\u00e8de, \u00e0 environ 90\u00a0km au sud de Trollhattan, et \u00e0 Coventry, en Angleterre. En Angleterre, le constructeur automobile d\u00e9veloppe sa propre plate-forme l\u00e9g\u00e8re en aluminium coll\u00e9, sur laquelle reposeront les mod\u00e8les Polestar 5 et Polestar 6. La Polestar 5, qui sera \u00e9galement en concurrence avec la Porsche Taycan, devrait entrer en production en 2024 dans une usine situ\u00e9e \u00e0 Chongqing, en Chine. Le cabriolet \u00e0 toit rigide Polestar 6 sera \u00e9galement construit dans cette usine, probablement \u00e0 partir de 2025. L&#8217;usine appartient \u00e0 Geely et est exploit\u00e9e par Polestar. La nouvelle plateforme de Polestar n&#8217;a pas encore \u00e9t\u00e9 nomm\u00e9e.<\/p>\n<h3>Une architecture de 800 Volts<\/h3>\n<p>\nLes voitures partageront une architecture \u00e9lectrique de 800 volts qui, outre une puissance de pr\u00e8s de 900 chevaux, une acc\u00e9l\u00e9ration de 0 \u00e0 100\u00a0km\/h en 3,2 secondes, une vitesse maximale de 250\u00a0km\/h et une autonomie estim\u00e9e \u00e0 plus de 480\u00a0km, a indiqu\u00e9 le constructeur automobile.<\/p>\n<h3>Va-t-on produire des voitures \u00e0 Trolhatten ?<\/h3>\n<p>\nTous les mod\u00e8les Polestar sont construits dans des usines appartenant \u00e0 Volvo et Geely, Le Polestar 2 est construit \u00e0 Luqiao, en Chine, sur la plateforme CMA dans une usine appartenant \u00e0 Geely et exploit\u00e9e par Volvo. Le Polestar 3 reposera sur la plate-forme SPA2 et sera fabriqu\u00e9 dans les usines Volvo de Chengdu, en Chine, et aux \u00c9tats-Unis, pr\u00e8s de Charleston, en Caroline du Sud. Le Polestar 4 sera construit dans l&#8217;usine Geely de Hangzhou Bay, en Chine, sur la base du SEA. Polestar a pour objectif d&#8217;augmenter ses ventes mondiales de 60\u00a0% cette ann\u00e9e, pour atteindre 80 000 unit\u00e9s. Ce chiffre est inf\u00e9rieur \u00e0 ce que le constructeur automobile avait pr\u00e9vu d&#8217;atteindre dans les documents pr\u00e9par\u00e9s avant son entr\u00e9e en bourse. L&#8217;objectif pour 2023 \u00e9tait de 124 000 unit\u00e9s.<\/p>\n<p>\u00a0<\/p>\n<p>Avec des renseignements d\u2019Automotive News Europe<\/p>\n<p>\u00a0<\/p>\n<p>Le texte <a rel=\"nofollow\" href=\"https:\/\/annuelauto.ca\/polestar-utilisera-le-site-de-lancienne-usine-saab-en-suede\/\">Polestar utilisera le site de l\u2019ancienne usine Saab en Su\u00e8de<\/a> provient de <a rel=\"nofollow\" href=\"https:\/\/annuelauto.ca\">L&#8217;annuel de l&#8217;automobile &#8211; Actualit\u00e9 automobile<\/a><\/p>\n<p><\/p>\n","protected":false},"excerpt":{"rendered":"<p>Polestar qui appartient \u00e0 la Chinoise Geely qui contr\u00f4le \u00e9galement Volvo utilisera les locaux de son ancien rival SAAB \u00e0 Trollhattan dans le cadre du d\u00e9veloppement de groupe motopropulseur de la Polestar 5, une rivale de la Tesla Model S, et du roadster Polestar 6 dans un b\u00e2timent de 15 000 m\u00e8tres carr\u00e9s, a rapport\u00e9 [&hellip;]<\/p>\n","protected":false},"author":8,"featured_media":143782,"comment_status":"close","ping_status":"closed","sticky":false,"template":"","format":"standard","meta":{"_monsterinsights_skip_tracking":false,"_monsterinsights_sitenote_active":false,"_monsterinsights_sitenote_note":"","_monsterinsights_sitenote_category":0,"footnotes":""},"categories":[101],"tags":[],"yoast_head":"<!-- This site is optimized with the Yoast SEO plugin v23.2 - https:\/\/yoast.com\/wordpress\/plugins\/seo\/ -->\n<title>Polestar utilisera le site de l\u2019ancienne usine Saab en Su\u00e8de - CanadaMotorJobs.com<\/title>\n<meta name=\"description\" content=\"Polestar utilisera le site de l\u2019ancienne usine Saab en Su\u00e8de - Benoit Charette - Annuel automobile - CanadaMotorJobs.com.\" \/>\n<meta name=\"robots\" content=\"index, follow, max-snippet:-1, max-image-preview:large, max-video-preview:-1\" \/>\n<meta property=\"og:locale\" content=\"fr_CA\" \/>\n<meta property=\"og:type\" content=\"article\" \/>\n<meta property=\"og:title\" content=\"Polestar utilisera le site de l\u2019ancienne usine Saab en Su\u00e8de - CanadaMotorJobs.com\" \/>\n<meta property=\"og:description\" content=\"Polestar utilisera le site de l\u2019ancienne usine Saab en Su\u00e8de - Benoit Charette - Annuel automobile - CanadaMotorJobs.com.\" \/>\n<meta property=\"og:url\" content=\"https:\/\/news.canadamotorjobs.com\/fr\/polestar-utilisera-le-site-de-lancienne-usine-saab-en-suede\/\" \/>\n<meta property=\"og:site_name\" content=\"CanadaMotorJobs.com\" \/>\n<meta property=\"article:publisher\" content=\"https:\/\/www.facebook.com\/canadamotorjobs\/\" \/>\n<meta property=\"article:published_time\" content=\"2023-04-23T13:52:56+00:00\" \/>\n<meta property=\"article:modified_time\" content=\"2023-04-23T14:03:13+00:00\" \/>\n<meta property=\"og:image\" content=\"https:\/\/news.canadamotorjobs.com\/wp-content\/uploads\/2023\/04\/saab_factory_trollhattan_2015_08.jpg\" \/>\n\t<meta property=\"og:image:width\" content=\"1024\" \/>\n\t<meta property=\"og:image:height\" content=\"683\" \/>\n\t<meta property=\"og:image:type\" content=\"image\/jpeg\" \/>\n<meta name=\"author\" content=\"Benoit Charette\" \/>\n<meta name=\"twitter:card\" content=\"summary_large_image\" \/>\n<meta name=\"twitter:creator\" content=\"@canadamotorjobs\" \/>\n<meta name=\"twitter:site\" content=\"@canadamotorjobs\" \/>\n<meta name=\"twitter:label1\" content=\"\u00c9crit par\" \/>\n\t<meta name=\"twitter:data1\" content=\"Benoit Charette\" \/>\n\t<meta name=\"twitter:label2\" content=\"Estimation du temps de lecture\" \/>\n\t<meta name=\"twitter:data2\" content=\"2 minutes\" \/>\n<!-- \/ Yoast SEO plugin. -->","yoast_head_json":{"title":"Polestar utilisera le site de l\u2019ancienne usine Saab en Su\u00e8de - CanadaMotorJobs.com","description":"Polestar utilisera le site de l\u2019ancienne usine Saab en Su\u00e8de - Benoit Charette - Annuel automobile - CanadaMotorJobs.com.","robots":{"index":"index","follow":"follow","max-snippet":"max-snippet:-1","max-image-preview":"max-image-preview:large","max-video-preview":"max-video-preview:-1"},"og_locale":"fr_CA","og_type":"article","og_title":"Polestar utilisera le site de l\u2019ancienne usine Saab en Su\u00e8de - CanadaMotorJobs.com","og_description":"Polestar utilisera le site de l\u2019ancienne usine Saab en Su\u00e8de - Benoit Charette - Annuel automobile - CanadaMotorJobs.com.","og_url":"https:\/\/news.canadamotorjobs.com\/fr\/polestar-utilisera-le-site-de-lancienne-usine-saab-en-suede\/","og_site_name":"CanadaMotorJobs.com","article_publisher":"https:\/\/www.facebook.com\/canadamotorjobs\/","article_published_time":"2023-04-23T13:52:56+00:00","article_modified_time":"2023-04-23T14:03:13+00:00","og_image":[{"width":1024,"height":683,"url":"https:\/\/news.canadamotorjobs.com\/wp-content\/uploads\/2023\/04\/saab_factory_trollhattan_2015_08.jpg","type":"image\/jpeg"}],"author":"Benoit Charette","twitter_card":"summary_large_image","twitter_creator":"@canadamotorjobs","twitter_site":"@canadamotorjobs","twitter_misc":{"\u00c9crit par":"Benoit Charette","Estimation du temps de lecture":"2 minutes"},"schema":{"@context":"https:\/\/schema.org","@graph":[{"@type":"Article","@id":"https:\/\/news.canadamotorjobs.com\/fr\/polestar-utilisera-le-site-de-lancienne-usine-saab-en-suede\/#article","isPartOf":{"@id":"https:\/\/news.canadamotorjobs.com\/fr\/polestar-utilisera-le-site-de-lancienne-usine-saab-en-suede\/"},"author":{"name":"Benoit Charette","@id":"https:\/\/news.canadamotorjobs.com\/#\/schema\/person\/51793d1f87d44011d7bcc2ed99269a90"},"headline":"Polestar utilisera le site de l\u2019ancienne usine Saab en Su\u00e8de","datePublished":"2023-04-23T13:52:56+00:00","dateModified":"2023-04-23T14:03:13+00:00","mainEntityOfPage":{"@id":"https:\/\/news.canadamotorjobs.com\/fr\/polestar-utilisera-le-site-de-lancienne-usine-saab-en-suede\/"},"wordCount":489,"publisher":{"@id":"https:\/\/news.canadamotorjobs.com\/#organization"},"image":{"@id":"https:\/\/news.canadamotorjobs.com\/fr\/polestar-utilisera-le-site-de-lancienne-usine-saab-en-suede\/#primaryimage"},"thumbnailUrl":"https:\/\/news.canadamotorjobs.com\/wp-content\/uploads\/2023\/04\/saab_factory_trollhattan_2015_08.jpg","articleSection":["Annuel automobile"],"inLanguage":"fr-CA"},{"@type":"WebPage","@id":"https:\/\/news.canadamotorjobs.com\/fr\/polestar-utilisera-le-site-de-lancienne-usine-saab-en-suede\/","url":"https:\/\/news.canadamotorjobs.com\/fr\/polestar-utilisera-le-site-de-lancienne-usine-saab-en-suede\/","name":"Polestar utilisera le site de l\u2019ancienne usine Saab en Su\u00e8de - CanadaMotorJobs.com","isPartOf":{"@id":"https:\/\/news.canadamotorjobs.com\/#website"},"primaryImageOfPage":{"@id":"https:\/\/news.canadamotorjobs.com\/fr\/polestar-utilisera-le-site-de-lancienne-usine-saab-en-suede\/#primaryimage"},"image":{"@id":"https:\/\/news.canadamotorjobs.com\/fr\/polestar-utilisera-le-site-de-lancienne-usine-saab-en-suede\/#primaryimage"},"thumbnailUrl":"https:\/\/news.canadamotorjobs.com\/wp-content\/uploads\/2023\/04\/saab_factory_trollhattan_2015_08.jpg","datePublished":"2023-04-23T13:52:56+00:00","dateModified":"2023-04-23T14:03:13+00:00","description":"Polestar utilisera le site de l\u2019ancienne usine Saab en Su\u00e8de - Benoit Charette - Annuel automobile - CanadaMotorJobs.com.","breadcrumb":{"@id":"https:\/\/news.canadamotorjobs.com\/fr\/polestar-utilisera-le-site-de-lancienne-usine-saab-en-suede\/#breadcrumb"},"inLanguage":"fr-CA","potentialAction":[{"@type":"ReadAction","target":["https:\/\/news.canadamotorjobs.com\/fr\/polestar-utilisera-le-site-de-lancienne-usine-saab-en-suede\/"]}]},{"@type":"ImageObject","inLanguage":"fr-CA","@id":"https:\/\/news.canadamotorjobs.com\/fr\/polestar-utilisera-le-site-de-lancienne-usine-saab-en-suede\/#primaryimage","url":"https:\/\/news.canadamotorjobs.com\/wp-content\/uploads\/2023\/04\/saab_factory_trollhattan_2015_08.jpg","contentUrl":"https:\/\/news.canadamotorjobs.com\/wp-content\/uploads\/2023\/04\/saab_factory_trollhattan_2015_08.jpg","width":1024,"height":683},{"@type":"BreadcrumbList","@id":"https:\/\/news.canadamotorjobs.com\/fr\/polestar-utilisera-le-site-de-lancienne-usine-saab-en-suede\/#breadcrumb","itemListElement":[{"@type":"ListItem","position":1,"name":"Home","item":"https:\/\/news.canadamotorjobs.com\/fr\/blog\/"},{"@type":"ListItem","position":2,"name":"Polestar utilisera le site de l\u2019ancienne usine Saab en Su\u00e8de"}]},{"@type":"WebSite","@id":"https:\/\/news.canadamotorjobs.com\/#website","url":"https:\/\/news.canadamotorjobs.com\/","name":"CanadaMotorJobs.com","description":"Automotive Jobs","publisher":{"@id":"https:\/\/news.canadamotorjobs.com\/#organization"},"potentialAction":[{"@type":"SearchAction","target":{"@type":"EntryPoint","urlTemplate":"https:\/\/news.canadamotorjobs.com\/?s={search_term_string}"},"query-input":"required name=search_term_string"}],"inLanguage":"fr-CA"},{"@type":"Organization","@id":"https:\/\/news.canadamotorjobs.com\/#organization","name":"Canada Motor Jobs","url":"https:\/\/news.canadamotorjobs.com\/","logo":{"@type":"ImageObject","inLanguage":"fr-CA","@id":"https:\/\/news.canadamotorjobs.com\/#\/schema\/logo\/image\/","url":"https:\/\/news.canadamotorjobs.com\/wp-content\/uploads\/2022\/10\/logo-canada-motor-jobs-1.png","contentUrl":"https:\/\/news.canadamotorjobs.com\/wp-content\/uploads\/2022\/10\/logo-canada-motor-jobs-1.png","width":800,"height":400,"caption":"Canada Motor Jobs"},"image":{"@id":"https:\/\/news.canadamotorjobs.com\/#\/schema\/logo\/image\/"},"sameAs":["https:\/\/www.facebook.com\/canadamotorjobs\/","https:\/\/x.com\/canadamotorjobs","https:\/\/www.instagram.com\/canadamotorjobs\/","https:\/\/www.linkedin.com\/company\/canadamotorjobs"]},{"@type":"Person","@id":"https:\/\/news.canadamotorjobs.com\/#\/schema\/person\/51793d1f87d44011d7bcc2ed99269a90","name":"Benoit Charette","image":{"@type":"ImageObject","inLanguage":"fr-CA","@id":"https:\/\/news.canadamotorjobs.com\/#\/schema\/person\/image\/","url":"https:\/\/secure.gravatar.com\/avatar\/45f3d2eebcccd909668d7ce7ea7267b6?s=96&d=mm&r=g","contentUrl":"https:\/\/secure.gravatar.com\/avatar\/45f3d2eebcccd909668d7ce7ea7267b6?s=96&d=mm&r=g","caption":"Benoit Charette"},"description":"Benoit Charette \/ Propri\u00e9taire et r\u00e9dacteur en chef Benoit Charette pratique le journalisme automobile depuis bient\u00f4t 30 ans. Il a fait ses classes au c\u00f4t\u00e9 de Daniel H\u00e9raud et au Carnet de route de 1992 \u00e0 2001. Il est fondateur, copropri\u00e9taire et r\u00e9dacteur en chef de L\u2019Annuel de l\u2019automobile, qu\u2019il publie depuis 2001. Il a anim\u00e9 les \u00e9missions RPM et RPM+ sur V et les L\u00e9gendes de la route sur Historia. \u00c0 la radio depuis 1986, il reprend l\u2019antenne cette ann\u00e9e sur les ondes de Cogeco et participe pour la deuxi\u00e8me ann\u00e9e \u00e0 l\u2019\u00e9mission Passion Auto sur RDS en plus de mettre en ligne le site Web officiel de L\u2019Annuel de l\u2019automobile sur annuelauto.ca.","sameAs":["https:\/\/annuelauto.ca\/"],"url":"https:\/\/news.canadamotorjobs.com\/fr\/author\/benoit-charette\/"}]}},"_links":{"self":[{"href":"https:\/\/news.canadamotorjobs.com\/fr\/wp-json\/wp\/v2\/posts\/143780"}],"collection":[{"href":"https:\/\/news.canadamotorjobs.com\/fr\/wp-json\/wp\/v2\/posts"}],"about":[{"href":"https:\/\/news.canadamotorjobs.com\/fr\/wp-json\/wp\/v2\/types\/post"}],"author":[{"embeddable":true,"href":"https:\/\/news.canadamotorjobs.com\/fr\/wp-json\/wp\/v2\/users\/8"}],"replies":[{"embeddable":true,"href":"https:\/\/news.canadamotorjobs.com\/fr\/wp-json\/wp\/v2\/comments?post=143780"}],"version-history":[{"count":2,"href":"https:\/\/news.canadamotorjobs.com\/fr\/wp-json\/wp\/v2\/posts\/143780\/revisions"}],"predecessor-version":[{"id":143784,"href":"https:\/\/news.canadamotorjobs.com\/fr\/wp-json\/wp\/v2\/posts\/143780\/revisions\/143784"}],"wp:featuredmedia":[{"embeddable":true,"href":"https:\/\/news.canadamotorjobs.com\/fr\/wp-json\/wp\/v2\/media\/143782"}],"wp:attachment":[{"href":"https:\/\/news.canadamotorjobs.com\/fr\/wp-json\/wp\/v2\/media?parent=143780"}],"wp:term":[{"taxonomy":"category","embeddable":true,"href":"https:\/\/news.canadamotorjobs.com\/fr\/wp-json\/wp\/v2\/categories?post=143780"},{"taxonomy":"post_tag","embeddable":true,"href":"https:\/\/news.canadamotorjobs.com\/fr\/wp-json\/wp\/v2\/tags?post=143780"}],"curies":[{"name":"wp","href":"https:\/\/api.w.org\/{rel}","templated":true}]}}