{"id":143761,"date":"2023-04-22T07:08:08","date_gmt":"2023-04-22T11:08:08","guid":{"rendered":"https:\/\/news.canadamotorjobs.com\/?p=143761"},"modified":"2023-04-26T10:35:50","modified_gmt":"2023-04-26T14:35:50","slug":"une-batterie-deux-fois-plus-dense-et-deux-plus-legere","status":"publish","type":"post","link":"https:\/\/news.canadamotorjobs.com\/fr\/une-batterie-deux-fois-plus-dense-et-deux-plus-legere\/","title":{"rendered":"Une batterie deux fois plus dense et deux fois plus l\u00e9g\u00e8re"},"content":{"rendered":"<p>Le g\u00e9ant chinois des batteries CATL, qui s\u2019est r\u00e9cemment associ\u00e9 \u00e0 Ford, a lanc\u00e9 un nouveau type de cellule radicale avec une densit\u00e9 \u00e9nerg\u00e9tique de 500&nbsp;Wh par kilos qui pourrait permettre aux voitures \u00e9lectriques d&#8217;utiliser des batteries beaucoup plus l\u00e9g\u00e8res et d&#8217;offrir presque le double d\u2019autonomie.<\/p>\n<h3>Une avanc\u00e9e significative<\/h3>\n<p>Il s&#8217;agit d&#8217;une avanc\u00e9e importante dans la technologie des batteries : les cellules 2170 de Panasonic utilis\u00e9es dans la Tesla Model 3 ont une densit\u00e9 d&#8217;environ 260&nbsp;Wh par kilos, et sont parmi les plus performantes sur le march\u00e9 en ce moment. CATL promet le double de ce rendement. Selon le fabricant chinois, une version &#8220;de qualit\u00e9 automobile&#8221; des nouvelles cellules condens\u00e9es entrera en production de masse d&#8217;ici la fin de l&#8217;ann\u00e9e. Dans un premier temps, l&#8217;accent est mis sur l&#8217;exp\u00e9rimentation de la nouvelle technologie dans le domaine de l&#8217;aviation. Selon CATL, ces nouvelles batteries pourraient permettre de r\u00e9aliser le premier avion de ligne \u00e9lectrique.<\/p>\n<h3>Une batterie plus l\u00e9g\u00e8re<\/h3>\n<p>La nouvelle technologie pourrait permettre d&#8217;obtenir des batteries de 100&nbsp;kWh ne pesant que 200&nbsp;kg, ce qui repr\u00e9sente une r\u00e9duction significative par rapport aux cellules actuelles. \u00c0 titre de comparaison, la batterie lithium-ion de 83,7&nbsp;kWh qui \u00e9quipe l&#8217;Audi E-tron GT p\u00e8se 630&nbsp;kg. Des batteries plus petites et plus l\u00e9g\u00e8res ouvrent un monde d&#8217;opportunit\u00e9s pour les constructeurs de voitures \u00e9lectriques, cr\u00e9ant un potentiel pour des v\u00e9hicules \u00e9lectriques urbains compacts avec une plus grande autonomie et des voitures de sport l\u00e9g\u00e8res, par exemple, et dans tous les segments, elles pourraient permettre une r\u00e9duction de la hauteur de conduite et une augmentation de l&#8217;espace int\u00e9rieur.<\/p>\n<h3>Des ententes avec BMW et Ford<\/h3>\n<p>CATL a conclu plusieurs partenariats avec des fabricants de v\u00e9hicules \u00e9lectriques, dont BMW (\u00e0 qui il fournira des cellules cylindriques \u00e0 partir de 2025) et Ford (qui utilisera sous licence la technologie lithium-fer-phosphate de CATL pour fabriquer des cellules dans le Michigan, aux \u00c9tats-Unis). Les nouvelles cellules condens\u00e9es pourraient donc \u00eatre destin\u00e9es \u00e0 un grand nombre de mod\u00e8les. Toutefois, la premi\u00e8re s\u00e9rie sera tr\u00e8s probablement utilis\u00e9e dans des voitures de luxe \u00e0 faible volume, et les prix devraient \u00eatre \u00e9lev\u00e9s lorsque la production commencera \u00e0 s&#8217;intensifier.<\/p>\n<p>Avec des renseignements d\u2019Autocar<\/p>\n<p>Le texte <a rel=\"nofollow\" href=\"https:\/\/annuelauto.ca\/une-batterie-deux-fois-plus-dense-et-deux-plus-legere\/\">Une batterie deux fois plus dense et deux plus l\u00e9g\u00e8re<\/a> provient de <a rel=\"nofollow\" href=\"https:\/\/annuelauto.ca\">L&#8217;annuel de l&#8217;automobile &#8211; Actualit\u00e9 automobile<\/a><\/p>\n","protected":false},"excerpt":{"rendered":"<p>Le g\u00e9ant chinois des batteries CATL, qui s\u2019est r\u00e9cemment associ\u00e9 \u00e0 Ford, a lanc\u00e9 un nouveau type de cellule radicale avec une densit\u00e9 \u00e9nerg\u00e9tique de 500&nbsp;Wh par kilos qui pourrait permettre aux voitures \u00e9lectriques d&#8217;utiliser des batteries beaucoup plus l\u00e9g\u00e8res et d&#8217;offrir presque le double d\u2019autonomie. Une avanc\u00e9e significative Il s&#8217;agit d&#8217;une avanc\u00e9e importante dans [&hellip;]<\/p>\n","protected":false},"author":8,"featured_media":143763,"comment_status":"close","ping_status":"closed","sticky":false,"template":"","format":"standard","meta":{"_monsterinsights_skip_tracking":false,"_monsterinsights_sitenote_active":false,"_monsterinsights_sitenote_note":"","_monsterinsights_sitenote_category":0,"footnotes":""},"categories":[101],"tags":[],"yoast_head":"<!-- This site is optimized with the Yoast SEO plugin v23.2 - https:\/\/yoast.com\/wordpress\/plugins\/seo\/ -->\n<title>Une batterie deux fois plus dense et deux fois plus l\u00e9g\u00e8re - CanadaMotorJobs.com<\/title>\n<meta name=\"description\" content=\"Une batterie deux fois plus dense et deux fois plus l\u00e9g\u00e8re - Benoit Charette - Annuel automobile - CanadaMotorJobs.com.\" \/>\n<meta name=\"robots\" content=\"index, follow, max-snippet:-1, max-image-preview:large, max-video-preview:-1\" \/>\n<meta property=\"og:locale\" content=\"fr_CA\" \/>\n<meta property=\"og:type\" content=\"article\" \/>\n<meta property=\"og:title\" content=\"Une batterie deux fois plus dense et deux fois plus l\u00e9g\u00e8re - CanadaMotorJobs.com\" \/>\n<meta property=\"og:description\" content=\"Une batterie deux fois plus dense et deux fois plus l\u00e9g\u00e8re - Benoit Charette - Annuel automobile - CanadaMotorJobs.com.\" \/>\n<meta property=\"og:url\" content=\"https:\/\/news.canadamotorjobs.com\/fr\/une-batterie-deux-fois-plus-dense-et-deux-plus-legere\/\" \/>\n<meta property=\"og:site_name\" content=\"CanadaMotorJobs.com\" \/>\n<meta property=\"article:publisher\" content=\"https:\/\/www.facebook.com\/canadamotorjobs\/\" \/>\n<meta property=\"article:published_time\" content=\"2023-04-22T11:08:08+00:00\" \/>\n<meta property=\"article:modified_time\" content=\"2023-04-26T14:35:50+00:00\" \/>\n<meta property=\"og:image\" content=\"https:\/\/news.canadamotorjobs.com\/wp-content\/uploads\/2023\/04\/2023-CATL-Condensed-Battery-Tech1-1024x576-1.jpg\" \/>\n\t<meta property=\"og:image:width\" content=\"1024\" \/>\n\t<meta property=\"og:image:height\" content=\"576\" \/>\n\t<meta property=\"og:image:type\" content=\"image\/jpeg\" \/>\n<meta name=\"author\" content=\"Benoit Charette\" \/>\n<meta name=\"twitter:card\" content=\"summary_large_image\" \/>\n<meta name=\"twitter:creator\" content=\"@canadamotorjobs\" \/>\n<meta name=\"twitter:site\" content=\"@canadamotorjobs\" \/>\n<meta name=\"twitter:label1\" content=\"\u00c9crit par\" \/>\n\t<meta name=\"twitter:data1\" content=\"Benoit Charette\" \/>\n\t<meta name=\"twitter:label2\" content=\"Estimation du temps de lecture\" \/>\n\t<meta name=\"twitter:data2\" content=\"2 minutes\" \/>\n<!-- \/ Yoast SEO plugin. -->","yoast_head_json":{"title":"Une batterie deux fois plus dense et deux fois plus l\u00e9g\u00e8re - CanadaMotorJobs.com","description":"Une batterie deux fois plus dense et deux fois plus l\u00e9g\u00e8re - Benoit Charette - Annuel automobile - CanadaMotorJobs.com.","robots":{"index":"index","follow":"follow","max-snippet":"max-snippet:-1","max-image-preview":"max-image-preview:large","max-video-preview":"max-video-preview:-1"},"og_locale":"fr_CA","og_type":"article","og_title":"Une batterie deux fois plus dense et deux fois plus l\u00e9g\u00e8re - CanadaMotorJobs.com","og_description":"Une batterie deux fois plus dense et deux fois plus l\u00e9g\u00e8re - Benoit Charette - Annuel automobile - CanadaMotorJobs.com.","og_url":"https:\/\/news.canadamotorjobs.com\/fr\/une-batterie-deux-fois-plus-dense-et-deux-plus-legere\/","og_site_name":"CanadaMotorJobs.com","article_publisher":"https:\/\/www.facebook.com\/canadamotorjobs\/","article_published_time":"2023-04-22T11:08:08+00:00","article_modified_time":"2023-04-26T14:35:50+00:00","og_image":[{"width":1024,"height":576,"url":"https:\/\/news.canadamotorjobs.com\/wp-content\/uploads\/2023\/04\/2023-CATL-Condensed-Battery-Tech1-1024x576-1.jpg","type":"image\/jpeg"}],"author":"Benoit Charette","twitter_card":"summary_large_image","twitter_creator":"@canadamotorjobs","twitter_site":"@canadamotorjobs","twitter_misc":{"\u00c9crit par":"Benoit Charette","Estimation du temps de lecture":"2 minutes"},"schema":{"@context":"https:\/\/schema.org","@graph":[{"@type":"Article","@id":"https:\/\/news.canadamotorjobs.com\/fr\/une-batterie-deux-fois-plus-dense-et-deux-plus-legere\/#article","isPartOf":{"@id":"https:\/\/news.canadamotorjobs.com\/fr\/une-batterie-deux-fois-plus-dense-et-deux-plus-legere\/"},"author":{"name":"Benoit Charette","@id":"https:\/\/news.canadamotorjobs.com\/#\/schema\/person\/51793d1f87d44011d7bcc2ed99269a90"},"headline":"Une batterie deux fois plus dense et deux fois plus l\u00e9g\u00e8re","datePublished":"2023-04-22T11:08:08+00:00","dateModified":"2023-04-26T14:35:50+00:00","mainEntityOfPage":{"@id":"https:\/\/news.canadamotorjobs.com\/fr\/une-batterie-deux-fois-plus-dense-et-deux-plus-legere\/"},"wordCount":439,"publisher":{"@id":"https:\/\/news.canadamotorjobs.com\/#organization"},"image":{"@id":"https:\/\/news.canadamotorjobs.com\/fr\/une-batterie-deux-fois-plus-dense-et-deux-plus-legere\/#primaryimage"},"thumbnailUrl":"https:\/\/news.canadamotorjobs.com\/wp-content\/uploads\/2023\/04\/2023-CATL-Condensed-Battery-Tech1-1024x576-1.jpg","articleSection":["Annuel automobile"],"inLanguage":"fr-CA"},{"@type":"WebPage","@id":"https:\/\/news.canadamotorjobs.com\/fr\/une-batterie-deux-fois-plus-dense-et-deux-plus-legere\/","url":"https:\/\/news.canadamotorjobs.com\/fr\/une-batterie-deux-fois-plus-dense-et-deux-plus-legere\/","name":"Une batterie deux fois plus dense et deux fois plus l\u00e9g\u00e8re - CanadaMotorJobs.com","isPartOf":{"@id":"https:\/\/news.canadamotorjobs.com\/#website"},"primaryImageOfPage":{"@id":"https:\/\/news.canadamotorjobs.com\/fr\/une-batterie-deux-fois-plus-dense-et-deux-plus-legere\/#primaryimage"},"image":{"@id":"https:\/\/news.canadamotorjobs.com\/fr\/une-batterie-deux-fois-plus-dense-et-deux-plus-legere\/#primaryimage"},"thumbnailUrl":"https:\/\/news.canadamotorjobs.com\/wp-content\/uploads\/2023\/04\/2023-CATL-Condensed-Battery-Tech1-1024x576-1.jpg","datePublished":"2023-04-22T11:08:08+00:00","dateModified":"2023-04-26T14:35:50+00:00","description":"Une batterie deux fois plus dense et deux fois plus l\u00e9g\u00e8re - Benoit Charette - Annuel automobile - CanadaMotorJobs.com.","breadcrumb":{"@id":"https:\/\/news.canadamotorjobs.com\/fr\/une-batterie-deux-fois-plus-dense-et-deux-plus-legere\/#breadcrumb"},"inLanguage":"fr-CA","potentialAction":[{"@type":"ReadAction","target":["https:\/\/news.canadamotorjobs.com\/fr\/une-batterie-deux-fois-plus-dense-et-deux-plus-legere\/"]}]},{"@type":"ImageObject","inLanguage":"fr-CA","@id":"https:\/\/news.canadamotorjobs.com\/fr\/une-batterie-deux-fois-plus-dense-et-deux-plus-legere\/#primaryimage","url":"https:\/\/news.canadamotorjobs.com\/wp-content\/uploads\/2023\/04\/2023-CATL-Condensed-Battery-Tech1-1024x576-1.jpg","contentUrl":"https:\/\/news.canadamotorjobs.com\/wp-content\/uploads\/2023\/04\/2023-CATL-Condensed-Battery-Tech1-1024x576-1.jpg","width":1024,"height":576},{"@type":"BreadcrumbList","@id":"https:\/\/news.canadamotorjobs.com\/fr\/une-batterie-deux-fois-plus-dense-et-deux-plus-legere\/#breadcrumb","itemListElement":[{"@type":"ListItem","position":1,"name":"Home","item":"https:\/\/news.canadamotorjobs.com\/fr\/blog\/"},{"@type":"ListItem","position":2,"name":"Une batterie deux fois plus dense et deux fois plus l\u00e9g\u00e8re"}]},{"@type":"WebSite","@id":"https:\/\/news.canadamotorjobs.com\/#website","url":"https:\/\/news.canadamotorjobs.com\/","name":"CanadaMotorJobs.com","description":"Automotive Jobs","publisher":{"@id":"https:\/\/news.canadamotorjobs.com\/#organization"},"potentialAction":[{"@type":"SearchAction","target":{"@type":"EntryPoint","urlTemplate":"https:\/\/news.canadamotorjobs.com\/?s={search_term_string}"},"query-input":"required name=search_term_string"}],"inLanguage":"fr-CA"},{"@type":"Organization","@id":"https:\/\/news.canadamotorjobs.com\/#organization","name":"Canada Motor Jobs","url":"https:\/\/news.canadamotorjobs.com\/","logo":{"@type":"ImageObject","inLanguage":"fr-CA","@id":"https:\/\/news.canadamotorjobs.com\/#\/schema\/logo\/image\/","url":"https:\/\/news.canadamotorjobs.com\/wp-content\/uploads\/2022\/10\/logo-canada-motor-jobs-1.png","contentUrl":"https:\/\/news.canadamotorjobs.com\/wp-content\/uploads\/2022\/10\/logo-canada-motor-jobs-1.png","width":800,"height":400,"caption":"Canada Motor Jobs"},"image":{"@id":"https:\/\/news.canadamotorjobs.com\/#\/schema\/logo\/image\/"},"sameAs":["https:\/\/www.facebook.com\/canadamotorjobs\/","https:\/\/x.com\/canadamotorjobs","https:\/\/www.instagram.com\/canadamotorjobs\/","https:\/\/www.linkedin.com\/company\/canadamotorjobs"]},{"@type":"Person","@id":"https:\/\/news.canadamotorjobs.com\/#\/schema\/person\/51793d1f87d44011d7bcc2ed99269a90","name":"Benoit Charette","image":{"@type":"ImageObject","inLanguage":"fr-CA","@id":"https:\/\/news.canadamotorjobs.com\/#\/schema\/person\/image\/","url":"https:\/\/secure.gravatar.com\/avatar\/45f3d2eebcccd909668d7ce7ea7267b6?s=96&d=mm&r=g","contentUrl":"https:\/\/secure.gravatar.com\/avatar\/45f3d2eebcccd909668d7ce7ea7267b6?s=96&d=mm&r=g","caption":"Benoit Charette"},"description":"Benoit Charette \/ Propri\u00e9taire et r\u00e9dacteur en chef Benoit Charette pratique le journalisme automobile depuis bient\u00f4t 30 ans. Il a fait ses classes au c\u00f4t\u00e9 de Daniel H\u00e9raud et au Carnet de route de 1992 \u00e0 2001. Il est fondateur, copropri\u00e9taire et r\u00e9dacteur en chef de L\u2019Annuel de l\u2019automobile, qu\u2019il publie depuis 2001. Il a anim\u00e9 les \u00e9missions RPM et RPM+ sur V et les L\u00e9gendes de la route sur Historia. \u00c0 la radio depuis 1986, il reprend l\u2019antenne cette ann\u00e9e sur les ondes de Cogeco et participe pour la deuxi\u00e8me ann\u00e9e \u00e0 l\u2019\u00e9mission Passion Auto sur RDS en plus de mettre en ligne le site Web officiel de L\u2019Annuel de l\u2019automobile sur annuelauto.ca.","sameAs":["https:\/\/annuelauto.ca\/"],"url":"https:\/\/news.canadamotorjobs.com\/fr\/author\/benoit-charette\/"}]}},"_links":{"self":[{"href":"https:\/\/news.canadamotorjobs.com\/fr\/wp-json\/wp\/v2\/posts\/143761"}],"collection":[{"href":"https:\/\/news.canadamotorjobs.com\/fr\/wp-json\/wp\/v2\/posts"}],"about":[{"href":"https:\/\/news.canadamotorjobs.com\/fr\/wp-json\/wp\/v2\/types\/post"}],"author":[{"embeddable":true,"href":"https:\/\/news.canadamotorjobs.com\/fr\/wp-json\/wp\/v2\/users\/8"}],"replies":[{"embeddable":true,"href":"https:\/\/news.canadamotorjobs.com\/fr\/wp-json\/wp\/v2\/comments?post=143761"}],"version-history":[{"count":3,"href":"https:\/\/news.canadamotorjobs.com\/fr\/wp-json\/wp\/v2\/posts\/143761\/revisions"}],"predecessor-version":[{"id":144001,"href":"https:\/\/news.canadamotorjobs.com\/fr\/wp-json\/wp\/v2\/posts\/143761\/revisions\/144001"}],"wp:featuredmedia":[{"embeddable":true,"href":"https:\/\/news.canadamotorjobs.com\/fr\/wp-json\/wp\/v2\/media\/143763"}],"wp:attachment":[{"href":"https:\/\/news.canadamotorjobs.com\/fr\/wp-json\/wp\/v2\/media?parent=143761"}],"wp:term":[{"taxonomy":"category","embeddable":true,"href":"https:\/\/news.canadamotorjobs.com\/fr\/wp-json\/wp\/v2\/categories?post=143761"},{"taxonomy":"post_tag","embeddable":true,"href":"https:\/\/news.canadamotorjobs.com\/fr\/wp-json\/wp\/v2\/tags?post=143761"}],"curies":[{"name":"wp","href":"https:\/\/api.w.org\/{rel}","templated":true}]}}