{"id":143738,"date":"2023-04-22T06:48:19","date_gmt":"2023-04-22T10:48:19","guid":{"rendered":"https:\/\/news.canadamotorjobs.com\/?p=143738"},"modified":"2023-04-22T07:03:42","modified_gmt":"2023-04-22T11:03:42","slug":"elon-musk-affirme-quune-tesla-entierement-autonome-sera-disponible-cette-annee","status":"publish","type":"post","link":"https:\/\/news.canadamotorjobs.com\/fr\/elon-musk-affirme-quune-tesla-entierement-autonome-sera-disponible-cette-annee\/","title":{"rendered":"Elon Musk affirme qu\u2019une Tesla enti\u00e8rement autonome sera disponible cette ann\u00e9e"},"content":{"rendered":"<\/p>\n<p>Encore une autre affirmation farfelue du grand patron de Tesla. Je me permets d\u2019intervenir dans ce dossier simplement pour avertir les automobilistes que nous sommes encore tr\u00e8s loin de l\u2019autonomie \u00e0 bord d\u2019une voiture. \u00c0 en croire le PDG de Tesla, qui a fait cette d\u00e9claration lors d&#8217;une conf\u00e9rence t\u00e9l\u00e9phonique sur les r\u00e9sultats du premier trimestre de cette ann\u00e9e, &#8220;La tendance est tr\u00e8s clairement \u00e0 la conduite autonome, \u00e0 l&#8217;autonomie compl\u00e8te&#8221;, a d\u00e9clar\u00e9 M. Musk. &#8220;Et j&#8217;h\u00e9site \u00e0 le dire, mais je pense que nous y parviendrons cette ann\u00e9e.\u00a0 Heureusement qu\u2019il a h\u00e9sit\u00e9 \u00e0 le dire, car personne dans l\u2019industrie n\u2019est pr\u00eat \u00e0 l\u2019autonomie.<\/p>\n<h3>La situation sur l\u2019autonomie au volant<\/h3>\n<p>\nElon Musk a tendance \u00e0 promettre trop et \u00e0 ne pas tenir ses promesses. \u00c0 la fin de l&#8217;ann\u00e9e 2021, il a affirm\u00e9 que Tesla atteindrait &#8220;tr\u00e8s probablement&#8221; l&#8217;autonomie de niveau 4 en 2022. En 2023, Tesla n&#8217;a toujours pas atteint le niveau 3. Dans les faits, la seule compagnie automobile qui a atteint le niveau 3 en ce moment est le groupe Mercedes en Allemagne et bient\u00f4t aux \u00c9tats-Unis. Rappelons qu\u2019une autonomie de niveau 3 permet au conducteur de laisser le volant, sans quitter la route des yeux en demeurant en contr\u00f4le \u00e0 tout moment. Le niveau 4 est le d\u00e9but de la pleine autonomie ou vous pouvez quitter les yeux de la route et faire autre chose et un niveau 5 n\u2019a plus besoin de volant. Nous sommes encore tr\u00e8s loin de cette r\u00e9alit\u00e9.<\/p>\n<h3>Pas d\u2019autonomie compl\u00e8te \u00e0 court ou moyen terme<\/h3>\n<p>\nLa grande majorit\u00e9 des syst\u00e8mes d&#8217;aide \u00e0 la conduite qui ont \u00e9t\u00e9 largement adopt\u00e9s se situent entre le niveau 1 et le niveau 2, o\u00f9 des fonctions telles que l&#8217;assistance au maintien de la trajectoire et le contr\u00f4le adaptatif sont utilis\u00e9es. Tesla, malgr\u00e9 toutes les affirmations de son PDG offre autonomie de niveau 2 m\u00eame avec l\u2019option FSD. Sachez qu\u2019au niveau 3, un constructeur est tenu responsable en cas de panne des syst\u00e8mes et aussi responsable en cas d\u2019accident. C\u2019est pour cela que les compagnies h\u00e9sitent \u00e0 faire le saut au niveau 3. Il faut \u00eatre profond\u00e9ment convaincu que tout l\u2019\u00e9lectronique est sans faille et seul Mercedes s\u2019est aventur\u00e9 dans cette voie \u00e0 ce jour.<\/p>\n<h3>Tesla a tendance \u00e0 surpromettre<\/h3>\n<p>\nLes affirmations relatives \u00e0 la conduite autonome doivent \u00eatre prises tr\u00e8s au s\u00e9rieux, car des gens boivent les paroles d\u2019Elon Musk et croient qu\u2019une tesla peut rouler sans intervention humaine.\u00a0 Les cam\u00e9ras et les radars ne suffisent pas \u00e0 identifier les obstacles potentiels, et c&#8217;est l\u00e0 que le LiDAR devient crucial. Pire encore, Tesla a supprim\u00e9 les capteurs \u00e0 ultrasons de ses petites Model 3 et Model Y l&#8217;ann\u00e9e derni\u00e8re, choisissant de s&#8217;appuyer exclusivement sur les cam\u00e9ras. Alors, si vous achetez une Tesla, garder vos yeux sur la route et les mains sur le volant.<\/p>\n<p>Avec des renseignements de Carbuzz<\/p>\n<p>\u00a0<\/p>\n<p>Le texte <a rel=\"nofollow\" href=\"https:\/\/annuelauto.ca\/elon-musk-affirme-quune-tesla-entierement-autonome-sera-disponible-cette-annee\/\">Elon Musk affirme qu\u2019une Tesla enti\u00e8rement autonome sera disponible cette ann\u00e9e<\/a> provient de <a rel=\"nofollow\" href=\"https:\/\/annuelauto.ca\">L&#8217;annuel de l&#8217;automobile &#8211; Actualit\u00e9 automobile<\/a><\/p>\n<p><\/p>\n","protected":false},"excerpt":{"rendered":"<p>Encore une autre affirmation farfelue du grand patron de Tesla. Je me permets d\u2019intervenir dans ce dossier simplement pour avertir les automobilistes que nous sommes encore tr\u00e8s loin de l\u2019autonomie \u00e0 bord d\u2019une voiture. \u00c0 en croire le PDG de Tesla, qui a fait cette d\u00e9claration lors d&#8217;une conf\u00e9rence t\u00e9l\u00e9phonique sur les r\u00e9sultats du premier [&hellip;]<\/p>\n","protected":false},"author":8,"featured_media":143740,"comment_status":"close","ping_status":"closed","sticky":false,"template":"","format":"standard","meta":{"_monsterinsights_skip_tracking":false,"_monsterinsights_sitenote_active":false,"_monsterinsights_sitenote_note":"","_monsterinsights_sitenote_category":0,"footnotes":""},"categories":[101],"tags":[],"yoast_head":"<!-- This site is optimized with the Yoast SEO plugin v23.2 - https:\/\/yoast.com\/wordpress\/plugins\/seo\/ -->\n<title>Elon Musk affirme qu\u2019une Tesla enti\u00e8rement autonome sera disponible cette ann\u00e9e - CanadaMotorJobs.com<\/title>\n<meta name=\"description\" content=\"Elon Musk affirme qu\u2019une Tesla enti\u00e8rement autonome sera disponible cette ann\u00e9e - Benoit Charette - Annuel automobile - CanadaMotorJobs.com.\" \/>\n<meta name=\"robots\" content=\"index, follow, max-snippet:-1, max-image-preview:large, max-video-preview:-1\" \/>\n<meta property=\"og:locale\" content=\"fr_CA\" \/>\n<meta property=\"og:type\" content=\"article\" \/>\n<meta property=\"og:title\" content=\"Elon Musk affirme qu\u2019une Tesla enti\u00e8rement autonome sera disponible cette ann\u00e9e - CanadaMotorJobs.com\" \/>\n<meta property=\"og:description\" content=\"Elon Musk affirme qu\u2019une Tesla enti\u00e8rement autonome sera disponible cette ann\u00e9e - Benoit Charette - Annuel automobile - CanadaMotorJobs.com.\" \/>\n<meta property=\"og:url\" content=\"https:\/\/news.canadamotorjobs.com\/fr\/elon-musk-affirme-quune-tesla-entierement-autonome-sera-disponible-cette-annee\/\" \/>\n<meta property=\"og:site_name\" content=\"CanadaMotorJobs.com\" \/>\n<meta property=\"article:publisher\" content=\"https:\/\/www.facebook.com\/canadamotorjobs\/\" \/>\n<meta property=\"article:published_time\" content=\"2023-04-22T10:48:19+00:00\" \/>\n<meta property=\"article:modified_time\" content=\"2023-04-22T11:03:42+00:00\" \/>\n<meta property=\"og:image\" content=\"https:\/\/news.canadamotorjobs.com\/wp-content\/uploads\/2023\/04\/Elon-Musk.png\" \/>\n\t<meta property=\"og:image:width\" content=\"1200\" \/>\n\t<meta property=\"og:image:height\" content=\"675\" \/>\n\t<meta property=\"og:image:type\" content=\"image\/png\" \/>\n<meta name=\"author\" content=\"Benoit Charette\" \/>\n<meta name=\"twitter:card\" content=\"summary_large_image\" \/>\n<meta name=\"twitter:creator\" content=\"@canadamotorjobs\" \/>\n<meta name=\"twitter:site\" content=\"@canadamotorjobs\" \/>\n<meta name=\"twitter:label1\" content=\"\u00c9crit par\" \/>\n\t<meta name=\"twitter:data1\" content=\"Benoit Charette\" \/>\n\t<meta name=\"twitter:label2\" content=\"Estimation du temps de lecture\" \/>\n\t<meta name=\"twitter:data2\" content=\"3 minutes\" \/>\n<!-- \/ Yoast SEO plugin. -->","yoast_head_json":{"title":"Elon Musk affirme qu\u2019une Tesla enti\u00e8rement autonome sera disponible cette ann\u00e9e - CanadaMotorJobs.com","description":"Elon Musk affirme qu\u2019une Tesla enti\u00e8rement autonome sera disponible cette ann\u00e9e - Benoit Charette - Annuel automobile - CanadaMotorJobs.com.","robots":{"index":"index","follow":"follow","max-snippet":"max-snippet:-1","max-image-preview":"max-image-preview:large","max-video-preview":"max-video-preview:-1"},"og_locale":"fr_CA","og_type":"article","og_title":"Elon Musk affirme qu\u2019une Tesla enti\u00e8rement autonome sera disponible cette ann\u00e9e - CanadaMotorJobs.com","og_description":"Elon Musk affirme qu\u2019une Tesla enti\u00e8rement autonome sera disponible cette ann\u00e9e - Benoit Charette - Annuel automobile - CanadaMotorJobs.com.","og_url":"https:\/\/news.canadamotorjobs.com\/fr\/elon-musk-affirme-quune-tesla-entierement-autonome-sera-disponible-cette-annee\/","og_site_name":"CanadaMotorJobs.com","article_publisher":"https:\/\/www.facebook.com\/canadamotorjobs\/","article_published_time":"2023-04-22T10:48:19+00:00","article_modified_time":"2023-04-22T11:03:42+00:00","og_image":[{"width":1200,"height":675,"url":"https:\/\/news.canadamotorjobs.com\/wp-content\/uploads\/2023\/04\/Elon-Musk.png","type":"image\/png"}],"author":"Benoit Charette","twitter_card":"summary_large_image","twitter_creator":"@canadamotorjobs","twitter_site":"@canadamotorjobs","twitter_misc":{"\u00c9crit par":"Benoit Charette","Estimation du temps de lecture":"3 minutes"},"schema":{"@context":"https:\/\/schema.org","@graph":[{"@type":"Article","@id":"https:\/\/news.canadamotorjobs.com\/fr\/elon-musk-affirme-quune-tesla-entierement-autonome-sera-disponible-cette-annee\/#article","isPartOf":{"@id":"https:\/\/news.canadamotorjobs.com\/fr\/elon-musk-affirme-quune-tesla-entierement-autonome-sera-disponible-cette-annee\/"},"author":{"name":"Benoit Charette","@id":"https:\/\/news.canadamotorjobs.com\/#\/schema\/person\/51793d1f87d44011d7bcc2ed99269a90"},"headline":"Elon Musk affirme qu\u2019une Tesla enti\u00e8rement autonome sera disponible cette ann\u00e9e","datePublished":"2023-04-22T10:48:19+00:00","dateModified":"2023-04-22T11:03:42+00:00","mainEntityOfPage":{"@id":"https:\/\/news.canadamotorjobs.com\/fr\/elon-musk-affirme-quune-tesla-entierement-autonome-sera-disponible-cette-annee\/"},"wordCount":546,"publisher":{"@id":"https:\/\/news.canadamotorjobs.com\/#organization"},"image":{"@id":"https:\/\/news.canadamotorjobs.com\/fr\/elon-musk-affirme-quune-tesla-entierement-autonome-sera-disponible-cette-annee\/#primaryimage"},"thumbnailUrl":"https:\/\/news.canadamotorjobs.com\/wp-content\/uploads\/2023\/04\/Elon-Musk.png","articleSection":["Annuel automobile"],"inLanguage":"fr-CA"},{"@type":"WebPage","@id":"https:\/\/news.canadamotorjobs.com\/fr\/elon-musk-affirme-quune-tesla-entierement-autonome-sera-disponible-cette-annee\/","url":"https:\/\/news.canadamotorjobs.com\/fr\/elon-musk-affirme-quune-tesla-entierement-autonome-sera-disponible-cette-annee\/","name":"Elon Musk affirme qu\u2019une Tesla enti\u00e8rement autonome sera disponible cette ann\u00e9e - CanadaMotorJobs.com","isPartOf":{"@id":"https:\/\/news.canadamotorjobs.com\/#website"},"primaryImageOfPage":{"@id":"https:\/\/news.canadamotorjobs.com\/fr\/elon-musk-affirme-quune-tesla-entierement-autonome-sera-disponible-cette-annee\/#primaryimage"},"image":{"@id":"https:\/\/news.canadamotorjobs.com\/fr\/elon-musk-affirme-quune-tesla-entierement-autonome-sera-disponible-cette-annee\/#primaryimage"},"thumbnailUrl":"https:\/\/news.canadamotorjobs.com\/wp-content\/uploads\/2023\/04\/Elon-Musk.png","datePublished":"2023-04-22T10:48:19+00:00","dateModified":"2023-04-22T11:03:42+00:00","description":"Elon Musk affirme qu\u2019une Tesla enti\u00e8rement autonome sera disponible cette ann\u00e9e - Benoit Charette - Annuel automobile - CanadaMotorJobs.com.","breadcrumb":{"@id":"https:\/\/news.canadamotorjobs.com\/fr\/elon-musk-affirme-quune-tesla-entierement-autonome-sera-disponible-cette-annee\/#breadcrumb"},"inLanguage":"fr-CA","potentialAction":[{"@type":"ReadAction","target":["https:\/\/news.canadamotorjobs.com\/fr\/elon-musk-affirme-quune-tesla-entierement-autonome-sera-disponible-cette-annee\/"]}]},{"@type":"ImageObject","inLanguage":"fr-CA","@id":"https:\/\/news.canadamotorjobs.com\/fr\/elon-musk-affirme-quune-tesla-entierement-autonome-sera-disponible-cette-annee\/#primaryimage","url":"https:\/\/news.canadamotorjobs.com\/wp-content\/uploads\/2023\/04\/Elon-Musk.png","contentUrl":"https:\/\/news.canadamotorjobs.com\/wp-content\/uploads\/2023\/04\/Elon-Musk.png","width":1200,"height":675},{"@type":"BreadcrumbList","@id":"https:\/\/news.canadamotorjobs.com\/fr\/elon-musk-affirme-quune-tesla-entierement-autonome-sera-disponible-cette-annee\/#breadcrumb","itemListElement":[{"@type":"ListItem","position":1,"name":"Home","item":"https:\/\/news.canadamotorjobs.com\/fr\/blog\/"},{"@type":"ListItem","position":2,"name":"Elon Musk affirme qu\u2019une Tesla enti\u00e8rement autonome sera disponible cette ann\u00e9e"}]},{"@type":"WebSite","@id":"https:\/\/news.canadamotorjobs.com\/#website","url":"https:\/\/news.canadamotorjobs.com\/","name":"CanadaMotorJobs.com","description":"Automotive Jobs","publisher":{"@id":"https:\/\/news.canadamotorjobs.com\/#organization"},"potentialAction":[{"@type":"SearchAction","target":{"@type":"EntryPoint","urlTemplate":"https:\/\/news.canadamotorjobs.com\/?s={search_term_string}"},"query-input":"required name=search_term_string"}],"inLanguage":"fr-CA"},{"@type":"Organization","@id":"https:\/\/news.canadamotorjobs.com\/#organization","name":"Canada Motor Jobs","url":"https:\/\/news.canadamotorjobs.com\/","logo":{"@type":"ImageObject","inLanguage":"fr-CA","@id":"https:\/\/news.canadamotorjobs.com\/#\/schema\/logo\/image\/","url":"https:\/\/news.canadamotorjobs.com\/wp-content\/uploads\/2022\/10\/logo-canada-motor-jobs-1.png","contentUrl":"https:\/\/news.canadamotorjobs.com\/wp-content\/uploads\/2022\/10\/logo-canada-motor-jobs-1.png","width":800,"height":400,"caption":"Canada Motor Jobs"},"image":{"@id":"https:\/\/news.canadamotorjobs.com\/#\/schema\/logo\/image\/"},"sameAs":["https:\/\/www.facebook.com\/canadamotorjobs\/","https:\/\/x.com\/canadamotorjobs","https:\/\/www.instagram.com\/canadamotorjobs\/","https:\/\/www.linkedin.com\/company\/canadamotorjobs"]},{"@type":"Person","@id":"https:\/\/news.canadamotorjobs.com\/#\/schema\/person\/51793d1f87d44011d7bcc2ed99269a90","name":"Benoit Charette","image":{"@type":"ImageObject","inLanguage":"fr-CA","@id":"https:\/\/news.canadamotorjobs.com\/#\/schema\/person\/image\/","url":"https:\/\/secure.gravatar.com\/avatar\/45f3d2eebcccd909668d7ce7ea7267b6?s=96&d=mm&r=g","contentUrl":"https:\/\/secure.gravatar.com\/avatar\/45f3d2eebcccd909668d7ce7ea7267b6?s=96&d=mm&r=g","caption":"Benoit Charette"},"description":"Benoit Charette \/ Propri\u00e9taire et r\u00e9dacteur en chef Benoit Charette pratique le journalisme automobile depuis bient\u00f4t 30 ans. Il a fait ses classes au c\u00f4t\u00e9 de Daniel H\u00e9raud et au Carnet de route de 1992 \u00e0 2001. Il est fondateur, copropri\u00e9taire et r\u00e9dacteur en chef de L\u2019Annuel de l\u2019automobile, qu\u2019il publie depuis 2001. Il a anim\u00e9 les \u00e9missions RPM et RPM+ sur V et les L\u00e9gendes de la route sur Historia. \u00c0 la radio depuis 1986, il reprend l\u2019antenne cette ann\u00e9e sur les ondes de Cogeco et participe pour la deuxi\u00e8me ann\u00e9e \u00e0 l\u2019\u00e9mission Passion Auto sur RDS en plus de mettre en ligne le site Web officiel de L\u2019Annuel de l\u2019automobile sur annuelauto.ca.","sameAs":["https:\/\/annuelauto.ca\/"],"url":"https:\/\/news.canadamotorjobs.com\/fr\/author\/benoit-charette\/"}]}},"_links":{"self":[{"href":"https:\/\/news.canadamotorjobs.com\/fr\/wp-json\/wp\/v2\/posts\/143738"}],"collection":[{"href":"https:\/\/news.canadamotorjobs.com\/fr\/wp-json\/wp\/v2\/posts"}],"about":[{"href":"https:\/\/news.canadamotorjobs.com\/fr\/wp-json\/wp\/v2\/types\/post"}],"author":[{"embeddable":true,"href":"https:\/\/news.canadamotorjobs.com\/fr\/wp-json\/wp\/v2\/users\/8"}],"replies":[{"embeddable":true,"href":"https:\/\/news.canadamotorjobs.com\/fr\/wp-json\/wp\/v2\/comments?post=143738"}],"version-history":[{"count":2,"href":"https:\/\/news.canadamotorjobs.com\/fr\/wp-json\/wp\/v2\/posts\/143738\/revisions"}],"predecessor-version":[{"id":143742,"href":"https:\/\/news.canadamotorjobs.com\/fr\/wp-json\/wp\/v2\/posts\/143738\/revisions\/143742"}],"wp:featuredmedia":[{"embeddable":true,"href":"https:\/\/news.canadamotorjobs.com\/fr\/wp-json\/wp\/v2\/media\/143740"}],"wp:attachment":[{"href":"https:\/\/news.canadamotorjobs.com\/fr\/wp-json\/wp\/v2\/media?parent=143738"}],"wp:term":[{"taxonomy":"category","embeddable":true,"href":"https:\/\/news.canadamotorjobs.com\/fr\/wp-json\/wp\/v2\/categories?post=143738"},{"taxonomy":"post_tag","embeddable":true,"href":"https:\/\/news.canadamotorjobs.com\/fr\/wp-json\/wp\/v2\/tags?post=143738"}],"curies":[{"name":"wp","href":"https:\/\/api.w.org\/{rel}","templated":true}]}}