{"id":143652,"date":"2023-04-20T06:53:17","date_gmt":"2023-04-20T10:53:17","guid":{"rendered":"https:\/\/news.canadamotorjobs.com\/?p=143652"},"modified":"2023-04-20T06:58:53","modified_gmt":"2023-04-20T10:58:53","slug":"nissan-versa-2023","status":"publish","type":"post","link":"https:\/\/news.canadamotorjobs.com\/fr\/nissan-versa-2023\/","title":{"rendered":"Nissan Versa 2023"},"content":{"rendered":"<\/p>\n<p>Certains se rappellent peut-\u00eatre d\u2019une \u00e9poque o\u00f9 les voitures neuves les plus abordables sur le march\u00e9 canadien co\u00fbtaient environ 10 000\u00a0$. C\u2019est une \u00e9poque r\u00e9volue. Aujourd\u2019hui, une voiture de 20 000\u00a0$ est devenue une raret\u00e9\u2026 Mais \u00e7a existe encore, et la preuve se trouve chez Nissan, qui met en march\u00e9 une berline Versa toute neuve \u2014 visuellement, en tout cas \u2014 et dont le prix de d\u00e9tail d\u00e9marre \u00e0 20 213\u00a0$, frais de transport et tout \u00e7a inclus.<\/p>\n<p>La Versa 2023 est un difficile exercice de compromis. Nissan voulait clairement offrir quelque chose d\u2019attrayant et d\u2019assez moderne \u00e0 des acheteurs qui veulent \u00e0 tout prix un v\u00e9hicule neuf, mais qui ne veulent pas payer 40 000\u00a0$. \u00c7a donne une berline sous-compacte anim\u00e9e par un moteur \u00e0 4 cylindres de 122 chevaux, ce qui en 2023 est somme toute tr\u00e8s modeste, et dont le chargement maximal est de 425 litres, ce qui est correct, sans \u00eatre superflu.<\/p>\n<p>Notez d\u2019ailleurs que c\u2019est la m\u00eame cylindr\u00e9e de 1,6 litre qu\u2019on trouvait sous le capot de la Versa 2022. Il est encore cette ann\u00e9e jumel\u00e9 \u00e0 une bo\u00eete automatique \u00e0 cinq rapports. C\u2019est une combinaison correcte, \u00e0 d\u00e9faut d\u2019\u00eatre tr\u00e8s moderne. On peut appuyer sur un tr\u00e8s petit bouton log\u00e9 au bas du pommeau de transmission qui fait passer la bo\u00eete en mode Sport, mais \u00e7a ne change pas grand-chose au comportement d\u2019ensemble de la voiture.<\/p>\n<p>C\u00f4t\u00e9 utilit\u00e9, rappelons qu\u2019il s\u2019agit d\u2019une berline, donc d\u2019une voiture dont le coffre est ferm\u00e9. Une version 5 portes, \u00e0 hayon, aurait peut-\u00eatre rendu ce mod\u00e8le-l\u00e0 plus attrayant, mais Nissan aurait probablement perdu au change, vu le nombre de petits VUS qui sont d\u00e9j\u00e0 pr\u00e9sents dans son catalogue (pensons au Kicks\u2026).<\/p>\n<p>Aussi, Nissan annonce une consommation moyenne de carburant de 6,7 litres aux 100 kilom\u00e8tres, mais n\u2019esp\u00e9rez pas de miracle de ce c\u00f4t\u00e9-l\u00e0 non plus. Durant une semaine d\u2019essai, le mieux qu\u2019on a pu faire en passant beaucoup de temps sur l\u2019autoroute est d\u2019abaisser notre moyenne \u00e0 7,7 litres aux 100 kilom\u00e8tres. Cela dit, c\u2019est quand m\u00eame assez chouette de ne pas payer 100\u00a0$ ou plus pour faire le plein\u2026<\/p>\n<p>\u00c0 bord, c\u2019est assez simple. Et en fait, c\u2019est assez rapidement qu\u2019on rep\u00e8re la nouveaut\u00e9 la plus notoire sur ce v\u00e9hicule\u00a0: l\u2019\u00e9cran multim\u00e9dia de 8 pouces situ\u00e9 sur la console centrale. C\u2019est un \u00e9cran qui est compatible avec les interfaces connect\u00e9es Apple CarPlay et Android Auto, chose que Nissan a pris un peu de temps \u00e0 adopter, et qui sera tr\u00e8s appr\u00e9ci\u00e9 des plus jeunes acheteurs, qui sont dans la ligne de mire de Nissan avec la Versa.<\/p>\n<p>L\u2019interface du syst\u00e8me multim\u00e9dia est correcte, mais tr\u00e8s basique. On est loin d\u2019une r\u00e9volution, mais encore l\u00e0, Nissan n\u2019est pas exactement en avance sur la parade \u00e0 ce chapitre.<\/p>\n<p>Nissan ajoute aussi quelques \u00e9l\u00e9ments de s\u00e9curit\u00e9 rendre la Versa un peu plus s\u00fbre \u00e0 conduire, en ville surtout. On remarque rapidement que la voiture peut rep\u00e9rer les lignes entre les voies au sol. Elle envoie une petite vibration dans le volant quand on essaie de franchir une de ces lignes-l\u00e0 sans avoir mis son clignotant. La voiture peut aussi ajuster la direction ou freiner si elle d\u00e9tecte un risque d\u2019accrochage imminent.<\/p>\n<p>Tout \u00e7a mis ensemble, on a quand m\u00eame une belle offre, pour 20 000\u00a0$. Parmi les voitures les plus abordables vendues au Canada, c\u2019est certainement un mod\u00e8le \u00e0 consid\u00e9rer, surtout qu\u2019il s\u2019agit d\u2019une voiture neuve. Ces jours-ci, il est assez difficile de trouver une voiture usag\u00e9e \u00e0 20 000\u00a0$ qui sera une aubaine, alors c\u2019est assez tentant d\u2019aller du c\u00f4t\u00e9 d\u2019un nouveau v\u00e9hicule comme la Versa.<\/p>\n<p>Le texte <a rel=\"nofollow\" href=\"https:\/\/annuelauto.ca\/nissan-versa-2023\/\">Nissan Versa 2023<\/a> provient de <a rel=\"nofollow\" href=\"https:\/\/annuelauto.ca\">L&#8217;annuel de l&#8217;automobile &#8211; Actualit\u00e9 automobile<\/a><\/p>\n<p><\/p>\n","protected":false},"excerpt":{"rendered":"<p>Certains se rappellent peut-\u00eatre d\u2019une \u00e9poque o\u00f9 les voitures neuves les plus abordables sur le march\u00e9 canadien co\u00fbtaient environ 10 000\u00a0$. C\u2019est une \u00e9poque r\u00e9volue. Aujourd\u2019hui, une voiture de 20 000\u00a0$ est devenue une raret\u00e9\u2026 Mais \u00e7a existe encore, et la preuve se trouve chez Nissan, qui met en march\u00e9 une berline Versa toute neuve [&hellip;]<\/p>\n","protected":false},"author":8,"featured_media":143654,"comment_status":"close","ping_status":"closed","sticky":false,"template":"","format":"standard","meta":{"_monsterinsights_skip_tracking":false,"_monsterinsights_sitenote_active":false,"_monsterinsights_sitenote_note":"","_monsterinsights_sitenote_category":0,"footnotes":""},"categories":[101],"tags":[],"yoast_head":"<!-- This site is optimized with the Yoast SEO plugin v23.2 - https:\/\/yoast.com\/wordpress\/plugins\/seo\/ -->\n<title>Nissan Versa 2023 - CanadaMotorJobs.com<\/title>\n<meta name=\"description\" content=\"Nissan Versa 2023 - Benoit Charette - Annuel automobile - CanadaMotorJobs.com.\" \/>\n<meta name=\"robots\" content=\"index, follow, max-snippet:-1, max-image-preview:large, max-video-preview:-1\" \/>\n<meta property=\"og:locale\" content=\"fr_CA\" \/>\n<meta property=\"og:type\" content=\"article\" \/>\n<meta property=\"og:title\" content=\"Nissan Versa 2023 - CanadaMotorJobs.com\" \/>\n<meta property=\"og:description\" content=\"Nissan Versa 2023 - Benoit Charette - Annuel automobile - CanadaMotorJobs.com.\" \/>\n<meta property=\"og:url\" content=\"https:\/\/news.canadamotorjobs.com\/fr\/nissan-versa-2023\/\" \/>\n<meta property=\"og:site_name\" content=\"CanadaMotorJobs.com\" \/>\n<meta property=\"article:publisher\" content=\"https:\/\/www.facebook.com\/canadamotorjobs\/\" \/>\n<meta property=\"article:published_time\" content=\"2023-04-20T10:53:17+00:00\" \/>\n<meta property=\"article:modified_time\" content=\"2023-04-20T10:58:53+00:00\" \/>\n<meta property=\"og:image\" content=\"https:\/\/news.canadamotorjobs.com\/wp-content\/uploads\/2023\/04\/2023-Nissan-Nissan-Versa-37.jpg\" \/>\n\t<meta property=\"og:image:width\" content=\"1200\" \/>\n\t<meta property=\"og:image:height\" content=\"800\" \/>\n\t<meta property=\"og:image:type\" content=\"image\/jpeg\" \/>\n<meta name=\"author\" content=\"Benoit Charette\" \/>\n<meta name=\"twitter:card\" content=\"summary_large_image\" \/>\n<meta name=\"twitter:creator\" content=\"@canadamotorjobs\" \/>\n<meta name=\"twitter:site\" content=\"@canadamotorjobs\" \/>\n<meta name=\"twitter:label1\" content=\"\u00c9crit par\" \/>\n\t<meta name=\"twitter:data1\" content=\"Benoit Charette\" \/>\n\t<meta name=\"twitter:label2\" content=\"Estimation du temps de lecture\" \/>\n\t<meta name=\"twitter:data2\" content=\"3 minutes\" \/>\n<!-- \/ Yoast SEO plugin. -->","yoast_head_json":{"title":"Nissan Versa 2023 - CanadaMotorJobs.com","description":"Nissan Versa 2023 - Benoit Charette - Annuel automobile - CanadaMotorJobs.com.","robots":{"index":"index","follow":"follow","max-snippet":"max-snippet:-1","max-image-preview":"max-image-preview:large","max-video-preview":"max-video-preview:-1"},"og_locale":"fr_CA","og_type":"article","og_title":"Nissan Versa 2023 - CanadaMotorJobs.com","og_description":"Nissan Versa 2023 - Benoit Charette - Annuel automobile - CanadaMotorJobs.com.","og_url":"https:\/\/news.canadamotorjobs.com\/fr\/nissan-versa-2023\/","og_site_name":"CanadaMotorJobs.com","article_publisher":"https:\/\/www.facebook.com\/canadamotorjobs\/","article_published_time":"2023-04-20T10:53:17+00:00","article_modified_time":"2023-04-20T10:58:53+00:00","og_image":[{"width":1200,"height":800,"url":"https:\/\/news.canadamotorjobs.com\/wp-content\/uploads\/2023\/04\/2023-Nissan-Nissan-Versa-37.jpg","type":"image\/jpeg"}],"author":"Benoit Charette","twitter_card":"summary_large_image","twitter_creator":"@canadamotorjobs","twitter_site":"@canadamotorjobs","twitter_misc":{"\u00c9crit par":"Benoit Charette","Estimation du temps de lecture":"3 minutes"},"schema":{"@context":"https:\/\/schema.org","@graph":[{"@type":"Article","@id":"https:\/\/news.canadamotorjobs.com\/fr\/nissan-versa-2023\/#article","isPartOf":{"@id":"https:\/\/news.canadamotorjobs.com\/fr\/nissan-versa-2023\/"},"author":{"name":"Benoit Charette","@id":"https:\/\/news.canadamotorjobs.com\/#\/schema\/person\/51793d1f87d44011d7bcc2ed99269a90"},"headline":"Nissan Versa 2023","datePublished":"2023-04-20T10:53:17+00:00","dateModified":"2023-04-20T10:58:53+00:00","mainEntityOfPage":{"@id":"https:\/\/news.canadamotorjobs.com\/fr\/nissan-versa-2023\/"},"wordCount":655,"publisher":{"@id":"https:\/\/news.canadamotorjobs.com\/#organization"},"image":{"@id":"https:\/\/news.canadamotorjobs.com\/fr\/nissan-versa-2023\/#primaryimage"},"thumbnailUrl":"https:\/\/news.canadamotorjobs.com\/wp-content\/uploads\/2023\/04\/2023-Nissan-Nissan-Versa-37.jpg","articleSection":["Annuel automobile"],"inLanguage":"fr-CA"},{"@type":"WebPage","@id":"https:\/\/news.canadamotorjobs.com\/fr\/nissan-versa-2023\/","url":"https:\/\/news.canadamotorjobs.com\/fr\/nissan-versa-2023\/","name":"Nissan Versa 2023 - CanadaMotorJobs.com","isPartOf":{"@id":"https:\/\/news.canadamotorjobs.com\/#website"},"primaryImageOfPage":{"@id":"https:\/\/news.canadamotorjobs.com\/fr\/nissan-versa-2023\/#primaryimage"},"image":{"@id":"https:\/\/news.canadamotorjobs.com\/fr\/nissan-versa-2023\/#primaryimage"},"thumbnailUrl":"https:\/\/news.canadamotorjobs.com\/wp-content\/uploads\/2023\/04\/2023-Nissan-Nissan-Versa-37.jpg","datePublished":"2023-04-20T10:53:17+00:00","dateModified":"2023-04-20T10:58:53+00:00","description":"Nissan Versa 2023 - Benoit Charette - Annuel automobile - CanadaMotorJobs.com.","breadcrumb":{"@id":"https:\/\/news.canadamotorjobs.com\/fr\/nissan-versa-2023\/#breadcrumb"},"inLanguage":"fr-CA","potentialAction":[{"@type":"ReadAction","target":["https:\/\/news.canadamotorjobs.com\/fr\/nissan-versa-2023\/"]}]},{"@type":"ImageObject","inLanguage":"fr-CA","@id":"https:\/\/news.canadamotorjobs.com\/fr\/nissan-versa-2023\/#primaryimage","url":"https:\/\/news.canadamotorjobs.com\/wp-content\/uploads\/2023\/04\/2023-Nissan-Nissan-Versa-37.jpg","contentUrl":"https:\/\/news.canadamotorjobs.com\/wp-content\/uploads\/2023\/04\/2023-Nissan-Nissan-Versa-37.jpg","width":1200,"height":800},{"@type":"BreadcrumbList","@id":"https:\/\/news.canadamotorjobs.com\/fr\/nissan-versa-2023\/#breadcrumb","itemListElement":[{"@type":"ListItem","position":1,"name":"Home","item":"https:\/\/news.canadamotorjobs.com\/fr\/blog\/"},{"@type":"ListItem","position":2,"name":"Nissan Versa 2023"}]},{"@type":"WebSite","@id":"https:\/\/news.canadamotorjobs.com\/#website","url":"https:\/\/news.canadamotorjobs.com\/","name":"CanadaMotorJobs.com","description":"Automotive Jobs","publisher":{"@id":"https:\/\/news.canadamotorjobs.com\/#organization"},"potentialAction":[{"@type":"SearchAction","target":{"@type":"EntryPoint","urlTemplate":"https:\/\/news.canadamotorjobs.com\/?s={search_term_string}"},"query-input":"required name=search_term_string"}],"inLanguage":"fr-CA"},{"@type":"Organization","@id":"https:\/\/news.canadamotorjobs.com\/#organization","name":"Canada Motor Jobs","url":"https:\/\/news.canadamotorjobs.com\/","logo":{"@type":"ImageObject","inLanguage":"fr-CA","@id":"https:\/\/news.canadamotorjobs.com\/#\/schema\/logo\/image\/","url":"https:\/\/news.canadamotorjobs.com\/wp-content\/uploads\/2022\/10\/logo-canada-motor-jobs-1.png","contentUrl":"https:\/\/news.canadamotorjobs.com\/wp-content\/uploads\/2022\/10\/logo-canada-motor-jobs-1.png","width":800,"height":400,"caption":"Canada Motor Jobs"},"image":{"@id":"https:\/\/news.canadamotorjobs.com\/#\/schema\/logo\/image\/"},"sameAs":["https:\/\/www.facebook.com\/canadamotorjobs\/","https:\/\/x.com\/canadamotorjobs","https:\/\/www.instagram.com\/canadamotorjobs\/","https:\/\/www.linkedin.com\/company\/canadamotorjobs"]},{"@type":"Person","@id":"https:\/\/news.canadamotorjobs.com\/#\/schema\/person\/51793d1f87d44011d7bcc2ed99269a90","name":"Benoit Charette","image":{"@type":"ImageObject","inLanguage":"fr-CA","@id":"https:\/\/news.canadamotorjobs.com\/#\/schema\/person\/image\/","url":"https:\/\/secure.gravatar.com\/avatar\/45f3d2eebcccd909668d7ce7ea7267b6?s=96&d=mm&r=g","contentUrl":"https:\/\/secure.gravatar.com\/avatar\/45f3d2eebcccd909668d7ce7ea7267b6?s=96&d=mm&r=g","caption":"Benoit Charette"},"description":"Benoit Charette \/ Propri\u00e9taire et r\u00e9dacteur en chef Benoit Charette pratique le journalisme automobile depuis bient\u00f4t 30 ans. Il a fait ses classes au c\u00f4t\u00e9 de Daniel H\u00e9raud et au Carnet de route de 1992 \u00e0 2001. Il est fondateur, copropri\u00e9taire et r\u00e9dacteur en chef de L\u2019Annuel de l\u2019automobile, qu\u2019il publie depuis 2001. Il a anim\u00e9 les \u00e9missions RPM et RPM+ sur V et les L\u00e9gendes de la route sur Historia. \u00c0 la radio depuis 1986, il reprend l\u2019antenne cette ann\u00e9e sur les ondes de Cogeco et participe pour la deuxi\u00e8me ann\u00e9e \u00e0 l\u2019\u00e9mission Passion Auto sur RDS en plus de mettre en ligne le site Web officiel de L\u2019Annuel de l\u2019automobile sur annuelauto.ca.","sameAs":["https:\/\/annuelauto.ca\/"],"url":"https:\/\/news.canadamotorjobs.com\/fr\/author\/benoit-charette\/"}]}},"_links":{"self":[{"href":"https:\/\/news.canadamotorjobs.com\/fr\/wp-json\/wp\/v2\/posts\/143652"}],"collection":[{"href":"https:\/\/news.canadamotorjobs.com\/fr\/wp-json\/wp\/v2\/posts"}],"about":[{"href":"https:\/\/news.canadamotorjobs.com\/fr\/wp-json\/wp\/v2\/types\/post"}],"author":[{"embeddable":true,"href":"https:\/\/news.canadamotorjobs.com\/fr\/wp-json\/wp\/v2\/users\/8"}],"replies":[{"embeddable":true,"href":"https:\/\/news.canadamotorjobs.com\/fr\/wp-json\/wp\/v2\/comments?post=143652"}],"version-history":[{"count":2,"href":"https:\/\/news.canadamotorjobs.com\/fr\/wp-json\/wp\/v2\/posts\/143652\/revisions"}],"predecessor-version":[{"id":143656,"href":"https:\/\/news.canadamotorjobs.com\/fr\/wp-json\/wp\/v2\/posts\/143652\/revisions\/143656"}],"wp:featuredmedia":[{"embeddable":true,"href":"https:\/\/news.canadamotorjobs.com\/fr\/wp-json\/wp\/v2\/media\/143654"}],"wp:attachment":[{"href":"https:\/\/news.canadamotorjobs.com\/fr\/wp-json\/wp\/v2\/media?parent=143652"}],"wp:term":[{"taxonomy":"category","embeddable":true,"href":"https:\/\/news.canadamotorjobs.com\/fr\/wp-json\/wp\/v2\/categories?post=143652"},{"taxonomy":"post_tag","embeddable":true,"href":"https:\/\/news.canadamotorjobs.com\/fr\/wp-json\/wp\/v2\/tags?post=143652"}],"curies":[{"name":"wp","href":"https:\/\/api.w.org\/{rel}","templated":true}]}}