{"id":143621,"date":"2023-04-20T06:43:25","date_gmt":"2023-04-20T10:43:25","guid":{"rendered":"https:\/\/news.canadamotorjobs.com\/?p=143621"},"modified":"2023-04-20T08:44:58","modified_gmt":"2023-04-20T12:44:58","slug":"toyota-devoile-deux-nouveaux-modeles-pour-sa-gamme-bz","status":"publish","type":"post","link":"https:\/\/news.canadamotorjobs.com\/fr\/toyota-devoile-deux-nouveaux-modeles-pour-sa-gamme-bz\/","title":{"rendered":"Toyota d\u00e9voile deux nouveaux mod\u00e8les pour sa gamme bZ"},"content":{"rendered":"<\/p>\n<p>Un VUS et un v\u00e9hicule multisegments \u00e9lectriques seraient dans les plans pour la gamme bZ de Toyota, si on se fie \u00e0 ce que le groupe japonais a pr\u00e9sent\u00e9 au Salon de l\u2019auto de Shanghai. Les nouveaut\u00e9s font partie de la strat\u00e9gie globale de Toyota qui consiste \u00e0 mettre en march\u00e9 dix nouveaux v\u00e9hicules enti\u00e8rement \u00e9lectriques d\u2019ici 2026, ce qui, quand on y pense, s\u2019en vient vite.<\/p>\n<p>Toyota esp\u00e8re vendre 1,5 million de v\u00e9hicules \u00e9lectriques sur une base annuelle au plus tard dans trois ans, ce qui est tout aussi ambitieux.<\/p>\n<p>Et les deux nouveaux venus devraient l\u2019aider \u00e0 atteindre cette cible-l\u00e0 en s\u00e9duisant des acheteurs situ\u00e9s en Chine, l\u00e0 o\u00f9 ils seront \u00e9ventuellement vendus. On n\u2019a pas parl\u00e9 du march\u00e9 nord-am\u00e9ricain, autrement que pour dire qu\u2019un VUS tout \u00e9lectrique \u00e0 trois rang\u00e9es de si\u00e8ges sera lanc\u00e9 chez nous au plus tard en 2025.<\/p>\n<p>D\u2019ailleurs, parlant du march\u00e9 nord-am\u00e9ricain, Toyota a r\u00e9v\u00e9l\u00e9 que la prochaine g\u00e9n\u00e9ration de sa technologie hybride branchable permettra \u00e0 des mod\u00e8les comme la Prius Prime d\u2019atteindre une autonomie \u00e9lectrique de 200 kilom\u00e8tres par charge. C\u2019est plus que le double de ce que la toute nouvelle Prius Prime peut parcourir sur une seule charge \u00e0 l\u2019heure actuelle. On a h\u00e2te de voir quand cette technologie-l\u00e0 sera mise en march\u00e9.<\/p>\n<p>Pour en revenir aux deux mod\u00e8les bZ d\u00e9voil\u00e9s \u00e0 Shanghai, il s\u2019agit de deux v\u00e9hicules concepts, appel\u00e9s Sport Crossover Concept et FlexSpace Concept. Le Crossover Concept est un v\u00e9hicule d\u2019allure plus sportive qui s\u2019adressera \u00e0 de jeunes acheteurs qui recherchent un v\u00e9hicule plus amusant \u00e0 conduire que pratique \u00e0 utiliser.<\/p>\n<p>Le FlexSpace Concept est un peu l\u2019inverse. Il s\u2019agit d\u2019un v\u00e9hicule familial qui se veut tr\u00e8s utile. Toyota promet beaucoup d\u2019espace utile et surtout, une tr\u00e8s longue autonomie entre deux charges.<\/p>\n<p>Ces deux nouveaux mod\u00e8les devraient \u00eatre mis en march\u00e9 en Chine au courant de 2024, et peut-\u00eatre en Europe ensuite. Tout indique qu\u2019ils ne seront pas vendus chez nous, mais \u00e7a peut changer.<\/p>\n<p>Le texte <a rel=\"nofollow\" href=\"https:\/\/annuelauto.ca\/toyota-devoile-deux-nouveaux-modeles-pour-sa-gamme-bz\/\">Toyota d\u00e9voile deux nouveaux mod\u00e8les pour sa gamme bZ<\/a> provient de <a rel=\"nofollow\" href=\"https:\/\/annuelauto.ca\">L&#8217;annuel de l&#8217;automobile &#8211; Actualit\u00e9 automobile<\/a><\/p>\n<p><\/p>\n","protected":false},"excerpt":{"rendered":"<p>Un VUS et un v\u00e9hicule multisegments \u00e9lectriques seraient dans les plans pour la gamme bZ de Toyota, si on se fie \u00e0 ce que le groupe japonais a pr\u00e9sent\u00e9 au Salon de l\u2019auto de Shanghai. Les nouveaut\u00e9s font partie de la strat\u00e9gie globale de Toyota qui consiste \u00e0 mettre en march\u00e9 dix nouveaux v\u00e9hicules enti\u00e8rement [&hellip;]<\/p>\n","protected":false},"author":8,"featured_media":143623,"comment_status":"closed","ping_status":"closed","sticky":false,"template":"","format":"standard","meta":{"_monsterinsights_skip_tracking":false,"_monsterinsights_sitenote_active":false,"_monsterinsights_sitenote_note":"","_monsterinsights_sitenote_category":0,"footnotes":""},"categories":[101],"tags":[131],"yoast_head":"<!-- This site is optimized with the Yoast SEO plugin v23.2 - https:\/\/yoast.com\/wordpress\/plugins\/seo\/ -->\n<title>Toyota d\u00e9voile deux nouveaux mod\u00e8les pour sa gamme bZ - CanadaMotorJobs.com<\/title>\n<meta name=\"description\" content=\"Toyota d\u00e9voile deux nouveaux mod\u00e8les pour sa gamme bZ - Benoit Charette - Annuel automobile - CanadaMotorJobs.com.\" \/>\n<meta name=\"robots\" content=\"index, follow, max-snippet:-1, max-image-preview:large, max-video-preview:-1\" \/>\n<meta property=\"og:locale\" content=\"fr_CA\" \/>\n<meta property=\"og:type\" content=\"article\" \/>\n<meta property=\"og:title\" content=\"Toyota d\u00e9voile deux nouveaux mod\u00e8les pour sa gamme bZ - CanadaMotorJobs.com\" \/>\n<meta property=\"og:description\" content=\"Toyota d\u00e9voile deux nouveaux mod\u00e8les pour sa gamme bZ - Benoit Charette - Annuel automobile - CanadaMotorJobs.com.\" \/>\n<meta property=\"og:url\" content=\"https:\/\/news.canadamotorjobs.com\/fr\/toyota-devoile-deux-nouveaux-modeles-pour-sa-gamme-bz\/\" \/>\n<meta property=\"og:site_name\" content=\"CanadaMotorJobs.com\" \/>\n<meta property=\"article:publisher\" content=\"https:\/\/www.facebook.com\/canadamotorjobs\/\" \/>\n<meta property=\"article:published_time\" content=\"2023-04-20T10:43:25+00:00\" \/>\n<meta property=\"article:modified_time\" content=\"2023-04-20T12:44:58+00:00\" \/>\n<meta property=\"og:image\" content=\"https:\/\/news.canadamotorjobs.com\/wp-content\/uploads\/2023\/04\/2-Toyota-bZ-concepts-scaled-1.jpg\" \/>\n\t<meta property=\"og:image:width\" content=\"2560\" \/>\n\t<meta property=\"og:image:height\" content=\"1440\" \/>\n\t<meta property=\"og:image:type\" content=\"image\/jpeg\" \/>\n<meta name=\"author\" content=\"Benoit Charette\" \/>\n<meta name=\"twitter:card\" content=\"summary_large_image\" \/>\n<meta name=\"twitter:creator\" content=\"@canadamotorjobs\" \/>\n<meta name=\"twitter:site\" content=\"@canadamotorjobs\" \/>\n<meta name=\"twitter:label1\" content=\"\u00c9crit par\" \/>\n\t<meta name=\"twitter:data1\" content=\"Benoit Charette\" \/>\n\t<meta name=\"twitter:label2\" content=\"Estimation du temps de lecture\" \/>\n\t<meta name=\"twitter:data2\" content=\"2 minutes\" \/>\n<!-- \/ Yoast SEO plugin. -->","yoast_head_json":{"title":"Toyota d\u00e9voile deux nouveaux mod\u00e8les pour sa gamme bZ - CanadaMotorJobs.com","description":"Toyota d\u00e9voile deux nouveaux mod\u00e8les pour sa gamme bZ - Benoit Charette - Annuel automobile - CanadaMotorJobs.com.","robots":{"index":"index","follow":"follow","max-snippet":"max-snippet:-1","max-image-preview":"max-image-preview:large","max-video-preview":"max-video-preview:-1"},"og_locale":"fr_CA","og_type":"article","og_title":"Toyota d\u00e9voile deux nouveaux mod\u00e8les pour sa gamme bZ - CanadaMotorJobs.com","og_description":"Toyota d\u00e9voile deux nouveaux mod\u00e8les pour sa gamme bZ - Benoit Charette - Annuel automobile - CanadaMotorJobs.com.","og_url":"https:\/\/news.canadamotorjobs.com\/fr\/toyota-devoile-deux-nouveaux-modeles-pour-sa-gamme-bz\/","og_site_name":"CanadaMotorJobs.com","article_publisher":"https:\/\/www.facebook.com\/canadamotorjobs\/","article_published_time":"2023-04-20T10:43:25+00:00","article_modified_time":"2023-04-20T12:44:58+00:00","og_image":[{"width":2560,"height":1440,"url":"https:\/\/news.canadamotorjobs.com\/wp-content\/uploads\/2023\/04\/2-Toyota-bZ-concepts-scaled-1.jpg","type":"image\/jpeg"}],"author":"Benoit Charette","twitter_card":"summary_large_image","twitter_creator":"@canadamotorjobs","twitter_site":"@canadamotorjobs","twitter_misc":{"\u00c9crit par":"Benoit Charette","Estimation du temps de lecture":"2 minutes"},"schema":{"@context":"https:\/\/schema.org","@graph":[{"@type":"Article","@id":"https:\/\/news.canadamotorjobs.com\/fr\/toyota-devoile-deux-nouveaux-modeles-pour-sa-gamme-bz\/#article","isPartOf":{"@id":"https:\/\/news.canadamotorjobs.com\/fr\/toyota-devoile-deux-nouveaux-modeles-pour-sa-gamme-bz\/"},"author":{"name":"Benoit Charette","@id":"https:\/\/news.canadamotorjobs.com\/#\/schema\/person\/51793d1f87d44011d7bcc2ed99269a90"},"headline":"Toyota d\u00e9voile deux nouveaux mod\u00e8les pour sa gamme bZ","datePublished":"2023-04-20T10:43:25+00:00","dateModified":"2023-04-20T12:44:58+00:00","mainEntityOfPage":{"@id":"https:\/\/news.canadamotorjobs.com\/fr\/toyota-devoile-deux-nouveaux-modeles-pour-sa-gamme-bz\/"},"wordCount":396,"publisher":{"@id":"https:\/\/news.canadamotorjobs.com\/#organization"},"image":{"@id":"https:\/\/news.canadamotorjobs.com\/fr\/toyota-devoile-deux-nouveaux-modeles-pour-sa-gamme-bz\/#primaryimage"},"thumbnailUrl":"https:\/\/news.canadamotorjobs.com\/wp-content\/uploads\/2023\/04\/2-Toyota-bZ-concepts-scaled-1.jpg","keywords":["Newsletter"],"articleSection":["Annuel automobile"],"inLanguage":"fr-CA"},{"@type":"WebPage","@id":"https:\/\/news.canadamotorjobs.com\/fr\/toyota-devoile-deux-nouveaux-modeles-pour-sa-gamme-bz\/","url":"https:\/\/news.canadamotorjobs.com\/fr\/toyota-devoile-deux-nouveaux-modeles-pour-sa-gamme-bz\/","name":"Toyota d\u00e9voile deux nouveaux mod\u00e8les pour sa gamme bZ - CanadaMotorJobs.com","isPartOf":{"@id":"https:\/\/news.canadamotorjobs.com\/#website"},"primaryImageOfPage":{"@id":"https:\/\/news.canadamotorjobs.com\/fr\/toyota-devoile-deux-nouveaux-modeles-pour-sa-gamme-bz\/#primaryimage"},"image":{"@id":"https:\/\/news.canadamotorjobs.com\/fr\/toyota-devoile-deux-nouveaux-modeles-pour-sa-gamme-bz\/#primaryimage"},"thumbnailUrl":"https:\/\/news.canadamotorjobs.com\/wp-content\/uploads\/2023\/04\/2-Toyota-bZ-concepts-scaled-1.jpg","datePublished":"2023-04-20T10:43:25+00:00","dateModified":"2023-04-20T12:44:58+00:00","description":"Toyota d\u00e9voile deux nouveaux mod\u00e8les pour sa gamme bZ - Benoit Charette - Annuel automobile - CanadaMotorJobs.com.","breadcrumb":{"@id":"https:\/\/news.canadamotorjobs.com\/fr\/toyota-devoile-deux-nouveaux-modeles-pour-sa-gamme-bz\/#breadcrumb"},"inLanguage":"fr-CA","potentialAction":[{"@type":"ReadAction","target":["https:\/\/news.canadamotorjobs.com\/fr\/toyota-devoile-deux-nouveaux-modeles-pour-sa-gamme-bz\/"]}]},{"@type":"ImageObject","inLanguage":"fr-CA","@id":"https:\/\/news.canadamotorjobs.com\/fr\/toyota-devoile-deux-nouveaux-modeles-pour-sa-gamme-bz\/#primaryimage","url":"https:\/\/news.canadamotorjobs.com\/wp-content\/uploads\/2023\/04\/2-Toyota-bZ-concepts-scaled-1.jpg","contentUrl":"https:\/\/news.canadamotorjobs.com\/wp-content\/uploads\/2023\/04\/2-Toyota-bZ-concepts-scaled-1.jpg","width":2560,"height":1440},{"@type":"BreadcrumbList","@id":"https:\/\/news.canadamotorjobs.com\/fr\/toyota-devoile-deux-nouveaux-modeles-pour-sa-gamme-bz\/#breadcrumb","itemListElement":[{"@type":"ListItem","position":1,"name":"Home","item":"https:\/\/news.canadamotorjobs.com\/fr\/blog\/"},{"@type":"ListItem","position":2,"name":"Toyota d\u00e9voile deux nouveaux mod\u00e8les pour sa gamme bZ"}]},{"@type":"WebSite","@id":"https:\/\/news.canadamotorjobs.com\/#website","url":"https:\/\/news.canadamotorjobs.com\/","name":"CanadaMotorJobs.com","description":"Automotive Jobs","publisher":{"@id":"https:\/\/news.canadamotorjobs.com\/#organization"},"potentialAction":[{"@type":"SearchAction","target":{"@type":"EntryPoint","urlTemplate":"https:\/\/news.canadamotorjobs.com\/?s={search_term_string}"},"query-input":"required name=search_term_string"}],"inLanguage":"fr-CA"},{"@type":"Organization","@id":"https:\/\/news.canadamotorjobs.com\/#organization","name":"Canada Motor Jobs","url":"https:\/\/news.canadamotorjobs.com\/","logo":{"@type":"ImageObject","inLanguage":"fr-CA","@id":"https:\/\/news.canadamotorjobs.com\/#\/schema\/logo\/image\/","url":"https:\/\/news.canadamotorjobs.com\/wp-content\/uploads\/2022\/10\/logo-canada-motor-jobs-1.png","contentUrl":"https:\/\/news.canadamotorjobs.com\/wp-content\/uploads\/2022\/10\/logo-canada-motor-jobs-1.png","width":800,"height":400,"caption":"Canada Motor Jobs"},"image":{"@id":"https:\/\/news.canadamotorjobs.com\/#\/schema\/logo\/image\/"},"sameAs":["https:\/\/www.facebook.com\/canadamotorjobs\/","https:\/\/x.com\/canadamotorjobs","https:\/\/www.instagram.com\/canadamotorjobs\/","https:\/\/www.linkedin.com\/company\/canadamotorjobs"]},{"@type":"Person","@id":"https:\/\/news.canadamotorjobs.com\/#\/schema\/person\/51793d1f87d44011d7bcc2ed99269a90","name":"Benoit Charette","image":{"@type":"ImageObject","inLanguage":"fr-CA","@id":"https:\/\/news.canadamotorjobs.com\/#\/schema\/person\/image\/","url":"https:\/\/secure.gravatar.com\/avatar\/45f3d2eebcccd909668d7ce7ea7267b6?s=96&d=mm&r=g","contentUrl":"https:\/\/secure.gravatar.com\/avatar\/45f3d2eebcccd909668d7ce7ea7267b6?s=96&d=mm&r=g","caption":"Benoit Charette"},"description":"Benoit Charette \/ Propri\u00e9taire et r\u00e9dacteur en chef Benoit Charette pratique le journalisme automobile depuis bient\u00f4t 30 ans. Il a fait ses classes au c\u00f4t\u00e9 de Daniel H\u00e9raud et au Carnet de route de 1992 \u00e0 2001. Il est fondateur, copropri\u00e9taire et r\u00e9dacteur en chef de L\u2019Annuel de l\u2019automobile, qu\u2019il publie depuis 2001. Il a anim\u00e9 les \u00e9missions RPM et RPM+ sur V et les L\u00e9gendes de la route sur Historia. \u00c0 la radio depuis 1986, il reprend l\u2019antenne cette ann\u00e9e sur les ondes de Cogeco et participe pour la deuxi\u00e8me ann\u00e9e \u00e0 l\u2019\u00e9mission Passion Auto sur RDS en plus de mettre en ligne le site Web officiel de L\u2019Annuel de l\u2019automobile sur annuelauto.ca.","sameAs":["https:\/\/annuelauto.ca\/"],"url":"https:\/\/news.canadamotorjobs.com\/fr\/author\/benoit-charette\/"}]}},"_links":{"self":[{"href":"https:\/\/news.canadamotorjobs.com\/fr\/wp-json\/wp\/v2\/posts\/143621"}],"collection":[{"href":"https:\/\/news.canadamotorjobs.com\/fr\/wp-json\/wp\/v2\/posts"}],"about":[{"href":"https:\/\/news.canadamotorjobs.com\/fr\/wp-json\/wp\/v2\/types\/post"}],"author":[{"embeddable":true,"href":"https:\/\/news.canadamotorjobs.com\/fr\/wp-json\/wp\/v2\/users\/8"}],"replies":[{"embeddable":true,"href":"https:\/\/news.canadamotorjobs.com\/fr\/wp-json\/wp\/v2\/comments?post=143621"}],"version-history":[{"count":2,"href":"https:\/\/news.canadamotorjobs.com\/fr\/wp-json\/wp\/v2\/posts\/143621\/revisions"}],"predecessor-version":[{"id":143625,"href":"https:\/\/news.canadamotorjobs.com\/fr\/wp-json\/wp\/v2\/posts\/143621\/revisions\/143625"}],"wp:featuredmedia":[{"embeddable":true,"href":"https:\/\/news.canadamotorjobs.com\/fr\/wp-json\/wp\/v2\/media\/143623"}],"wp:attachment":[{"href":"https:\/\/news.canadamotorjobs.com\/fr\/wp-json\/wp\/v2\/media?parent=143621"}],"wp:term":[{"taxonomy":"category","embeddable":true,"href":"https:\/\/news.canadamotorjobs.com\/fr\/wp-json\/wp\/v2\/categories?post=143621"},{"taxonomy":"post_tag","embeddable":true,"href":"https:\/\/news.canadamotorjobs.com\/fr\/wp-json\/wp\/v2\/tags?post=143621"}],"curies":[{"name":"wp","href":"https:\/\/api.w.org\/{rel}","templated":true}]}}