{"id":143563,"date":"2023-04-19T14:20:52","date_gmt":"2023-04-19T18:20:52","guid":{"rendered":"https:\/\/news.canadamotorjobs.com\/?p=143563"},"modified":"2023-04-19T14:34:17","modified_gmt":"2023-04-19T18:34:17","slug":"lion-electrique-inaugure-son-usine-de-fabrication-de-batteries","status":"publish","type":"post","link":"https:\/\/news.canadamotorjobs.com\/fr\/lion-electrique-inaugure-son-usine-de-fabrication-de-batteries\/","title":{"rendered":"Lion \u00e9lectrique inaugure son usine de fabrication de batteries"},"content":{"rendered":"<\/p>\n<p>La Compagnie qu\u00e9b\u00e9coise Lion \u00c9lectrique \u00a0a proc\u00e9d\u00e9 \u00e0 l\u2019inauguration officielle de sa nouvelle usine de fabrication de batteries au lithium-ion pour v\u00e9hicules moyens et lourds \u00e0 Mirabel.<\/p>\n<h3>Premi\u00e8re du genre au Canada<\/h3>\n<p>\nCette installation de 175 000 pieds carr\u00e9s r\u00e9cemment construite sur le site de l\u2019A\u00e9rocit\u00e9 internationale de Mirabel, permettra d\u2019alimenter les v\u00e9hicules \u00e9lectriques assembl\u00e9s par Lion dans ses usines de Saint-J\u00e9r\u00f4me, et de Joliet, en Illinois. Apr\u00e8s l\u2019installation de la premi\u00e8re portion de la cha\u00eene de montage des batteries \u00e0 Mirabel, le premier bloc-batterie a \u00e9t\u00e9 produit \u00e0 la fin de 2022. La certification finale du premier mod\u00e8le de bloc-batterie est attendue au premier semestre de 2023, suivie d\u2019une augmentation progressive de la production en 2023.<\/p>\n<h3>Pour les autobus et les camions<\/h3>\n<p>\nLes premi\u00e8res batteries Lion serviront \u00e0 alimenter les autobus scolaires LionC et LionD, ainsi que les camions Lion5. Lion pr\u00e9voit atteindre, d\u2019ici la fin de l\u2019ann\u00e9e, une capacit\u00e9 de production de 1,7 gigawattheure, \u00e0 pleine capacit\u00e9, la production annuelle devrait s\u2019\u00e9lever \u00e0 5 gigawattheures, ce qui permettrait \u00e0 la compagnie d\u2019\u00e9lectrifier environ 14 000 v\u00e9hicules moyens et lourds par an, d\u00e9pendamment du type de v\u00e9hicules assembl\u00e9s. \u00c0 ce jour, Lion a livr\u00e9 plus de 950 v\u00e9hicules moyens et lourds enti\u00e8rement \u00e9lectriques en Am\u00e9rique du Nord, qui ont collectivement parcouru plus de 16 millions de kilom\u00e8tres.<\/p>\n<p>En int\u00e9grant verticalement les composants du syst\u00e8me de gestion des batteries, la Compagnie, qui compte environ 1 400 employ\u00e9s, entend r\u00e9affirmer sa position de chef de file dans l\u2019industrie des transports en Am\u00e9rique du Nord.<\/p>\n<p>Le texte <a rel=\"nofollow\" href=\"https:\/\/annuelauto.ca\/lion-electrique-in-augure-son-usine-de-fabrication-de-batteries\/\">Lion \u00e9lectrique inaugure son usine de fabrication de batteries<\/a> provient de <a rel=\"nofollow\" href=\"https:\/\/annuelauto.ca\">L&#8217;annuel de l&#8217;automobile &#8211; Actualit\u00e9 automobile<\/a><\/p>\n<p><\/p>\n","protected":false},"excerpt":{"rendered":"<p>La Compagnie qu\u00e9b\u00e9coise Lion \u00c9lectrique \u00a0a proc\u00e9d\u00e9 \u00e0 l\u2019inauguration officielle de sa nouvelle usine de fabrication de batteries au lithium-ion pour v\u00e9hicules moyens et lourds \u00e0 Mirabel. Premi\u00e8re du genre au Canada Cette installation de 175 000 pieds carr\u00e9s r\u00e9cemment construite sur le site de l\u2019A\u00e9rocit\u00e9 internationale de Mirabel, permettra d\u2019alimenter les v\u00e9hicules \u00e9lectriques assembl\u00e9s [&hellip;]<\/p>\n","protected":false},"author":8,"featured_media":143565,"comment_status":"close","ping_status":"closed","sticky":false,"template":"","format":"standard","meta":{"_monsterinsights_skip_tracking":false,"_monsterinsights_sitenote_active":false,"_monsterinsights_sitenote_note":"","_monsterinsights_sitenote_category":0,"footnotes":""},"categories":[101],"tags":[],"yoast_head":"<!-- This site is optimized with the Yoast SEO plugin v23.2 - https:\/\/yoast.com\/wordpress\/plugins\/seo\/ -->\n<title>Lion \u00e9lectrique inaugure son usine de fabrication de batteries - CanadaMotorJobs.com<\/title>\n<meta name=\"description\" content=\"Lion \u00e9lectrique inaugure son usine de fabrication de batteries - Benoit Charette - Annuel automobile - CanadaMotorJobs.com.\" \/>\n<meta name=\"robots\" content=\"index, follow, max-snippet:-1, max-image-preview:large, max-video-preview:-1\" \/>\n<meta property=\"og:locale\" content=\"fr_CA\" \/>\n<meta property=\"og:type\" content=\"article\" \/>\n<meta property=\"og:title\" content=\"Lion \u00e9lectrique inaugure son usine de fabrication de batteries - CanadaMotorJobs.com\" \/>\n<meta property=\"og:description\" content=\"Lion \u00e9lectrique inaugure son usine de fabrication de batteries - Benoit Charette - Annuel automobile - CanadaMotorJobs.com.\" \/>\n<meta property=\"og:url\" content=\"https:\/\/news.canadamotorjobs.com\/fr\/lion-electrique-inaugure-son-usine-de-fabrication-de-batteries\/\" \/>\n<meta property=\"og:site_name\" content=\"CanadaMotorJobs.com\" \/>\n<meta property=\"article:publisher\" content=\"https:\/\/www.facebook.com\/canadamotorjobs\/\" \/>\n<meta property=\"article:published_time\" content=\"2023-04-19T18:20:52+00:00\" \/>\n<meta property=\"article:modified_time\" content=\"2023-04-19T18:34:17+00:00\" \/>\n<meta property=\"og:image\" content=\"https:\/\/news.canadamotorjobs.com\/wp-content\/uploads\/2023\/04\/lion-electrique-mirabel_actu.jpg\" \/>\n\t<meta property=\"og:image:width\" content=\"1200\" \/>\n\t<meta property=\"og:image:height\" content=\"800\" \/>\n\t<meta property=\"og:image:type\" content=\"image\/jpeg\" \/>\n<meta name=\"author\" content=\"Benoit Charette\" \/>\n<meta name=\"twitter:card\" content=\"summary_large_image\" \/>\n<meta name=\"twitter:creator\" content=\"@canadamotorjobs\" \/>\n<meta name=\"twitter:site\" content=\"@canadamotorjobs\" \/>\n<meta name=\"twitter:label1\" content=\"\u00c9crit par\" \/>\n\t<meta name=\"twitter:data1\" content=\"Benoit Charette\" \/>\n\t<meta name=\"twitter:label2\" content=\"Estimation du temps de lecture\" \/>\n\t<meta name=\"twitter:data2\" content=\"1 minute\" \/>\n<!-- \/ Yoast SEO plugin. -->","yoast_head_json":{"title":"Lion \u00e9lectrique inaugure son usine de fabrication de batteries - CanadaMotorJobs.com","description":"Lion \u00e9lectrique inaugure son usine de fabrication de batteries - Benoit Charette - Annuel automobile - CanadaMotorJobs.com.","robots":{"index":"index","follow":"follow","max-snippet":"max-snippet:-1","max-image-preview":"max-image-preview:large","max-video-preview":"max-video-preview:-1"},"og_locale":"fr_CA","og_type":"article","og_title":"Lion \u00e9lectrique inaugure son usine de fabrication de batteries - CanadaMotorJobs.com","og_description":"Lion \u00e9lectrique inaugure son usine de fabrication de batteries - Benoit Charette - Annuel automobile - CanadaMotorJobs.com.","og_url":"https:\/\/news.canadamotorjobs.com\/fr\/lion-electrique-inaugure-son-usine-de-fabrication-de-batteries\/","og_site_name":"CanadaMotorJobs.com","article_publisher":"https:\/\/www.facebook.com\/canadamotorjobs\/","article_published_time":"2023-04-19T18:20:52+00:00","article_modified_time":"2023-04-19T18:34:17+00:00","og_image":[{"width":1200,"height":800,"url":"https:\/\/news.canadamotorjobs.com\/wp-content\/uploads\/2023\/04\/lion-electrique-mirabel_actu.jpg","type":"image\/jpeg"}],"author":"Benoit Charette","twitter_card":"summary_large_image","twitter_creator":"@canadamotorjobs","twitter_site":"@canadamotorjobs","twitter_misc":{"\u00c9crit par":"Benoit Charette","Estimation du temps de lecture":"1 minute"},"schema":{"@context":"https:\/\/schema.org","@graph":[{"@type":"Article","@id":"https:\/\/news.canadamotorjobs.com\/fr\/lion-electrique-inaugure-son-usine-de-fabrication-de-batteries\/#article","isPartOf":{"@id":"https:\/\/news.canadamotorjobs.com\/fr\/lion-electrique-inaugure-son-usine-de-fabrication-de-batteries\/"},"author":{"name":"Benoit Charette","@id":"https:\/\/news.canadamotorjobs.com\/#\/schema\/person\/51793d1f87d44011d7bcc2ed99269a90"},"headline":"Lion \u00e9lectrique inaugure son usine de fabrication de batteries","datePublished":"2023-04-19T18:20:52+00:00","dateModified":"2023-04-19T18:34:17+00:00","mainEntityOfPage":{"@id":"https:\/\/news.canadamotorjobs.com\/fr\/lion-electrique-inaugure-son-usine-de-fabrication-de-batteries\/"},"wordCount":303,"publisher":{"@id":"https:\/\/news.canadamotorjobs.com\/#organization"},"image":{"@id":"https:\/\/news.canadamotorjobs.com\/fr\/lion-electrique-inaugure-son-usine-de-fabrication-de-batteries\/#primaryimage"},"thumbnailUrl":"https:\/\/news.canadamotorjobs.com\/wp-content\/uploads\/2023\/04\/lion-electrique-mirabel_actu.jpg","articleSection":["Annuel automobile"],"inLanguage":"fr-CA"},{"@type":"WebPage","@id":"https:\/\/news.canadamotorjobs.com\/fr\/lion-electrique-inaugure-son-usine-de-fabrication-de-batteries\/","url":"https:\/\/news.canadamotorjobs.com\/fr\/lion-electrique-inaugure-son-usine-de-fabrication-de-batteries\/","name":"Lion \u00e9lectrique inaugure son usine de fabrication de batteries - CanadaMotorJobs.com","isPartOf":{"@id":"https:\/\/news.canadamotorjobs.com\/#website"},"primaryImageOfPage":{"@id":"https:\/\/news.canadamotorjobs.com\/fr\/lion-electrique-inaugure-son-usine-de-fabrication-de-batteries\/#primaryimage"},"image":{"@id":"https:\/\/news.canadamotorjobs.com\/fr\/lion-electrique-inaugure-son-usine-de-fabrication-de-batteries\/#primaryimage"},"thumbnailUrl":"https:\/\/news.canadamotorjobs.com\/wp-content\/uploads\/2023\/04\/lion-electrique-mirabel_actu.jpg","datePublished":"2023-04-19T18:20:52+00:00","dateModified":"2023-04-19T18:34:17+00:00","description":"Lion \u00e9lectrique inaugure son usine de fabrication de batteries - Benoit Charette - Annuel automobile - CanadaMotorJobs.com.","breadcrumb":{"@id":"https:\/\/news.canadamotorjobs.com\/fr\/lion-electrique-inaugure-son-usine-de-fabrication-de-batteries\/#breadcrumb"},"inLanguage":"fr-CA","potentialAction":[{"@type":"ReadAction","target":["https:\/\/news.canadamotorjobs.com\/fr\/lion-electrique-inaugure-son-usine-de-fabrication-de-batteries\/"]}]},{"@type":"ImageObject","inLanguage":"fr-CA","@id":"https:\/\/news.canadamotorjobs.com\/fr\/lion-electrique-inaugure-son-usine-de-fabrication-de-batteries\/#primaryimage","url":"https:\/\/news.canadamotorjobs.com\/wp-content\/uploads\/2023\/04\/lion-electrique-mirabel_actu.jpg","contentUrl":"https:\/\/news.canadamotorjobs.com\/wp-content\/uploads\/2023\/04\/lion-electrique-mirabel_actu.jpg","width":1200,"height":800},{"@type":"BreadcrumbList","@id":"https:\/\/news.canadamotorjobs.com\/fr\/lion-electrique-inaugure-son-usine-de-fabrication-de-batteries\/#breadcrumb","itemListElement":[{"@type":"ListItem","position":1,"name":"Home","item":"https:\/\/news.canadamotorjobs.com\/fr\/blog\/"},{"@type":"ListItem","position":2,"name":"Lion \u00e9lectrique inaugure son usine de fabrication de batteries"}]},{"@type":"WebSite","@id":"https:\/\/news.canadamotorjobs.com\/#website","url":"https:\/\/news.canadamotorjobs.com\/","name":"CanadaMotorJobs.com","description":"Automotive Jobs","publisher":{"@id":"https:\/\/news.canadamotorjobs.com\/#organization"},"potentialAction":[{"@type":"SearchAction","target":{"@type":"EntryPoint","urlTemplate":"https:\/\/news.canadamotorjobs.com\/?s={search_term_string}"},"query-input":"required name=search_term_string"}],"inLanguage":"fr-CA"},{"@type":"Organization","@id":"https:\/\/news.canadamotorjobs.com\/#organization","name":"Canada Motor Jobs","url":"https:\/\/news.canadamotorjobs.com\/","logo":{"@type":"ImageObject","inLanguage":"fr-CA","@id":"https:\/\/news.canadamotorjobs.com\/#\/schema\/logo\/image\/","url":"https:\/\/news.canadamotorjobs.com\/wp-content\/uploads\/2022\/10\/logo-canada-motor-jobs-1.png","contentUrl":"https:\/\/news.canadamotorjobs.com\/wp-content\/uploads\/2022\/10\/logo-canada-motor-jobs-1.png","width":800,"height":400,"caption":"Canada Motor Jobs"},"image":{"@id":"https:\/\/news.canadamotorjobs.com\/#\/schema\/logo\/image\/"},"sameAs":["https:\/\/www.facebook.com\/canadamotorjobs\/","https:\/\/x.com\/canadamotorjobs","https:\/\/www.instagram.com\/canadamotorjobs\/","https:\/\/www.linkedin.com\/company\/canadamotorjobs"]},{"@type":"Person","@id":"https:\/\/news.canadamotorjobs.com\/#\/schema\/person\/51793d1f87d44011d7bcc2ed99269a90","name":"Benoit Charette","image":{"@type":"ImageObject","inLanguage":"fr-CA","@id":"https:\/\/news.canadamotorjobs.com\/#\/schema\/person\/image\/","url":"https:\/\/secure.gravatar.com\/avatar\/45f3d2eebcccd909668d7ce7ea7267b6?s=96&d=mm&r=g","contentUrl":"https:\/\/secure.gravatar.com\/avatar\/45f3d2eebcccd909668d7ce7ea7267b6?s=96&d=mm&r=g","caption":"Benoit Charette"},"description":"Benoit Charette \/ Propri\u00e9taire et r\u00e9dacteur en chef Benoit Charette pratique le journalisme automobile depuis bient\u00f4t 30 ans. Il a fait ses classes au c\u00f4t\u00e9 de Daniel H\u00e9raud et au Carnet de route de 1992 \u00e0 2001. Il est fondateur, copropri\u00e9taire et r\u00e9dacteur en chef de L\u2019Annuel de l\u2019automobile, qu\u2019il publie depuis 2001. Il a anim\u00e9 les \u00e9missions RPM et RPM+ sur V et les L\u00e9gendes de la route sur Historia. \u00c0 la radio depuis 1986, il reprend l\u2019antenne cette ann\u00e9e sur les ondes de Cogeco et participe pour la deuxi\u00e8me ann\u00e9e \u00e0 l\u2019\u00e9mission Passion Auto sur RDS en plus de mettre en ligne le site Web officiel de L\u2019Annuel de l\u2019automobile sur annuelauto.ca.","sameAs":["https:\/\/annuelauto.ca\/"],"url":"https:\/\/news.canadamotorjobs.com\/fr\/author\/benoit-charette\/"}]}},"_links":{"self":[{"href":"https:\/\/news.canadamotorjobs.com\/fr\/wp-json\/wp\/v2\/posts\/143563"}],"collection":[{"href":"https:\/\/news.canadamotorjobs.com\/fr\/wp-json\/wp\/v2\/posts"}],"about":[{"href":"https:\/\/news.canadamotorjobs.com\/fr\/wp-json\/wp\/v2\/types\/post"}],"author":[{"embeddable":true,"href":"https:\/\/news.canadamotorjobs.com\/fr\/wp-json\/wp\/v2\/users\/8"}],"replies":[{"embeddable":true,"href":"https:\/\/news.canadamotorjobs.com\/fr\/wp-json\/wp\/v2\/comments?post=143563"}],"version-history":[{"count":2,"href":"https:\/\/news.canadamotorjobs.com\/fr\/wp-json\/wp\/v2\/posts\/143563\/revisions"}],"predecessor-version":[{"id":143567,"href":"https:\/\/news.canadamotorjobs.com\/fr\/wp-json\/wp\/v2\/posts\/143563\/revisions\/143567"}],"wp:featuredmedia":[{"embeddable":true,"href":"https:\/\/news.canadamotorjobs.com\/fr\/wp-json\/wp\/v2\/media\/143565"}],"wp:attachment":[{"href":"https:\/\/news.canadamotorjobs.com\/fr\/wp-json\/wp\/v2\/media?parent=143563"}],"wp:term":[{"taxonomy":"category","embeddable":true,"href":"https:\/\/news.canadamotorjobs.com\/fr\/wp-json\/wp\/v2\/categories?post=143563"},{"taxonomy":"post_tag","embeddable":true,"href":"https:\/\/news.canadamotorjobs.com\/fr\/wp-json\/wp\/v2\/tags?post=143563"}],"curies":[{"name":"wp","href":"https:\/\/api.w.org\/{rel}","templated":true}]}}