{"id":143536,"date":"2023-04-19T08:57:52","date_gmt":"2023-04-19T12:57:52","guid":{"rendered":"https:\/\/news.canadamotorjobs.com\/?p=143536"},"modified":"2023-04-19T09:04:57","modified_gmt":"2023-04-19T13:04:57","slug":"audi-testera-un-moteur-de-formule-1-dici-la-fin-de-lannee","status":"publish","type":"post","link":"https:\/\/news.canadamotorjobs.com\/fr\/audi-testera-un-moteur-de-formule-1-dici-la-fin-de-lannee\/","title":{"rendered":"Audi testera un moteur de Formule 1 d\u2019ici la fin de l\u2019ann\u00e9e"},"content":{"rendered":"<\/p>\n<p>Les pr\u00e9paratifs d&#8217;Audi pour entrer en Formule 1 en 2026 s&#8217;acc\u00e9l\u00e8rent et un prototype de moteur passera au banc d&#8217;essai avant la fin de l&#8217;ann\u00e9e, a d\u00e9clar\u00e9 le constructeur allemand.<\/p>\n<h3>Avec le groupe Sauber<\/h3>\n<p>\nLa marque d\u00e9tenue par Volkswagen a annonc\u00e9 en octobre dernier qu&#8217;elle prenait une participation dans le groupe Sauber, dont l&#8217;\u00e9quipe bas\u00e9e en Suisse court cette saison sous le nom d&#8217;Alfa Romeo avec des moteurs Ferrari. La Formule 1 disposera d&#8217;une nouvelle unit\u00e9 de puissance \u00e0 partir de 2026, l&#8217;accent \u00e9tant mis sur la durabilit\u00e9 et un avenir plus rentable, lorsque Sauber deviendra l&#8217;\u00e9quipe d&#8217;usine Audi.<\/p>\n<h3>Pr\u00e9sentation au Salon de Shanghai<\/h3>\n<p>\nLors d&#8217;une pr\u00e9sentation \u00e0 Shanghai, Oliver Hoffmann, membre du conseil d&#8217;administration d&#8217;Audi, a d\u00e9clar\u00e9 que le projet de Formule 1 avait &#8220;vraiment pris son envol ces derniers mois&#8221;. Le choix de Shanghai pour les d\u00e9buts publics de l&#8217;\u00e9quipe de Formule 1 est strat\u00e9gique, a d\u00e9clar\u00e9 Audi. La Chine est le plus grand march\u00e9 de la marque du groupe VW et poss\u00e8de en m\u00eame temps une \u00e9norme base d\u2019amateurs de Formule 1, a d\u00e9clar\u00e9 le constructeur automobile.<\/p>\n<h3>Plus de 250 employ\u00e9s d\u00e9j\u00e0 au travail<\/h3>\n<p>\nPlus de 260 sp\u00e9cialistes travaillaient d\u00e9j\u00e0 sur le site du groupe motopropulseur \u00e0 Neuburg an der Donau, pr\u00e8s du si\u00e8ge du constructeur automobile \u00e0 Ingolstadt, le c\u0153ur de l&#8217;\u00e9quipe de d\u00e9veloppement \u00e9tant constitu\u00e9 de membres du personnel d&#8217;Audi. &#8220;Ils sont rejoints par des sp\u00e9cialistes de la Formule 1 qui ont \u00e9t\u00e9 recrut\u00e9s \u00e0 l&#8217;ext\u00e9rieur et qui renforceront l&#8217;\u00e9quipe de mani\u00e8re cibl\u00e9e&#8221;, a d\u00e9clar\u00e9 Audi. &#8220;D&#8217;ici la fin de l&#8217;ann\u00e9e, l&#8217;embauche du personnel devrait \u00eatre termin\u00e9e et l&#8217;\u00e9quipe comptera plus de 300 employ\u00e9s.<\/p>\n<p>\u00a0<\/p>\n<p>Avec des renseignements d\u2019Automotive News Europe<\/p>\n<p>\u00a0<\/p>\n<p>Le texte <a rel=\"nofollow\" href=\"https:\/\/annuelauto.ca\/audi-testera-un-moteur-de-formule-1-dici-la-fin-de-lannee\/\">Audi testera un moteur de Formule 1 d\u2019ici la fin de l\u2019ann\u00e9e<\/a> provient de <a rel=\"nofollow\" href=\"https:\/\/annuelauto.ca\">L&#8217;annuel de l&#8217;automobile &#8211; Actualit\u00e9 automobile<\/a><\/p>\n<p><\/p>\n","protected":false},"excerpt":{"rendered":"<p>Les pr\u00e9paratifs d&#8217;Audi pour entrer en Formule 1 en 2026 s&#8217;acc\u00e9l\u00e8rent et un prototype de moteur passera au banc d&#8217;essai avant la fin de l&#8217;ann\u00e9e, a d\u00e9clar\u00e9 le constructeur allemand. Avec le groupe Sauber La marque d\u00e9tenue par Volkswagen a annonc\u00e9 en octobre dernier qu&#8217;elle prenait une participation dans le groupe Sauber, dont l&#8217;\u00e9quipe bas\u00e9e [&hellip;]<\/p>\n","protected":false},"author":8,"featured_media":143538,"comment_status":"close","ping_status":"closed","sticky":false,"template":"","format":"standard","meta":{"_monsterinsights_skip_tracking":false,"_monsterinsights_sitenote_active":false,"_monsterinsights_sitenote_note":"","_monsterinsights_sitenote_category":0,"footnotes":""},"categories":[101],"tags":[],"yoast_head":"<!-- This site is optimized with the Yoast SEO plugin v23.2 - https:\/\/yoast.com\/wordpress\/plugins\/seo\/ -->\n<title>Audi testera un moteur de Formule 1 d\u2019ici la fin de l\u2019ann\u00e9e - CanadaMotorJobs.com<\/title>\n<meta name=\"description\" content=\"Audi testera un moteur de Formule 1 d\u2019ici la fin de l\u2019ann\u00e9e - Benoit Charette - Annuel automobile - CanadaMotorJobs.com.\" \/>\n<meta name=\"robots\" content=\"index, follow, max-snippet:-1, max-image-preview:large, max-video-preview:-1\" \/>\n<meta property=\"og:locale\" content=\"fr_CA\" \/>\n<meta property=\"og:type\" content=\"article\" \/>\n<meta property=\"og:title\" content=\"Audi testera un moteur de Formule 1 d\u2019ici la fin de l\u2019ann\u00e9e - CanadaMotorJobs.com\" \/>\n<meta property=\"og:description\" content=\"Audi testera un moteur de Formule 1 d\u2019ici la fin de l\u2019ann\u00e9e - Benoit Charette - Annuel automobile - CanadaMotorJobs.com.\" \/>\n<meta property=\"og:url\" content=\"https:\/\/news.canadamotorjobs.com\/fr\/audi-testera-un-moteur-de-formule-1-dici-la-fin-de-lannee\/\" \/>\n<meta property=\"og:site_name\" content=\"CanadaMotorJobs.com\" \/>\n<meta property=\"article:publisher\" content=\"https:\/\/www.facebook.com\/canadamotorjobs\/\" \/>\n<meta property=\"article:published_time\" content=\"2023-04-19T12:57:52+00:00\" \/>\n<meta property=\"article:modified_time\" content=\"2023-04-19T13:04:57+00:00\" \/>\n<meta property=\"og:image\" content=\"https:\/\/news.canadamotorjobs.com\/wp-content\/uploads\/2023\/04\/skysports-audi-f1_5876495.jpg\" \/>\n\t<meta property=\"og:image:width\" content=\"2048\" \/>\n\t<meta property=\"og:image:height\" content=\"1152\" \/>\n\t<meta property=\"og:image:type\" content=\"image\/jpeg\" \/>\n<meta name=\"author\" content=\"Benoit Charette\" \/>\n<meta name=\"twitter:card\" content=\"summary_large_image\" \/>\n<meta name=\"twitter:creator\" content=\"@canadamotorjobs\" \/>\n<meta name=\"twitter:site\" content=\"@canadamotorjobs\" \/>\n<meta name=\"twitter:label1\" content=\"\u00c9crit par\" \/>\n\t<meta name=\"twitter:data1\" content=\"Benoit Charette\" \/>\n\t<meta name=\"twitter:label2\" content=\"Estimation du temps de lecture\" \/>\n\t<meta name=\"twitter:data2\" content=\"2 minutes\" \/>\n<!-- \/ Yoast SEO plugin. -->","yoast_head_json":{"title":"Audi testera un moteur de Formule 1 d\u2019ici la fin de l\u2019ann\u00e9e - CanadaMotorJobs.com","description":"Audi testera un moteur de Formule 1 d\u2019ici la fin de l\u2019ann\u00e9e - Benoit Charette - Annuel automobile - CanadaMotorJobs.com.","robots":{"index":"index","follow":"follow","max-snippet":"max-snippet:-1","max-image-preview":"max-image-preview:large","max-video-preview":"max-video-preview:-1"},"og_locale":"fr_CA","og_type":"article","og_title":"Audi testera un moteur de Formule 1 d\u2019ici la fin de l\u2019ann\u00e9e - CanadaMotorJobs.com","og_description":"Audi testera un moteur de Formule 1 d\u2019ici la fin de l\u2019ann\u00e9e - Benoit Charette - Annuel automobile - CanadaMotorJobs.com.","og_url":"https:\/\/news.canadamotorjobs.com\/fr\/audi-testera-un-moteur-de-formule-1-dici-la-fin-de-lannee\/","og_site_name":"CanadaMotorJobs.com","article_publisher":"https:\/\/www.facebook.com\/canadamotorjobs\/","article_published_time":"2023-04-19T12:57:52+00:00","article_modified_time":"2023-04-19T13:04:57+00:00","og_image":[{"width":2048,"height":1152,"url":"https:\/\/news.canadamotorjobs.com\/wp-content\/uploads\/2023\/04\/skysports-audi-f1_5876495.jpg","type":"image\/jpeg"}],"author":"Benoit Charette","twitter_card":"summary_large_image","twitter_creator":"@canadamotorjobs","twitter_site":"@canadamotorjobs","twitter_misc":{"\u00c9crit par":"Benoit Charette","Estimation du temps de lecture":"2 minutes"},"schema":{"@context":"https:\/\/schema.org","@graph":[{"@type":"Article","@id":"https:\/\/news.canadamotorjobs.com\/fr\/audi-testera-un-moteur-de-formule-1-dici-la-fin-de-lannee\/#article","isPartOf":{"@id":"https:\/\/news.canadamotorjobs.com\/fr\/audi-testera-un-moteur-de-formule-1-dici-la-fin-de-lannee\/"},"author":{"name":"Benoit Charette","@id":"https:\/\/news.canadamotorjobs.com\/#\/schema\/person\/51793d1f87d44011d7bcc2ed99269a90"},"headline":"Audi testera un moteur de Formule 1 d\u2019ici la fin de l\u2019ann\u00e9e","datePublished":"2023-04-19T12:57:52+00:00","dateModified":"2023-04-19T13:04:57+00:00","mainEntityOfPage":{"@id":"https:\/\/news.canadamotorjobs.com\/fr\/audi-testera-un-moteur-de-formule-1-dici-la-fin-de-lannee\/"},"wordCount":357,"publisher":{"@id":"https:\/\/news.canadamotorjobs.com\/#organization"},"image":{"@id":"https:\/\/news.canadamotorjobs.com\/fr\/audi-testera-un-moteur-de-formule-1-dici-la-fin-de-lannee\/#primaryimage"},"thumbnailUrl":"https:\/\/news.canadamotorjobs.com\/wp-content\/uploads\/2023\/04\/skysports-audi-f1_5876495.jpg","articleSection":["Annuel automobile"],"inLanguage":"fr-CA"},{"@type":"WebPage","@id":"https:\/\/news.canadamotorjobs.com\/fr\/audi-testera-un-moteur-de-formule-1-dici-la-fin-de-lannee\/","url":"https:\/\/news.canadamotorjobs.com\/fr\/audi-testera-un-moteur-de-formule-1-dici-la-fin-de-lannee\/","name":"Audi testera un moteur de Formule 1 d\u2019ici la fin de l\u2019ann\u00e9e - CanadaMotorJobs.com","isPartOf":{"@id":"https:\/\/news.canadamotorjobs.com\/#website"},"primaryImageOfPage":{"@id":"https:\/\/news.canadamotorjobs.com\/fr\/audi-testera-un-moteur-de-formule-1-dici-la-fin-de-lannee\/#primaryimage"},"image":{"@id":"https:\/\/news.canadamotorjobs.com\/fr\/audi-testera-un-moteur-de-formule-1-dici-la-fin-de-lannee\/#primaryimage"},"thumbnailUrl":"https:\/\/news.canadamotorjobs.com\/wp-content\/uploads\/2023\/04\/skysports-audi-f1_5876495.jpg","datePublished":"2023-04-19T12:57:52+00:00","dateModified":"2023-04-19T13:04:57+00:00","description":"Audi testera un moteur de Formule 1 d\u2019ici la fin de l\u2019ann\u00e9e - Benoit Charette - Annuel automobile - CanadaMotorJobs.com.","breadcrumb":{"@id":"https:\/\/news.canadamotorjobs.com\/fr\/audi-testera-un-moteur-de-formule-1-dici-la-fin-de-lannee\/#breadcrumb"},"inLanguage":"fr-CA","potentialAction":[{"@type":"ReadAction","target":["https:\/\/news.canadamotorjobs.com\/fr\/audi-testera-un-moteur-de-formule-1-dici-la-fin-de-lannee\/"]}]},{"@type":"ImageObject","inLanguage":"fr-CA","@id":"https:\/\/news.canadamotorjobs.com\/fr\/audi-testera-un-moteur-de-formule-1-dici-la-fin-de-lannee\/#primaryimage","url":"https:\/\/news.canadamotorjobs.com\/wp-content\/uploads\/2023\/04\/skysports-audi-f1_5876495.jpg","contentUrl":"https:\/\/news.canadamotorjobs.com\/wp-content\/uploads\/2023\/04\/skysports-audi-f1_5876495.jpg","width":2048,"height":1152},{"@type":"BreadcrumbList","@id":"https:\/\/news.canadamotorjobs.com\/fr\/audi-testera-un-moteur-de-formule-1-dici-la-fin-de-lannee\/#breadcrumb","itemListElement":[{"@type":"ListItem","position":1,"name":"Home","item":"https:\/\/news.canadamotorjobs.com\/fr\/blog\/"},{"@type":"ListItem","position":2,"name":"Audi testera un moteur de Formule 1 d\u2019ici la fin de l\u2019ann\u00e9e"}]},{"@type":"WebSite","@id":"https:\/\/news.canadamotorjobs.com\/#website","url":"https:\/\/news.canadamotorjobs.com\/","name":"CanadaMotorJobs.com","description":"Automotive Jobs","publisher":{"@id":"https:\/\/news.canadamotorjobs.com\/#organization"},"potentialAction":[{"@type":"SearchAction","target":{"@type":"EntryPoint","urlTemplate":"https:\/\/news.canadamotorjobs.com\/?s={search_term_string}"},"query-input":"required name=search_term_string"}],"inLanguage":"fr-CA"},{"@type":"Organization","@id":"https:\/\/news.canadamotorjobs.com\/#organization","name":"Canada Motor Jobs","url":"https:\/\/news.canadamotorjobs.com\/","logo":{"@type":"ImageObject","inLanguage":"fr-CA","@id":"https:\/\/news.canadamotorjobs.com\/#\/schema\/logo\/image\/","url":"https:\/\/news.canadamotorjobs.com\/wp-content\/uploads\/2022\/10\/logo-canada-motor-jobs-1.png","contentUrl":"https:\/\/news.canadamotorjobs.com\/wp-content\/uploads\/2022\/10\/logo-canada-motor-jobs-1.png","width":800,"height":400,"caption":"Canada Motor Jobs"},"image":{"@id":"https:\/\/news.canadamotorjobs.com\/#\/schema\/logo\/image\/"},"sameAs":["https:\/\/www.facebook.com\/canadamotorjobs\/","https:\/\/x.com\/canadamotorjobs","https:\/\/www.instagram.com\/canadamotorjobs\/","https:\/\/www.linkedin.com\/company\/canadamotorjobs"]},{"@type":"Person","@id":"https:\/\/news.canadamotorjobs.com\/#\/schema\/person\/51793d1f87d44011d7bcc2ed99269a90","name":"Benoit Charette","image":{"@type":"ImageObject","inLanguage":"fr-CA","@id":"https:\/\/news.canadamotorjobs.com\/#\/schema\/person\/image\/","url":"https:\/\/secure.gravatar.com\/avatar\/45f3d2eebcccd909668d7ce7ea7267b6?s=96&d=mm&r=g","contentUrl":"https:\/\/secure.gravatar.com\/avatar\/45f3d2eebcccd909668d7ce7ea7267b6?s=96&d=mm&r=g","caption":"Benoit Charette"},"description":"Benoit Charette \/ Propri\u00e9taire et r\u00e9dacteur en chef Benoit Charette pratique le journalisme automobile depuis bient\u00f4t 30 ans. Il a fait ses classes au c\u00f4t\u00e9 de Daniel H\u00e9raud et au Carnet de route de 1992 \u00e0 2001. Il est fondateur, copropri\u00e9taire et r\u00e9dacteur en chef de L\u2019Annuel de l\u2019automobile, qu\u2019il publie depuis 2001. Il a anim\u00e9 les \u00e9missions RPM et RPM+ sur V et les L\u00e9gendes de la route sur Historia. \u00c0 la radio depuis 1986, il reprend l\u2019antenne cette ann\u00e9e sur les ondes de Cogeco et participe pour la deuxi\u00e8me ann\u00e9e \u00e0 l\u2019\u00e9mission Passion Auto sur RDS en plus de mettre en ligne le site Web officiel de L\u2019Annuel de l\u2019automobile sur annuelauto.ca.","sameAs":["https:\/\/annuelauto.ca\/"],"url":"https:\/\/news.canadamotorjobs.com\/fr\/author\/benoit-charette\/"}]}},"_links":{"self":[{"href":"https:\/\/news.canadamotorjobs.com\/fr\/wp-json\/wp\/v2\/posts\/143536"}],"collection":[{"href":"https:\/\/news.canadamotorjobs.com\/fr\/wp-json\/wp\/v2\/posts"}],"about":[{"href":"https:\/\/news.canadamotorjobs.com\/fr\/wp-json\/wp\/v2\/types\/post"}],"author":[{"embeddable":true,"href":"https:\/\/news.canadamotorjobs.com\/fr\/wp-json\/wp\/v2\/users\/8"}],"replies":[{"embeddable":true,"href":"https:\/\/news.canadamotorjobs.com\/fr\/wp-json\/wp\/v2\/comments?post=143536"}],"version-history":[{"count":2,"href":"https:\/\/news.canadamotorjobs.com\/fr\/wp-json\/wp\/v2\/posts\/143536\/revisions"}],"predecessor-version":[{"id":143540,"href":"https:\/\/news.canadamotorjobs.com\/fr\/wp-json\/wp\/v2\/posts\/143536\/revisions\/143540"}],"wp:featuredmedia":[{"embeddable":true,"href":"https:\/\/news.canadamotorjobs.com\/fr\/wp-json\/wp\/v2\/media\/143538"}],"wp:attachment":[{"href":"https:\/\/news.canadamotorjobs.com\/fr\/wp-json\/wp\/v2\/media?parent=143536"}],"wp:term":[{"taxonomy":"category","embeddable":true,"href":"https:\/\/news.canadamotorjobs.com\/fr\/wp-json\/wp\/v2\/categories?post=143536"},{"taxonomy":"post_tag","embeddable":true,"href":"https:\/\/news.canadamotorjobs.com\/fr\/wp-json\/wp\/v2\/tags?post=143536"}],"curies":[{"name":"wp","href":"https:\/\/api.w.org\/{rel}","templated":true}]}}