{"id":143517,"date":"2023-04-18T08:02:07","date_gmt":"2023-04-18T12:02:07","guid":{"rendered":"https:\/\/news.canadamotorjobs.com\/?p=143517"},"modified":"2023-04-18T08:03:10","modified_gmt":"2023-04-18T12:03:10","slug":"la-volkswagen-id-7-2025-annonce-500-km-dautonomie","status":"publish","type":"post","link":"https:\/\/news.canadamotorjobs.com\/fr\/la-volkswagen-id-7-2025-annonce-500-km-dautonomie\/","title":{"rendered":"La Volkswagen ID.7 2025 annonce 500\u00a0km d\u2019autonomie"},"content":{"rendered":"<\/p>\n<p>Ceux qui pleuraient le d\u00e9part de la Passat peuvent se r\u00e9jouir avec l\u2019arriv\u00e9e de l\u2019ID.7 qui devient la nouvelle berline grand format de la famille. La version ID Aero, qui devrait arriver en Europe et en Chine cette ann\u00e9e, sera export\u00e9e d&#8217;Allemagne vers les concessionnaires canadiens en 2024, en tant que mod\u00e8le 2025.<\/p>\n<h3>Une version Pro<\/h3>\n<p>\nLa version nord-am\u00e9ricaine, la VW ID7 Pro, sera \u00e9quip\u00e9e d&#8217;une batterie de 82\u00a0kWh capable de se recharger rapidement \u00e0 170\u00a0kW. Elle sera propuls\u00e9e par un moteur synchrone \u00e0 aimant permanent de 282 chevaux . En Europe, l&#8217;ID7, de la taille de la Passat, devrait avoir une autonomie de 700\u00a0km. Toutefois, le porte-parole a d\u00e9clar\u00e9 que la marque visait une autonomie de 500\u00a0km selon le cycle d&#8217;essai EPA pour l&#8217;ID7 2025, bien qu&#8217;une note sp\u00e9cifique ne soit pas encore disponible.<\/p>\n<h3>Beaucoup d\u2019espace<\/h3>\n<p>\nEn termes de style ext\u00e9rieur, l&#8217;ID7\u00a0 fait 4,96 m\u00e8tres de long arbore un design fastback et d&#8217;autres caract\u00e9ristiques visant \u00e0 am\u00e9liorer l&#8217;a\u00e9rodynamisme, et ne mesure que 1,51 m\u00e8tre de haut. Son coefficient de tra\u00een\u00e9e est de 0,23, identique \u00e0 celui de la Tesla Model 3 de la g\u00e9n\u00e9ration actuelle. Le design est compl\u00e9t\u00e9 par des \u00e9clairages \u00e0 DEL et des baguettes lumineuses distinctives sur le bouclier et \u00e0 l&#8217;arri\u00e8re.<\/p>\n<h3>Int\u00e9rieur<\/h3>\n<p>\nDans l&#8217;habitacle, la VW ID7 2025 sera \u00e9quip\u00e9e de s\u00e9rie de ce que la marque appelle un affichage t\u00eate haute \u00e0 r\u00e9alit\u00e9 augment\u00e9e, projetant les d\u00e9tails du trajet, notamment la vitesse, les panneaux routiers et l&#8217;aide \u00e0 la navigation \u00e0 venir, \u00e0 hauteur des yeux sur le pare-brise. L&#8217;affichage s&#8217;adapte \u00e0 ce qui se trouve devant lui, de sorte que des informations telles que la vitesse actuelle et la limitation de vitesse apparaissent au premier plan, tandis que l&#8217;aide \u00e0 la navigation et d&#8217;autres fonctionnalit\u00e9s apparaissent projet\u00e9es plus loin. Au-dessus de la console centrale, l&#8217;ID7 sera \u00e9quip\u00e9 d&#8217;un \u00e9cran tactile personnalisable de 15 pouces qui commande la plupart des fonctions de l&#8217;ID7, y compris l&#8217;infodivertissement et le confort de l&#8217;habitacle. Une paire de barres coulissantes tactiles situ\u00e9es sous l&#8217;\u00e9cran permet de r\u00e9gler la temp\u00e9rature et le volume du syst\u00e8me d&#8217;infodivertissement, selon VW.<\/p>\n<h3>Un toit en verre intelligent<\/h3>\n<p>\nLe toit en &#8220;verre intelligent&#8221; de l&#8217;ID7 peut se transformer \u00e9lectroniquement de clair \u00e0 opaque, ce qui contribue \u00e0 maintenir des temp\u00e9ratures int\u00e9rieures confortables tout en offrant des vues panoramiques. Il est encore trop t\u00f4t pour parler de prix et nous ne savons quelle quantit\u00e9 de ce mod\u00e8le sera r\u00e9serv\u00e9e pour le Canada.<\/p>\n<p>Source: Volkswagen<\/p>\n<p>Le texte <a rel=\"nofollow\" href=\"https:\/\/annuelauto.ca\/la-volkswagen-id-7-2025-annonce-500-km-dautonomie\/\">La Volkswagen ID.7 2025 annonce 500\u00a0km d\u2019autonomie<\/a> provient de <a rel=\"nofollow\" href=\"https:\/\/annuelauto.ca\">L&#8217;annuel de l&#8217;automobile &#8211; Actualit\u00e9 automobile<\/a><\/p>\n<p><\/p>\n","protected":false},"excerpt":{"rendered":"<p>Ceux qui pleuraient le d\u00e9part de la Passat peuvent se r\u00e9jouir avec l\u2019arriv\u00e9e de l\u2019ID.7 qui devient la nouvelle berline grand format de la famille. La version ID Aero, qui devrait arriver en Europe et en Chine cette ann\u00e9e, sera export\u00e9e d&#8217;Allemagne vers les concessionnaires canadiens en 2024, en tant que mod\u00e8le 2025. Une version [&hellip;]<\/p>\n","protected":false},"author":8,"featured_media":143519,"comment_status":"close","ping_status":"closed","sticky":false,"template":"","format":"standard","meta":{"_monsterinsights_skip_tracking":false,"_monsterinsights_sitenote_active":false,"_monsterinsights_sitenote_note":"","_monsterinsights_sitenote_category":0,"footnotes":""},"categories":[101],"tags":[],"yoast_head":"<!-- This site is optimized with the Yoast SEO plugin v23.2 - https:\/\/yoast.com\/wordpress\/plugins\/seo\/ -->\n<title>La Volkswagen ID.7 2025 annonce 500\u00a0km d\u2019autonomie - CanadaMotorJobs.com<\/title>\n<meta name=\"description\" content=\"La Volkswagen ID.7 2025 annonce 500\u00a0km d\u2019autonomie - Benoit Charette - Annuel automobile - CanadaMotorJobs.com.\" \/>\n<meta name=\"robots\" content=\"index, follow, max-snippet:-1, max-image-preview:large, max-video-preview:-1\" \/>\n<meta property=\"og:locale\" content=\"fr_CA\" \/>\n<meta property=\"og:type\" content=\"article\" \/>\n<meta property=\"og:title\" content=\"La Volkswagen ID.7 2025 annonce 500\u00a0km d\u2019autonomie - CanadaMotorJobs.com\" \/>\n<meta property=\"og:description\" content=\"La Volkswagen ID.7 2025 annonce 500\u00a0km d\u2019autonomie - Benoit Charette - Annuel automobile - CanadaMotorJobs.com.\" \/>\n<meta property=\"og:url\" content=\"https:\/\/news.canadamotorjobs.com\/fr\/la-volkswagen-id-7-2025-annonce-500-km-dautonomie\/\" \/>\n<meta property=\"og:site_name\" content=\"CanadaMotorJobs.com\" \/>\n<meta property=\"article:publisher\" content=\"https:\/\/www.facebook.com\/canadamotorjobs\/\" \/>\n<meta property=\"article:published_time\" content=\"2023-04-18T12:02:07+00:00\" \/>\n<meta property=\"article:modified_time\" content=\"2023-04-18T12:03:10+00:00\" \/>\n<meta property=\"og:image\" content=\"https:\/\/news.canadamotorjobs.com\/wp-content\/uploads\/2023\/04\/DB2023AU00262_small.jpg\" \/>\n\t<meta property=\"og:image:width\" content=\"1024\" \/>\n\t<meta property=\"og:image:height\" content=\"683\" \/>\n\t<meta property=\"og:image:type\" content=\"image\/jpeg\" \/>\n<meta name=\"author\" content=\"Benoit Charette\" \/>\n<meta name=\"twitter:card\" content=\"summary_large_image\" \/>\n<meta name=\"twitter:creator\" content=\"@canadamotorjobs\" \/>\n<meta name=\"twitter:site\" content=\"@canadamotorjobs\" \/>\n<meta name=\"twitter:label1\" content=\"\u00c9crit par\" \/>\n\t<meta name=\"twitter:data1\" content=\"Benoit Charette\" \/>\n\t<meta name=\"twitter:label2\" content=\"Estimation du temps de lecture\" \/>\n\t<meta name=\"twitter:data2\" content=\"2 minutes\" \/>\n<!-- \/ Yoast SEO plugin. -->","yoast_head_json":{"title":"La Volkswagen ID.7 2025 annonce 500\u00a0km d\u2019autonomie - CanadaMotorJobs.com","description":"La Volkswagen ID.7 2025 annonce 500\u00a0km d\u2019autonomie - Benoit Charette - Annuel automobile - CanadaMotorJobs.com.","robots":{"index":"index","follow":"follow","max-snippet":"max-snippet:-1","max-image-preview":"max-image-preview:large","max-video-preview":"max-video-preview:-1"},"og_locale":"fr_CA","og_type":"article","og_title":"La Volkswagen ID.7 2025 annonce 500\u00a0km d\u2019autonomie - CanadaMotorJobs.com","og_description":"La Volkswagen ID.7 2025 annonce 500\u00a0km d\u2019autonomie - Benoit Charette - Annuel automobile - CanadaMotorJobs.com.","og_url":"https:\/\/news.canadamotorjobs.com\/fr\/la-volkswagen-id-7-2025-annonce-500-km-dautonomie\/","og_site_name":"CanadaMotorJobs.com","article_publisher":"https:\/\/www.facebook.com\/canadamotorjobs\/","article_published_time":"2023-04-18T12:02:07+00:00","article_modified_time":"2023-04-18T12:03:10+00:00","og_image":[{"width":1024,"height":683,"url":"https:\/\/news.canadamotorjobs.com\/wp-content\/uploads\/2023\/04\/DB2023AU00262_small.jpg","type":"image\/jpeg"}],"author":"Benoit Charette","twitter_card":"summary_large_image","twitter_creator":"@canadamotorjobs","twitter_site":"@canadamotorjobs","twitter_misc":{"\u00c9crit par":"Benoit Charette","Estimation du temps de lecture":"2 minutes"},"schema":{"@context":"https:\/\/schema.org","@graph":[{"@type":"Article","@id":"https:\/\/news.canadamotorjobs.com\/fr\/la-volkswagen-id-7-2025-annonce-500-km-dautonomie\/#article","isPartOf":{"@id":"https:\/\/news.canadamotorjobs.com\/fr\/la-volkswagen-id-7-2025-annonce-500-km-dautonomie\/"},"author":{"name":"Benoit Charette","@id":"https:\/\/news.canadamotorjobs.com\/#\/schema\/person\/51793d1f87d44011d7bcc2ed99269a90"},"headline":"La Volkswagen ID.7 2025 annonce 500\u00a0km d\u2019autonomie","datePublished":"2023-04-18T12:02:07+00:00","dateModified":"2023-04-18T12:03:10+00:00","mainEntityOfPage":{"@id":"https:\/\/news.canadamotorjobs.com\/fr\/la-volkswagen-id-7-2025-annonce-500-km-dautonomie\/"},"wordCount":478,"publisher":{"@id":"https:\/\/news.canadamotorjobs.com\/#organization"},"image":{"@id":"https:\/\/news.canadamotorjobs.com\/fr\/la-volkswagen-id-7-2025-annonce-500-km-dautonomie\/#primaryimage"},"thumbnailUrl":"https:\/\/news.canadamotorjobs.com\/wp-content\/uploads\/2023\/04\/DB2023AU00262_small.jpg","articleSection":["Annuel automobile"],"inLanguage":"fr-CA"},{"@type":"WebPage","@id":"https:\/\/news.canadamotorjobs.com\/fr\/la-volkswagen-id-7-2025-annonce-500-km-dautonomie\/","url":"https:\/\/news.canadamotorjobs.com\/fr\/la-volkswagen-id-7-2025-annonce-500-km-dautonomie\/","name":"La Volkswagen ID.7 2025 annonce 500\u00a0km d\u2019autonomie - CanadaMotorJobs.com","isPartOf":{"@id":"https:\/\/news.canadamotorjobs.com\/#website"},"primaryImageOfPage":{"@id":"https:\/\/news.canadamotorjobs.com\/fr\/la-volkswagen-id-7-2025-annonce-500-km-dautonomie\/#primaryimage"},"image":{"@id":"https:\/\/news.canadamotorjobs.com\/fr\/la-volkswagen-id-7-2025-annonce-500-km-dautonomie\/#primaryimage"},"thumbnailUrl":"https:\/\/news.canadamotorjobs.com\/wp-content\/uploads\/2023\/04\/DB2023AU00262_small.jpg","datePublished":"2023-04-18T12:02:07+00:00","dateModified":"2023-04-18T12:03:10+00:00","description":"La Volkswagen ID.7 2025 annonce 500\u00a0km d\u2019autonomie - Benoit Charette - Annuel automobile - CanadaMotorJobs.com.","breadcrumb":{"@id":"https:\/\/news.canadamotorjobs.com\/fr\/la-volkswagen-id-7-2025-annonce-500-km-dautonomie\/#breadcrumb"},"inLanguage":"fr-CA","potentialAction":[{"@type":"ReadAction","target":["https:\/\/news.canadamotorjobs.com\/fr\/la-volkswagen-id-7-2025-annonce-500-km-dautonomie\/"]}]},{"@type":"ImageObject","inLanguage":"fr-CA","@id":"https:\/\/news.canadamotorjobs.com\/fr\/la-volkswagen-id-7-2025-annonce-500-km-dautonomie\/#primaryimage","url":"https:\/\/news.canadamotorjobs.com\/wp-content\/uploads\/2023\/04\/DB2023AU00262_small.jpg","contentUrl":"https:\/\/news.canadamotorjobs.com\/wp-content\/uploads\/2023\/04\/DB2023AU00262_small.jpg","width":1024,"height":683},{"@type":"BreadcrumbList","@id":"https:\/\/news.canadamotorjobs.com\/fr\/la-volkswagen-id-7-2025-annonce-500-km-dautonomie\/#breadcrumb","itemListElement":[{"@type":"ListItem","position":1,"name":"Home","item":"https:\/\/news.canadamotorjobs.com\/fr\/blog\/"},{"@type":"ListItem","position":2,"name":"La Volkswagen ID.7 2025 annonce 500\u00a0km d\u2019autonomie"}]},{"@type":"WebSite","@id":"https:\/\/news.canadamotorjobs.com\/#website","url":"https:\/\/news.canadamotorjobs.com\/","name":"CanadaMotorJobs.com","description":"Automotive Jobs","publisher":{"@id":"https:\/\/news.canadamotorjobs.com\/#organization"},"potentialAction":[{"@type":"SearchAction","target":{"@type":"EntryPoint","urlTemplate":"https:\/\/news.canadamotorjobs.com\/?s={search_term_string}"},"query-input":"required name=search_term_string"}],"inLanguage":"fr-CA"},{"@type":"Organization","@id":"https:\/\/news.canadamotorjobs.com\/#organization","name":"Canada Motor Jobs","url":"https:\/\/news.canadamotorjobs.com\/","logo":{"@type":"ImageObject","inLanguage":"fr-CA","@id":"https:\/\/news.canadamotorjobs.com\/#\/schema\/logo\/image\/","url":"https:\/\/news.canadamotorjobs.com\/wp-content\/uploads\/2022\/10\/logo-canada-motor-jobs-1.png","contentUrl":"https:\/\/news.canadamotorjobs.com\/wp-content\/uploads\/2022\/10\/logo-canada-motor-jobs-1.png","width":800,"height":400,"caption":"Canada Motor Jobs"},"image":{"@id":"https:\/\/news.canadamotorjobs.com\/#\/schema\/logo\/image\/"},"sameAs":["https:\/\/www.facebook.com\/canadamotorjobs\/","https:\/\/x.com\/canadamotorjobs","https:\/\/www.instagram.com\/canadamotorjobs\/","https:\/\/www.linkedin.com\/company\/canadamotorjobs"]},{"@type":"Person","@id":"https:\/\/news.canadamotorjobs.com\/#\/schema\/person\/51793d1f87d44011d7bcc2ed99269a90","name":"Benoit Charette","image":{"@type":"ImageObject","inLanguage":"fr-CA","@id":"https:\/\/news.canadamotorjobs.com\/#\/schema\/person\/image\/","url":"https:\/\/secure.gravatar.com\/avatar\/45f3d2eebcccd909668d7ce7ea7267b6?s=96&d=mm&r=g","contentUrl":"https:\/\/secure.gravatar.com\/avatar\/45f3d2eebcccd909668d7ce7ea7267b6?s=96&d=mm&r=g","caption":"Benoit Charette"},"description":"Benoit Charette \/ Propri\u00e9taire et r\u00e9dacteur en chef Benoit Charette pratique le journalisme automobile depuis bient\u00f4t 30 ans. Il a fait ses classes au c\u00f4t\u00e9 de Daniel H\u00e9raud et au Carnet de route de 1992 \u00e0 2001. Il est fondateur, copropri\u00e9taire et r\u00e9dacteur en chef de L\u2019Annuel de l\u2019automobile, qu\u2019il publie depuis 2001. Il a anim\u00e9 les \u00e9missions RPM et RPM+ sur V et les L\u00e9gendes de la route sur Historia. \u00c0 la radio depuis 1986, il reprend l\u2019antenne cette ann\u00e9e sur les ondes de Cogeco et participe pour la deuxi\u00e8me ann\u00e9e \u00e0 l\u2019\u00e9mission Passion Auto sur RDS en plus de mettre en ligne le site Web officiel de L\u2019Annuel de l\u2019automobile sur annuelauto.ca.","sameAs":["https:\/\/annuelauto.ca\/"],"url":"https:\/\/news.canadamotorjobs.com\/fr\/author\/benoit-charette\/"}]}},"_links":{"self":[{"href":"https:\/\/news.canadamotorjobs.com\/fr\/wp-json\/wp\/v2\/posts\/143517"}],"collection":[{"href":"https:\/\/news.canadamotorjobs.com\/fr\/wp-json\/wp\/v2\/posts"}],"about":[{"href":"https:\/\/news.canadamotorjobs.com\/fr\/wp-json\/wp\/v2\/types\/post"}],"author":[{"embeddable":true,"href":"https:\/\/news.canadamotorjobs.com\/fr\/wp-json\/wp\/v2\/users\/8"}],"replies":[{"embeddable":true,"href":"https:\/\/news.canadamotorjobs.com\/fr\/wp-json\/wp\/v2\/comments?post=143517"}],"version-history":[{"count":2,"href":"https:\/\/news.canadamotorjobs.com\/fr\/wp-json\/wp\/v2\/posts\/143517\/revisions"}],"predecessor-version":[{"id":143521,"href":"https:\/\/news.canadamotorjobs.com\/fr\/wp-json\/wp\/v2\/posts\/143517\/revisions\/143521"}],"wp:featuredmedia":[{"embeddable":true,"href":"https:\/\/news.canadamotorjobs.com\/fr\/wp-json\/wp\/v2\/media\/143519"}],"wp:attachment":[{"href":"https:\/\/news.canadamotorjobs.com\/fr\/wp-json\/wp\/v2\/media?parent=143517"}],"wp:term":[{"taxonomy":"category","embeddable":true,"href":"https:\/\/news.canadamotorjobs.com\/fr\/wp-json\/wp\/v2\/categories?post=143517"},{"taxonomy":"post_tag","embeddable":true,"href":"https:\/\/news.canadamotorjobs.com\/fr\/wp-json\/wp\/v2\/tags?post=143517"}],"curies":[{"name":"wp","href":"https:\/\/api.w.org\/{rel}","templated":true}]}}