{"id":143498,"date":"2023-04-18T07:17:00","date_gmt":"2023-04-18T11:17:00","guid":{"rendered":"https:\/\/news.canadamotorjobs.com\/?p=143498"},"modified":"2023-04-18T07:33:13","modified_gmt":"2023-04-18T11:33:13","slug":"porsche-presente-un-nouveau-cayenne-pour-2024","status":"publish","type":"post","link":"https:\/\/news.canadamotorjobs.com\/fr\/porsche-presente-un-nouveau-cayenne-pour-2024\/","title":{"rendered":"Porsche pr\u00e9sente un nouveau Cayenne pour 2024"},"content":{"rendered":"<\/p>\n<p>Vous ne verrez peut-\u00eatre pas tous les changements au premier coup d\u2019\u0153il. Porsche a l\u2019habitude depuis longtemps d\u2019\u00e9volu\u00e9 en douceur. Le Cayenne fait toutefois peau neuve pour 2024. De l\u2019ext\u00e9rieur, la partie avant redessin\u00e9e pr\u00e9sente des ailes plus arqu\u00e9es et semble plus large gr\u00e2ce au nouveau capot et aux phares attrayants. L\u2019arri\u00e8re du Cayenne pr\u00e9sente des feux arri\u00e8re tridimensionnels, des lignes \u00e9pur\u00e9es et un tablier arri\u00e8re au go\u00fbt du jour avec support de plaque d\u2019immatriculation int\u00e9gr\u00e9. Le Cayenne est offert en trois nouvelles couleurs et peut maintenant \u00eatre chauss\u00e9 de roues de 20, 21 et 22 po. \u00c9galement, des ensembles sport l\u00e9gers permettant d\u2019\u00e9conomiser jusqu\u2019\u00e0 33 kilogrammes sont offerts pour le Cayenne Coup\u00e9. vous avez des phares \u00e0 matrice de DEL haute d\u00e9finition qui s\u2019adaptent \u00e0 toutes les situations de conduite, un syst\u00e8me de qualit\u00e9 de l\u2019air qui filtre les polluants atmosph\u00e9riques dans l\u2019habitacle et, pour la premi\u00e8re fois sur ce mod\u00e8le, un \u00e9cran d\u2019infodivertissement sp\u00e9cialement pour le passager avant pour qu\u2019il puisse \u00e9couter des vid\u00e9os pendant le voyage, par exemple.<\/p>\n<h3>Pr\u00e9sentation int\u00e9rieure repens\u00e9e<\/h3>\n<p>\nLa nouvelle architecture Porsche Driver Experience, lanc\u00e9e d\u2019abord pour le Taycan se retrouve maintenant dans le Cayenne. Il est centr\u00e9e sur l\u2019axe de vision du conducteur et est facile \u00e0 utiliser. Les fonctions fr\u00e9quemment utilis\u00e9es par le conducteur sont situ\u00e9es directement sur le volant ou pr\u00e8s de celui-ci. Par exemple, le levier situ\u00e9 \u00e0 gauche, derri\u00e8re le volant, comporte maintenant des commandes suppl\u00e9mentaires pour les syst\u00e8mes d\u2019aide \u00e0 la conduite. Le levier s\u00e9lecteur de la bo\u00eete automatique se trouve d\u00e9sormais sur le tableau de bord, lib\u00e9rant de l\u2019espace dans la console centrale.<\/p>\n<h3>Bloc instrument num\u00e9rique<\/h3>\n<p>\nPour la premi\u00e8re fois, le tableau de bord comprend un bloc-instruments enti\u00e8rement num\u00e9rique de 12,6 po incurv\u00e9 et autoportant offrant diff\u00e9rentes options d\u2019affichage. Un affichage t\u00eate haute optimis\u00e9 est \u00e9galement offert en option. L\u2019\u00e9cran central de 12,3 po du syst\u00e8me de gestion des communications Porsche (PCM) offert de s\u00e9rie s\u2019int\u00e8gre au nouveau tableau de bord et donne acc\u00e8s \u00e0 toutes les fonctions pertinentes du v\u00e9hicule. Des applications natives comme celles de Spotify et d\u2019Apple Music sont int\u00e9gr\u00e9es au syst\u00e8me pour optimiser la connectivit\u00e9 dans le Cayenne.Conduite optimis\u00e9eLe Cayenne est maintenant \u00e9quip\u00e9 d\u2019une suspension \u00e0 ressorts \u00e0 lame d\u2019acier install\u00e9 \u00e0 l\u2019usine comprenant le syst\u00e8me Porsche Active Suspension Management (PASM). Il est \u00e9galement \u00e9quip\u00e9 d\u2019amortisseurs dot\u00e9s de la technologie \u00e0 deux soupapes, qui permettent de r\u00e9gler le rebondissement et la compression s\u00e9par\u00e9ment, offrant une performance optimis\u00e9e dans toutes les situations de conduite. Le confort \u00e0 basse vitesse, la maniabilit\u00e9 dans les virages et le soutien au tangage et au roulis ont notamment \u00e9t\u00e9 nettement am\u00e9lior\u00e9s. L\u2019exp\u00e9rience de conduite est encore plus agr\u00e9able gr\u00e2ce \u00e0 la suspension pneumatique adaptative \u00e0 deux chambres et deux soupapes (option).<\/p>\n<h3>Quatre choix de moteurs<\/h3>\n<p>\nQuatre versions de groupe motopropulseur sont offertes pour le nouveau Cayenne. Dans le Cayenne S, le moteur V6 a \u00e9t\u00e9 remplac\u00e9 par un moteur V8 biturbo de 4 L mis au point par Porsche. Avec une puissance maximale de 468 ch. et un couple de 442 lb-pi (soit 34 ch. et 37 lb-pi de plus que ses pr\u00e9d\u00e9cesseurs), la version de base et la version coup\u00e9 du Cayenne passent de 0 \u00e0 100 km\/h en 4,7 secondes. La vitesse de pointe est de 273 km\/h. Le Cayenne d\u2019entr\u00e9e de gamme est \u00e9quip\u00e9 d\u2019un moteur V6 turbo optimis\u00e9 de 3 L. Il g\u00e9n\u00e8re maintenant 348 ch. et 368 lb-pi, soit 13 ch. et 36 lb-pi de plus qu\u2019auparavant. Ce moteur \u00e0 six cylindres se retrouve \u00e9galement sur le Cayenne E-Hybrid. Il est accompagn\u00e9 d\u2019un moteur \u00e9lectrique am\u00e9lior\u00e9 de 40 ch. \u00e0 174 ch. Il offre donc une puissance combin\u00e9e de 468 ch. Il est muni d\u2019une batterie haute tension d\u2019une capacit\u00e9 am\u00e9lior\u00e9e de 25,9 kWh (auparavant 17,9 kWh). Malgr\u00e9 la grande capacit\u00e9 de la batterie, le nouveau chargeur embarqu\u00e9 de 9.6 kW permet de recharger le v\u00e9hicule plus rapidement qu\u2019avant, soit en moins de deux heures et demie s\u2019il est branch\u00e9 \u00e0 une source d\u2019alimentation appropri\u00e9e. Pendant les d\u00e9placements, les modes de conduite E-Hybrid optimis\u00e9s augmentent l\u2019efficacit\u00e9 du v\u00e9hicule.<\/p>\n<h3>Et toujours le turbo<\/h3>\n<p>\nLe Turbo GT, con\u00e7u pour offrir une performance maximale sur route, demeure le mod\u00e8le haut de gamme de la famille Cayenne dans la plupart des march\u00e9s de Porsche. Il est offert exclusivement en version coup\u00e9 et b\u00e9n\u00e9ficie de toutes les optimisations et am\u00e9liorations des autres mod\u00e8les. De plus, la puissance du moteur V8 biturbo de 4 L du Turbo GT a \u00e9t\u00e9 augment\u00e9e de 19 ch. pour atteindre 650 ch. Le Cayenne Turbo GT acc\u00e9l\u00e8re de z\u00e9ro \u00e0 100 km\/h en 3,3 secondes et atteint une vitesse de pointe de 305 km\/h.<\/p>\n<h3>\n\u00c0 partir de 89\u00a0800 $<\/h3>\n<p>\nAu Canada, Porsche offre le nouveau Cayenne \u00e0 partir de 89 800 $ (version coup\u00e9 \u00e0 partir de 95 400 $). Le Cayenne E-Hybrid est offert \u00e0 partir de 104 800 $ (version coup\u00e9 \u00e0 partir de 109 400 $) et le Cayenne S, \u00e0 partir de 107 500 $ (version coup\u00e9 \u00e0 partir de 114 600 $). Le Cayenne Turbo GT haut de gamme est offert \u00e0 partir de 218 300 $. Les nouveaux mod\u00e8les peuvent \u00eatre command\u00e9s d\u00e8s maintenant, et les livraisons d\u00e9buteront au milieu de l\u2019\u00e9t\u00e9.<\/p>\n<p>\u00a0<\/p>\n<p>Source\u00a0: Porsche<\/p>\n<p>\n\u00a0<\/p>\n<p>Le texte <a rel=\"nofollow\" href=\"https:\/\/annuelauto.ca\/porsche-presente-un-nouveau-cayenne-pour-2024\/\">Porsche pr\u00e9sente un nouveau Cayenne pour 2024<\/a> provient de <a rel=\"nofollow\" href=\"https:\/\/annuelauto.ca\">L&#8217;annuel de l&#8217;automobile &#8211; Actualit\u00e9 automobile<\/a><\/p>\n<p><\/p>\n","protected":false},"excerpt":{"rendered":"<p>Vous ne verrez peut-\u00eatre pas tous les changements au premier coup d\u2019\u0153il. Porsche a l\u2019habitude depuis longtemps d\u2019\u00e9volu\u00e9 en douceur. Le Cayenne fait toutefois peau neuve pour 2024. De l\u2019ext\u00e9rieur, la partie avant redessin\u00e9e pr\u00e9sente des ailes plus arqu\u00e9es et semble plus large gr\u00e2ce au nouveau capot et aux phares attrayants. L\u2019arri\u00e8re du Cayenne pr\u00e9sente [&hellip;]<\/p>\n","protected":false},"author":8,"featured_media":143500,"comment_status":"close","ping_status":"closed","sticky":false,"template":"","format":"standard","meta":{"_monsterinsights_skip_tracking":false,"_monsterinsights_sitenote_active":false,"_monsterinsights_sitenote_note":"","_monsterinsights_sitenote_category":0,"footnotes":""},"categories":[101],"tags":[],"yoast_head":"<!-- This site is optimized with the Yoast SEO plugin v23.2 - https:\/\/yoast.com\/wordpress\/plugins\/seo\/ -->\n<title>Porsche pr\u00e9sente un nouveau Cayenne pour 2024 - CanadaMotorJobs.com<\/title>\n<meta name=\"description\" content=\"Porsche pr\u00e9sente un nouveau Cayenne pour 2024 - Benoit Charette - Annuel automobile - CanadaMotorJobs.com.\" \/>\n<meta name=\"robots\" content=\"index, follow, max-snippet:-1, max-image-preview:large, max-video-preview:-1\" \/>\n<meta property=\"og:locale\" content=\"fr_CA\" \/>\n<meta property=\"og:type\" content=\"article\" \/>\n<meta property=\"og:title\" content=\"Porsche pr\u00e9sente un nouveau Cayenne pour 2024 - CanadaMotorJobs.com\" \/>\n<meta property=\"og:description\" content=\"Porsche pr\u00e9sente un nouveau Cayenne pour 2024 - Benoit Charette - Annuel automobile - CanadaMotorJobs.com.\" \/>\n<meta property=\"og:url\" content=\"https:\/\/news.canadamotorjobs.com\/fr\/porsche-presente-un-nouveau-cayenne-pour-2024\/\" \/>\n<meta property=\"og:site_name\" content=\"CanadaMotorJobs.com\" \/>\n<meta property=\"article:publisher\" content=\"https:\/\/www.facebook.com\/canadamotorjobs\/\" \/>\n<meta property=\"article:published_time\" content=\"2023-04-18T11:17:00+00:00\" \/>\n<meta property=\"article:modified_time\" content=\"2023-04-18T11:33:13+00:00\" \/>\n<meta property=\"og:image\" content=\"https:\/\/news.canadamotorjobs.com\/wp-content\/uploads\/2023\/04\/S23_0376.jpg\" \/>\n\t<meta property=\"og:image:width\" content=\"1000\" \/>\n\t<meta property=\"og:image:height\" content=\"667\" \/>\n\t<meta property=\"og:image:type\" content=\"image\/jpeg\" \/>\n<meta name=\"author\" content=\"Benoit Charette\" \/>\n<meta name=\"twitter:card\" content=\"summary_large_image\" \/>\n<meta name=\"twitter:creator\" content=\"@canadamotorjobs\" \/>\n<meta name=\"twitter:site\" content=\"@canadamotorjobs\" \/>\n<meta name=\"twitter:label1\" content=\"\u00c9crit par\" \/>\n\t<meta name=\"twitter:data1\" content=\"Benoit Charette\" \/>\n\t<meta name=\"twitter:label2\" content=\"Estimation du temps de lecture\" \/>\n\t<meta name=\"twitter:data2\" content=\"5 minutes\" \/>\n<!-- \/ Yoast SEO plugin. -->","yoast_head_json":{"title":"Porsche pr\u00e9sente un nouveau Cayenne pour 2024 - CanadaMotorJobs.com","description":"Porsche pr\u00e9sente un nouveau Cayenne pour 2024 - Benoit Charette - Annuel automobile - CanadaMotorJobs.com.","robots":{"index":"index","follow":"follow","max-snippet":"max-snippet:-1","max-image-preview":"max-image-preview:large","max-video-preview":"max-video-preview:-1"},"og_locale":"fr_CA","og_type":"article","og_title":"Porsche pr\u00e9sente un nouveau Cayenne pour 2024 - CanadaMotorJobs.com","og_description":"Porsche pr\u00e9sente un nouveau Cayenne pour 2024 - Benoit Charette - Annuel automobile - CanadaMotorJobs.com.","og_url":"https:\/\/news.canadamotorjobs.com\/fr\/porsche-presente-un-nouveau-cayenne-pour-2024\/","og_site_name":"CanadaMotorJobs.com","article_publisher":"https:\/\/www.facebook.com\/canadamotorjobs\/","article_published_time":"2023-04-18T11:17:00+00:00","article_modified_time":"2023-04-18T11:33:13+00:00","og_image":[{"width":1000,"height":667,"url":"https:\/\/news.canadamotorjobs.com\/wp-content\/uploads\/2023\/04\/S23_0376.jpg","type":"image\/jpeg"}],"author":"Benoit Charette","twitter_card":"summary_large_image","twitter_creator":"@canadamotorjobs","twitter_site":"@canadamotorjobs","twitter_misc":{"\u00c9crit par":"Benoit Charette","Estimation du temps de lecture":"5 minutes"},"schema":{"@context":"https:\/\/schema.org","@graph":[{"@type":"Article","@id":"https:\/\/news.canadamotorjobs.com\/fr\/porsche-presente-un-nouveau-cayenne-pour-2024\/#article","isPartOf":{"@id":"https:\/\/news.canadamotorjobs.com\/fr\/porsche-presente-un-nouveau-cayenne-pour-2024\/"},"author":{"name":"Benoit Charette","@id":"https:\/\/news.canadamotorjobs.com\/#\/schema\/person\/51793d1f87d44011d7bcc2ed99269a90"},"headline":"Porsche pr\u00e9sente un nouveau Cayenne pour 2024","datePublished":"2023-04-18T11:17:00+00:00","dateModified":"2023-04-18T11:33:13+00:00","mainEntityOfPage":{"@id":"https:\/\/news.canadamotorjobs.com\/fr\/porsche-presente-un-nouveau-cayenne-pour-2024\/"},"wordCount":944,"publisher":{"@id":"https:\/\/news.canadamotorjobs.com\/#organization"},"image":{"@id":"https:\/\/news.canadamotorjobs.com\/fr\/porsche-presente-un-nouveau-cayenne-pour-2024\/#primaryimage"},"thumbnailUrl":"https:\/\/news.canadamotorjobs.com\/wp-content\/uploads\/2023\/04\/S23_0376.jpg","articleSection":["Annuel automobile"],"inLanguage":"fr-CA"},{"@type":"WebPage","@id":"https:\/\/news.canadamotorjobs.com\/fr\/porsche-presente-un-nouveau-cayenne-pour-2024\/","url":"https:\/\/news.canadamotorjobs.com\/fr\/porsche-presente-un-nouveau-cayenne-pour-2024\/","name":"Porsche pr\u00e9sente un nouveau Cayenne pour 2024 - CanadaMotorJobs.com","isPartOf":{"@id":"https:\/\/news.canadamotorjobs.com\/#website"},"primaryImageOfPage":{"@id":"https:\/\/news.canadamotorjobs.com\/fr\/porsche-presente-un-nouveau-cayenne-pour-2024\/#primaryimage"},"image":{"@id":"https:\/\/news.canadamotorjobs.com\/fr\/porsche-presente-un-nouveau-cayenne-pour-2024\/#primaryimage"},"thumbnailUrl":"https:\/\/news.canadamotorjobs.com\/wp-content\/uploads\/2023\/04\/S23_0376.jpg","datePublished":"2023-04-18T11:17:00+00:00","dateModified":"2023-04-18T11:33:13+00:00","description":"Porsche pr\u00e9sente un nouveau Cayenne pour 2024 - Benoit Charette - Annuel automobile - CanadaMotorJobs.com.","breadcrumb":{"@id":"https:\/\/news.canadamotorjobs.com\/fr\/porsche-presente-un-nouveau-cayenne-pour-2024\/#breadcrumb"},"inLanguage":"fr-CA","potentialAction":[{"@type":"ReadAction","target":["https:\/\/news.canadamotorjobs.com\/fr\/porsche-presente-un-nouveau-cayenne-pour-2024\/"]}]},{"@type":"ImageObject","inLanguage":"fr-CA","@id":"https:\/\/news.canadamotorjobs.com\/fr\/porsche-presente-un-nouveau-cayenne-pour-2024\/#primaryimage","url":"https:\/\/news.canadamotorjobs.com\/wp-content\/uploads\/2023\/04\/S23_0376.jpg","contentUrl":"https:\/\/news.canadamotorjobs.com\/wp-content\/uploads\/2023\/04\/S23_0376.jpg","width":1000,"height":667},{"@type":"BreadcrumbList","@id":"https:\/\/news.canadamotorjobs.com\/fr\/porsche-presente-un-nouveau-cayenne-pour-2024\/#breadcrumb","itemListElement":[{"@type":"ListItem","position":1,"name":"Home","item":"https:\/\/news.canadamotorjobs.com\/fr\/blog\/"},{"@type":"ListItem","position":2,"name":"Porsche pr\u00e9sente un nouveau Cayenne pour 2024"}]},{"@type":"WebSite","@id":"https:\/\/news.canadamotorjobs.com\/#website","url":"https:\/\/news.canadamotorjobs.com\/","name":"CanadaMotorJobs.com","description":"Automotive Jobs","publisher":{"@id":"https:\/\/news.canadamotorjobs.com\/#organization"},"potentialAction":[{"@type":"SearchAction","target":{"@type":"EntryPoint","urlTemplate":"https:\/\/news.canadamotorjobs.com\/?s={search_term_string}"},"query-input":"required name=search_term_string"}],"inLanguage":"fr-CA"},{"@type":"Organization","@id":"https:\/\/news.canadamotorjobs.com\/#organization","name":"Canada Motor Jobs","url":"https:\/\/news.canadamotorjobs.com\/","logo":{"@type":"ImageObject","inLanguage":"fr-CA","@id":"https:\/\/news.canadamotorjobs.com\/#\/schema\/logo\/image\/","url":"https:\/\/news.canadamotorjobs.com\/wp-content\/uploads\/2022\/10\/logo-canada-motor-jobs-1.png","contentUrl":"https:\/\/news.canadamotorjobs.com\/wp-content\/uploads\/2022\/10\/logo-canada-motor-jobs-1.png","width":800,"height":400,"caption":"Canada Motor Jobs"},"image":{"@id":"https:\/\/news.canadamotorjobs.com\/#\/schema\/logo\/image\/"},"sameAs":["https:\/\/www.facebook.com\/canadamotorjobs\/","https:\/\/x.com\/canadamotorjobs","https:\/\/www.instagram.com\/canadamotorjobs\/","https:\/\/www.linkedin.com\/company\/canadamotorjobs"]},{"@type":"Person","@id":"https:\/\/news.canadamotorjobs.com\/#\/schema\/person\/51793d1f87d44011d7bcc2ed99269a90","name":"Benoit Charette","image":{"@type":"ImageObject","inLanguage":"fr-CA","@id":"https:\/\/news.canadamotorjobs.com\/#\/schema\/person\/image\/","url":"https:\/\/secure.gravatar.com\/avatar\/45f3d2eebcccd909668d7ce7ea7267b6?s=96&d=mm&r=g","contentUrl":"https:\/\/secure.gravatar.com\/avatar\/45f3d2eebcccd909668d7ce7ea7267b6?s=96&d=mm&r=g","caption":"Benoit Charette"},"description":"Benoit Charette \/ Propri\u00e9taire et r\u00e9dacteur en chef Benoit Charette pratique le journalisme automobile depuis bient\u00f4t 30 ans. Il a fait ses classes au c\u00f4t\u00e9 de Daniel H\u00e9raud et au Carnet de route de 1992 \u00e0 2001. Il est fondateur, copropri\u00e9taire et r\u00e9dacteur en chef de L\u2019Annuel de l\u2019automobile, qu\u2019il publie depuis 2001. Il a anim\u00e9 les \u00e9missions RPM et RPM+ sur V et les L\u00e9gendes de la route sur Historia. \u00c0 la radio depuis 1986, il reprend l\u2019antenne cette ann\u00e9e sur les ondes de Cogeco et participe pour la deuxi\u00e8me ann\u00e9e \u00e0 l\u2019\u00e9mission Passion Auto sur RDS en plus de mettre en ligne le site Web officiel de L\u2019Annuel de l\u2019automobile sur annuelauto.ca.","sameAs":["https:\/\/annuelauto.ca\/"],"url":"https:\/\/news.canadamotorjobs.com\/fr\/author\/benoit-charette\/"}]}},"_links":{"self":[{"href":"https:\/\/news.canadamotorjobs.com\/fr\/wp-json\/wp\/v2\/posts\/143498"}],"collection":[{"href":"https:\/\/news.canadamotorjobs.com\/fr\/wp-json\/wp\/v2\/posts"}],"about":[{"href":"https:\/\/news.canadamotorjobs.com\/fr\/wp-json\/wp\/v2\/types\/post"}],"author":[{"embeddable":true,"href":"https:\/\/news.canadamotorjobs.com\/fr\/wp-json\/wp\/v2\/users\/8"}],"replies":[{"embeddable":true,"href":"https:\/\/news.canadamotorjobs.com\/fr\/wp-json\/wp\/v2\/comments?post=143498"}],"version-history":[{"count":2,"href":"https:\/\/news.canadamotorjobs.com\/fr\/wp-json\/wp\/v2\/posts\/143498\/revisions"}],"predecessor-version":[{"id":143502,"href":"https:\/\/news.canadamotorjobs.com\/fr\/wp-json\/wp\/v2\/posts\/143498\/revisions\/143502"}],"wp:featuredmedia":[{"embeddable":true,"href":"https:\/\/news.canadamotorjobs.com\/fr\/wp-json\/wp\/v2\/media\/143500"}],"wp:attachment":[{"href":"https:\/\/news.canadamotorjobs.com\/fr\/wp-json\/wp\/v2\/media?parent=143498"}],"wp:term":[{"taxonomy":"category","embeddable":true,"href":"https:\/\/news.canadamotorjobs.com\/fr\/wp-json\/wp\/v2\/categories?post=143498"},{"taxonomy":"post_tag","embeddable":true,"href":"https:\/\/news.canadamotorjobs.com\/fr\/wp-json\/wp\/v2\/tags?post=143498"}],"curies":[{"name":"wp","href":"https:\/\/api.w.org\/{rel}","templated":true}]}}