{"id":143471,"date":"2023-04-17T14:49:51","date_gmt":"2023-04-17T18:49:51","guid":{"rendered":"https:\/\/news.canadamotorjobs.com\/?p=143471"},"modified":"2023-04-17T15:04:51","modified_gmt":"2023-04-17T19:04:51","slug":"la-premiere-cargaison-de-voitures-vinfast-en-route-pour-le-canada","status":"publish","type":"post","link":"https:\/\/news.canadamotorjobs.com\/fr\/la-premiere-cargaison-de-voitures-vinfast-en-route-pour-le-canada\/","title":{"rendered":"La premi\u00e8re cargaison de Voitures Vinfast en route pour le Canada"},"content":{"rendered":"<\/p>\n<ul><\/p>\n<li>Environ 800 mod\u00e8les de VF 8 en route pour le Canada<\/li>\n<p><\/p>\n<li>Le VF 8 est d\u00e9j\u00e0 en route \u00e0 bord du Silver Queen<\/li>\n<p>\n<\/ul>\n<p>\nLa deuxi\u00e8me cargaison de v\u00e9hicules VinFast \u00e0 destination de l&#8217;Am\u00e9rique du Nord vient de quitter le port du Vi\u00eat Nam. Environ la moiti\u00e9 est destin\u00e9e aux \u00c9tats-Unis et l&#8217;autre moiti\u00e9 au Canada. Il s&#8217;agit de la premi\u00e8re cargaison de v\u00e9hicules \u00e9lectriques \u00e0 venir au pays.<\/p>\n<h3>D\u00e9barquement \u00e0 Vancouver<\/h3>\n<p>\nLe Silver Queen a quitt\u00e9 Haiphong plus t\u00f4t dans la journ\u00e9e, en direction du port de Benicia, en Californie. \u00c0 son arriv\u00e9e, 1 098 mod\u00e8les seront d\u00e9charg\u00e9s pour le march\u00e9 am\u00e9ricain. Il s&#8217;agit de la deuxi\u00e8me cargaison de VinFast destin\u00e9e aux \u00c9tats-Unis.<br \/>\nUne fois ces mod\u00e8les d\u00e9charg\u00e9s, le navire sans doute vers Vancouver.. Lorsque le Silver Queen atteindra le Canada, il d\u00e9chargera les 781 VF8 pour le Canada.<\/p>\n<h3>20 jours en mer<\/h3>\n<p>\nLa travers\u00e9e prendra 20 jours, plus quelques jours suppl\u00e9mentaires pour arriver au Canada. Vinfast a indiqu\u00e9 que les livraisons aux \u00c9tats-Unis devraient commencer en mai. Les livraisons canadiennes devraient d\u00e9buter en juin. Vinfast s&#8217;attend \u00e0 ce qu&#8217;un lot de voitures export\u00e9es arrive en Europe \u00e0 la mi-juillet. Le navire sera charg\u00e9 de 700 mod\u00e8les VF 8. VinFast prend encore des r\u00e9servations pour les VF 8 et VF 9. La premi\u00e8re vise une puissance de 402\u00a0ch et un couple de 457\u00a0lb-pi avec une autonomie \u00e9lectrique de 471\u00a0km. Le second est un VUS plus grand avec une batterie plus importante, visant une autonomie totale de 594\u00a0km.<\/p>\n<p>Le nouveau constructeur automobile poss\u00e8de huit magasins au Canada, notamment en Colombie-Britannique, en Ontario et au Qu\u00e9bec.<\/p>\n<p>Avec des renseignements de Motor Illustrated<\/p>\n<p>Le texte <a rel=\"nofollow\" href=\"https:\/\/annuelauto.ca\/la-premiere-cargaison-de-voitures-vinfast-en-route-pour-le-canada\/\">La premi\u00e8re cargaison de Voitures Vinfast en route pour le Canada<\/a> provient de <a rel=\"nofollow\" href=\"https:\/\/annuelauto.ca\">L&#8217;annuel de l&#8217;automobile &#8211; Actualit\u00e9 automobile<\/a><\/p>\n<p><\/p>\n","protected":false},"excerpt":{"rendered":"<p>Environ 800 mod\u00e8les de VF 8 en route pour le Canada Le VF 8 est d\u00e9j\u00e0 en route \u00e0 bord du Silver Queen La deuxi\u00e8me cargaison de v\u00e9hicules VinFast \u00e0 destination de l&#8217;Am\u00e9rique du Nord vient de quitter le port du Vi\u00eat Nam. Environ la moiti\u00e9 est destin\u00e9e aux \u00c9tats-Unis et l&#8217;autre moiti\u00e9 au Canada. [&hellip;]<\/p>\n","protected":false},"author":8,"featured_media":143473,"comment_status":"close","ping_status":"closed","sticky":false,"template":"","format":"standard","meta":{"_monsterinsights_skip_tracking":false,"_monsterinsights_sitenote_active":false,"_monsterinsights_sitenote_note":"","_monsterinsights_sitenote_category":0,"footnotes":""},"categories":[101],"tags":[],"yoast_head":"<!-- This site is optimized with the Yoast SEO plugin v23.2 - https:\/\/yoast.com\/wordpress\/plugins\/seo\/ -->\n<title>La premi\u00e8re cargaison de Voitures Vinfast en route pour le Canada - CanadaMotorJobs.com<\/title>\n<meta name=\"description\" content=\"La premi\u00e8re cargaison de Voitures Vinfast en route pour le Canada - Benoit Charette - Annuel automobile - CanadaMotorJobs.com.\" \/>\n<meta name=\"robots\" content=\"index, follow, max-snippet:-1, max-image-preview:large, max-video-preview:-1\" \/>\n<meta property=\"og:locale\" content=\"fr_CA\" \/>\n<meta property=\"og:type\" content=\"article\" \/>\n<meta property=\"og:title\" content=\"La premi\u00e8re cargaison de Voitures Vinfast en route pour le Canada - CanadaMotorJobs.com\" \/>\n<meta property=\"og:description\" content=\"La premi\u00e8re cargaison de Voitures Vinfast en route pour le Canada - Benoit Charette - Annuel automobile - CanadaMotorJobs.com.\" \/>\n<meta property=\"og:url\" content=\"https:\/\/news.canadamotorjobs.com\/fr\/la-premiere-cargaison-de-voitures-vinfast-en-route-pour-le-canada\/\" \/>\n<meta property=\"og:site_name\" content=\"CanadaMotorJobs.com\" \/>\n<meta property=\"article:publisher\" content=\"https:\/\/www.facebook.com\/canadamotorjobs\/\" \/>\n<meta property=\"article:published_time\" content=\"2023-04-17T18:49:51+00:00\" \/>\n<meta property=\"article:modified_time\" content=\"2023-04-17T19:04:51+00:00\" \/>\n<meta property=\"og:image\" content=\"https:\/\/news.canadamotorjobs.com\/wp-content\/uploads\/2023\/04\/vinfast-2.jpg\" \/>\n\t<meta property=\"og:image:width\" content=\"1600\" \/>\n\t<meta property=\"og:image:height\" content=\"991\" \/>\n\t<meta property=\"og:image:type\" content=\"image\/jpeg\" \/>\n<meta name=\"author\" content=\"Benoit Charette\" \/>\n<meta name=\"twitter:card\" content=\"summary_large_image\" \/>\n<meta name=\"twitter:creator\" content=\"@canadamotorjobs\" \/>\n<meta name=\"twitter:site\" content=\"@canadamotorjobs\" \/>\n<meta name=\"twitter:label1\" content=\"\u00c9crit par\" \/>\n\t<meta name=\"twitter:data1\" content=\"Benoit Charette\" \/>\n\t<meta name=\"twitter:label2\" content=\"Estimation du temps de lecture\" \/>\n\t<meta name=\"twitter:data2\" content=\"2 minutes\" \/>\n<!-- \/ Yoast SEO plugin. -->","yoast_head_json":{"title":"La premi\u00e8re cargaison de Voitures Vinfast en route pour le Canada - CanadaMotorJobs.com","description":"La premi\u00e8re cargaison de Voitures Vinfast en route pour le Canada - Benoit Charette - Annuel automobile - CanadaMotorJobs.com.","robots":{"index":"index","follow":"follow","max-snippet":"max-snippet:-1","max-image-preview":"max-image-preview:large","max-video-preview":"max-video-preview:-1"},"og_locale":"fr_CA","og_type":"article","og_title":"La premi\u00e8re cargaison de Voitures Vinfast en route pour le Canada - CanadaMotorJobs.com","og_description":"La premi\u00e8re cargaison de Voitures Vinfast en route pour le Canada - Benoit Charette - Annuel automobile - CanadaMotorJobs.com.","og_url":"https:\/\/news.canadamotorjobs.com\/fr\/la-premiere-cargaison-de-voitures-vinfast-en-route-pour-le-canada\/","og_site_name":"CanadaMotorJobs.com","article_publisher":"https:\/\/www.facebook.com\/canadamotorjobs\/","article_published_time":"2023-04-17T18:49:51+00:00","article_modified_time":"2023-04-17T19:04:51+00:00","og_image":[{"width":1600,"height":991,"url":"https:\/\/news.canadamotorjobs.com\/wp-content\/uploads\/2023\/04\/vinfast-2.jpg","type":"image\/jpeg"}],"author":"Benoit Charette","twitter_card":"summary_large_image","twitter_creator":"@canadamotorjobs","twitter_site":"@canadamotorjobs","twitter_misc":{"\u00c9crit par":"Benoit Charette","Estimation du temps de lecture":"2 minutes"},"schema":{"@context":"https:\/\/schema.org","@graph":[{"@type":"Article","@id":"https:\/\/news.canadamotorjobs.com\/fr\/la-premiere-cargaison-de-voitures-vinfast-en-route-pour-le-canada\/#article","isPartOf":{"@id":"https:\/\/news.canadamotorjobs.com\/fr\/la-premiere-cargaison-de-voitures-vinfast-en-route-pour-le-canada\/"},"author":{"name":"Benoit Charette","@id":"https:\/\/news.canadamotorjobs.com\/#\/schema\/person\/51793d1f87d44011d7bcc2ed99269a90"},"headline":"La premi\u00e8re cargaison de Voitures Vinfast en route pour le Canada","datePublished":"2023-04-17T18:49:51+00:00","dateModified":"2023-04-17T19:04:51+00:00","mainEntityOfPage":{"@id":"https:\/\/news.canadamotorjobs.com\/fr\/la-premiere-cargaison-de-voitures-vinfast-en-route-pour-le-canada\/"},"wordCount":324,"publisher":{"@id":"https:\/\/news.canadamotorjobs.com\/#organization"},"image":{"@id":"https:\/\/news.canadamotorjobs.com\/fr\/la-premiere-cargaison-de-voitures-vinfast-en-route-pour-le-canada\/#primaryimage"},"thumbnailUrl":"https:\/\/news.canadamotorjobs.com\/wp-content\/uploads\/2023\/04\/vinfast-2.jpg","articleSection":["Annuel automobile"],"inLanguage":"fr-CA"},{"@type":"WebPage","@id":"https:\/\/news.canadamotorjobs.com\/fr\/la-premiere-cargaison-de-voitures-vinfast-en-route-pour-le-canada\/","url":"https:\/\/news.canadamotorjobs.com\/fr\/la-premiere-cargaison-de-voitures-vinfast-en-route-pour-le-canada\/","name":"La premi\u00e8re cargaison de Voitures Vinfast en route pour le Canada - CanadaMotorJobs.com","isPartOf":{"@id":"https:\/\/news.canadamotorjobs.com\/#website"},"primaryImageOfPage":{"@id":"https:\/\/news.canadamotorjobs.com\/fr\/la-premiere-cargaison-de-voitures-vinfast-en-route-pour-le-canada\/#primaryimage"},"image":{"@id":"https:\/\/news.canadamotorjobs.com\/fr\/la-premiere-cargaison-de-voitures-vinfast-en-route-pour-le-canada\/#primaryimage"},"thumbnailUrl":"https:\/\/news.canadamotorjobs.com\/wp-content\/uploads\/2023\/04\/vinfast-2.jpg","datePublished":"2023-04-17T18:49:51+00:00","dateModified":"2023-04-17T19:04:51+00:00","description":"La premi\u00e8re cargaison de Voitures Vinfast en route pour le Canada - Benoit Charette - Annuel automobile - CanadaMotorJobs.com.","breadcrumb":{"@id":"https:\/\/news.canadamotorjobs.com\/fr\/la-premiere-cargaison-de-voitures-vinfast-en-route-pour-le-canada\/#breadcrumb"},"inLanguage":"fr-CA","potentialAction":[{"@type":"ReadAction","target":["https:\/\/news.canadamotorjobs.com\/fr\/la-premiere-cargaison-de-voitures-vinfast-en-route-pour-le-canada\/"]}]},{"@type":"ImageObject","inLanguage":"fr-CA","@id":"https:\/\/news.canadamotorjobs.com\/fr\/la-premiere-cargaison-de-voitures-vinfast-en-route-pour-le-canada\/#primaryimage","url":"https:\/\/news.canadamotorjobs.com\/wp-content\/uploads\/2023\/04\/vinfast-2.jpg","contentUrl":"https:\/\/news.canadamotorjobs.com\/wp-content\/uploads\/2023\/04\/vinfast-2.jpg","width":1600,"height":991},{"@type":"BreadcrumbList","@id":"https:\/\/news.canadamotorjobs.com\/fr\/la-premiere-cargaison-de-voitures-vinfast-en-route-pour-le-canada\/#breadcrumb","itemListElement":[{"@type":"ListItem","position":1,"name":"Home","item":"https:\/\/news.canadamotorjobs.com\/fr\/blog\/"},{"@type":"ListItem","position":2,"name":"La premi\u00e8re cargaison de Voitures Vinfast en route pour le Canada"}]},{"@type":"WebSite","@id":"https:\/\/news.canadamotorjobs.com\/#website","url":"https:\/\/news.canadamotorjobs.com\/","name":"CanadaMotorJobs.com","description":"Automotive Jobs","publisher":{"@id":"https:\/\/news.canadamotorjobs.com\/#organization"},"potentialAction":[{"@type":"SearchAction","target":{"@type":"EntryPoint","urlTemplate":"https:\/\/news.canadamotorjobs.com\/?s={search_term_string}"},"query-input":"required name=search_term_string"}],"inLanguage":"fr-CA"},{"@type":"Organization","@id":"https:\/\/news.canadamotorjobs.com\/#organization","name":"Canada Motor Jobs","url":"https:\/\/news.canadamotorjobs.com\/","logo":{"@type":"ImageObject","inLanguage":"fr-CA","@id":"https:\/\/news.canadamotorjobs.com\/#\/schema\/logo\/image\/","url":"https:\/\/news.canadamotorjobs.com\/wp-content\/uploads\/2022\/10\/logo-canada-motor-jobs-1.png","contentUrl":"https:\/\/news.canadamotorjobs.com\/wp-content\/uploads\/2022\/10\/logo-canada-motor-jobs-1.png","width":800,"height":400,"caption":"Canada Motor Jobs"},"image":{"@id":"https:\/\/news.canadamotorjobs.com\/#\/schema\/logo\/image\/"},"sameAs":["https:\/\/www.facebook.com\/canadamotorjobs\/","https:\/\/x.com\/canadamotorjobs","https:\/\/www.instagram.com\/canadamotorjobs\/","https:\/\/www.linkedin.com\/company\/canadamotorjobs"]},{"@type":"Person","@id":"https:\/\/news.canadamotorjobs.com\/#\/schema\/person\/51793d1f87d44011d7bcc2ed99269a90","name":"Benoit Charette","image":{"@type":"ImageObject","inLanguage":"fr-CA","@id":"https:\/\/news.canadamotorjobs.com\/#\/schema\/person\/image\/","url":"https:\/\/secure.gravatar.com\/avatar\/45f3d2eebcccd909668d7ce7ea7267b6?s=96&d=mm&r=g","contentUrl":"https:\/\/secure.gravatar.com\/avatar\/45f3d2eebcccd909668d7ce7ea7267b6?s=96&d=mm&r=g","caption":"Benoit Charette"},"description":"Benoit Charette \/ Propri\u00e9taire et r\u00e9dacteur en chef Benoit Charette pratique le journalisme automobile depuis bient\u00f4t 30 ans. Il a fait ses classes au c\u00f4t\u00e9 de Daniel H\u00e9raud et au Carnet de route de 1992 \u00e0 2001. Il est fondateur, copropri\u00e9taire et r\u00e9dacteur en chef de L\u2019Annuel de l\u2019automobile, qu\u2019il publie depuis 2001. Il a anim\u00e9 les \u00e9missions RPM et RPM+ sur V et les L\u00e9gendes de la route sur Historia. \u00c0 la radio depuis 1986, il reprend l\u2019antenne cette ann\u00e9e sur les ondes de Cogeco et participe pour la deuxi\u00e8me ann\u00e9e \u00e0 l\u2019\u00e9mission Passion Auto sur RDS en plus de mettre en ligne le site Web officiel de L\u2019Annuel de l\u2019automobile sur annuelauto.ca.","sameAs":["https:\/\/annuelauto.ca\/"],"url":"https:\/\/news.canadamotorjobs.com\/fr\/author\/benoit-charette\/"}]}},"_links":{"self":[{"href":"https:\/\/news.canadamotorjobs.com\/fr\/wp-json\/wp\/v2\/posts\/143471"}],"collection":[{"href":"https:\/\/news.canadamotorjobs.com\/fr\/wp-json\/wp\/v2\/posts"}],"about":[{"href":"https:\/\/news.canadamotorjobs.com\/fr\/wp-json\/wp\/v2\/types\/post"}],"author":[{"embeddable":true,"href":"https:\/\/news.canadamotorjobs.com\/fr\/wp-json\/wp\/v2\/users\/8"}],"replies":[{"embeddable":true,"href":"https:\/\/news.canadamotorjobs.com\/fr\/wp-json\/wp\/v2\/comments?post=143471"}],"version-history":[{"count":2,"href":"https:\/\/news.canadamotorjobs.com\/fr\/wp-json\/wp\/v2\/posts\/143471\/revisions"}],"predecessor-version":[{"id":143475,"href":"https:\/\/news.canadamotorjobs.com\/fr\/wp-json\/wp\/v2\/posts\/143471\/revisions\/143475"}],"wp:featuredmedia":[{"embeddable":true,"href":"https:\/\/news.canadamotorjobs.com\/fr\/wp-json\/wp\/v2\/media\/143473"}],"wp:attachment":[{"href":"https:\/\/news.canadamotorjobs.com\/fr\/wp-json\/wp\/v2\/media?parent=143471"}],"wp:term":[{"taxonomy":"category","embeddable":true,"href":"https:\/\/news.canadamotorjobs.com\/fr\/wp-json\/wp\/v2\/categories?post=143471"},{"taxonomy":"post_tag","embeddable":true,"href":"https:\/\/news.canadamotorjobs.com\/fr\/wp-json\/wp\/v2\/tags?post=143471"}],"curies":[{"name":"wp","href":"https:\/\/api.w.org\/{rel}","templated":true}]}}