{"id":143379,"date":"2023-04-13T15:16:59","date_gmt":"2023-04-13T19:16:59","guid":{"rendered":"https:\/\/news.canadamotorjobs.com\/?p=143379"},"modified":"2023-04-13T15:31:53","modified_gmt":"2023-04-13T19:31:53","slug":"il-y-a-peut-etre-une-usine-audi-qui-pourrait-se-construire-en-ontario","status":"publish","type":"post","link":"https:\/\/news.canadamotorjobs.com\/fr\/il-y-a-peut-etre-une-usine-audi-qui-pourrait-se-construire-en-ontario\/","title":{"rendered":"Il y a peut-\u00eatre une usine Audi qui pourrait se construire en Ontario"},"content":{"rendered":"<\/p>\n<p>Avec l\u2019usine canadienne de batteries pour v\u00e9hicules \u00e9lectriques du groupe VW qui s\u2019installe en Ontario, Audi avec toutes les ressources proches pour ses besoins automobiles songe \u00e0 s\u2019\u00e9tablir aussi en Ontario.<\/p>\n<h3>Un site nord-am\u00e9ricain d\u00e9j\u00e0 annonc\u00e9<\/h3>\n<p>\nAudi envisage d&#8217;\u00e9tablir un nouveau site nord-am\u00e9ricain pour construire des v\u00e9hicules \u00e9lectriques, selon les analystes automobiles. L\u2019Ontario devient alors un site int\u00e9ressant. Cela place la cha\u00eene de production d&#8217;Audi tr\u00e8s pr\u00e8s de l&#8217;usine de PowerCo qui produit les batteries pour Volkswagen. Comme les cellules de batterie ne voyagent pas bien, la r\u00e9duction de la distance entre la production de la batterie\u00a0 devient un \u00e9norme avantage.<\/p>\n<h3>Pas encore de d\u00e9cision<\/h3>\n<p>\nMarkus Duesmann, PDG d&#8217;Audi, a d\u00e9clar\u00e9 en f\u00e9vrier que la soci\u00e9t\u00e9 \u00e9tudiait la possibilit\u00e9 d&#8217;implanter une usine aux \u00c9tats-Unis en raison des mesures d&#8217;incitation pr\u00e9vues par la loi sur la r\u00e9duction de l&#8217;inflation (Inflation Reduction Act). Les incitations am\u00e9ricaines s&#8217;appliquent aux v\u00e9hicules au Canada, mais Audi n&#8217;a pas voulu confirmer si le Canada \u00e9tait \u00e9galement en lice pour l&#8217;investissement.<\/p>\n<h3>L&#8217;offre de main-d&#8217;\u0153uvre en faveur de l&#8217;Ontario<\/h3>\n<p>\nL&#8217;acc\u00e8s aux travailleurs est l&#8217;un des arguments en faveur du Canada, selon les analystes. Comme l&#8217;illustre la d\u00e9cision de Volkswagen concernant l&#8217;usine cellulaire, il reste des &#8220;poches de main-d&#8217;\u0153uvre&#8221; au Canada, alors que la bonne combinaison de talents et de terrains disponibles se rar\u00e9fie dans le sud des \u00c9tats-Unis. Les constructeurs automobiles s&#8217;implantent en fonction de l&#8217;endroit o\u00f9 ils peuvent trouver du personnel. &#8230; Vous pouvez obtenir toutes les incitations financi\u00e8res que vous voulez de la part d&#8217;un gouvernement, mais si vous ne pouvez pas trouver les gens&#8230;\u00a0\u00bb<\/p>\n<h3>Motus et bouche cousue<\/h3>\n<p>\nNi le gouvernement de l&#8217;Ontario ni le gouvernement f\u00e9d\u00e9ral n&#8217;ont voulu dire s&#8217;ils avaient rencontr\u00e9 Audi, bien qu&#8217;ils aient tous deux accueilli favorablement la perspective d&#8217;augmenter le nombre d&#8217;investissements dans le secteur automobile. Les deux paliers de gouvernement sont ouverts \u00e0 la discussion<\/p>\n<p>\u00a0<\/p>\n<p>Avec des renseignements d\u2019Automotive News Canada<\/p>\n<p>\u00a0<\/p>\n<p>\u00a0<\/p>\n<p>Le texte <a rel=\"nofollow\" href=\"https:\/\/annuelauto.ca\/il-y-a-peut-etre-une-usine-audi-qui-pourrait-se-construire-en-ontario\/\">Il y a peut-\u00eatre une usine Audi qui pourrait se construire en Ontario<\/a> provient de <a rel=\"nofollow\" href=\"https:\/\/annuelauto.ca\">L&#8217;annuel de l&#8217;automobile &#8211; Actualit\u00e9 automobile<\/a><\/p>\n<p><\/p>\n","protected":false},"excerpt":{"rendered":"<p>Avec l\u2019usine canadienne de batteries pour v\u00e9hicules \u00e9lectriques du groupe VW qui s\u2019installe en Ontario, Audi avec toutes les ressources proches pour ses besoins automobiles songe \u00e0 s\u2019\u00e9tablir aussi en Ontario. Un site nord-am\u00e9ricain d\u00e9j\u00e0 annonc\u00e9 Audi envisage d&#8217;\u00e9tablir un nouveau site nord-am\u00e9ricain pour construire des v\u00e9hicules \u00e9lectriques, selon les analystes automobiles. L\u2019Ontario devient alors [&hellip;]<\/p>\n","protected":false},"author":8,"featured_media":143381,"comment_status":"close","ping_status":"closed","sticky":false,"template":"","format":"standard","meta":{"_monsterinsights_skip_tracking":false,"_monsterinsights_sitenote_active":false,"_monsterinsights_sitenote_note":"","_monsterinsights_sitenote_category":0,"footnotes":""},"categories":[101],"tags":[],"yoast_head":"<!-- This site is optimized with the Yoast SEO plugin v23.2 - https:\/\/yoast.com\/wordpress\/plugins\/seo\/ -->\n<title>Il y a peut-\u00eatre une usine Audi qui pourrait se construire en Ontario - CanadaMotorJobs.com<\/title>\n<meta name=\"description\" content=\"Il y a peut-\u00eatre une usine Audi qui pourrait se construire en Ontario - Benoit Charette - Annuel automobile - CanadaMotorJobs.com.\" \/>\n<meta name=\"robots\" content=\"index, follow, max-snippet:-1, max-image-preview:large, max-video-preview:-1\" \/>\n<meta property=\"og:locale\" content=\"fr_CA\" \/>\n<meta property=\"og:type\" content=\"article\" \/>\n<meta property=\"og:title\" content=\"Il y a peut-\u00eatre une usine Audi qui pourrait se construire en Ontario - CanadaMotorJobs.com\" \/>\n<meta property=\"og:description\" content=\"Il y a peut-\u00eatre une usine Audi qui pourrait se construire en Ontario - Benoit Charette - Annuel automobile - CanadaMotorJobs.com.\" \/>\n<meta property=\"og:url\" content=\"https:\/\/news.canadamotorjobs.com\/fr\/il-y-a-peut-etre-une-usine-audi-qui-pourrait-se-construire-en-ontario\/\" \/>\n<meta property=\"og:site_name\" content=\"CanadaMotorJobs.com\" \/>\n<meta property=\"article:publisher\" content=\"https:\/\/www.facebook.com\/canadamotorjobs\/\" \/>\n<meta property=\"article:published_time\" content=\"2023-04-13T19:16:59+00:00\" \/>\n<meta property=\"article:modified_time\" content=\"2023-04-13T19:31:53+00:00\" \/>\n<meta property=\"og:image\" content=\"https:\/\/news.canadamotorjobs.com\/wp-content\/uploads\/2023\/04\/AUDI-Q5-1.jpg\" \/>\n\t<meta property=\"og:image:width\" content=\"1100\" \/>\n\t<meta property=\"og:image:height\" content=\"625\" \/>\n\t<meta property=\"og:image:type\" content=\"image\/jpeg\" \/>\n<meta name=\"author\" content=\"Benoit Charette\" \/>\n<meta name=\"twitter:card\" content=\"summary_large_image\" \/>\n<meta name=\"twitter:creator\" content=\"@canadamotorjobs\" \/>\n<meta name=\"twitter:site\" content=\"@canadamotorjobs\" \/>\n<meta name=\"twitter:label1\" content=\"\u00c9crit par\" \/>\n\t<meta name=\"twitter:data1\" content=\"Benoit Charette\" \/>\n\t<meta name=\"twitter:label2\" content=\"Estimation du temps de lecture\" \/>\n\t<meta name=\"twitter:data2\" content=\"2 minutes\" \/>\n<!-- \/ Yoast SEO plugin. -->","yoast_head_json":{"title":"Il y a peut-\u00eatre une usine Audi qui pourrait se construire en Ontario - CanadaMotorJobs.com","description":"Il y a peut-\u00eatre une usine Audi qui pourrait se construire en Ontario - Benoit Charette - Annuel automobile - CanadaMotorJobs.com.","robots":{"index":"index","follow":"follow","max-snippet":"max-snippet:-1","max-image-preview":"max-image-preview:large","max-video-preview":"max-video-preview:-1"},"og_locale":"fr_CA","og_type":"article","og_title":"Il y a peut-\u00eatre une usine Audi qui pourrait se construire en Ontario - CanadaMotorJobs.com","og_description":"Il y a peut-\u00eatre une usine Audi qui pourrait se construire en Ontario - Benoit Charette - Annuel automobile - CanadaMotorJobs.com.","og_url":"https:\/\/news.canadamotorjobs.com\/fr\/il-y-a-peut-etre-une-usine-audi-qui-pourrait-se-construire-en-ontario\/","og_site_name":"CanadaMotorJobs.com","article_publisher":"https:\/\/www.facebook.com\/canadamotorjobs\/","article_published_time":"2023-04-13T19:16:59+00:00","article_modified_time":"2023-04-13T19:31:53+00:00","og_image":[{"width":1100,"height":625,"url":"https:\/\/news.canadamotorjobs.com\/wp-content\/uploads\/2023\/04\/AUDI-Q5-1.jpg","type":"image\/jpeg"}],"author":"Benoit Charette","twitter_card":"summary_large_image","twitter_creator":"@canadamotorjobs","twitter_site":"@canadamotorjobs","twitter_misc":{"\u00c9crit par":"Benoit Charette","Estimation du temps de lecture":"2 minutes"},"schema":{"@context":"https:\/\/schema.org","@graph":[{"@type":"Article","@id":"https:\/\/news.canadamotorjobs.com\/fr\/il-y-a-peut-etre-une-usine-audi-qui-pourrait-se-construire-en-ontario\/#article","isPartOf":{"@id":"https:\/\/news.canadamotorjobs.com\/fr\/il-y-a-peut-etre-une-usine-audi-qui-pourrait-se-construire-en-ontario\/"},"author":{"name":"Benoit Charette","@id":"https:\/\/news.canadamotorjobs.com\/#\/schema\/person\/51793d1f87d44011d7bcc2ed99269a90"},"headline":"Il y a peut-\u00eatre une usine Audi qui pourrait se construire en Ontario","datePublished":"2023-04-13T19:16:59+00:00","dateModified":"2023-04-13T19:31:53+00:00","mainEntityOfPage":{"@id":"https:\/\/news.canadamotorjobs.com\/fr\/il-y-a-peut-etre-une-usine-audi-qui-pourrait-se-construire-en-ontario\/"},"wordCount":405,"publisher":{"@id":"https:\/\/news.canadamotorjobs.com\/#organization"},"image":{"@id":"https:\/\/news.canadamotorjobs.com\/fr\/il-y-a-peut-etre-une-usine-audi-qui-pourrait-se-construire-en-ontario\/#primaryimage"},"thumbnailUrl":"https:\/\/news.canadamotorjobs.com\/wp-content\/uploads\/2023\/04\/AUDI-Q5-1.jpg","articleSection":["Annuel automobile"],"inLanguage":"fr-CA"},{"@type":"WebPage","@id":"https:\/\/news.canadamotorjobs.com\/fr\/il-y-a-peut-etre-une-usine-audi-qui-pourrait-se-construire-en-ontario\/","url":"https:\/\/news.canadamotorjobs.com\/fr\/il-y-a-peut-etre-une-usine-audi-qui-pourrait-se-construire-en-ontario\/","name":"Il y a peut-\u00eatre une usine Audi qui pourrait se construire en Ontario - CanadaMotorJobs.com","isPartOf":{"@id":"https:\/\/news.canadamotorjobs.com\/#website"},"primaryImageOfPage":{"@id":"https:\/\/news.canadamotorjobs.com\/fr\/il-y-a-peut-etre-une-usine-audi-qui-pourrait-se-construire-en-ontario\/#primaryimage"},"image":{"@id":"https:\/\/news.canadamotorjobs.com\/fr\/il-y-a-peut-etre-une-usine-audi-qui-pourrait-se-construire-en-ontario\/#primaryimage"},"thumbnailUrl":"https:\/\/news.canadamotorjobs.com\/wp-content\/uploads\/2023\/04\/AUDI-Q5-1.jpg","datePublished":"2023-04-13T19:16:59+00:00","dateModified":"2023-04-13T19:31:53+00:00","description":"Il y a peut-\u00eatre une usine Audi qui pourrait se construire en Ontario - Benoit Charette - Annuel automobile - CanadaMotorJobs.com.","breadcrumb":{"@id":"https:\/\/news.canadamotorjobs.com\/fr\/il-y-a-peut-etre-une-usine-audi-qui-pourrait-se-construire-en-ontario\/#breadcrumb"},"inLanguage":"fr-CA","potentialAction":[{"@type":"ReadAction","target":["https:\/\/news.canadamotorjobs.com\/fr\/il-y-a-peut-etre-une-usine-audi-qui-pourrait-se-construire-en-ontario\/"]}]},{"@type":"ImageObject","inLanguage":"fr-CA","@id":"https:\/\/news.canadamotorjobs.com\/fr\/il-y-a-peut-etre-une-usine-audi-qui-pourrait-se-construire-en-ontario\/#primaryimage","url":"https:\/\/news.canadamotorjobs.com\/wp-content\/uploads\/2023\/04\/AUDI-Q5-1.jpg","contentUrl":"https:\/\/news.canadamotorjobs.com\/wp-content\/uploads\/2023\/04\/AUDI-Q5-1.jpg","width":1100,"height":625},{"@type":"BreadcrumbList","@id":"https:\/\/news.canadamotorjobs.com\/fr\/il-y-a-peut-etre-une-usine-audi-qui-pourrait-se-construire-en-ontario\/#breadcrumb","itemListElement":[{"@type":"ListItem","position":1,"name":"Home","item":"https:\/\/news.canadamotorjobs.com\/fr\/blog\/"},{"@type":"ListItem","position":2,"name":"Il y a peut-\u00eatre une usine Audi qui pourrait se construire en Ontario"}]},{"@type":"WebSite","@id":"https:\/\/news.canadamotorjobs.com\/#website","url":"https:\/\/news.canadamotorjobs.com\/","name":"CanadaMotorJobs.com","description":"Automotive Jobs","publisher":{"@id":"https:\/\/news.canadamotorjobs.com\/#organization"},"potentialAction":[{"@type":"SearchAction","target":{"@type":"EntryPoint","urlTemplate":"https:\/\/news.canadamotorjobs.com\/?s={search_term_string}"},"query-input":"required name=search_term_string"}],"inLanguage":"fr-CA"},{"@type":"Organization","@id":"https:\/\/news.canadamotorjobs.com\/#organization","name":"Canada Motor Jobs","url":"https:\/\/news.canadamotorjobs.com\/","logo":{"@type":"ImageObject","inLanguage":"fr-CA","@id":"https:\/\/news.canadamotorjobs.com\/#\/schema\/logo\/image\/","url":"https:\/\/news.canadamotorjobs.com\/wp-content\/uploads\/2022\/10\/logo-canada-motor-jobs-1.png","contentUrl":"https:\/\/news.canadamotorjobs.com\/wp-content\/uploads\/2022\/10\/logo-canada-motor-jobs-1.png","width":800,"height":400,"caption":"Canada Motor Jobs"},"image":{"@id":"https:\/\/news.canadamotorjobs.com\/#\/schema\/logo\/image\/"},"sameAs":["https:\/\/www.facebook.com\/canadamotorjobs\/","https:\/\/x.com\/canadamotorjobs","https:\/\/www.instagram.com\/canadamotorjobs\/","https:\/\/www.linkedin.com\/company\/canadamotorjobs"]},{"@type":"Person","@id":"https:\/\/news.canadamotorjobs.com\/#\/schema\/person\/51793d1f87d44011d7bcc2ed99269a90","name":"Benoit Charette","image":{"@type":"ImageObject","inLanguage":"fr-CA","@id":"https:\/\/news.canadamotorjobs.com\/#\/schema\/person\/image\/","url":"https:\/\/secure.gravatar.com\/avatar\/45f3d2eebcccd909668d7ce7ea7267b6?s=96&d=mm&r=g","contentUrl":"https:\/\/secure.gravatar.com\/avatar\/45f3d2eebcccd909668d7ce7ea7267b6?s=96&d=mm&r=g","caption":"Benoit Charette"},"description":"Benoit Charette \/ Propri\u00e9taire et r\u00e9dacteur en chef Benoit Charette pratique le journalisme automobile depuis bient\u00f4t 30 ans. Il a fait ses classes au c\u00f4t\u00e9 de Daniel H\u00e9raud et au Carnet de route de 1992 \u00e0 2001. Il est fondateur, copropri\u00e9taire et r\u00e9dacteur en chef de L\u2019Annuel de l\u2019automobile, qu\u2019il publie depuis 2001. Il a anim\u00e9 les \u00e9missions RPM et RPM+ sur V et les L\u00e9gendes de la route sur Historia. \u00c0 la radio depuis 1986, il reprend l\u2019antenne cette ann\u00e9e sur les ondes de Cogeco et participe pour la deuxi\u00e8me ann\u00e9e \u00e0 l\u2019\u00e9mission Passion Auto sur RDS en plus de mettre en ligne le site Web officiel de L\u2019Annuel de l\u2019automobile sur annuelauto.ca.","sameAs":["https:\/\/annuelauto.ca\/"],"url":"https:\/\/news.canadamotorjobs.com\/fr\/author\/benoit-charette\/"}]}},"_links":{"self":[{"href":"https:\/\/news.canadamotorjobs.com\/fr\/wp-json\/wp\/v2\/posts\/143379"}],"collection":[{"href":"https:\/\/news.canadamotorjobs.com\/fr\/wp-json\/wp\/v2\/posts"}],"about":[{"href":"https:\/\/news.canadamotorjobs.com\/fr\/wp-json\/wp\/v2\/types\/post"}],"author":[{"embeddable":true,"href":"https:\/\/news.canadamotorjobs.com\/fr\/wp-json\/wp\/v2\/users\/8"}],"replies":[{"embeddable":true,"href":"https:\/\/news.canadamotorjobs.com\/fr\/wp-json\/wp\/v2\/comments?post=143379"}],"version-history":[{"count":2,"href":"https:\/\/news.canadamotorjobs.com\/fr\/wp-json\/wp\/v2\/posts\/143379\/revisions"}],"predecessor-version":[{"id":143383,"href":"https:\/\/news.canadamotorjobs.com\/fr\/wp-json\/wp\/v2\/posts\/143379\/revisions\/143383"}],"wp:featuredmedia":[{"embeddable":true,"href":"https:\/\/news.canadamotorjobs.com\/fr\/wp-json\/wp\/v2\/media\/143381"}],"wp:attachment":[{"href":"https:\/\/news.canadamotorjobs.com\/fr\/wp-json\/wp\/v2\/media?parent=143379"}],"wp:term":[{"taxonomy":"category","embeddable":true,"href":"https:\/\/news.canadamotorjobs.com\/fr\/wp-json\/wp\/v2\/categories?post=143379"},{"taxonomy":"post_tag","embeddable":true,"href":"https:\/\/news.canadamotorjobs.com\/fr\/wp-json\/wp\/v2\/tags?post=143379"}],"curies":[{"name":"wp","href":"https:\/\/api.w.org\/{rel}","templated":true}]}}