{"id":143333,"date":"2023-04-12T15:17:10","date_gmt":"2023-04-12T19:17:10","guid":{"rendered":"https:\/\/news.canadamotorjobs.com\/?p=143333"},"modified":"2023-04-12T15:31:27","modified_gmt":"2023-04-12T19:31:27","slug":"une-demande-de-rappel-de-16-million-de-tesla-pour-acceleration-soudaine","status":"publish","type":"post","link":"https:\/\/news.canadamotorjobs.com\/fr\/une-demande-de-rappel-de-16-million-de-tesla-pour-acceleration-soudaine\/","title":{"rendered":"Une demande de rappel de 1,6 million de Tesla pour acc\u00e9l\u00e9ration soudaine"},"content":{"rendered":"<\/p>\n<p>Les semaines passent et les enqu\u00eates s\u2019accumulent pour Tesla. Un enqu\u00eateur grec sp\u00e9cialis\u00e9 dans les accidents demande \u00e0 la NHTSA de rappeler 1,6 million de Teslas en raison de leur capacit\u00e9 \u00e0 passer de la marche avant \u00e0 la marche arri\u00e8re sans toucher \u00e0 la p\u00e9dale de frein.<\/p>\n<h3>Un probl\u00e8me potentiellement dangereux<\/h3>\n<p>\nLa NHTSA d\u00e9clare qu&#8217;elle va \u00e9valuer les all\u00e9gations de M. Lakafossis et les confronter \u00e0 ses propres donn\u00e9es de terrain afin de d\u00e9terminer si la requ\u00eate doit \u00eatre accept\u00e9e ou refus\u00e9e. Si la requ\u00eate est accept\u00e9e, elle ouvrira une enqu\u00eate sur les d\u00e9fauts, qui pourrait d\u00e9boucher sur un rappel. L&#8217;organisation s&#8217;est d\u00e9j\u00e0 pench\u00e9e sur des all\u00e9gations d&#8217;acc\u00e9l\u00e9ration soudaine et involontaire en 2020.<\/p>\n<h3>Quel est le probl\u00e8me<\/h3>\n<p>\nDans un long document technique soumis par Costas Lakafossis, ing\u00e9nieur m\u00e9canique et a\u00e9ronautique et enqu\u00eateur d&#8217;accident grec, Tesla est accus\u00e9 d&#8217;avoir introduit des &#8220;caract\u00e9ristiques sp\u00e9ciales&#8221; qui favorisent les acc\u00e9l\u00e9rations soudaines et involontaires (SUA) qui ont conduit \u00e0 des accidents et des blessures. L&#8217;une de ces &#8220;caract\u00e9ristiques &#8221; est la capacit\u00e9 de la voiture \u00e0 s&#8217;arr\u00eater et \u00e0 passer la marche arri\u00e8re lorsque le conducteur est pr\u00eat \u00e0 se garer, sans qu&#8217;il soit n\u00e9cessaire d&#8217;actionner la p\u00e9dale de frein&#8221;, \u00e9crit M. Lakafossis. Il n&#8217;y a aucun avantage pratique \u00e0 ce &#8220;m\u00e9canisme&#8221; potentiellement dangereux.<\/p>\n<h3>Ce que l\u2019on demande<\/h3>\n<p>\nL\u2019ing\u00e9nieur demande d&#8217;appliquer aux v\u00e9hicules un syst\u00e8me de verrouillage qui exige que le conducteur appuie sur la p\u00e9dale de frein pour passer de la marche avant \u00e0 la marche arri\u00e8re. Ce dispositif est d&#8217;ailleurs obligatoire sur les nouveaux v\u00e9hicules depuis 2010. En fin de compte, M. Lakafossis recommande d&#8217;interdire la fonction actuelle et d&#8217;exiger des conducteurs qu&#8217;ils appuient sur la p\u00e9dale de frein avant de passer de la marche avant \u00e0 la marche arri\u00e8re dans les Teslas. Il sugg\u00e8re que la mani\u00e8re la plus simple d&#8217;effectuer ce changement est de proc\u00e9der \u00e0 une mise \u00e0 jour du logiciel. Il a demand\u00e9 \u00e0 la NHTSA de rappeler tous les v\u00e9hicules Tesla.<\/p>\n<p>La NHTSA \u00e9value d\u2019abord le probl\u00e8me. Si elle juge les propos de M. Lakafossis pertinents, elle va ouvrir une enqu\u00eate et si l\u2019enqu\u00eate est concluante, il y aura un rappel pour corriger la situation.<\/p>\n<p>Avec des renseignements de Carscoops<\/p>\n<p>Le texte <a rel=\"nofollow\" href=\"https:\/\/annuelauto.ca\/une-demande-de-rappel-de-16-million-de-tesla-pour-acceleration-soudaine\/\">Une demande de rappel de 1,6 million de Tesla pour acc\u00e9l\u00e9ration soudaine<\/a> provient de <a rel=\"nofollow\" href=\"https:\/\/annuelauto.ca\">L&#8217;annuel de l&#8217;automobile &#8211; Actualit\u00e9 automobile<\/a><\/p>\n<p><\/p>\n","protected":false},"excerpt":{"rendered":"<p>Les semaines passent et les enqu\u00eates s\u2019accumulent pour Tesla. Un enqu\u00eateur grec sp\u00e9cialis\u00e9 dans les accidents demande \u00e0 la NHTSA de rappeler 1,6 million de Teslas en raison de leur capacit\u00e9 \u00e0 passer de la marche avant \u00e0 la marche arri\u00e8re sans toucher \u00e0 la p\u00e9dale de frein. Un probl\u00e8me potentiellement dangereux La NHTSA d\u00e9clare [&hellip;]<\/p>\n","protected":false},"author":8,"featured_media":143335,"comment_status":"close","ping_status":"closed","sticky":false,"template":"","format":"standard","meta":{"_monsterinsights_skip_tracking":false,"_monsterinsights_sitenote_active":false,"_monsterinsights_sitenote_note":"","_monsterinsights_sitenote_category":0,"footnotes":""},"categories":[101],"tags":[],"yoast_head":"<!-- This site is optimized with the Yoast SEO plugin v23.2 - https:\/\/yoast.com\/wordpress\/plugins\/seo\/ -->\n<title>Une demande de rappel de 1,6 million de Tesla pour acc\u00e9l\u00e9ration soudaine - CanadaMotorJobs.com<\/title>\n<meta name=\"description\" content=\"Une demande de rappel de 1,6 million de Tesla pour acc\u00e9l\u00e9ration soudaine - Benoit Charette - Annuel automobile - CanadaMotorJobs.com.\" \/>\n<meta name=\"robots\" content=\"index, follow, max-snippet:-1, max-image-preview:large, max-video-preview:-1\" \/>\n<meta property=\"og:locale\" content=\"fr_CA\" \/>\n<meta property=\"og:type\" content=\"article\" \/>\n<meta property=\"og:title\" content=\"Une demande de rappel de 1,6 million de Tesla pour acc\u00e9l\u00e9ration soudaine - CanadaMotorJobs.com\" \/>\n<meta property=\"og:description\" content=\"Une demande de rappel de 1,6 million de Tesla pour acc\u00e9l\u00e9ration soudaine - Benoit Charette - Annuel automobile - CanadaMotorJobs.com.\" \/>\n<meta property=\"og:url\" content=\"https:\/\/news.canadamotorjobs.com\/fr\/une-demande-de-rappel-de-16-million-de-tesla-pour-acceleration-soudaine\/\" \/>\n<meta property=\"og:site_name\" content=\"CanadaMotorJobs.com\" \/>\n<meta property=\"article:publisher\" content=\"https:\/\/www.facebook.com\/canadamotorjobs\/\" \/>\n<meta property=\"article:published_time\" content=\"2023-04-12T19:17:10+00:00\" \/>\n<meta property=\"article:modified_time\" content=\"2023-04-12T19:31:27+00:00\" \/>\n<meta property=\"og:image\" content=\"https:\/\/news.canadamotorjobs.com\/wp-content\/uploads\/2023\/04\/06_Article_Dave_Tesla_Frontend_H1.jpg\" \/>\n\t<meta property=\"og:image:width\" content=\"1186\" \/>\n\t<meta property=\"og:image:height\" content=\"667\" \/>\n\t<meta property=\"og:image:type\" content=\"image\/jpeg\" \/>\n<meta name=\"author\" content=\"Benoit Charette\" \/>\n<meta name=\"twitter:card\" content=\"summary_large_image\" \/>\n<meta name=\"twitter:creator\" content=\"@canadamotorjobs\" \/>\n<meta name=\"twitter:site\" content=\"@canadamotorjobs\" \/>\n<meta name=\"twitter:label1\" content=\"\u00c9crit par\" \/>\n\t<meta name=\"twitter:data1\" content=\"Benoit Charette\" \/>\n\t<meta name=\"twitter:label2\" content=\"Estimation du temps de lecture\" \/>\n\t<meta name=\"twitter:data2\" content=\"2 minutes\" \/>\n<!-- \/ Yoast SEO plugin. -->","yoast_head_json":{"title":"Une demande de rappel de 1,6 million de Tesla pour acc\u00e9l\u00e9ration soudaine - CanadaMotorJobs.com","description":"Une demande de rappel de 1,6 million de Tesla pour acc\u00e9l\u00e9ration soudaine - Benoit Charette - Annuel automobile - CanadaMotorJobs.com.","robots":{"index":"index","follow":"follow","max-snippet":"max-snippet:-1","max-image-preview":"max-image-preview:large","max-video-preview":"max-video-preview:-1"},"og_locale":"fr_CA","og_type":"article","og_title":"Une demande de rappel de 1,6 million de Tesla pour acc\u00e9l\u00e9ration soudaine - CanadaMotorJobs.com","og_description":"Une demande de rappel de 1,6 million de Tesla pour acc\u00e9l\u00e9ration soudaine - Benoit Charette - Annuel automobile - CanadaMotorJobs.com.","og_url":"https:\/\/news.canadamotorjobs.com\/fr\/une-demande-de-rappel-de-16-million-de-tesla-pour-acceleration-soudaine\/","og_site_name":"CanadaMotorJobs.com","article_publisher":"https:\/\/www.facebook.com\/canadamotorjobs\/","article_published_time":"2023-04-12T19:17:10+00:00","article_modified_time":"2023-04-12T19:31:27+00:00","og_image":[{"width":1186,"height":667,"url":"https:\/\/news.canadamotorjobs.com\/wp-content\/uploads\/2023\/04\/06_Article_Dave_Tesla_Frontend_H1.jpg","type":"image\/jpeg"}],"author":"Benoit Charette","twitter_card":"summary_large_image","twitter_creator":"@canadamotorjobs","twitter_site":"@canadamotorjobs","twitter_misc":{"\u00c9crit par":"Benoit Charette","Estimation du temps de lecture":"2 minutes"},"schema":{"@context":"https:\/\/schema.org","@graph":[{"@type":"Article","@id":"https:\/\/news.canadamotorjobs.com\/fr\/une-demande-de-rappel-de-16-million-de-tesla-pour-acceleration-soudaine\/#article","isPartOf":{"@id":"https:\/\/news.canadamotorjobs.com\/fr\/une-demande-de-rappel-de-16-million-de-tesla-pour-acceleration-soudaine\/"},"author":{"name":"Benoit Charette","@id":"https:\/\/news.canadamotorjobs.com\/#\/schema\/person\/51793d1f87d44011d7bcc2ed99269a90"},"headline":"Une demande de rappel de 1,6 million de Tesla pour acc\u00e9l\u00e9ration soudaine","datePublished":"2023-04-12T19:17:10+00:00","dateModified":"2023-04-12T19:31:27+00:00","mainEntityOfPage":{"@id":"https:\/\/news.canadamotorjobs.com\/fr\/une-demande-de-rappel-de-16-million-de-tesla-pour-acceleration-soudaine\/"},"wordCount":457,"publisher":{"@id":"https:\/\/news.canadamotorjobs.com\/#organization"},"image":{"@id":"https:\/\/news.canadamotorjobs.com\/fr\/une-demande-de-rappel-de-16-million-de-tesla-pour-acceleration-soudaine\/#primaryimage"},"thumbnailUrl":"https:\/\/news.canadamotorjobs.com\/wp-content\/uploads\/2023\/04\/06_Article_Dave_Tesla_Frontend_H1.jpg","articleSection":["Annuel automobile"],"inLanguage":"fr-CA"},{"@type":"WebPage","@id":"https:\/\/news.canadamotorjobs.com\/fr\/une-demande-de-rappel-de-16-million-de-tesla-pour-acceleration-soudaine\/","url":"https:\/\/news.canadamotorjobs.com\/fr\/une-demande-de-rappel-de-16-million-de-tesla-pour-acceleration-soudaine\/","name":"Une demande de rappel de 1,6 million de Tesla pour acc\u00e9l\u00e9ration soudaine - CanadaMotorJobs.com","isPartOf":{"@id":"https:\/\/news.canadamotorjobs.com\/#website"},"primaryImageOfPage":{"@id":"https:\/\/news.canadamotorjobs.com\/fr\/une-demande-de-rappel-de-16-million-de-tesla-pour-acceleration-soudaine\/#primaryimage"},"image":{"@id":"https:\/\/news.canadamotorjobs.com\/fr\/une-demande-de-rappel-de-16-million-de-tesla-pour-acceleration-soudaine\/#primaryimage"},"thumbnailUrl":"https:\/\/news.canadamotorjobs.com\/wp-content\/uploads\/2023\/04\/06_Article_Dave_Tesla_Frontend_H1.jpg","datePublished":"2023-04-12T19:17:10+00:00","dateModified":"2023-04-12T19:31:27+00:00","description":"Une demande de rappel de 1,6 million de Tesla pour acc\u00e9l\u00e9ration soudaine - Benoit Charette - Annuel automobile - CanadaMotorJobs.com.","breadcrumb":{"@id":"https:\/\/news.canadamotorjobs.com\/fr\/une-demande-de-rappel-de-16-million-de-tesla-pour-acceleration-soudaine\/#breadcrumb"},"inLanguage":"fr-CA","potentialAction":[{"@type":"ReadAction","target":["https:\/\/news.canadamotorjobs.com\/fr\/une-demande-de-rappel-de-16-million-de-tesla-pour-acceleration-soudaine\/"]}]},{"@type":"ImageObject","inLanguage":"fr-CA","@id":"https:\/\/news.canadamotorjobs.com\/fr\/une-demande-de-rappel-de-16-million-de-tesla-pour-acceleration-soudaine\/#primaryimage","url":"https:\/\/news.canadamotorjobs.com\/wp-content\/uploads\/2023\/04\/06_Article_Dave_Tesla_Frontend_H1.jpg","contentUrl":"https:\/\/news.canadamotorjobs.com\/wp-content\/uploads\/2023\/04\/06_Article_Dave_Tesla_Frontend_H1.jpg","width":1186,"height":667},{"@type":"BreadcrumbList","@id":"https:\/\/news.canadamotorjobs.com\/fr\/une-demande-de-rappel-de-16-million-de-tesla-pour-acceleration-soudaine\/#breadcrumb","itemListElement":[{"@type":"ListItem","position":1,"name":"Home","item":"https:\/\/news.canadamotorjobs.com\/fr\/blog\/"},{"@type":"ListItem","position":2,"name":"Une demande de rappel de 1,6 million de Tesla pour acc\u00e9l\u00e9ration soudaine"}]},{"@type":"WebSite","@id":"https:\/\/news.canadamotorjobs.com\/#website","url":"https:\/\/news.canadamotorjobs.com\/","name":"CanadaMotorJobs.com","description":"Automotive Jobs","publisher":{"@id":"https:\/\/news.canadamotorjobs.com\/#organization"},"potentialAction":[{"@type":"SearchAction","target":{"@type":"EntryPoint","urlTemplate":"https:\/\/news.canadamotorjobs.com\/?s={search_term_string}"},"query-input":"required name=search_term_string"}],"inLanguage":"fr-CA"},{"@type":"Organization","@id":"https:\/\/news.canadamotorjobs.com\/#organization","name":"Canada Motor Jobs","url":"https:\/\/news.canadamotorjobs.com\/","logo":{"@type":"ImageObject","inLanguage":"fr-CA","@id":"https:\/\/news.canadamotorjobs.com\/#\/schema\/logo\/image\/","url":"https:\/\/news.canadamotorjobs.com\/wp-content\/uploads\/2022\/10\/logo-canada-motor-jobs-1.png","contentUrl":"https:\/\/news.canadamotorjobs.com\/wp-content\/uploads\/2022\/10\/logo-canada-motor-jobs-1.png","width":800,"height":400,"caption":"Canada Motor Jobs"},"image":{"@id":"https:\/\/news.canadamotorjobs.com\/#\/schema\/logo\/image\/"},"sameAs":["https:\/\/www.facebook.com\/canadamotorjobs\/","https:\/\/x.com\/canadamotorjobs","https:\/\/www.instagram.com\/canadamotorjobs\/","https:\/\/www.linkedin.com\/company\/canadamotorjobs"]},{"@type":"Person","@id":"https:\/\/news.canadamotorjobs.com\/#\/schema\/person\/51793d1f87d44011d7bcc2ed99269a90","name":"Benoit Charette","image":{"@type":"ImageObject","inLanguage":"fr-CA","@id":"https:\/\/news.canadamotorjobs.com\/#\/schema\/person\/image\/","url":"https:\/\/secure.gravatar.com\/avatar\/45f3d2eebcccd909668d7ce7ea7267b6?s=96&d=mm&r=g","contentUrl":"https:\/\/secure.gravatar.com\/avatar\/45f3d2eebcccd909668d7ce7ea7267b6?s=96&d=mm&r=g","caption":"Benoit Charette"},"description":"Benoit Charette \/ Propri\u00e9taire et r\u00e9dacteur en chef Benoit Charette pratique le journalisme automobile depuis bient\u00f4t 30 ans. Il a fait ses classes au c\u00f4t\u00e9 de Daniel H\u00e9raud et au Carnet de route de 1992 \u00e0 2001. Il est fondateur, copropri\u00e9taire et r\u00e9dacteur en chef de L\u2019Annuel de l\u2019automobile, qu\u2019il publie depuis 2001. Il a anim\u00e9 les \u00e9missions RPM et RPM+ sur V et les L\u00e9gendes de la route sur Historia. \u00c0 la radio depuis 1986, il reprend l\u2019antenne cette ann\u00e9e sur les ondes de Cogeco et participe pour la deuxi\u00e8me ann\u00e9e \u00e0 l\u2019\u00e9mission Passion Auto sur RDS en plus de mettre en ligne le site Web officiel de L\u2019Annuel de l\u2019automobile sur annuelauto.ca.","sameAs":["https:\/\/annuelauto.ca\/"],"url":"https:\/\/news.canadamotorjobs.com\/fr\/author\/benoit-charette\/"}]}},"_links":{"self":[{"href":"https:\/\/news.canadamotorjobs.com\/fr\/wp-json\/wp\/v2\/posts\/143333"}],"collection":[{"href":"https:\/\/news.canadamotorjobs.com\/fr\/wp-json\/wp\/v2\/posts"}],"about":[{"href":"https:\/\/news.canadamotorjobs.com\/fr\/wp-json\/wp\/v2\/types\/post"}],"author":[{"embeddable":true,"href":"https:\/\/news.canadamotorjobs.com\/fr\/wp-json\/wp\/v2\/users\/8"}],"replies":[{"embeddable":true,"href":"https:\/\/news.canadamotorjobs.com\/fr\/wp-json\/wp\/v2\/comments?post=143333"}],"version-history":[{"count":2,"href":"https:\/\/news.canadamotorjobs.com\/fr\/wp-json\/wp\/v2\/posts\/143333\/revisions"}],"predecessor-version":[{"id":143337,"href":"https:\/\/news.canadamotorjobs.com\/fr\/wp-json\/wp\/v2\/posts\/143333\/revisions\/143337"}],"wp:featuredmedia":[{"embeddable":true,"href":"https:\/\/news.canadamotorjobs.com\/fr\/wp-json\/wp\/v2\/media\/143335"}],"wp:attachment":[{"href":"https:\/\/news.canadamotorjobs.com\/fr\/wp-json\/wp\/v2\/media?parent=143333"}],"wp:term":[{"taxonomy":"category","embeddable":true,"href":"https:\/\/news.canadamotorjobs.com\/fr\/wp-json\/wp\/v2\/categories?post=143333"},{"taxonomy":"post_tag","embeddable":true,"href":"https:\/\/news.canadamotorjobs.com\/fr\/wp-json\/wp\/v2\/tags?post=143333"}],"curies":[{"name":"wp","href":"https:\/\/api.w.org\/{rel}","templated":true}]}}