{"id":143179,"date":"2023-04-08T07:35:22","date_gmt":"2023-04-08T11:35:22","guid":{"rendered":"https:\/\/news.canadamotorjobs.com\/?p=143179"},"modified":"2023-04-12T10:18:21","modified_gmt":"2023-04-12T14:18:21","slug":"hyundai-ioniq-6-la-voiture-de-lannee-deja","status":"publish","type":"post","link":"https:\/\/news.canadamotorjobs.com\/fr\/hyundai-ioniq-6-la-voiture-de-lannee-deja\/","title":{"rendered":"Hyundai Ioniq 6\u00a0: la voiture de l\u2019ann\u00e9e (d\u00e9j\u00e0!)"},"content":{"rendered":"<\/p>\n<p>On a donn\u00e9 les d\u00e9tails techniques plus t\u00f4t ce printemps et on peut enfin livrer nos impressions \u00e0 propos de la nouvelle berline Ioniq 6 de Hyundai. Et si on devait r\u00e9sumer \u00e7a en une phrase, ce serait celle-ci\u00a0: \u00e0 moins d\u2019une \u00e9norme surprise, c\u2019est d\u00e9j\u00e0 la voiture de l\u2019ann\u00e9e 2023. Ce n\u2019est pas seulement parce qu\u2019elle est \u00e9lectrique et qu\u2019elle ne co\u00fbte relativement pas trop cher, c\u2019est aussi parce qu\u2019elle d\u00e9montre que quand les ing\u00e9nieurs automobiles d\u00e9cident de s\u2019y mettre, ils peuvent r\u00e9aliser des v\u00e9hicules \u00e9lectriques \u00e0 la fois modernes et tr\u00e8s originaux.<\/p>\n<p>Oui, c\u2019est une pique dirig\u00e9e vers les ing\u00e9nieurs d\u2019Audi, Toyota et de tous ces constructeurs qui ne croient pas qu\u2019on peut produire des v\u00e9hicules \u00e9lectriques sup\u00e9rieurs aux v\u00e9hicules \u00e0 essence.<\/p>\n<p>\u00c0 ce stade, le plus gros d\u00e9faut de la Ioniq 6 sera sa disponibilit\u00e9 au Canada. Hyundai pr\u00e9voit un approvisionnement au pays qui sera de 2000 \u00e0 3000 exemplaires de sa berline. C\u2019est tr\u00e8s peu, m\u00eame si les ventes seront concentr\u00e9es au Qu\u00e9bec et en Colombie-Britannique. Au moins, ces exemplaires-l\u00e0 sont d\u00e9j\u00e0 arriv\u00e9s au pays, donc ceux qui en veulent une devraient la recevoir assez rapidement.<\/p>\n<p>Sa plus grande qualit\u00e9, elle, est qu\u2019elle est vendue au Canada en version \u00e0 quatre roues motrices et \u00e0 un prix de d\u00e9tail de 58 000\u00a0$ qui est \u00e9lev\u00e9, vu comme \u00e7a, mais qui sera r\u00e9duit par deux fois, \u00e9tant donn\u00e9 que tant le gouvernement provincial que le f\u00e9d\u00e9ral lui accorderont l\u2019aide maximale \u00e0 l\u2019achat. 5000\u00a0$ d\u2019Ottawa et 7000\u00a0$ de Qu\u00e9bec, donc, pour 12 000\u00a0$ en moins, apr\u00e8s taxes<\/p>\n<p>\u00c0 un prix d\u2019un peu plus de 45 000\u00a0$, la Ioniq 6 a de quoi s\u00e9duire, m\u00eame si, on va se le dire, son autonomie est grandement r\u00e9duite dans sa version \u00e0 quatre roues motrices. Elle totalise 430 kilom\u00e8tres, comparativement \u00e0 580\u00a0km pour la Ioniq 6 \u00e0 roues motrices \u00e0 l\u2019arri\u00e8re.<\/p>\n<p>Au volant, il faut appr\u00e9cier son format tr\u00e8s a\u00e9rodynamique, mais surtout son assise tr\u00e8s basse, avec un centre de gravit\u00e9 peu \u00e9lev\u00e9 qui permet une conduite assez sportive. On l\u2019a conduite au pied des montagnes en Colombie-Britannique et c\u2019\u00e9tait assez convaincant\u00a0: elle se comporte assez bien sur les routes sinueuses, et elle est toujours confortable. Tr\u00e8s silencieuse, aussi.<\/p>\n<p>\u00c0 l\u2019avant, il faut un moment pour s\u2019habituer \u00e0 la disposition des commandes. Les touches pour les fen\u00eatres sont sur la console centrale, et pas mal tout le reste se trouve dans l\u2019\u00e9cran tactile au haut de la console. La climatisation et certains r\u00e9glages sont regroup\u00e9s sous l\u2019\u00e9cran, mais l\u00e0 aussi on a affaire \u00e0 une surface tactile qui demande un doigt\u00e9 tr\u00e8s pr\u00e9cis, ce qui deviendra rapidement aga\u00e7ant.<\/p>\n<p>Je vais ajouter que la finition est moins haut de gamme qu\u2019on l\u2019aurait souhait\u00e9. On voit beaucoup de plastique \u00e0 bord et c\u2019est un peu trop bon march\u00e9 \u00e0 notre go\u00fbt. \u00c9videmment, c\u2019est un d\u00e9tail bien secondaire pour beaucoup d\u2019acheteurs, mais on est loin du raffinement d\u2019un v\u00e9hicule Mazda, par exemple.<\/p>\n<p>\u00c9videmment, la Ioniq 6 est aussi un v\u00e9hicule moins \u00ab\u00a0utile\u00a0\u00bb qu\u2019un VUS comme le Ioniq 5. Sa forme tr\u00e8s arrondie p\u00e9nalise la banquette, o\u00f9 les grands enfants vont moins aimer s\u2019asseoir, et le coffre, qui perd en volume utile \u00e0 cause de l\u2019arri\u00e8re assez court de la voiture.<\/p>\n<p>Mais pour des gens qui n\u2019aiment pas trop les VUS, la Ioniq 6 propose quelque chose de difficile \u00e0 refuser. Son autonomie, et le fait qu\u2019on amortira en deux ou trois ans tout au plus son prix de d\u00e9tail plus \u00e9lev\u00e9 que celui d\u2019une Sonata, disons, la rend particuli\u00e8rement s\u00e9duisante.<\/p>\n<p>Et d\u2019ailleurs, \u00e7a soul\u00e8ve des questions sur l\u2019avenir de la Sonata, qui pourrait \u00eatre facilement effac\u00e9e par la Ioniq 6.<\/p>\n<p>Le texte <a rel=\"nofollow\" href=\"https:\/\/annuelauto.ca\/hyundai-ioniq-6-la-voiture-de-lannee-deja\/\">Hyundai Ioniq 6\u00a0: la voiture de l\u2019ann\u00e9e (d\u00e9j\u00e0!)<\/a> provient de <a rel=\"nofollow\" href=\"https:\/\/annuelauto.ca\">L&#8217;annuel de l&#8217;automobile &#8211; Actualit\u00e9 automobile<\/a><\/p>\n<p><\/p>\n","protected":false},"excerpt":{"rendered":"<p>On a donn\u00e9 les d\u00e9tails techniques plus t\u00f4t ce printemps et on peut enfin livrer nos impressions \u00e0 propos de la nouvelle berline Ioniq 6 de Hyundai. Et si on devait r\u00e9sumer \u00e7a en une phrase, ce serait celle-ci\u00a0: \u00e0 moins d\u2019une \u00e9norme surprise, c\u2019est d\u00e9j\u00e0 la voiture de l\u2019ann\u00e9e 2023. Ce n\u2019est pas seulement [&hellip;]<\/p>\n","protected":false},"author":8,"featured_media":143181,"comment_status":"close","ping_status":"closed","sticky":false,"template":"","format":"standard","meta":{"_monsterinsights_skip_tracking":false,"_monsterinsights_sitenote_active":false,"_monsterinsights_sitenote_note":"","_monsterinsights_sitenote_category":0,"footnotes":""},"categories":[101],"tags":[],"yoast_head":"<!-- This site is optimized with the Yoast SEO plugin v23.2 - https:\/\/yoast.com\/wordpress\/plugins\/seo\/ -->\n<title>Hyundai Ioniq 6\u00a0: la voiture de l\u2019ann\u00e9e (d\u00e9j\u00e0!) - CanadaMotorJobs.com<\/title>\n<meta name=\"description\" content=\"Hyundai Ioniq 6\u00a0: la voiture de l\u2019ann\u00e9e (d\u00e9j\u00e0!) - Benoit Charette - Annuel automobile - CanadaMotorJobs.com.\" \/>\n<meta name=\"robots\" content=\"index, follow, max-snippet:-1, max-image-preview:large, max-video-preview:-1\" \/>\n<meta property=\"og:locale\" content=\"fr_CA\" \/>\n<meta property=\"og:type\" content=\"article\" \/>\n<meta property=\"og:title\" content=\"Hyundai Ioniq 6\u00a0: la voiture de l\u2019ann\u00e9e (d\u00e9j\u00e0!) - CanadaMotorJobs.com\" \/>\n<meta property=\"og:description\" content=\"Hyundai Ioniq 6\u00a0: la voiture de l\u2019ann\u00e9e (d\u00e9j\u00e0!) - Benoit Charette - Annuel automobile - CanadaMotorJobs.com.\" \/>\n<meta property=\"og:url\" content=\"https:\/\/news.canadamotorjobs.com\/fr\/hyundai-ioniq-6-la-voiture-de-lannee-deja\/\" \/>\n<meta property=\"og:site_name\" content=\"CanadaMotorJobs.com\" \/>\n<meta property=\"article:publisher\" content=\"https:\/\/www.facebook.com\/canadamotorjobs\/\" \/>\n<meta property=\"article:published_time\" content=\"2023-04-08T11:35:22+00:00\" \/>\n<meta property=\"article:modified_time\" content=\"2023-04-12T14:18:21+00:00\" \/>\n<meta property=\"og:image\" content=\"https:\/\/news.canadamotorjobs.com\/wp-content\/uploads\/2023\/04\/Large-53140-2023IONIQ6.jpg\" \/>\n\t<meta property=\"og:image:width\" content=\"1500\" \/>\n\t<meta property=\"og:image:height\" content=\"1000\" \/>\n\t<meta property=\"og:image:type\" content=\"image\/jpeg\" \/>\n<meta name=\"author\" content=\"Benoit Charette\" \/>\n<meta name=\"twitter:card\" content=\"summary_large_image\" \/>\n<meta name=\"twitter:creator\" content=\"@canadamotorjobs\" \/>\n<meta name=\"twitter:site\" content=\"@canadamotorjobs\" \/>\n<meta name=\"twitter:label1\" content=\"\u00c9crit par\" \/>\n\t<meta name=\"twitter:data1\" content=\"Benoit Charette\" \/>\n\t<meta name=\"twitter:label2\" content=\"Estimation du temps de lecture\" \/>\n\t<meta name=\"twitter:data2\" content=\"3 minutes\" \/>\n<!-- \/ Yoast SEO plugin. -->","yoast_head_json":{"title":"Hyundai Ioniq 6\u00a0: la voiture de l\u2019ann\u00e9e (d\u00e9j\u00e0!) - CanadaMotorJobs.com","description":"Hyundai Ioniq 6\u00a0: la voiture de l\u2019ann\u00e9e (d\u00e9j\u00e0!) - Benoit Charette - Annuel automobile - CanadaMotorJobs.com.","robots":{"index":"index","follow":"follow","max-snippet":"max-snippet:-1","max-image-preview":"max-image-preview:large","max-video-preview":"max-video-preview:-1"},"og_locale":"fr_CA","og_type":"article","og_title":"Hyundai Ioniq 6\u00a0: la voiture de l\u2019ann\u00e9e (d\u00e9j\u00e0!) - CanadaMotorJobs.com","og_description":"Hyundai Ioniq 6\u00a0: la voiture de l\u2019ann\u00e9e (d\u00e9j\u00e0!) - Benoit Charette - Annuel automobile - CanadaMotorJobs.com.","og_url":"https:\/\/news.canadamotorjobs.com\/fr\/hyundai-ioniq-6-la-voiture-de-lannee-deja\/","og_site_name":"CanadaMotorJobs.com","article_publisher":"https:\/\/www.facebook.com\/canadamotorjobs\/","article_published_time":"2023-04-08T11:35:22+00:00","article_modified_time":"2023-04-12T14:18:21+00:00","og_image":[{"width":1500,"height":1000,"url":"https:\/\/news.canadamotorjobs.com\/wp-content\/uploads\/2023\/04\/Large-53140-2023IONIQ6.jpg","type":"image\/jpeg"}],"author":"Benoit Charette","twitter_card":"summary_large_image","twitter_creator":"@canadamotorjobs","twitter_site":"@canadamotorjobs","twitter_misc":{"\u00c9crit par":"Benoit Charette","Estimation du temps de lecture":"3 minutes"},"schema":{"@context":"https:\/\/schema.org","@graph":[{"@type":"Article","@id":"https:\/\/news.canadamotorjobs.com\/fr\/hyundai-ioniq-6-la-voiture-de-lannee-deja\/#article","isPartOf":{"@id":"https:\/\/news.canadamotorjobs.com\/fr\/hyundai-ioniq-6-la-voiture-de-lannee-deja\/"},"author":{"name":"Benoit Charette","@id":"https:\/\/news.canadamotorjobs.com\/#\/schema\/person\/51793d1f87d44011d7bcc2ed99269a90"},"headline":"Hyundai Ioniq 6\u00a0: la voiture de l\u2019ann\u00e9e (d\u00e9j\u00e0!)","datePublished":"2023-04-08T11:35:22+00:00","dateModified":"2023-04-12T14:18:21+00:00","mainEntityOfPage":{"@id":"https:\/\/news.canadamotorjobs.com\/fr\/hyundai-ioniq-6-la-voiture-de-lannee-deja\/"},"wordCount":695,"publisher":{"@id":"https:\/\/news.canadamotorjobs.com\/#organization"},"image":{"@id":"https:\/\/news.canadamotorjobs.com\/fr\/hyundai-ioniq-6-la-voiture-de-lannee-deja\/#primaryimage"},"thumbnailUrl":"https:\/\/news.canadamotorjobs.com\/wp-content\/uploads\/2023\/04\/Large-53140-2023IONIQ6.jpg","articleSection":["Annuel automobile"],"inLanguage":"fr-CA"},{"@type":"WebPage","@id":"https:\/\/news.canadamotorjobs.com\/fr\/hyundai-ioniq-6-la-voiture-de-lannee-deja\/","url":"https:\/\/news.canadamotorjobs.com\/fr\/hyundai-ioniq-6-la-voiture-de-lannee-deja\/","name":"Hyundai Ioniq 6\u00a0: la voiture de l\u2019ann\u00e9e (d\u00e9j\u00e0!) - CanadaMotorJobs.com","isPartOf":{"@id":"https:\/\/news.canadamotorjobs.com\/#website"},"primaryImageOfPage":{"@id":"https:\/\/news.canadamotorjobs.com\/fr\/hyundai-ioniq-6-la-voiture-de-lannee-deja\/#primaryimage"},"image":{"@id":"https:\/\/news.canadamotorjobs.com\/fr\/hyundai-ioniq-6-la-voiture-de-lannee-deja\/#primaryimage"},"thumbnailUrl":"https:\/\/news.canadamotorjobs.com\/wp-content\/uploads\/2023\/04\/Large-53140-2023IONIQ6.jpg","datePublished":"2023-04-08T11:35:22+00:00","dateModified":"2023-04-12T14:18:21+00:00","description":"Hyundai Ioniq 6\u00a0: la voiture de l\u2019ann\u00e9e (d\u00e9j\u00e0!) - Benoit Charette - Annuel automobile - CanadaMotorJobs.com.","breadcrumb":{"@id":"https:\/\/news.canadamotorjobs.com\/fr\/hyundai-ioniq-6-la-voiture-de-lannee-deja\/#breadcrumb"},"inLanguage":"fr-CA","potentialAction":[{"@type":"ReadAction","target":["https:\/\/news.canadamotorjobs.com\/fr\/hyundai-ioniq-6-la-voiture-de-lannee-deja\/"]}]},{"@type":"ImageObject","inLanguage":"fr-CA","@id":"https:\/\/news.canadamotorjobs.com\/fr\/hyundai-ioniq-6-la-voiture-de-lannee-deja\/#primaryimage","url":"https:\/\/news.canadamotorjobs.com\/wp-content\/uploads\/2023\/04\/Large-53140-2023IONIQ6.jpg","contentUrl":"https:\/\/news.canadamotorjobs.com\/wp-content\/uploads\/2023\/04\/Large-53140-2023IONIQ6.jpg","width":1500,"height":1000},{"@type":"BreadcrumbList","@id":"https:\/\/news.canadamotorjobs.com\/fr\/hyundai-ioniq-6-la-voiture-de-lannee-deja\/#breadcrumb","itemListElement":[{"@type":"ListItem","position":1,"name":"Home","item":"https:\/\/news.canadamotorjobs.com\/fr\/blog\/"},{"@type":"ListItem","position":2,"name":"Hyundai Ioniq 6\u00a0: la voiture de l\u2019ann\u00e9e (d\u00e9j\u00e0!)"}]},{"@type":"WebSite","@id":"https:\/\/news.canadamotorjobs.com\/#website","url":"https:\/\/news.canadamotorjobs.com\/","name":"CanadaMotorJobs.com","description":"Automotive Jobs","publisher":{"@id":"https:\/\/news.canadamotorjobs.com\/#organization"},"potentialAction":[{"@type":"SearchAction","target":{"@type":"EntryPoint","urlTemplate":"https:\/\/news.canadamotorjobs.com\/?s={search_term_string}"},"query-input":"required name=search_term_string"}],"inLanguage":"fr-CA"},{"@type":"Organization","@id":"https:\/\/news.canadamotorjobs.com\/#organization","name":"Canada Motor Jobs","url":"https:\/\/news.canadamotorjobs.com\/","logo":{"@type":"ImageObject","inLanguage":"fr-CA","@id":"https:\/\/news.canadamotorjobs.com\/#\/schema\/logo\/image\/","url":"https:\/\/news.canadamotorjobs.com\/wp-content\/uploads\/2022\/10\/logo-canada-motor-jobs-1.png","contentUrl":"https:\/\/news.canadamotorjobs.com\/wp-content\/uploads\/2022\/10\/logo-canada-motor-jobs-1.png","width":800,"height":400,"caption":"Canada Motor Jobs"},"image":{"@id":"https:\/\/news.canadamotorjobs.com\/#\/schema\/logo\/image\/"},"sameAs":["https:\/\/www.facebook.com\/canadamotorjobs\/","https:\/\/x.com\/canadamotorjobs","https:\/\/www.instagram.com\/canadamotorjobs\/","https:\/\/www.linkedin.com\/company\/canadamotorjobs"]},{"@type":"Person","@id":"https:\/\/news.canadamotorjobs.com\/#\/schema\/person\/51793d1f87d44011d7bcc2ed99269a90","name":"Benoit Charette","image":{"@type":"ImageObject","inLanguage":"fr-CA","@id":"https:\/\/news.canadamotorjobs.com\/#\/schema\/person\/image\/","url":"https:\/\/secure.gravatar.com\/avatar\/45f3d2eebcccd909668d7ce7ea7267b6?s=96&d=mm&r=g","contentUrl":"https:\/\/secure.gravatar.com\/avatar\/45f3d2eebcccd909668d7ce7ea7267b6?s=96&d=mm&r=g","caption":"Benoit Charette"},"description":"Benoit Charette \/ Propri\u00e9taire et r\u00e9dacteur en chef Benoit Charette pratique le journalisme automobile depuis bient\u00f4t 30 ans. Il a fait ses classes au c\u00f4t\u00e9 de Daniel H\u00e9raud et au Carnet de route de 1992 \u00e0 2001. Il est fondateur, copropri\u00e9taire et r\u00e9dacteur en chef de L\u2019Annuel de l\u2019automobile, qu\u2019il publie depuis 2001. Il a anim\u00e9 les \u00e9missions RPM et RPM+ sur V et les L\u00e9gendes de la route sur Historia. \u00c0 la radio depuis 1986, il reprend l\u2019antenne cette ann\u00e9e sur les ondes de Cogeco et participe pour la deuxi\u00e8me ann\u00e9e \u00e0 l\u2019\u00e9mission Passion Auto sur RDS en plus de mettre en ligne le site Web officiel de L\u2019Annuel de l\u2019automobile sur annuelauto.ca.","sameAs":["https:\/\/annuelauto.ca\/"],"url":"https:\/\/news.canadamotorjobs.com\/fr\/author\/benoit-charette\/"}]}},"_links":{"self":[{"href":"https:\/\/news.canadamotorjobs.com\/fr\/wp-json\/wp\/v2\/posts\/143179"}],"collection":[{"href":"https:\/\/news.canadamotorjobs.com\/fr\/wp-json\/wp\/v2\/posts"}],"about":[{"href":"https:\/\/news.canadamotorjobs.com\/fr\/wp-json\/wp\/v2\/types\/post"}],"author":[{"embeddable":true,"href":"https:\/\/news.canadamotorjobs.com\/fr\/wp-json\/wp\/v2\/users\/8"}],"replies":[{"embeddable":true,"href":"https:\/\/news.canadamotorjobs.com\/fr\/wp-json\/wp\/v2\/comments?post=143179"}],"version-history":[{"count":2,"href":"https:\/\/news.canadamotorjobs.com\/fr\/wp-json\/wp\/v2\/posts\/143179\/revisions"}],"predecessor-version":[{"id":143183,"href":"https:\/\/news.canadamotorjobs.com\/fr\/wp-json\/wp\/v2\/posts\/143179\/revisions\/143183"}],"wp:featuredmedia":[{"embeddable":true,"href":"https:\/\/news.canadamotorjobs.com\/fr\/wp-json\/wp\/v2\/media\/143181"}],"wp:attachment":[{"href":"https:\/\/news.canadamotorjobs.com\/fr\/wp-json\/wp\/v2\/media?parent=143179"}],"wp:term":[{"taxonomy":"category","embeddable":true,"href":"https:\/\/news.canadamotorjobs.com\/fr\/wp-json\/wp\/v2\/categories?post=143179"},{"taxonomy":"post_tag","embeddable":true,"href":"https:\/\/news.canadamotorjobs.com\/fr\/wp-json\/wp\/v2\/tags?post=143179"}],"curies":[{"name":"wp","href":"https:\/\/api.w.org\/{rel}","templated":true}]}}