{"id":143141,"date":"2023-04-09T07:49:50","date_gmt":"2023-04-09T11:49:50","guid":{"rendered":"https:\/\/news.canadamotorjobs.com\/?p=143141"},"modified":"2023-04-12T10:18:08","modified_gmt":"2023-04-12T14:18:08","slug":"tesla-fait-lobjet-dune-action-en-justice-pour-violation-de-la-vie-privee","status":"publish","type":"post","link":"https:\/\/news.canadamotorjobs.com\/fr\/tesla-fait-lobjet-dune-action-en-justice-pour-violation-de-la-vie-privee\/","title":{"rendered":"Tesla fait l\u2019objet d\u2019une action en justice pour violation de la vie priv\u00e9e"},"content":{"rendered":"<\/p>\n<p>&#8211; La poursuite vient d\u2019un propri\u00e9taire de Tesla \u00e0 San Francisco<\/p>\n<p>&#8211; Un groupe d\u2019employ\u00e9s de Tesla aurait partag\u00e9 des images provenant des cam\u00e9ras des voitures de clients<\/p>\n<p>&#8211; La poursuite inclut des gens qui ont lou\u00e9 ou poss\u00e9der des Tesla au cours des quatre derni\u00e8res ann\u00e9es<\/p>\n<h3>Une poursuite d\u2019un client californien<\/h3>\n<p>\nUn propri\u00e9taire californien de Tesla a attaqu\u00e9 vendredi le constructeur de voitures \u00e9lectriques en justice dans le cadre d&#8217;un recours collectif potentiel, l&#8217;accusant de violer la vie priv\u00e9e de ses clients. L&#8217;action en justice devant le tribunal de district am\u00e9ricain du district nord de Californie a \u00e9t\u00e9 intent\u00e9e apr\u00e8s que Reuters a rapport\u00e9 jeudi que des groupes d&#8217;employ\u00e9s de Tesla ont partag\u00e9 en priv\u00e9 via un syst\u00e8me de messagerie interne des vid\u00e9os et des images parfois tr\u00e8s invasives enregistr\u00e9es par les cam\u00e9ras des voitures des clients entre 2019 et 2022.<\/p>\n<p>Le proc\u00e8s, intent\u00e9 par Henry Yeh, un r\u00e9sident de San Francisco qui poss\u00e8de un Model Y de Tesla, all\u00e8gue que les employ\u00e9s de Tesla ont pu acc\u00e9der aux images et aux vid\u00e9os pour leur \u00ab\u00a0divertissement de mauvais go\u00fbt &#8221; et \u00ab\u00a0l&#8217;humiliation de ceux qui ont \u00e9t\u00e9 enregistr\u00e9s sans leur consentement.\u00a0\u00bb Selon la poursuite, Tesla doit \u00eatre tenu responsable de ces violations. L&#8217;action en justice indique que la soci\u00e9t\u00e9 Tesla n&#8217;est pas en mesure d&#8217;assurer la protection de la vie priv\u00e9e de ses clients.<\/p>\n<h3>On recule de quatre ans<\/h3>\n<p>\nYeh a d\u00e9pos\u00e9 une plainte \u00ab\u00a0contre Tesla en son nom propre, au nom des membres de la classe qui se trouvent dans une situation similaire et au nom du public en g\u00e9n\u00e9ral\u00a0\u00bb. La plainte indique que la classe potentielle comprendrait les personnes qui ont poss\u00e9d\u00e9 ou lou\u00e9 une Tesla au cours des quatre derni\u00e8res ann\u00e9es.<\/p>\n<h3>On fait toute sorte de choses dans une voiture<\/h3>\n<p>\nReuters a rapport\u00e9 que certains employ\u00e9s de Tesla pouvaient voir des clients \u00ab\u00a0en train de faire la lessive et des choses vraiment intimes. Nous pouvions voir leurs enfants\u00a0\u00bb, a d\u00e9clar\u00e9 un ancien employ\u00e9. \u00ab\u00a0En effet, l&#8217;int\u00e9r\u00eat des parents pour la vie priv\u00e9e de leurs enfants est l&#8217;un des int\u00e9r\u00eats les plus fondamentaux que la soci\u00e9t\u00e9 reconnaisse en mati\u00e8re de libert\u00e9\u00a0\u00bb, indique l&#8217;action en justice. L&#8217;action en justice demande au tribunal \u00ab\u00a0d&#8217;interdire \u00e0 Tesla de poursuivre son comportement illicite, y compris de violer la vie priv\u00e9e des clients et d&#8217;autres personnes, et d&#8217;obtenir des dommages-int\u00e9r\u00eats r\u00e9els et punitifs\u00a0\u00bb.<\/p>\n<p>\u00a0<\/p>\n<p>Avec des renseignements d\u2019Automotive News<\/p>\n<p>Le texte <a rel=\"nofollow\" href=\"https:\/\/annuelauto.ca\/tesla-fait-lobjet-dune-action-en-justice-pour-violation-de-la-vie-privee\/\">Tesla fait l\u2019objet d\u2019une action en justice pour violation de la vie priv\u00e9e<\/a> provient de <a rel=\"nofollow\" href=\"https:\/\/annuelauto.ca\">L&#8217;annuel de l&#8217;automobile &#8211; Actualit\u00e9 automobile<\/a><\/p>\n<p><\/p>\n","protected":false},"excerpt":{"rendered":"<p>&#8211; La poursuite vient d\u2019un propri\u00e9taire de Tesla \u00e0 San Francisco &#8211; Un groupe d\u2019employ\u00e9s de Tesla aurait partag\u00e9 des images provenant des cam\u00e9ras des voitures de clients &#8211; La poursuite inclut des gens qui ont lou\u00e9 ou poss\u00e9der des Tesla au cours des quatre derni\u00e8res ann\u00e9es Une poursuite d\u2019un client californien Un propri\u00e9taire californien [&hellip;]<\/p>\n","protected":false},"author":8,"featured_media":143143,"comment_status":"close","ping_status":"closed","sticky":false,"template":"","format":"standard","meta":{"_monsterinsights_skip_tracking":false,"_monsterinsights_sitenote_active":false,"_monsterinsights_sitenote_note":"","_monsterinsights_sitenote_category":0,"footnotes":""},"categories":[101],"tags":[],"yoast_head":"<!-- This site is optimized with the Yoast SEO plugin v23.2 - https:\/\/yoast.com\/wordpress\/plugins\/seo\/ -->\n<title>Tesla fait l\u2019objet d\u2019une action en justice pour violation de la vie priv\u00e9e - CanadaMotorJobs.com<\/title>\n<meta name=\"description\" content=\"Tesla fait l\u2019objet d\u2019une action en justice pour violation de la vie priv\u00e9e - Benoit Charette - Annuel automobile - CanadaMotorJobs.com.\" \/>\n<meta name=\"robots\" content=\"index, follow, max-snippet:-1, max-image-preview:large, max-video-preview:-1\" \/>\n<meta property=\"og:locale\" content=\"fr_CA\" \/>\n<meta property=\"og:type\" content=\"article\" \/>\n<meta property=\"og:title\" content=\"Tesla fait l\u2019objet d\u2019une action en justice pour violation de la vie priv\u00e9e - CanadaMotorJobs.com\" \/>\n<meta property=\"og:description\" content=\"Tesla fait l\u2019objet d\u2019une action en justice pour violation de la vie priv\u00e9e - Benoit Charette - Annuel automobile - CanadaMotorJobs.com.\" \/>\n<meta property=\"og:url\" content=\"https:\/\/news.canadamotorjobs.com\/fr\/tesla-fait-lobjet-dune-action-en-justice-pour-violation-de-la-vie-privee\/\" \/>\n<meta property=\"og:site_name\" content=\"CanadaMotorJobs.com\" \/>\n<meta property=\"article:publisher\" content=\"https:\/\/www.facebook.com\/canadamotorjobs\/\" \/>\n<meta property=\"article:published_time\" content=\"2023-04-09T11:49:50+00:00\" \/>\n<meta property=\"article:modified_time\" content=\"2023-04-12T14:18:08+00:00\" \/>\n<meta property=\"og:image\" content=\"https:\/\/news.canadamotorjobs.com\/wp-content\/uploads\/2023\/04\/e18a9040-d49a-11ed-bffd-a22d0fcde869.cf_.jpg\" \/>\n\t<meta property=\"og:image:width\" content=\"875\" \/>\n\t<meta property=\"og:image:height\" content=\"583\" \/>\n\t<meta property=\"og:image:type\" content=\"image\/jpeg\" \/>\n<meta name=\"author\" content=\"Benoit Charette\" \/>\n<meta name=\"twitter:card\" content=\"summary_large_image\" \/>\n<meta name=\"twitter:creator\" content=\"@canadamotorjobs\" \/>\n<meta name=\"twitter:site\" content=\"@canadamotorjobs\" \/>\n<meta name=\"twitter:label1\" content=\"\u00c9crit par\" \/>\n\t<meta name=\"twitter:data1\" content=\"Benoit Charette\" \/>\n\t<meta name=\"twitter:label2\" content=\"Estimation du temps de lecture\" \/>\n\t<meta name=\"twitter:data2\" content=\"2 minutes\" \/>\n<!-- \/ Yoast SEO plugin. -->","yoast_head_json":{"title":"Tesla fait l\u2019objet d\u2019une action en justice pour violation de la vie priv\u00e9e - CanadaMotorJobs.com","description":"Tesla fait l\u2019objet d\u2019une action en justice pour violation de la vie priv\u00e9e - Benoit Charette - Annuel automobile - CanadaMotorJobs.com.","robots":{"index":"index","follow":"follow","max-snippet":"max-snippet:-1","max-image-preview":"max-image-preview:large","max-video-preview":"max-video-preview:-1"},"og_locale":"fr_CA","og_type":"article","og_title":"Tesla fait l\u2019objet d\u2019une action en justice pour violation de la vie priv\u00e9e - CanadaMotorJobs.com","og_description":"Tesla fait l\u2019objet d\u2019une action en justice pour violation de la vie priv\u00e9e - Benoit Charette - Annuel automobile - CanadaMotorJobs.com.","og_url":"https:\/\/news.canadamotorjobs.com\/fr\/tesla-fait-lobjet-dune-action-en-justice-pour-violation-de-la-vie-privee\/","og_site_name":"CanadaMotorJobs.com","article_publisher":"https:\/\/www.facebook.com\/canadamotorjobs\/","article_published_time":"2023-04-09T11:49:50+00:00","article_modified_time":"2023-04-12T14:18:08+00:00","og_image":[{"width":875,"height":583,"url":"https:\/\/news.canadamotorjobs.com\/wp-content\/uploads\/2023\/04\/e18a9040-d49a-11ed-bffd-a22d0fcde869.cf_.jpg","type":"image\/jpeg"}],"author":"Benoit Charette","twitter_card":"summary_large_image","twitter_creator":"@canadamotorjobs","twitter_site":"@canadamotorjobs","twitter_misc":{"\u00c9crit par":"Benoit Charette","Estimation du temps de lecture":"2 minutes"},"schema":{"@context":"https:\/\/schema.org","@graph":[{"@type":"Article","@id":"https:\/\/news.canadamotorjobs.com\/fr\/tesla-fait-lobjet-dune-action-en-justice-pour-violation-de-la-vie-privee\/#article","isPartOf":{"@id":"https:\/\/news.canadamotorjobs.com\/fr\/tesla-fait-lobjet-dune-action-en-justice-pour-violation-de-la-vie-privee\/"},"author":{"name":"Benoit Charette","@id":"https:\/\/news.canadamotorjobs.com\/#\/schema\/person\/51793d1f87d44011d7bcc2ed99269a90"},"headline":"Tesla fait l\u2019objet d\u2019une action en justice pour violation de la vie priv\u00e9e","datePublished":"2023-04-09T11:49:50+00:00","dateModified":"2023-04-12T14:18:08+00:00","mainEntityOfPage":{"@id":"https:\/\/news.canadamotorjobs.com\/fr\/tesla-fait-lobjet-dune-action-en-justice-pour-violation-de-la-vie-privee\/"},"wordCount":500,"publisher":{"@id":"https:\/\/news.canadamotorjobs.com\/#organization"},"image":{"@id":"https:\/\/news.canadamotorjobs.com\/fr\/tesla-fait-lobjet-dune-action-en-justice-pour-violation-de-la-vie-privee\/#primaryimage"},"thumbnailUrl":"https:\/\/news.canadamotorjobs.com\/wp-content\/uploads\/2023\/04\/e18a9040-d49a-11ed-bffd-a22d0fcde869.cf_.jpg","articleSection":["Annuel automobile"],"inLanguage":"fr-CA"},{"@type":"WebPage","@id":"https:\/\/news.canadamotorjobs.com\/fr\/tesla-fait-lobjet-dune-action-en-justice-pour-violation-de-la-vie-privee\/","url":"https:\/\/news.canadamotorjobs.com\/fr\/tesla-fait-lobjet-dune-action-en-justice-pour-violation-de-la-vie-privee\/","name":"Tesla fait l\u2019objet d\u2019une action en justice pour violation de la vie priv\u00e9e - CanadaMotorJobs.com","isPartOf":{"@id":"https:\/\/news.canadamotorjobs.com\/#website"},"primaryImageOfPage":{"@id":"https:\/\/news.canadamotorjobs.com\/fr\/tesla-fait-lobjet-dune-action-en-justice-pour-violation-de-la-vie-privee\/#primaryimage"},"image":{"@id":"https:\/\/news.canadamotorjobs.com\/fr\/tesla-fait-lobjet-dune-action-en-justice-pour-violation-de-la-vie-privee\/#primaryimage"},"thumbnailUrl":"https:\/\/news.canadamotorjobs.com\/wp-content\/uploads\/2023\/04\/e18a9040-d49a-11ed-bffd-a22d0fcde869.cf_.jpg","datePublished":"2023-04-09T11:49:50+00:00","dateModified":"2023-04-12T14:18:08+00:00","description":"Tesla fait l\u2019objet d\u2019une action en justice pour violation de la vie priv\u00e9e - Benoit Charette - Annuel automobile - CanadaMotorJobs.com.","breadcrumb":{"@id":"https:\/\/news.canadamotorjobs.com\/fr\/tesla-fait-lobjet-dune-action-en-justice-pour-violation-de-la-vie-privee\/#breadcrumb"},"inLanguage":"fr-CA","potentialAction":[{"@type":"ReadAction","target":["https:\/\/news.canadamotorjobs.com\/fr\/tesla-fait-lobjet-dune-action-en-justice-pour-violation-de-la-vie-privee\/"]}]},{"@type":"ImageObject","inLanguage":"fr-CA","@id":"https:\/\/news.canadamotorjobs.com\/fr\/tesla-fait-lobjet-dune-action-en-justice-pour-violation-de-la-vie-privee\/#primaryimage","url":"https:\/\/news.canadamotorjobs.com\/wp-content\/uploads\/2023\/04\/e18a9040-d49a-11ed-bffd-a22d0fcde869.cf_.jpg","contentUrl":"https:\/\/news.canadamotorjobs.com\/wp-content\/uploads\/2023\/04\/e18a9040-d49a-11ed-bffd-a22d0fcde869.cf_.jpg","width":875,"height":583},{"@type":"BreadcrumbList","@id":"https:\/\/news.canadamotorjobs.com\/fr\/tesla-fait-lobjet-dune-action-en-justice-pour-violation-de-la-vie-privee\/#breadcrumb","itemListElement":[{"@type":"ListItem","position":1,"name":"Home","item":"https:\/\/news.canadamotorjobs.com\/fr\/blog\/"},{"@type":"ListItem","position":2,"name":"Tesla fait l\u2019objet d\u2019une action en justice pour violation de la vie priv\u00e9e"}]},{"@type":"WebSite","@id":"https:\/\/news.canadamotorjobs.com\/#website","url":"https:\/\/news.canadamotorjobs.com\/","name":"CanadaMotorJobs.com","description":"Automotive Jobs","publisher":{"@id":"https:\/\/news.canadamotorjobs.com\/#organization"},"potentialAction":[{"@type":"SearchAction","target":{"@type":"EntryPoint","urlTemplate":"https:\/\/news.canadamotorjobs.com\/?s={search_term_string}"},"query-input":"required name=search_term_string"}],"inLanguage":"fr-CA"},{"@type":"Organization","@id":"https:\/\/news.canadamotorjobs.com\/#organization","name":"Canada Motor Jobs","url":"https:\/\/news.canadamotorjobs.com\/","logo":{"@type":"ImageObject","inLanguage":"fr-CA","@id":"https:\/\/news.canadamotorjobs.com\/#\/schema\/logo\/image\/","url":"https:\/\/news.canadamotorjobs.com\/wp-content\/uploads\/2022\/10\/logo-canada-motor-jobs-1.png","contentUrl":"https:\/\/news.canadamotorjobs.com\/wp-content\/uploads\/2022\/10\/logo-canada-motor-jobs-1.png","width":800,"height":400,"caption":"Canada Motor Jobs"},"image":{"@id":"https:\/\/news.canadamotorjobs.com\/#\/schema\/logo\/image\/"},"sameAs":["https:\/\/www.facebook.com\/canadamotorjobs\/","https:\/\/x.com\/canadamotorjobs","https:\/\/www.instagram.com\/canadamotorjobs\/","https:\/\/www.linkedin.com\/company\/canadamotorjobs"]},{"@type":"Person","@id":"https:\/\/news.canadamotorjobs.com\/#\/schema\/person\/51793d1f87d44011d7bcc2ed99269a90","name":"Benoit Charette","image":{"@type":"ImageObject","inLanguage":"fr-CA","@id":"https:\/\/news.canadamotorjobs.com\/#\/schema\/person\/image\/","url":"https:\/\/secure.gravatar.com\/avatar\/45f3d2eebcccd909668d7ce7ea7267b6?s=96&d=mm&r=g","contentUrl":"https:\/\/secure.gravatar.com\/avatar\/45f3d2eebcccd909668d7ce7ea7267b6?s=96&d=mm&r=g","caption":"Benoit Charette"},"description":"Benoit Charette \/ Propri\u00e9taire et r\u00e9dacteur en chef Benoit Charette pratique le journalisme automobile depuis bient\u00f4t 30 ans. Il a fait ses classes au c\u00f4t\u00e9 de Daniel H\u00e9raud et au Carnet de route de 1992 \u00e0 2001. Il est fondateur, copropri\u00e9taire et r\u00e9dacteur en chef de L\u2019Annuel de l\u2019automobile, qu\u2019il publie depuis 2001. Il a anim\u00e9 les \u00e9missions RPM et RPM+ sur V et les L\u00e9gendes de la route sur Historia. \u00c0 la radio depuis 1986, il reprend l\u2019antenne cette ann\u00e9e sur les ondes de Cogeco et participe pour la deuxi\u00e8me ann\u00e9e \u00e0 l\u2019\u00e9mission Passion Auto sur RDS en plus de mettre en ligne le site Web officiel de L\u2019Annuel de l\u2019automobile sur annuelauto.ca.","sameAs":["https:\/\/annuelauto.ca\/"],"url":"https:\/\/news.canadamotorjobs.com\/fr\/author\/benoit-charette\/"}]}},"_links":{"self":[{"href":"https:\/\/news.canadamotorjobs.com\/fr\/wp-json\/wp\/v2\/posts\/143141"}],"collection":[{"href":"https:\/\/news.canadamotorjobs.com\/fr\/wp-json\/wp\/v2\/posts"}],"about":[{"href":"https:\/\/news.canadamotorjobs.com\/fr\/wp-json\/wp\/v2\/types\/post"}],"author":[{"embeddable":true,"href":"https:\/\/news.canadamotorjobs.com\/fr\/wp-json\/wp\/v2\/users\/8"}],"replies":[{"embeddable":true,"href":"https:\/\/news.canadamotorjobs.com\/fr\/wp-json\/wp\/v2\/comments?post=143141"}],"version-history":[{"count":2,"href":"https:\/\/news.canadamotorjobs.com\/fr\/wp-json\/wp\/v2\/posts\/143141\/revisions"}],"predecessor-version":[{"id":143145,"href":"https:\/\/news.canadamotorjobs.com\/fr\/wp-json\/wp\/v2\/posts\/143141\/revisions\/143145"}],"wp:featuredmedia":[{"embeddable":true,"href":"https:\/\/news.canadamotorjobs.com\/fr\/wp-json\/wp\/v2\/media\/143143"}],"wp:attachment":[{"href":"https:\/\/news.canadamotorjobs.com\/fr\/wp-json\/wp\/v2\/media?parent=143141"}],"wp:term":[{"taxonomy":"category","embeddable":true,"href":"https:\/\/news.canadamotorjobs.com\/fr\/wp-json\/wp\/v2\/categories?post=143141"},{"taxonomy":"post_tag","embeddable":true,"href":"https:\/\/news.canadamotorjobs.com\/fr\/wp-json\/wp\/v2\/tags?post=143141"}],"curies":[{"name":"wp","href":"https:\/\/api.w.org\/{rel}","templated":true}]}}