{"id":143072,"date":"2023-04-11T09:38:22","date_gmt":"2023-04-11T13:38:22","guid":{"rendered":"https:\/\/news.canadamotorjobs.com\/?p=143072"},"modified":"2023-04-12T10:17:41","modified_gmt":"2023-04-12T14:17:41","slug":"lavenir-de-lincoln-en-peril","status":"publish","type":"post","link":"https:\/\/news.canadamotorjobs.com\/fr\/lavenir-de-lincoln-en-peril\/","title":{"rendered":"L\u2019avenir de Lincoln en p\u00e9ril"},"content":{"rendered":"<\/p>\n<p>La pand\u00e9mie, une vague de lancements de nouveaux produits au mauvais moment et un projet rat\u00e9 avec Rivian semblent \u00eatre au c\u0153ur des difficult\u00e9s. La division de luxe de Ford n\u2019est pas encore remise de ce creux de vague. Elle a d\u00fb reporter la pr\u00e9sentation de son premier v\u00e9hicule \u00e9lectrique pr\u00e9vue pour 2022 et, apr\u00e8s des ann\u00e9es de d\u00e9clin constant, Lincoln vient d&#8217;enregistrer ses pires chiffres de vente au premier trimestre depuis des d\u00e9cennies.<\/p>\n<h3>Incapable de suivre le rythme impos\u00e9 par l\u2019industrie<\/h3>\n<p>\nLincoln est \u00e0 la tra\u00eene face au reste de l\u2019industrie. Il est vrai que Lincoln cherche un second souffle depuis la fin des ann\u00e9es 1990. Depuis lors, Lincoln a \u00e9t\u00e9 m\u00eal\u00e9 au Premier Auto Group \u2013 la division de luxe condamn\u00e9e de Ford, compos\u00e9e de Jaguar, Land Rover, Aston Martin, Volvo et Mercury &#8211; et n&#8217;a pas eu grand-chose \u00e0 montrer. L&#8217;embl\u00e9matique Town Car a tir\u00e9 sa r\u00e9v\u00e9rence en 2011, suivie par le reste de ses berlines lorsque Ford a mis fin \u00e0 ce style de carrosserie. Le dernier Navigator a connu un petit moment de gloire, mais ce n&#8217;est pas encore suffisant. Ce mastodonte semble jouer en permanence le second violon face \u00e0 l&#8217;Escalade.<\/p>\n<h3>Un mauvais \u00ab timing \u00bb<\/h3>\n<p>\nLa pand\u00e9mie a \u00e9t\u00e9 le d\u00e9but d&#8217;autres probl\u00e8mes pour Lincoln. Les ventes ont atteint leur plus haut niveau en 2019 et la marque a lanc\u00e9 une multitude de nouveaux v\u00e9hicules cette ann\u00e9e-l\u00e0. Le Nautilus, l&#8217;Aviator et le Corsair &#8211; trois de ses quatre produits actuels &#8211; sont tous entr\u00e9s en production en 2019. Deux choses se sont pr\u00e9cipit\u00e9es \u00e0 partir de 2020, au pire moment possible : la fiabilit\u00e9 de Lincoln a chut\u00e9 gr\u00e2ce \u00e0 ces nouveaux mod\u00e8les qui n&#8217;ont pas fait leurs preuves, et le calendrier de d\u00e9veloppement a connu une accalmie naturelle.<\/p>\n<h3>La nature a horreur du vide<\/h3>\n<p>\nPendant que Lincoln a perdu ses rep\u00e8res, une compagnie comme Genesis se pr\u00e9sente avec une offre int\u00e9ressante dans le march\u00e9 de luxe. En quelques ann\u00e9es seulement, la marque a pr\u00e9sent\u00e9 deux VUS a succ\u00e8s, le GV70 et le GV 80 et en moins de trois ans a \u00e9lectrifi\u00e9 son parc avec la berline G80 \u00e9lectrique, le GV60 et le nouveau GV70 \u00e9lectrique. Pendant ce temps on attend toujours un plan d\u2019attaque de Lincoln. M\u00eame Lexus a pr\u00e9sent\u00e9 son premier V\u00c9 le rZ 450e bas\u00e9 sur le Toyota b4ZX. Le F-150 Lightning, le Mustang Mach-E et le fourgon E-Transit) sont les seuls V\u00c9S vendus chez Ford. Il semble clair qu\u2019une version retravaill\u00e9e du Mustang Mach-E pourrait voir le jour chez Lincoln. Un Navigator \u00e9lectrique pour s&#8217;attaquer \u00e0 l&#8217;Escalade \u00e9lectrique qui a \u00e9t\u00e9 confirm\u00e9e est absolument n\u00e9cessaire et il faut s&#8217;attendre \u00e0 ce qu&#8217;il y en ait un. On pourrait se servir de la base du F-150 Lightning.\u00a0 Si nous parlons de remplacements \u00e9lectriques pour le Corsair, le Nautilus et l&#8217;Aviator, c&#8217;est tr\u00e8s bien, mais ce dont Lincoln a besoin pour se d\u00e9marquer, c&#8217;est d&#8217;un produit phare qui ne soit pas le Navigator. Lincoln a aussi besoin d\u2019un produit phare comme le Celestiq chez Cadillac pour faire parler d\u2019elle ou un produit original comme le Lyriq.<\/p>\n<h3>Une c\u00f4te difficile \u00e0 remonter<\/h3>\n<p>\nContrairement \u00e0 Ford qui a marqu\u00e9 des points en \u00e9tant le premier \u00e0 pr\u00e9senter un pick-up \u00e9lectrique, Lincoln est \u00e0 la tra\u00eene et Ford semble tout mettre dans certains mod\u00e8les et n\u2019a pas la force d\u2019aller plus vite. Ford n&#8217;a pas non plus la m\u00eame envergure pour aider Lincoln que GM pour Cadillac. L\u2019avenir de Lincoln se joue dans la prochaine ann\u00e9e, sinon le train sera pass\u00e9 et il sera trop tard pour embarquer.<\/p>\n<p>Le texte <a rel=\"nofollow\" href=\"https:\/\/annuelauto.ca\/lavenir-de-lincoln-en-peril\/\">L\u2019avenir de Lincoln en p\u00e9ril<\/a> provient de <a rel=\"nofollow\" href=\"https:\/\/annuelauto.ca\">L&#8217;annuel de l&#8217;automobile &#8211; Actualit\u00e9 automobile<\/a><\/p>\n<p><\/p>\n","protected":false},"excerpt":{"rendered":"<p>La pand\u00e9mie, une vague de lancements de nouveaux produits au mauvais moment et un projet rat\u00e9 avec Rivian semblent \u00eatre au c\u0153ur des difficult\u00e9s. La division de luxe de Ford n\u2019est pas encore remise de ce creux de vague. Elle a d\u00fb reporter la pr\u00e9sentation de son premier v\u00e9hicule \u00e9lectrique pr\u00e9vue pour 2022 et, apr\u00e8s [&hellip;]<\/p>\n","protected":false},"author":8,"featured_media":143074,"comment_status":"close","ping_status":"closed","sticky":false,"template":"","format":"standard","meta":{"_monsterinsights_skip_tracking":false,"_monsterinsights_sitenote_active":false,"_monsterinsights_sitenote_note":"","_monsterinsights_sitenote_category":0,"footnotes":""},"categories":[101],"tags":[],"yoast_head":"<!-- This site is optimized with the Yoast SEO plugin v23.2 - https:\/\/yoast.com\/wordpress\/plugins\/seo\/ -->\n<title>L\u2019avenir de Lincoln en p\u00e9ril - CanadaMotorJobs.com<\/title>\n<meta name=\"description\" content=\"L\u2019avenir de Lincoln en p\u00e9ril - Benoit Charette - Annuel automobile - CanadaMotorJobs.com.\" \/>\n<meta name=\"robots\" content=\"index, follow, max-snippet:-1, max-image-preview:large, max-video-preview:-1\" \/>\n<meta property=\"og:locale\" content=\"fr_CA\" \/>\n<meta property=\"og:type\" content=\"article\" \/>\n<meta property=\"og:title\" content=\"L\u2019avenir de Lincoln en p\u00e9ril - CanadaMotorJobs.com\" \/>\n<meta property=\"og:description\" content=\"L\u2019avenir de Lincoln en p\u00e9ril - Benoit Charette - Annuel automobile - CanadaMotorJobs.com.\" \/>\n<meta property=\"og:url\" content=\"https:\/\/news.canadamotorjobs.com\/fr\/lavenir-de-lincoln-en-peril\/\" \/>\n<meta property=\"og:site_name\" content=\"CanadaMotorJobs.com\" \/>\n<meta property=\"article:publisher\" content=\"https:\/\/www.facebook.com\/canadamotorjobs\/\" \/>\n<meta property=\"article:published_time\" content=\"2023-04-11T13:38:22+00:00\" \/>\n<meta property=\"article:modified_time\" content=\"2023-04-12T14:17:41+00:00\" \/>\n<meta property=\"og:image\" content=\"https:\/\/news.canadamotorjobs.com\/wp-content\/uploads\/2023\/04\/Lincoln_Motor_Company_logo.png\" \/>\n\t<meta property=\"og:image:width\" content=\"1920\" \/>\n\t<meta property=\"og:image:height\" content=\"1080\" \/>\n\t<meta property=\"og:image:type\" content=\"image\/png\" \/>\n<meta name=\"author\" content=\"Benoit Charette\" \/>\n<meta name=\"twitter:card\" content=\"summary_large_image\" \/>\n<meta name=\"twitter:creator\" content=\"@canadamotorjobs\" \/>\n<meta name=\"twitter:site\" content=\"@canadamotorjobs\" \/>\n<meta name=\"twitter:label1\" content=\"\u00c9crit par\" \/>\n\t<meta name=\"twitter:data1\" content=\"Benoit Charette\" \/>\n\t<meta name=\"twitter:label2\" content=\"Estimation du temps de lecture\" \/>\n\t<meta name=\"twitter:data2\" content=\"3 minutes\" \/>\n<!-- \/ Yoast SEO plugin. -->","yoast_head_json":{"title":"L\u2019avenir de Lincoln en p\u00e9ril - CanadaMotorJobs.com","description":"L\u2019avenir de Lincoln en p\u00e9ril - Benoit Charette - Annuel automobile - CanadaMotorJobs.com.","robots":{"index":"index","follow":"follow","max-snippet":"max-snippet:-1","max-image-preview":"max-image-preview:large","max-video-preview":"max-video-preview:-1"},"og_locale":"fr_CA","og_type":"article","og_title":"L\u2019avenir de Lincoln en p\u00e9ril - CanadaMotorJobs.com","og_description":"L\u2019avenir de Lincoln en p\u00e9ril - Benoit Charette - Annuel automobile - CanadaMotorJobs.com.","og_url":"https:\/\/news.canadamotorjobs.com\/fr\/lavenir-de-lincoln-en-peril\/","og_site_name":"CanadaMotorJobs.com","article_publisher":"https:\/\/www.facebook.com\/canadamotorjobs\/","article_published_time":"2023-04-11T13:38:22+00:00","article_modified_time":"2023-04-12T14:17:41+00:00","og_image":[{"width":1920,"height":1080,"url":"https:\/\/news.canadamotorjobs.com\/wp-content\/uploads\/2023\/04\/Lincoln_Motor_Company_logo.png","type":"image\/png"}],"author":"Benoit Charette","twitter_card":"summary_large_image","twitter_creator":"@canadamotorjobs","twitter_site":"@canadamotorjobs","twitter_misc":{"\u00c9crit par":"Benoit Charette","Estimation du temps de lecture":"3 minutes"},"schema":{"@context":"https:\/\/schema.org","@graph":[{"@type":"Article","@id":"https:\/\/news.canadamotorjobs.com\/fr\/lavenir-de-lincoln-en-peril\/#article","isPartOf":{"@id":"https:\/\/news.canadamotorjobs.com\/fr\/lavenir-de-lincoln-en-peril\/"},"author":{"name":"Benoit Charette","@id":"https:\/\/news.canadamotorjobs.com\/#\/schema\/person\/51793d1f87d44011d7bcc2ed99269a90"},"headline":"L\u2019avenir de Lincoln en p\u00e9ril","datePublished":"2023-04-11T13:38:22+00:00","dateModified":"2023-04-12T14:17:41+00:00","mainEntityOfPage":{"@id":"https:\/\/news.canadamotorjobs.com\/fr\/lavenir-de-lincoln-en-peril\/"},"wordCount":675,"publisher":{"@id":"https:\/\/news.canadamotorjobs.com\/#organization"},"image":{"@id":"https:\/\/news.canadamotorjobs.com\/fr\/lavenir-de-lincoln-en-peril\/#primaryimage"},"thumbnailUrl":"https:\/\/news.canadamotorjobs.com\/wp-content\/uploads\/2023\/04\/Lincoln_Motor_Company_logo.png","articleSection":["Annuel automobile"],"inLanguage":"fr-CA"},{"@type":"WebPage","@id":"https:\/\/news.canadamotorjobs.com\/fr\/lavenir-de-lincoln-en-peril\/","url":"https:\/\/news.canadamotorjobs.com\/fr\/lavenir-de-lincoln-en-peril\/","name":"L\u2019avenir de Lincoln en p\u00e9ril - CanadaMotorJobs.com","isPartOf":{"@id":"https:\/\/news.canadamotorjobs.com\/#website"},"primaryImageOfPage":{"@id":"https:\/\/news.canadamotorjobs.com\/fr\/lavenir-de-lincoln-en-peril\/#primaryimage"},"image":{"@id":"https:\/\/news.canadamotorjobs.com\/fr\/lavenir-de-lincoln-en-peril\/#primaryimage"},"thumbnailUrl":"https:\/\/news.canadamotorjobs.com\/wp-content\/uploads\/2023\/04\/Lincoln_Motor_Company_logo.png","datePublished":"2023-04-11T13:38:22+00:00","dateModified":"2023-04-12T14:17:41+00:00","description":"L\u2019avenir de Lincoln en p\u00e9ril - Benoit Charette - Annuel automobile - CanadaMotorJobs.com.","breadcrumb":{"@id":"https:\/\/news.canadamotorjobs.com\/fr\/lavenir-de-lincoln-en-peril\/#breadcrumb"},"inLanguage":"fr-CA","potentialAction":[{"@type":"ReadAction","target":["https:\/\/news.canadamotorjobs.com\/fr\/lavenir-de-lincoln-en-peril\/"]}]},{"@type":"ImageObject","inLanguage":"fr-CA","@id":"https:\/\/news.canadamotorjobs.com\/fr\/lavenir-de-lincoln-en-peril\/#primaryimage","url":"https:\/\/news.canadamotorjobs.com\/wp-content\/uploads\/2023\/04\/Lincoln_Motor_Company_logo.png","contentUrl":"https:\/\/news.canadamotorjobs.com\/wp-content\/uploads\/2023\/04\/Lincoln_Motor_Company_logo.png","width":1920,"height":1080},{"@type":"BreadcrumbList","@id":"https:\/\/news.canadamotorjobs.com\/fr\/lavenir-de-lincoln-en-peril\/#breadcrumb","itemListElement":[{"@type":"ListItem","position":1,"name":"Home","item":"https:\/\/news.canadamotorjobs.com\/fr\/blog\/"},{"@type":"ListItem","position":2,"name":"L\u2019avenir de Lincoln en p\u00e9ril"}]},{"@type":"WebSite","@id":"https:\/\/news.canadamotorjobs.com\/#website","url":"https:\/\/news.canadamotorjobs.com\/","name":"CanadaMotorJobs.com","description":"Automotive Jobs","publisher":{"@id":"https:\/\/news.canadamotorjobs.com\/#organization"},"potentialAction":[{"@type":"SearchAction","target":{"@type":"EntryPoint","urlTemplate":"https:\/\/news.canadamotorjobs.com\/?s={search_term_string}"},"query-input":"required name=search_term_string"}],"inLanguage":"fr-CA"},{"@type":"Organization","@id":"https:\/\/news.canadamotorjobs.com\/#organization","name":"Canada Motor Jobs","url":"https:\/\/news.canadamotorjobs.com\/","logo":{"@type":"ImageObject","inLanguage":"fr-CA","@id":"https:\/\/news.canadamotorjobs.com\/#\/schema\/logo\/image\/","url":"https:\/\/news.canadamotorjobs.com\/wp-content\/uploads\/2022\/10\/logo-canada-motor-jobs-1.png","contentUrl":"https:\/\/news.canadamotorjobs.com\/wp-content\/uploads\/2022\/10\/logo-canada-motor-jobs-1.png","width":800,"height":400,"caption":"Canada Motor Jobs"},"image":{"@id":"https:\/\/news.canadamotorjobs.com\/#\/schema\/logo\/image\/"},"sameAs":["https:\/\/www.facebook.com\/canadamotorjobs\/","https:\/\/x.com\/canadamotorjobs","https:\/\/www.instagram.com\/canadamotorjobs\/","https:\/\/www.linkedin.com\/company\/canadamotorjobs"]},{"@type":"Person","@id":"https:\/\/news.canadamotorjobs.com\/#\/schema\/person\/51793d1f87d44011d7bcc2ed99269a90","name":"Benoit Charette","image":{"@type":"ImageObject","inLanguage":"fr-CA","@id":"https:\/\/news.canadamotorjobs.com\/#\/schema\/person\/image\/","url":"https:\/\/secure.gravatar.com\/avatar\/45f3d2eebcccd909668d7ce7ea7267b6?s=96&d=mm&r=g","contentUrl":"https:\/\/secure.gravatar.com\/avatar\/45f3d2eebcccd909668d7ce7ea7267b6?s=96&d=mm&r=g","caption":"Benoit Charette"},"description":"Benoit Charette \/ Propri\u00e9taire et r\u00e9dacteur en chef Benoit Charette pratique le journalisme automobile depuis bient\u00f4t 30 ans. Il a fait ses classes au c\u00f4t\u00e9 de Daniel H\u00e9raud et au Carnet de route de 1992 \u00e0 2001. Il est fondateur, copropri\u00e9taire et r\u00e9dacteur en chef de L\u2019Annuel de l\u2019automobile, qu\u2019il publie depuis 2001. Il a anim\u00e9 les \u00e9missions RPM et RPM+ sur V et les L\u00e9gendes de la route sur Historia. \u00c0 la radio depuis 1986, il reprend l\u2019antenne cette ann\u00e9e sur les ondes de Cogeco et participe pour la deuxi\u00e8me ann\u00e9e \u00e0 l\u2019\u00e9mission Passion Auto sur RDS en plus de mettre en ligne le site Web officiel de L\u2019Annuel de l\u2019automobile sur annuelauto.ca.","sameAs":["https:\/\/annuelauto.ca\/"],"url":"https:\/\/news.canadamotorjobs.com\/fr\/author\/benoit-charette\/"}]}},"_links":{"self":[{"href":"https:\/\/news.canadamotorjobs.com\/fr\/wp-json\/wp\/v2\/posts\/143072"}],"collection":[{"href":"https:\/\/news.canadamotorjobs.com\/fr\/wp-json\/wp\/v2\/posts"}],"about":[{"href":"https:\/\/news.canadamotorjobs.com\/fr\/wp-json\/wp\/v2\/types\/post"}],"author":[{"embeddable":true,"href":"https:\/\/news.canadamotorjobs.com\/fr\/wp-json\/wp\/v2\/users\/8"}],"replies":[{"embeddable":true,"href":"https:\/\/news.canadamotorjobs.com\/fr\/wp-json\/wp\/v2\/comments?post=143072"}],"version-history":[{"count":2,"href":"https:\/\/news.canadamotorjobs.com\/fr\/wp-json\/wp\/v2\/posts\/143072\/revisions"}],"predecessor-version":[{"id":143076,"href":"https:\/\/news.canadamotorjobs.com\/fr\/wp-json\/wp\/v2\/posts\/143072\/revisions\/143076"}],"wp:featuredmedia":[{"embeddable":true,"href":"https:\/\/news.canadamotorjobs.com\/fr\/wp-json\/wp\/v2\/media\/143074"}],"wp:attachment":[{"href":"https:\/\/news.canadamotorjobs.com\/fr\/wp-json\/wp\/v2\/media?parent=143072"}],"wp:term":[{"taxonomy":"category","embeddable":true,"href":"https:\/\/news.canadamotorjobs.com\/fr\/wp-json\/wp\/v2\/categories?post=143072"},{"taxonomy":"post_tag","embeddable":true,"href":"https:\/\/news.canadamotorjobs.com\/fr\/wp-json\/wp\/v2\/tags?post=143072"}],"curies":[{"name":"wp","href":"https:\/\/api.w.org\/{rel}","templated":true}]}}