{"id":143041,"date":"2023-04-11T15:47:41","date_gmt":"2023-04-11T19:47:41","guid":{"rendered":"https:\/\/news.canadamotorjobs.com\/?p=143041"},"modified":"2023-04-12T10:17:30","modified_gmt":"2023-04-12T14:17:30","slug":"ford-va-investir-18-milliard-pour-construire-des-vehicules-electriques-a-oakville","status":"publish","type":"post","link":"https:\/\/news.canadamotorjobs.com\/fr\/ford-va-investir-18-milliard-pour-construire-des-vehicules-electriques-a-oakville\/","title":{"rendered":"Ford va investir 1,8 milliard pour construire des v\u00e9hicules \u00e9lectriques \u00e0 Oakville"},"content":{"rendered":"<\/p>\n<p>L&#8217;usine Ford d&#8217;Oakville construira des v\u00e9hicules \u00e9lectriques \u00e0 partir de 2024. Ford mettra au ch\u00f4mage partiel certains des 3 000 travailleurs du site pendant les six mois que durera la transformation de l\u2019usine. Ford a d\u00e9clar\u00e9 que la transformation de son usine d&#8217;assemblage d&#8217;Oakville d\u00e9butera au deuxi\u00e8me trimestre de l&#8217;ann\u00e9e prochaine et durera environ six mois. Ford a indiqu\u00e9 que le site, qui fabrique actuellement les VUS Edge et Lincoln Nautilus, sera rebaptis\u00e9 Oakville Electric Vehicle Complex et comprendra une usine d&#8217;assemblage de batteries d&#8217;une superficie de 407\u00a0000 pieds carr\u00e9s. L&#8217;usine de batteries utilisera des cellules produites dans le Kentucky par la coentreprise BlueOval SK Battery Park de Ford.<\/p>\n<h3>L\u2019Ontario au c\u0153ur de la transformation de Ford<\/h3>\n<p>\n&#8220;Le Canada et le complexe d&#8217;Oakville joueront un r\u00f4le essentiel dans notre transformation Ford+&#8221;, a d\u00e9clar\u00e9 Jim Farley, PDG de Ford, dans un communiqu\u00e9. &#8220;Il s&#8217;agira d&#8217;un site moderne, tr\u00e8s efficace et verticalement int\u00e9gr\u00e9 pour l&#8217;assemblage des batteries et des v\u00e9hicules. Ford a refus\u00e9 de dire combien de V\u00c9S diff\u00e9rents l&#8217;usine construira ou quelle sera sa capacit\u00e9 de production annuelle, bien que Bev Goodman, PDG de Ford Canada, ait reconnu qu&#8217;elle pourrait produire plusieurs produits.<\/p>\n<h3>Jusqu\u2019\u00e0 cinq mod\u00e8les<\/h3>\n<p>\nLorsque le projet d&#8217;usine a \u00e9t\u00e9 annonc\u00e9 en 2020, Jerry Dias, alors pr\u00e9sident d&#8217;Unifor, a d\u00e9clar\u00e9 qu&#8217;Oakville recevrait cinq VE, bien que le cabinet de pr\u00e9vision AutoForecast Solutions ait depuis d\u00e9clar\u00e9 que ce nombre avait chut\u00e9 \u00e0 deux VUS de la taille de l&#8217;Explorer et du Lincoln Aviator.<\/p>\n<h3>L\u2019Ontario et non le Mexique<\/h3>\n<p>\nFord avait pr\u00e9c\u00e9demment pr\u00e9vu de construire ces produits au Mexique \u00e0 partir de la mi-2023, mais a annul\u00e9 ces plans pour faire de la place \u00e0 la production suppl\u00e9mentaire de la Mustang Mach-E. Dans le cadre de cette d\u00e9cision, les fournisseurs ont \u00e9t\u00e9 inform\u00e9s que la production des VUS serait retard\u00e9e jusqu&#8217;en d\u00e9cembre 2024, ce qui correspond au calendrier d&#8217;Oakville. Un porte-parole de Ford a d\u00e9clar\u00e9 mardi que la pr\u00e9production des v\u00e9hicules \u00e9lectriques non identifi\u00e9s commencera \u00e0 Oakville d&#8217;ici la fin de l&#8217;ann\u00e9e 2024 et que la production compl\u00e8te aura lieu au d\u00e9but de l&#8217;ann\u00e9e 2025.<\/p>\n<p>Les VE seront construits sur l&#8217;architecture de batterie d\u00e9di\u00e9e de prochaine g\u00e9n\u00e9ration de Ford, bien que le porte-parole ait d\u00e9clar\u00e9 qu&#8217;il n&#8217;est pas clair ce qui sera produit en premier : les produits d&#8217;Oakville ou le pick-up \u00e9lectrique qui sera construit \u00e0 BlueOval City dans le Tennessee.<\/p>\n<p>Source Automotive News et Ford<\/p>\n<p>Le texte <a rel=\"nofollow\" href=\"https:\/\/annuelauto.ca\/ford-va-investir-18-milliard-pour-construire-des-vehicules-electriques-a-oakville\/\">Ford va investir 1,8 milliard pour construire des v\u00e9hicules \u00e9lectriques \u00e0 Oakville<\/a> provient de <a rel=\"nofollow\" href=\"https:\/\/annuelauto.ca\">L&#8217;annuel de l&#8217;automobile &#8211; Actualit\u00e9 automobile<\/a><\/p>\n<p><\/p>\n","protected":false},"excerpt":{"rendered":"<p>L&#8217;usine Ford d&#8217;Oakville construira des v\u00e9hicules \u00e9lectriques \u00e0 partir de 2024. Ford mettra au ch\u00f4mage partiel certains des 3 000 travailleurs du site pendant les six mois que durera la transformation de l\u2019usine. Ford a d\u00e9clar\u00e9 que la transformation de son usine d&#8217;assemblage d&#8217;Oakville d\u00e9butera au deuxi\u00e8me trimestre de l&#8217;ann\u00e9e prochaine et durera environ six [&hellip;]<\/p>\n","protected":false},"author":8,"featured_media":143043,"comment_status":"close","ping_status":"closed","sticky":false,"template":"","format":"standard","meta":{"_monsterinsights_skip_tracking":false,"_monsterinsights_sitenote_active":false,"_monsterinsights_sitenote_note":"","_monsterinsights_sitenote_category":0,"footnotes":""},"categories":[101],"tags":[],"yoast_head":"<!-- This site is optimized with the Yoast SEO plugin v23.2 - https:\/\/yoast.com\/wordpress\/plugins\/seo\/ -->\n<title>Ford va investir 1,8 milliard pour construire des v\u00e9hicules \u00e9lectriques \u00e0 Oakville - CanadaMotorJobs.com<\/title>\n<meta name=\"description\" content=\"Ford va investir 1,8 milliard pour construire des v\u00e9hicules \u00e9lectriques \u00e0 Oakville - Benoit Charette - Annuel automobile - CanadaMotorJobs.com.\" \/>\n<meta name=\"robots\" content=\"index, follow, max-snippet:-1, max-image-preview:large, max-video-preview:-1\" \/>\n<meta property=\"og:locale\" content=\"fr_CA\" \/>\n<meta property=\"og:type\" content=\"article\" \/>\n<meta property=\"og:title\" content=\"Ford va investir 1,8 milliard pour construire des v\u00e9hicules \u00e9lectriques \u00e0 Oakville - CanadaMotorJobs.com\" \/>\n<meta property=\"og:description\" content=\"Ford va investir 1,8 milliard pour construire des v\u00e9hicules \u00e9lectriques \u00e0 Oakville - Benoit Charette - Annuel automobile - CanadaMotorJobs.com.\" \/>\n<meta property=\"og:url\" content=\"https:\/\/news.canadamotorjobs.com\/fr\/ford-va-investir-18-milliard-pour-construire-des-vehicules-electriques-a-oakville\/\" \/>\n<meta property=\"og:site_name\" content=\"CanadaMotorJobs.com\" \/>\n<meta property=\"article:publisher\" content=\"https:\/\/www.facebook.com\/canadamotorjobs\/\" \/>\n<meta property=\"article:published_time\" content=\"2023-04-11T19:47:41+00:00\" \/>\n<meta property=\"article:modified_time\" content=\"2023-04-12T14:17:30+00:00\" \/>\n<meta property=\"og:image\" content=\"https:\/\/news.canadamotorjobs.com\/wp-content\/uploads\/2023\/04\/Ford_Oakville_Assembly-scaled-1.jpg\" \/>\n\t<meta property=\"og:image:width\" content=\"2560\" \/>\n\t<meta property=\"og:image:height\" content=\"1707\" \/>\n\t<meta property=\"og:image:type\" content=\"image\/jpeg\" \/>\n<meta name=\"author\" content=\"Benoit Charette\" \/>\n<meta name=\"twitter:card\" content=\"summary_large_image\" \/>\n<meta name=\"twitter:creator\" content=\"@canadamotorjobs\" \/>\n<meta name=\"twitter:site\" content=\"@canadamotorjobs\" \/>\n<meta name=\"twitter:label1\" content=\"\u00c9crit par\" \/>\n\t<meta name=\"twitter:data1\" content=\"Benoit Charette\" \/>\n\t<meta name=\"twitter:label2\" content=\"Estimation du temps de lecture\" \/>\n\t<meta name=\"twitter:data2\" content=\"2 minutes\" \/>\n<!-- \/ Yoast SEO plugin. -->","yoast_head_json":{"title":"Ford va investir 1,8 milliard pour construire des v\u00e9hicules \u00e9lectriques \u00e0 Oakville - CanadaMotorJobs.com","description":"Ford va investir 1,8 milliard pour construire des v\u00e9hicules \u00e9lectriques \u00e0 Oakville - Benoit Charette - Annuel automobile - CanadaMotorJobs.com.","robots":{"index":"index","follow":"follow","max-snippet":"max-snippet:-1","max-image-preview":"max-image-preview:large","max-video-preview":"max-video-preview:-1"},"og_locale":"fr_CA","og_type":"article","og_title":"Ford va investir 1,8 milliard pour construire des v\u00e9hicules \u00e9lectriques \u00e0 Oakville - CanadaMotorJobs.com","og_description":"Ford va investir 1,8 milliard pour construire des v\u00e9hicules \u00e9lectriques \u00e0 Oakville - Benoit Charette - Annuel automobile - CanadaMotorJobs.com.","og_url":"https:\/\/news.canadamotorjobs.com\/fr\/ford-va-investir-18-milliard-pour-construire-des-vehicules-electriques-a-oakville\/","og_site_name":"CanadaMotorJobs.com","article_publisher":"https:\/\/www.facebook.com\/canadamotorjobs\/","article_published_time":"2023-04-11T19:47:41+00:00","article_modified_time":"2023-04-12T14:17:30+00:00","og_image":[{"width":2560,"height":1707,"url":"https:\/\/news.canadamotorjobs.com\/wp-content\/uploads\/2023\/04\/Ford_Oakville_Assembly-scaled-1.jpg","type":"image\/jpeg"}],"author":"Benoit Charette","twitter_card":"summary_large_image","twitter_creator":"@canadamotorjobs","twitter_site":"@canadamotorjobs","twitter_misc":{"\u00c9crit par":"Benoit Charette","Estimation du temps de lecture":"2 minutes"},"schema":{"@context":"https:\/\/schema.org","@graph":[{"@type":"Article","@id":"https:\/\/news.canadamotorjobs.com\/fr\/ford-va-investir-18-milliard-pour-construire-des-vehicules-electriques-a-oakville\/#article","isPartOf":{"@id":"https:\/\/news.canadamotorjobs.com\/fr\/ford-va-investir-18-milliard-pour-construire-des-vehicules-electriques-a-oakville\/"},"author":{"name":"Benoit Charette","@id":"https:\/\/news.canadamotorjobs.com\/#\/schema\/person\/51793d1f87d44011d7bcc2ed99269a90"},"headline":"Ford va investir 1,8 milliard pour construire des v\u00e9hicules \u00e9lectriques \u00e0 Oakville","datePublished":"2023-04-11T19:47:41+00:00","dateModified":"2023-04-12T14:17:30+00:00","mainEntityOfPage":{"@id":"https:\/\/news.canadamotorjobs.com\/fr\/ford-va-investir-18-milliard-pour-construire-des-vehicules-electriques-a-oakville\/"},"wordCount":485,"publisher":{"@id":"https:\/\/news.canadamotorjobs.com\/#organization"},"image":{"@id":"https:\/\/news.canadamotorjobs.com\/fr\/ford-va-investir-18-milliard-pour-construire-des-vehicules-electriques-a-oakville\/#primaryimage"},"thumbnailUrl":"https:\/\/news.canadamotorjobs.com\/wp-content\/uploads\/2023\/04\/Ford_Oakville_Assembly-scaled-1.jpg","articleSection":["Annuel automobile"],"inLanguage":"fr-CA"},{"@type":"WebPage","@id":"https:\/\/news.canadamotorjobs.com\/fr\/ford-va-investir-18-milliard-pour-construire-des-vehicules-electriques-a-oakville\/","url":"https:\/\/news.canadamotorjobs.com\/fr\/ford-va-investir-18-milliard-pour-construire-des-vehicules-electriques-a-oakville\/","name":"Ford va investir 1,8 milliard pour construire des v\u00e9hicules \u00e9lectriques \u00e0 Oakville - CanadaMotorJobs.com","isPartOf":{"@id":"https:\/\/news.canadamotorjobs.com\/#website"},"primaryImageOfPage":{"@id":"https:\/\/news.canadamotorjobs.com\/fr\/ford-va-investir-18-milliard-pour-construire-des-vehicules-electriques-a-oakville\/#primaryimage"},"image":{"@id":"https:\/\/news.canadamotorjobs.com\/fr\/ford-va-investir-18-milliard-pour-construire-des-vehicules-electriques-a-oakville\/#primaryimage"},"thumbnailUrl":"https:\/\/news.canadamotorjobs.com\/wp-content\/uploads\/2023\/04\/Ford_Oakville_Assembly-scaled-1.jpg","datePublished":"2023-04-11T19:47:41+00:00","dateModified":"2023-04-12T14:17:30+00:00","description":"Ford va investir 1,8 milliard pour construire des v\u00e9hicules \u00e9lectriques \u00e0 Oakville - Benoit Charette - Annuel automobile - CanadaMotorJobs.com.","breadcrumb":{"@id":"https:\/\/news.canadamotorjobs.com\/fr\/ford-va-investir-18-milliard-pour-construire-des-vehicules-electriques-a-oakville\/#breadcrumb"},"inLanguage":"fr-CA","potentialAction":[{"@type":"ReadAction","target":["https:\/\/news.canadamotorjobs.com\/fr\/ford-va-investir-18-milliard-pour-construire-des-vehicules-electriques-a-oakville\/"]}]},{"@type":"ImageObject","inLanguage":"fr-CA","@id":"https:\/\/news.canadamotorjobs.com\/fr\/ford-va-investir-18-milliard-pour-construire-des-vehicules-electriques-a-oakville\/#primaryimage","url":"https:\/\/news.canadamotorjobs.com\/wp-content\/uploads\/2023\/04\/Ford_Oakville_Assembly-scaled-1.jpg","contentUrl":"https:\/\/news.canadamotorjobs.com\/wp-content\/uploads\/2023\/04\/Ford_Oakville_Assembly-scaled-1.jpg","width":2560,"height":1707},{"@type":"BreadcrumbList","@id":"https:\/\/news.canadamotorjobs.com\/fr\/ford-va-investir-18-milliard-pour-construire-des-vehicules-electriques-a-oakville\/#breadcrumb","itemListElement":[{"@type":"ListItem","position":1,"name":"Home","item":"https:\/\/news.canadamotorjobs.com\/fr\/blog\/"},{"@type":"ListItem","position":2,"name":"Ford va investir 1,8 milliard pour construire des v\u00e9hicules \u00e9lectriques \u00e0 Oakville"}]},{"@type":"WebSite","@id":"https:\/\/news.canadamotorjobs.com\/#website","url":"https:\/\/news.canadamotorjobs.com\/","name":"CanadaMotorJobs.com","description":"Automotive Jobs","publisher":{"@id":"https:\/\/news.canadamotorjobs.com\/#organization"},"potentialAction":[{"@type":"SearchAction","target":{"@type":"EntryPoint","urlTemplate":"https:\/\/news.canadamotorjobs.com\/?s={search_term_string}"},"query-input":"required name=search_term_string"}],"inLanguage":"fr-CA"},{"@type":"Organization","@id":"https:\/\/news.canadamotorjobs.com\/#organization","name":"Canada Motor Jobs","url":"https:\/\/news.canadamotorjobs.com\/","logo":{"@type":"ImageObject","inLanguage":"fr-CA","@id":"https:\/\/news.canadamotorjobs.com\/#\/schema\/logo\/image\/","url":"https:\/\/news.canadamotorjobs.com\/wp-content\/uploads\/2022\/10\/logo-canada-motor-jobs-1.png","contentUrl":"https:\/\/news.canadamotorjobs.com\/wp-content\/uploads\/2022\/10\/logo-canada-motor-jobs-1.png","width":800,"height":400,"caption":"Canada Motor Jobs"},"image":{"@id":"https:\/\/news.canadamotorjobs.com\/#\/schema\/logo\/image\/"},"sameAs":["https:\/\/www.facebook.com\/canadamotorjobs\/","https:\/\/x.com\/canadamotorjobs","https:\/\/www.instagram.com\/canadamotorjobs\/","https:\/\/www.linkedin.com\/company\/canadamotorjobs"]},{"@type":"Person","@id":"https:\/\/news.canadamotorjobs.com\/#\/schema\/person\/51793d1f87d44011d7bcc2ed99269a90","name":"Benoit Charette","image":{"@type":"ImageObject","inLanguage":"fr-CA","@id":"https:\/\/news.canadamotorjobs.com\/#\/schema\/person\/image\/","url":"https:\/\/secure.gravatar.com\/avatar\/45f3d2eebcccd909668d7ce7ea7267b6?s=96&d=mm&r=g","contentUrl":"https:\/\/secure.gravatar.com\/avatar\/45f3d2eebcccd909668d7ce7ea7267b6?s=96&d=mm&r=g","caption":"Benoit Charette"},"description":"Benoit Charette \/ Propri\u00e9taire et r\u00e9dacteur en chef Benoit Charette pratique le journalisme automobile depuis bient\u00f4t 30 ans. Il a fait ses classes au c\u00f4t\u00e9 de Daniel H\u00e9raud et au Carnet de route de 1992 \u00e0 2001. Il est fondateur, copropri\u00e9taire et r\u00e9dacteur en chef de L\u2019Annuel de l\u2019automobile, qu\u2019il publie depuis 2001. Il a anim\u00e9 les \u00e9missions RPM et RPM+ sur V et les L\u00e9gendes de la route sur Historia. \u00c0 la radio depuis 1986, il reprend l\u2019antenne cette ann\u00e9e sur les ondes de Cogeco et participe pour la deuxi\u00e8me ann\u00e9e \u00e0 l\u2019\u00e9mission Passion Auto sur RDS en plus de mettre en ligne le site Web officiel de L\u2019Annuel de l\u2019automobile sur annuelauto.ca.","sameAs":["https:\/\/annuelauto.ca\/"],"url":"https:\/\/news.canadamotorjobs.com\/fr\/author\/benoit-charette\/"}]}},"_links":{"self":[{"href":"https:\/\/news.canadamotorjobs.com\/fr\/wp-json\/wp\/v2\/posts\/143041"}],"collection":[{"href":"https:\/\/news.canadamotorjobs.com\/fr\/wp-json\/wp\/v2\/posts"}],"about":[{"href":"https:\/\/news.canadamotorjobs.com\/fr\/wp-json\/wp\/v2\/types\/post"}],"author":[{"embeddable":true,"href":"https:\/\/news.canadamotorjobs.com\/fr\/wp-json\/wp\/v2\/users\/8"}],"replies":[{"embeddable":true,"href":"https:\/\/news.canadamotorjobs.com\/fr\/wp-json\/wp\/v2\/comments?post=143041"}],"version-history":[{"count":2,"href":"https:\/\/news.canadamotorjobs.com\/fr\/wp-json\/wp\/v2\/posts\/143041\/revisions"}],"predecessor-version":[{"id":143045,"href":"https:\/\/news.canadamotorjobs.com\/fr\/wp-json\/wp\/v2\/posts\/143041\/revisions\/143045"}],"wp:featuredmedia":[{"embeddable":true,"href":"https:\/\/news.canadamotorjobs.com\/fr\/wp-json\/wp\/v2\/media\/143043"}],"wp:attachment":[{"href":"https:\/\/news.canadamotorjobs.com\/fr\/wp-json\/wp\/v2\/media?parent=143041"}],"wp:term":[{"taxonomy":"category","embeddable":true,"href":"https:\/\/news.canadamotorjobs.com\/fr\/wp-json\/wp\/v2\/categories?post=143041"},{"taxonomy":"post_tag","embeddable":true,"href":"https:\/\/news.canadamotorjobs.com\/fr\/wp-json\/wp\/v2\/tags?post=143041"}],"curies":[{"name":"wp","href":"https:\/\/api.w.org\/{rel}","templated":true}]}}