{"id":143018,"date":"2023-04-12T09:55:26","date_gmt":"2023-04-12T13:55:26","guid":{"rendered":"https:\/\/news.canadamotorjobs.com\/?p=143018"},"modified":"2023-04-12T10:17:09","modified_gmt":"2023-04-12T14:17:09","slug":"lacura-integra-type-s-arrive-en-juin-en-concession","status":"publish","type":"post","link":"https:\/\/news.canadamotorjobs.com\/fr\/lacura-integra-type-s-arrive-en-juin-en-concession\/","title":{"rendered":"L\u2019Acura Integra Type S arrive en juin en concession"},"content":{"rendered":"<\/p>\n<ul><\/p>\n<li>Elle offre un ch\u00e2ssis 3 pouces plus large que l\u2019integra r\u00e9guli\u00e8re<\/li>\n<p><\/p>\n<li>Son moteur est le m\u00eame que la Civic Type R<\/li>\n<p><\/p>\n<li>Vous avez 320 chevaux et une bo\u00eete manuelle pour plus de plaisir<\/li>\n<p>\n<\/ul>\n<p>\nAcura lancera l&#8217;Integra Type S 2024 au Grand Prix de Long Beach ce week-end. \u00a0La Type S vient avec un quatre cylindres turbo de 2,0 litres et 320 chevaux. Pour que vous puissiez entendre toute la puissance de l&#8217;Integra, la voiture est \u00e9quip\u00e9e d&#8217;un syst\u00e8me d&#8217;\u00e9chappement \u00e0 valve active qui permet d&#8217;obtenir un mode silencieux et un mode plus expressif. M\u00eame lorsqu&#8217;ils sont ferm\u00e9s, les tuyaux sont moins restrictifs que sur n&#8217;importe quelle autre Integra. Vous avez des jantes de 19 pouces. Les grands passages de roue sont \u00e9quip\u00e9s de pneus Michelin Pilot Sport 4S qui aideront \u00e0 adh\u00e9rer \u00e0 la chauss\u00e9e.<\/p>\n<h3>Des amortisseurs adaptatifs<\/h3>\n<p>\nLa Type S sera \u00e9galement \u00e9quip\u00e9e d&#8217;amortisseurs adaptatifs. Oui, l&#8217;Integra A-Spec en est d\u00e9j\u00e0 \u00e9quip\u00e9e, mais pour la Type S 2024, Acura pr\u00e9cise qu&#8217;il s&#8217;agit d&#8217;amortisseurs haute performance. Il faut donc s&#8217;attendre \u00e0 ce qu&#8217;ils soient plus rigides, surtout en mode Sport+. Les passages de roues sont nouveaux, tout comme le capot et le nez. Acura affirme que la Type S est dot\u00e9e d&#8217;une nouvelle t\u00f4le (et d&#8217;un nouveau plastique) \u00e0 partir des montants A. Le capot ventil\u00e9 et l&#8217;ouverture plus large \u00e0 l&#8217;avant de la voiture sont \u00e9galement nouveaux. Le capot ventil\u00e9 et l&#8217;ouverture avant plus large favorisent le refroidissement, et Acura affirme qu&#8217;il en r\u00e9sulte un flux d&#8217;air 170 % plus important.<\/p>\n<h3>En bo\u00eete manuelle seulement<\/h3>\n<p>\nAcura ne vendra la Type S qu&#8217;avec une bo\u00eete de vitesses \u00e0 six rapports avec correspondance du r\u00e9gime. Tout comme les mod\u00e8les Honda Civic Si et Type R. Elle sera \u00e9galement \u00e9quip\u00e9e d&#8217;un diff\u00e9rentiel m\u00e9canique \u00e0 glissement limit\u00e9 qui assure un maximum d\u2019adh\u00e9rence au sol. Pour arr\u00eater la Type S, Acura a install\u00e9 des freins Brembo de 13,8 pouces \u00e0 l&#8217;avant (1,5 pouce de plus que la A-Spec) et des rotors plus grands \u00e0 l&#8217;arri\u00e8re. Acura a \u00e9galement pr\u00e9vu quelques am\u00e9liorations pour l&#8217;habitacle avec des si\u00e8ges sport chauffants \u00e0 l&#8217;avant. Les si\u00e8ges arri\u00e8re offrent beaucoup d&#8217;espace pour les jambes. Ils sont \u00e9galement plus renforc\u00e9s que sur les autres mod\u00e8les Integra. Les si\u00e8ges avant sont garnis d&#8217;Ultrasuede et re\u00e7oivent des logos Type S pour compl\u00e9ter les badges qui ornent la voiture.<\/p>\n<p>\u00a0<\/p>\n<p>Il ne reste plus qu&#8217;\u00e0 fixer le prix. Nous l&#8217;attendons dans quelques mois, puisque la compacte sportive construite dans l&#8217;Ohio arrivera chez les concessionnaires en juin.<\/p>\n<p>\u00a0<\/p>\n<p>Avec des renseignements de Motor Illustrated<\/p>\n<p>Le texte <a rel=\"nofollow\" href=\"https:\/\/annuelauto.ca\/lacura-integra-type-s-arrive-en-juin-en-concession\/\">L\u2019Acura Integra Type S arrive en juin en concession<\/a> provient de <a rel=\"nofollow\" href=\"https:\/\/annuelauto.ca\">L&#8217;annuel de l&#8217;automobile &#8211; Actualit\u00e9 automobile<\/a><\/p>\n<p><\/p>\n","protected":false},"excerpt":{"rendered":"<p>Elle offre un ch\u00e2ssis 3 pouces plus large que l\u2019integra r\u00e9guli\u00e8re Son moteur est le m\u00eame que la Civic Type R Vous avez 320 chevaux et une bo\u00eete manuelle pour plus de plaisir Acura lancera l&#8217;Integra Type S 2024 au Grand Prix de Long Beach ce week-end. \u00a0La Type S vient avec un quatre cylindres [&hellip;]<\/p>\n","protected":false},"author":8,"featured_media":143020,"comment_status":"close","ping_status":"closed","sticky":false,"template":"","format":"standard","meta":{"_monsterinsights_skip_tracking":false,"_monsterinsights_sitenote_active":false,"_monsterinsights_sitenote_note":"","_monsterinsights_sitenote_category":0,"footnotes":""},"categories":[101],"tags":[],"yoast_head":"<!-- This site is optimized with the Yoast SEO plugin v23.2 - https:\/\/yoast.com\/wordpress\/plugins\/seo\/ -->\n<title>L\u2019Acura Integra Type S arrive en juin en concession - CanadaMotorJobs.com<\/title>\n<meta name=\"description\" content=\"L\u2019Acura Integra Type S arrive en juin en concession - Benoit Charette - Annuel automobile - CanadaMotorJobs.com.\" \/>\n<meta name=\"robots\" content=\"index, follow, max-snippet:-1, max-image-preview:large, max-video-preview:-1\" \/>\n<meta property=\"og:locale\" content=\"fr_CA\" \/>\n<meta property=\"og:type\" content=\"article\" \/>\n<meta property=\"og:title\" content=\"L\u2019Acura Integra Type S arrive en juin en concession - CanadaMotorJobs.com\" \/>\n<meta property=\"og:description\" content=\"L\u2019Acura Integra Type S arrive en juin en concession - Benoit Charette - Annuel automobile - CanadaMotorJobs.com.\" \/>\n<meta property=\"og:url\" content=\"https:\/\/news.canadamotorjobs.com\/fr\/lacura-integra-type-s-arrive-en-juin-en-concession\/\" \/>\n<meta property=\"og:site_name\" content=\"CanadaMotorJobs.com\" \/>\n<meta property=\"article:publisher\" content=\"https:\/\/www.facebook.com\/canadamotorjobs\/\" \/>\n<meta property=\"article:published_time\" content=\"2023-04-12T13:55:26+00:00\" \/>\n<meta property=\"article:modified_time\" content=\"2023-04-12T14:17:09+00:00\" \/>\n<meta property=\"og:image\" content=\"https:\/\/news.canadamotorjobs.com\/wp-content\/uploads\/2023\/04\/2024-acura-integra-type-s-prototype-shows-2023-honda-civic-type-r-triple-exhaust-system_5.jpg\" \/>\n\t<meta property=\"og:image:width\" content=\"1049\" \/>\n\t<meta property=\"og:image:height\" content=\"590\" \/>\n\t<meta property=\"og:image:type\" content=\"image\/jpeg\" \/>\n<meta name=\"author\" content=\"Benoit Charette\" \/>\n<meta name=\"twitter:card\" content=\"summary_large_image\" \/>\n<meta name=\"twitter:creator\" content=\"@canadamotorjobs\" \/>\n<meta name=\"twitter:site\" content=\"@canadamotorjobs\" \/>\n<meta name=\"twitter:label1\" content=\"\u00c9crit par\" \/>\n\t<meta name=\"twitter:data1\" content=\"Benoit Charette\" \/>\n\t<meta name=\"twitter:label2\" content=\"Estimation du temps de lecture\" \/>\n\t<meta name=\"twitter:data2\" content=\"2 minutes\" \/>\n<!-- \/ Yoast SEO plugin. -->","yoast_head_json":{"title":"L\u2019Acura Integra Type S arrive en juin en concession - CanadaMotorJobs.com","description":"L\u2019Acura Integra Type S arrive en juin en concession - Benoit Charette - Annuel automobile - CanadaMotorJobs.com.","robots":{"index":"index","follow":"follow","max-snippet":"max-snippet:-1","max-image-preview":"max-image-preview:large","max-video-preview":"max-video-preview:-1"},"og_locale":"fr_CA","og_type":"article","og_title":"L\u2019Acura Integra Type S arrive en juin en concession - CanadaMotorJobs.com","og_description":"L\u2019Acura Integra Type S arrive en juin en concession - Benoit Charette - Annuel automobile - CanadaMotorJobs.com.","og_url":"https:\/\/news.canadamotorjobs.com\/fr\/lacura-integra-type-s-arrive-en-juin-en-concession\/","og_site_name":"CanadaMotorJobs.com","article_publisher":"https:\/\/www.facebook.com\/canadamotorjobs\/","article_published_time":"2023-04-12T13:55:26+00:00","article_modified_time":"2023-04-12T14:17:09+00:00","og_image":[{"width":1049,"height":590,"url":"https:\/\/news.canadamotorjobs.com\/wp-content\/uploads\/2023\/04\/2024-acura-integra-type-s-prototype-shows-2023-honda-civic-type-r-triple-exhaust-system_5.jpg","type":"image\/jpeg"}],"author":"Benoit Charette","twitter_card":"summary_large_image","twitter_creator":"@canadamotorjobs","twitter_site":"@canadamotorjobs","twitter_misc":{"\u00c9crit par":"Benoit Charette","Estimation du temps de lecture":"2 minutes"},"schema":{"@context":"https:\/\/schema.org","@graph":[{"@type":"Article","@id":"https:\/\/news.canadamotorjobs.com\/fr\/lacura-integra-type-s-arrive-en-juin-en-concession\/#article","isPartOf":{"@id":"https:\/\/news.canadamotorjobs.com\/fr\/lacura-integra-type-s-arrive-en-juin-en-concession\/"},"author":{"name":"Benoit Charette","@id":"https:\/\/news.canadamotorjobs.com\/#\/schema\/person\/51793d1f87d44011d7bcc2ed99269a90"},"headline":"L\u2019Acura Integra Type S arrive en juin en concession","datePublished":"2023-04-12T13:55:26+00:00","dateModified":"2023-04-12T14:17:09+00:00","mainEntityOfPage":{"@id":"https:\/\/news.canadamotorjobs.com\/fr\/lacura-integra-type-s-arrive-en-juin-en-concession\/"},"wordCount":499,"publisher":{"@id":"https:\/\/news.canadamotorjobs.com\/#organization"},"image":{"@id":"https:\/\/news.canadamotorjobs.com\/fr\/lacura-integra-type-s-arrive-en-juin-en-concession\/#primaryimage"},"thumbnailUrl":"https:\/\/news.canadamotorjobs.com\/wp-content\/uploads\/2023\/04\/2024-acura-integra-type-s-prototype-shows-2023-honda-civic-type-r-triple-exhaust-system_5.jpg","articleSection":["Annuel automobile"],"inLanguage":"fr-CA"},{"@type":"WebPage","@id":"https:\/\/news.canadamotorjobs.com\/fr\/lacura-integra-type-s-arrive-en-juin-en-concession\/","url":"https:\/\/news.canadamotorjobs.com\/fr\/lacura-integra-type-s-arrive-en-juin-en-concession\/","name":"L\u2019Acura Integra Type S arrive en juin en concession - CanadaMotorJobs.com","isPartOf":{"@id":"https:\/\/news.canadamotorjobs.com\/#website"},"primaryImageOfPage":{"@id":"https:\/\/news.canadamotorjobs.com\/fr\/lacura-integra-type-s-arrive-en-juin-en-concession\/#primaryimage"},"image":{"@id":"https:\/\/news.canadamotorjobs.com\/fr\/lacura-integra-type-s-arrive-en-juin-en-concession\/#primaryimage"},"thumbnailUrl":"https:\/\/news.canadamotorjobs.com\/wp-content\/uploads\/2023\/04\/2024-acura-integra-type-s-prototype-shows-2023-honda-civic-type-r-triple-exhaust-system_5.jpg","datePublished":"2023-04-12T13:55:26+00:00","dateModified":"2023-04-12T14:17:09+00:00","description":"L\u2019Acura Integra Type S arrive en juin en concession - Benoit Charette - Annuel automobile - CanadaMotorJobs.com.","breadcrumb":{"@id":"https:\/\/news.canadamotorjobs.com\/fr\/lacura-integra-type-s-arrive-en-juin-en-concession\/#breadcrumb"},"inLanguage":"fr-CA","potentialAction":[{"@type":"ReadAction","target":["https:\/\/news.canadamotorjobs.com\/fr\/lacura-integra-type-s-arrive-en-juin-en-concession\/"]}]},{"@type":"ImageObject","inLanguage":"fr-CA","@id":"https:\/\/news.canadamotorjobs.com\/fr\/lacura-integra-type-s-arrive-en-juin-en-concession\/#primaryimage","url":"https:\/\/news.canadamotorjobs.com\/wp-content\/uploads\/2023\/04\/2024-acura-integra-type-s-prototype-shows-2023-honda-civic-type-r-triple-exhaust-system_5.jpg","contentUrl":"https:\/\/news.canadamotorjobs.com\/wp-content\/uploads\/2023\/04\/2024-acura-integra-type-s-prototype-shows-2023-honda-civic-type-r-triple-exhaust-system_5.jpg","width":1049,"height":590},{"@type":"BreadcrumbList","@id":"https:\/\/news.canadamotorjobs.com\/fr\/lacura-integra-type-s-arrive-en-juin-en-concession\/#breadcrumb","itemListElement":[{"@type":"ListItem","position":1,"name":"Home","item":"https:\/\/news.canadamotorjobs.com\/fr\/blog\/"},{"@type":"ListItem","position":2,"name":"L\u2019Acura Integra Type S arrive en juin en concession"}]},{"@type":"WebSite","@id":"https:\/\/news.canadamotorjobs.com\/#website","url":"https:\/\/news.canadamotorjobs.com\/","name":"CanadaMotorJobs.com","description":"Automotive Jobs","publisher":{"@id":"https:\/\/news.canadamotorjobs.com\/#organization"},"potentialAction":[{"@type":"SearchAction","target":{"@type":"EntryPoint","urlTemplate":"https:\/\/news.canadamotorjobs.com\/?s={search_term_string}"},"query-input":"required name=search_term_string"}],"inLanguage":"fr-CA"},{"@type":"Organization","@id":"https:\/\/news.canadamotorjobs.com\/#organization","name":"Canada Motor Jobs","url":"https:\/\/news.canadamotorjobs.com\/","logo":{"@type":"ImageObject","inLanguage":"fr-CA","@id":"https:\/\/news.canadamotorjobs.com\/#\/schema\/logo\/image\/","url":"https:\/\/news.canadamotorjobs.com\/wp-content\/uploads\/2022\/10\/logo-canada-motor-jobs-1.png","contentUrl":"https:\/\/news.canadamotorjobs.com\/wp-content\/uploads\/2022\/10\/logo-canada-motor-jobs-1.png","width":800,"height":400,"caption":"Canada Motor Jobs"},"image":{"@id":"https:\/\/news.canadamotorjobs.com\/#\/schema\/logo\/image\/"},"sameAs":["https:\/\/www.facebook.com\/canadamotorjobs\/","https:\/\/x.com\/canadamotorjobs","https:\/\/www.instagram.com\/canadamotorjobs\/","https:\/\/www.linkedin.com\/company\/canadamotorjobs"]},{"@type":"Person","@id":"https:\/\/news.canadamotorjobs.com\/#\/schema\/person\/51793d1f87d44011d7bcc2ed99269a90","name":"Benoit Charette","image":{"@type":"ImageObject","inLanguage":"fr-CA","@id":"https:\/\/news.canadamotorjobs.com\/#\/schema\/person\/image\/","url":"https:\/\/secure.gravatar.com\/avatar\/45f3d2eebcccd909668d7ce7ea7267b6?s=96&d=mm&r=g","contentUrl":"https:\/\/secure.gravatar.com\/avatar\/45f3d2eebcccd909668d7ce7ea7267b6?s=96&d=mm&r=g","caption":"Benoit Charette"},"description":"Benoit Charette \/ Propri\u00e9taire et r\u00e9dacteur en chef Benoit Charette pratique le journalisme automobile depuis bient\u00f4t 30 ans. Il a fait ses classes au c\u00f4t\u00e9 de Daniel H\u00e9raud et au Carnet de route de 1992 \u00e0 2001. Il est fondateur, copropri\u00e9taire et r\u00e9dacteur en chef de L\u2019Annuel de l\u2019automobile, qu\u2019il publie depuis 2001. Il a anim\u00e9 les \u00e9missions RPM et RPM+ sur V et les L\u00e9gendes de la route sur Historia. \u00c0 la radio depuis 1986, il reprend l\u2019antenne cette ann\u00e9e sur les ondes de Cogeco et participe pour la deuxi\u00e8me ann\u00e9e \u00e0 l\u2019\u00e9mission Passion Auto sur RDS en plus de mettre en ligne le site Web officiel de L\u2019Annuel de l\u2019automobile sur annuelauto.ca.","sameAs":["https:\/\/annuelauto.ca\/"],"url":"https:\/\/news.canadamotorjobs.com\/fr\/author\/benoit-charette\/"}]}},"_links":{"self":[{"href":"https:\/\/news.canadamotorjobs.com\/fr\/wp-json\/wp\/v2\/posts\/143018"}],"collection":[{"href":"https:\/\/news.canadamotorjobs.com\/fr\/wp-json\/wp\/v2\/posts"}],"about":[{"href":"https:\/\/news.canadamotorjobs.com\/fr\/wp-json\/wp\/v2\/types\/post"}],"author":[{"embeddable":true,"href":"https:\/\/news.canadamotorjobs.com\/fr\/wp-json\/wp\/v2\/users\/8"}],"replies":[{"embeddable":true,"href":"https:\/\/news.canadamotorjobs.com\/fr\/wp-json\/wp\/v2\/comments?post=143018"}],"version-history":[{"count":2,"href":"https:\/\/news.canadamotorjobs.com\/fr\/wp-json\/wp\/v2\/posts\/143018\/revisions"}],"predecessor-version":[{"id":143022,"href":"https:\/\/news.canadamotorjobs.com\/fr\/wp-json\/wp\/v2\/posts\/143018\/revisions\/143022"}],"wp:featuredmedia":[{"embeddable":true,"href":"https:\/\/news.canadamotorjobs.com\/fr\/wp-json\/wp\/v2\/media\/143020"}],"wp:attachment":[{"href":"https:\/\/news.canadamotorjobs.com\/fr\/wp-json\/wp\/v2\/media?parent=143018"}],"wp:term":[{"taxonomy":"category","embeddable":true,"href":"https:\/\/news.canadamotorjobs.com\/fr\/wp-json\/wp\/v2\/categories?post=143018"},{"taxonomy":"post_tag","embeddable":true,"href":"https:\/\/news.canadamotorjobs.com\/fr\/wp-json\/wp\/v2\/tags?post=143018"}],"curies":[{"name":"wp","href":"https:\/\/api.w.org\/{rel}","templated":true}]}}